{"id":34310,"date":"2026-02-24T08:10:12","date_gmt":"2026-02-24T07:10:12","guid":{"rendered":"https:\/\/veritasinfo.org\/?p=34310"},"modified":"2026-02-24T08:10:12","modified_gmt":"2026-02-24T07:10:12","slug":"janjiqi-asociacioni-nuk-funksionon-ne-kosove-shkaku-i-demografise-dhe-konceptit-ekzekutiv","status":"publish","type":"post","link":"https:\/\/veritasinfo.org\/?p=34310","title":{"rendered":"Janjiqi: Asociacioni nuk funksionon n\u00eb Kosov\u00eb shkaku i demografis\u00eb dhe konceptit ekzekutiv"},"content":{"rendered":"<p>Prishtin\u00eb 24 Shkurt 2026 8:10<\/p>\n<p>Sociologu serb Dushan Janjiq ka deklaruar se Asociacioni i komunave me shumic\u00eb serbe nuk \u00ebsht\u00eb model i zbatuesh\u00ebm n\u00eb Kosov\u00eb, duke p\u00ebrmendur ndryshimet demografike dhe konceptin fillestar politik q\u00eb, sipas tij, e ka shoq\u00ebruar k\u00ebt\u00eb ide.<\/p>\n<p>N\u00eb nj\u00eb bashk\u00ebbisedim n\u00eb podcastin PIK\u00cb me publicistin Veton Surroi, Janjiqi ka th\u00ebn\u00eb se q\u00eb n\u00eb fillim pas Asociacionit fshihej nj\u00eb ide politike q\u00eb tejkalonte korniz\u00ebn e vet\u00ebmenaxhimit lokal. Ai rikujtoi edhe sloganet e dikurshme t\u00eb Lista Serbe n\u00eb veri t\u00eb Kosov\u00ebs \u2013 \u201cVotoni sot, nes\u00ebr nd\u00ebrtojm\u00eb\u201d \u2013 duke l\u00ebn\u00eb t\u00eb kuptohet se projekti ishte konceptuar si instrument pushteti.<\/p>\n<p>Mb\u00ebshtete KOH\u00cbN. Ruaje t\u00eb v\u00ebrtet\u00ebn.<br \/>\nGazetaria profesionale \u00ebsht\u00eb interes publik. Mb\u00ebshtetja juaj ndihmon q\u00eb ajo t\u00eb mbetet e pavarur dhe e besueshme. Kontribuoni edhe ju. 1 euro e b\u00ebn dallimin.<\/p>\n<p>Sipas Janjiqit, nj\u00eb nd\u00ebr arsyet kryesore pse Asociacioni nuk mund t\u00eb funksionoj\u00eb lidhet me faktin se kategoria \u201ce banuar me shumic\u00eb serbe\u201d \u00ebsht\u00eb e ndryshueshme. <\/p>\n<p>\u201cDemografia \u00ebsht\u00eb kategori e ndryshueshme\u201d, theksoi ai, duke shtuar se p\u00ebrkufizimi i komunave si \u201ckryesisht t\u00eb banuara nga serb\u00ebt\u201d mund t\u00eb ndryshoj\u00eb me koh\u00ebn, duke e b\u00ebr\u00eb modelin t\u00eb paq\u00ebndruesh\u00ebm<\/p>\n<p>Ai argumentoi gjithashtu se n\u00ebse Asociacioni do t\u00eb kishte kompetenca ekzekutive, at\u00ebher\u00eb do t\u00eb duhej t\u00eb p\u00ebrfshiheshin edhe p\u00ebrfaq\u00ebsues t\u00eb komunitetit shqiptar n\u00eb ato zona ku ata jan\u00eb pakic\u00eb, p\u00ebr t\u00eb shmangur p\u00ebrjashtimin dhe bllokimin institucional. P\u00ebrndryshe, sipas tij, \u00e7\u00ebshtje si ekologjia apo fusha t\u00eb tjera publike do t\u00eb politizoheshin dhe do t\u00eb lidheshin drejtp\u00ebrdrejt me pushtetin ekzekutiv, duke e b\u00ebr\u00eb struktur\u00ebn jofunksionale.<\/p>\n","protected":false},"excerpt":{"rendered":"<p>Prishtin\u00eb 24 Shkurt 2026 8:10 Sociologu serb Dushan Janjiq ka deklaruar se Asociacioni i komunave me shumic\u00eb serbe nuk \u00ebsht\u00eb model i zbatuesh\u00ebm n\u00eb Kosov\u00eb,<\/p>\n","protected":false},"author":6,"featured_media":34311,"comment_status":"open","ping_status":"open","sticky":false,"template":"","format":"standard","meta":{"footnotes":""},"categories":[58],"tags":[],"class_list":["post-34310","post","type-post","status-publish","format-standard","has-post-thumbnail","hentry","category-politike-sq"],"yoast_head":"<!-- This site is optimized with the Yoast SEO plugin v25.3.1 - https:\/\/yoast.com\/wordpress\/plugins\/seo\/ -->\n<title>Janjiqi: Asociacioni nuk funksionon n\u00eb Kosov\u00eb shkaku i demografis\u00eb dhe konceptit ekzekutiv -<\/title>\n<meta name=\"robots\" content=\"index, follow, max-snippet:-1, max-image-preview:large, max-video-preview:-1\" \/>\n<link rel=\"canonical\" href=\"https:\/\/veritasinfo.org\/?p=34310\" \/>\n<meta property=\"og:locale\" content=\"en_US\" \/>\n<meta property=\"og:type\" content=\"article\" \/>\n<meta property=\"og:title\" content=\"Janjiqi: Asociacioni nuk funksionon n\u00eb Kosov\u00eb shkaku i demografis\u00eb dhe konceptit ekzekutiv -\" \/>\n<meta property=\"og:description\" content=\"Prishtin\u00eb 24 Shkurt 2026 8:10 Sociologu serb Dushan Janjiq ka deklaruar se Asociacioni i komunave me shumic\u00eb serbe nuk \u00ebsht\u00eb model i zbatuesh\u00ebm n\u00eb Kosov\u00eb,\" \/>\n<meta property=\"og:url\" content=\"https:\/\/veritasinfo.org\/?p=34310\" \/>\n<meta property=\"article:published_time\" content=\"2026-02-24T07:10:12+00:00\" \/>\n<meta property=\"og:image\" content=\"https:\/\/veritasinfo.org\/wp-content\/uploads\/2026\/02\/f64e9cb6-625a-4887-91a5-1ee9c89a87f9.webp\" \/>\n\t<meta property=\"og:image:width\" content=\"881\" \/>\n\t<meta property=\"og:image:height\" content=\"565\" \/>\n\t<meta property=\"og:image:type\" content=\"image\/webp\" \/>\n<meta name=\"author\" content=\"US5\" \/>\n<meta name=\"twitter:card\" content=\"summary_large_image\" \/>\n<meta name=\"twitter:label1\" content=\"Written by\" \/>\n\t<meta name=\"twitter:data1\" content=\"US5\" \/>\n<script type=\"application\/ld+json\" class=\"yoast-schema-graph\">{\"@context\":\"https:\/\/schema.org\",\"@graph\":[{\"@type\":\"WebPage\",\"@id\":\"https:\/\/veritasinfo.org\/?p=34310\",\"url\":\"https:\/\/veritasinfo.org\/?p=34310\",\"name\":\"Janjiqi: Asociacioni nuk funksionon n\u00eb Kosov\u00eb shkaku i demografis\u00eb dhe konceptit ekzekutiv -\",\"isPartOf\":{\"@id\":\"https:\/\/veritasinfo.org\/#website\"},\"primaryImageOfPage\":{\"@id\":\"https:\/\/veritasinfo.org\/?p=34310#primaryimage\"},\"image\":{\"@id\":\"https:\/\/veritasinfo.org\/?p=34310#primaryimage\"},\"thumbnailUrl\":\"https:\/\/veritasinfo.org\/wp-content\/uploads\/2026\/02\/f64e9cb6-625a-4887-91a5-1ee9c89a87f9.webp\",\"datePublished\":\"2026-02-24T07:10:12+00:00\",\"author\":{\"@id\":\"https:\/\/veritasinfo.org\/#\/schema\/person\/bc442336e35414d04494ab8fb45db4c6\"},\"breadcrumb\":{\"@id\":\"https:\/\/veritasinfo.org\/?p=34310#breadcrumb\"},\"inLanguage\":\"en-US\",\"potentialAction\":[{\"@type\":\"ReadAction\",\"target\":[\"https:\/\/veritasinfo.org\/?p=34310\"]}]},{\"@type\":\"ImageObject\",\"inLanguage\":\"en-US\",\"@id\":\"https:\/\/veritasinfo.org\/?p=34310#primaryimage\",\"url\":\"https:\/\/veritasinfo.org\/wp-content\/uploads\/2026\/02\/f64e9cb6-625a-4887-91a5-1ee9c89a87f9.webp\",\"contentUrl\":\"https:\/\/veritasinfo.org\/wp-content\/uploads\/2026\/02\/f64e9cb6-625a-4887-91a5-1ee9c89a87f9.webp\",\"width\":881,\"height\":565},{\"@type\":\"BreadcrumbList\",\"@id\":\"https:\/\/veritasinfo.org\/?p=34310#breadcrumb\",\"itemListElement\":[{\"@type\":\"ListItem\",\"position\":1,\"name\":\"Home\",\"item\":\"https:\/\/veritasinfo.org\/\"},{\"@type\":\"ListItem\",\"position\":2,\"name\":\"Janjiqi: Asociacioni nuk funksionon n\u00eb Kosov\u00eb shkaku i demografis\u00eb dhe konceptit ekzekutiv\"}]},{\"@type\":\"WebSite\",\"@id\":\"https:\/\/veritasinfo.org\/#website\",\"url\":\"https:\/\/veritasinfo.org\/\",\"name\":\"\",\"description\":\"\",\"potentialAction\":[{\"@type\":\"SearchAction\",\"target\":{\"@type\":\"EntryPoint\",\"urlTemplate\":\"https:\/\/veritasinfo.org\/?s={search_term_string}\"},\"query-input\":{\"@type\":\"PropertyValueSpecification\",\"valueRequired\":true,\"valueName\":\"search_term_string\"}}],\"inLanguage\":\"en-US\"},{\"@type\":\"Person\",\"@id\":\"https:\/\/veritasinfo.org\/#\/schema\/person\/bc442336e35414d04494ab8fb45db4c6\",\"name\":\"US5\",\"image\":{\"@type\":\"ImageObject\",\"inLanguage\":\"en-US\",\"@id\":\"https:\/\/veritasinfo.org\/#\/schema\/person\/image\/\",\"url\":\"https:\/\/secure.gravatar.com\/avatar\/16a61e7272a0c5d001121ebb9e60e925d5816e4ac1e443ed3e640d9a6ae55d0c?s=96&d=mm&r=g\",\"contentUrl\":\"https:\/\/secure.gravatar.com\/avatar\/16a61e7272a0c5d001121ebb9e60e925d5816e4ac1e443ed3e640d9a6ae55d0c?s=96&d=mm&r=g\",\"caption\":\"US5\"},\"url\":\"https:\/\/veritasinfo.org\/?author=6\"}]}<\/script>\n<!-- \/ Yoast SEO plugin. -->","yoast_head_json":{"title":"Janjiqi: Asociacioni nuk funksionon n\u00eb Kosov\u00eb shkaku i demografis\u00eb dhe konceptit ekzekutiv -","robots":{"index":"index","follow":"follow","max-snippet":"max-snippet:-1","max-image-preview":"max-image-preview:large","max-video-preview":"max-video-preview:-1"},"canonical":"https:\/\/veritasinfo.org\/?p=34310","og_locale":"en_US","og_type":"article","og_title":"Janjiqi: Asociacioni nuk funksionon n\u00eb Kosov\u00eb shkaku i demografis\u00eb dhe konceptit ekzekutiv -","og_description":"Prishtin\u00eb 24 Shkurt 2026 8:10 Sociologu serb Dushan Janjiq ka deklaruar se Asociacioni i komunave me shumic\u00eb serbe nuk \u00ebsht\u00eb model i zbatuesh\u00ebm n\u00eb Kosov\u00eb,","og_url":"https:\/\/veritasinfo.org\/?p=34310","article_published_time":"2026-02-24T07:10:12+00:00","og_image":[{"width":881,"height":565,"url":"https:\/\/veritasinfo.org\/wp-content\/uploads\/2026\/02\/f64e9cb6-625a-4887-91a5-1ee9c89a87f9.webp","type":"image\/webp"}],"author":"US5","twitter_card":"summary_large_image","twitter_misc":{"Written by":"US5"},"schema":{"@context":"https:\/\/schema.org","@graph":[{"@type":"WebPage","@id":"https:\/\/veritasinfo.org\/?p=34310","url":"https:\/\/veritasinfo.org\/?p=34310","name":"Janjiqi: Asociacioni nuk funksionon n\u00eb Kosov\u00eb shkaku i demografis\u00eb dhe konceptit ekzekutiv -","isPartOf":{"@id":"https:\/\/veritasinfo.org\/#website"},"primaryImageOfPage":{"@id":"https:\/\/veritasinfo.org\/?p=34310#primaryimage"},"image":{"@id":"https:\/\/veritasinfo.org\/?p=34310#primaryimage"},"thumbnailUrl":"https:\/\/veritasinfo.org\/wp-content\/uploads\/2026\/02\/f64e9cb6-625a-4887-91a5-1ee9c89a87f9.webp","datePublished":"2026-02-24T07:10:12+00:00","author":{"@id":"https:\/\/veritasinfo.org\/#\/schema\/person\/bc442336e35414d04494ab8fb45db4c6"},"breadcrumb":{"@id":"https:\/\/veritasinfo.org\/?p=34310#breadcrumb"},"inLanguage":"en-US","potentialAction":[{"@type":"ReadAction","target":["https:\/\/veritasinfo.org\/?p=34310"]}]},{"@type":"ImageObject","inLanguage":"en-US","@id":"https:\/\/veritasinfo.org\/?p=34310#primaryimage","url":"https:\/\/veritasinfo.org\/wp-content\/uploads\/2026\/02\/f64e9cb6-625a-4887-91a5-1ee9c89a87f9.webp","contentUrl":"https:\/\/veritasinfo.org\/wp-content\/uploads\/2026\/02\/f64e9cb6-625a-4887-91a5-1ee9c89a87f9.webp","width":881,"height":565},{"@type":"BreadcrumbList","@id":"https:\/\/veritasinfo.org\/?p=34310#breadcrumb","itemListElement":[{"@type":"ListItem","position":1,"name":"Home","item":"https:\/\/veritasinfo.org\/"},{"@type":"ListItem","position":2,"name":"Janjiqi: Asociacioni nuk funksionon n\u00eb Kosov\u00eb shkaku i demografis\u00eb dhe konceptit ekzekutiv"}]},{"@type":"WebSite","@id":"https:\/\/veritasinfo.org\/#website","url":"https:\/\/veritasinfo.org\/","name":"","description":"","potentialAction":[{"@type":"SearchAction","target":{"@type":"EntryPoint","urlTemplate":"https:\/\/veritasinfo.org\/?s={search_term_string}"},"query-input":{"@type":"PropertyValueSpecification","valueRequired":true,"valueName":"search_term_string"}}],"inLanguage":"en-US"},{"@type":"Person","@id":"https:\/\/veritasinfo.org\/#\/schema\/person\/bc442336e35414d04494ab8fb45db4c6","name":"US5","image":{"@type":"ImageObject","inLanguage":"en-US","@id":"https:\/\/veritasinfo.org\/#\/schema\/person\/image\/","url":"https:\/\/secure.gravatar.com\/avatar\/16a61e7272a0c5d001121ebb9e60e925d5816e4ac1e443ed3e640d9a6ae55d0c?s=96&d=mm&r=g","contentUrl":"https:\/\/secure.gravatar.com\/avatar\/16a61e7272a0c5d001121ebb9e60e925d5816e4ac1e443ed3e640d9a6ae55d0c?s=96&d=mm&r=g","caption":"US5"},"url":"https:\/\/veritasinfo.org\/?author=6"}]}},"featured_image_urls":{"full":["https:\/\/veritasinfo.org\/wp-content\/uploads\/2026\/02\/f64e9cb6-625a-4887-91a5-1ee9c89a87f9.webp",881,565,false],"thumbnail":["https:\/\/veritasinfo.org\/wp-content\/uploads\/2026\/02\/f64e9cb6-625a-4887-91a5-1ee9c89a87f9-150x150.webp",150,150,true],"medium":["https:\/\/veritasinfo.org\/wp-content\/uploads\/2026\/02\/f64e9cb6-625a-4887-91a5-1ee9c89a87f9-300x192.webp",300,192,true],"medium_large":["https:\/\/veritasinfo.org\/wp-content\/uploads\/2026\/02\/f64e9cb6-625a-4887-91a5-1ee9c89a87f9-768x493.webp",640,411,true],"large":["https:\/\/veritasinfo.org\/wp-content\/uploads\/2026\/02\/f64e9cb6-625a-4887-91a5-1ee9c89a87f9.webp",640,410,false],"1536x1536":["https:\/\/veritasinfo.org\/wp-content\/uploads\/2026\/02\/f64e9cb6-625a-4887-91a5-1ee9c89a87f9.webp",881,565,false],"2048x2048":["https:\/\/veritasinfo.org\/wp-content\/uploads\/2026\/02\/f64e9cb6-625a-4887-91a5-1ee9c89a87f9.webp",881,565,false],"kreeti-slider-full":["https:\/\/veritasinfo.org\/wp-content\/uploads\/2026\/02\/f64e9cb6-625a-4887-91a5-1ee9c89a87f9.webp",881,565,false],"kreeti-featured":["https:\/\/veritasinfo.org\/wp-content\/uploads\/2026\/02\/f64e9cb6-625a-4887-91a5-1ee9c89a87f9.webp",881,565,false],"kreeti-medium":["https:\/\/veritasinfo.org\/wp-content\/uploads\/2026\/02\/f64e9cb6-625a-4887-91a5-1ee9c89a87f9.webp",720,462,false],"kreeti-medium-square":["https:\/\/veritasinfo.org\/wp-content\/uploads\/2026\/02\/f64e9cb6-625a-4887-91a5-1ee9c89a87f9.webp",350,224,false]},"author_info":{"info":["US5"]},"category_info":"<a href=\"https:\/\/veritasinfo.org\/?cat=58\" rel=\"category\">Politik\u00eb<\/a>","tag_info":"Politik\u00eb","comment_count":"0","_links":{"self":[{"href":"https:\/\/veritasinfo.org\/index.php?rest_route=\/wp\/v2\/posts\/34310","targetHints":{"allow":["GET"]}}],"collection":[{"href":"https:\/\/veritasinfo.org\/index.php?rest_route=\/wp\/v2\/posts"}],"about":[{"href":"https:\/\/veritasinfo.org\/index.php?rest_route=\/wp\/v2\/types\/post"}],"author":[{"embeddable":true,"href":"https:\/\/veritasinfo.org\/index.php?rest_route=\/wp\/v2\/users\/6"}],"replies":[{"embeddable":true,"href":"https:\/\/veritasinfo.org\/index.php?rest_route=%2Fwp%2Fv2%2Fcomments&post=34310"}],"version-history":[{"count":1,"href":"https:\/\/veritasinfo.org\/index.php?rest_route=\/wp\/v2\/posts\/34310\/revisions"}],"predecessor-version":[{"id":34312,"href":"https:\/\/veritasinfo.org\/index.php?rest_route=\/wp\/v2\/posts\/34310\/revisions\/34312"}],"wp:featuredmedia":[{"embeddable":true,"href":"https:\/\/veritasinfo.org\/index.php?rest_route=\/wp\/v2\/media\/34311"}],"wp:attachment":[{"href":"https:\/\/veritasinfo.org\/index.php?rest_route=%2Fwp%2Fv2%2Fmedia&parent=34310"}],"wp:term":[{"taxonomy":"category","embeddable":true,"href":"https:\/\/veritasinfo.org\/index.php?rest_route=%2Fwp%2Fv2%2Fcategories&post=34310"},{"taxonomy":"post_tag","embeddable":true,"href":"https:\/\/veritasinfo.org\/index.php?rest_route=%2Fwp%2Fv2%2Ftags&post=34310"}],"curies":[{"name":"wp","href":"https:\/\/api.w.org\/{rel}","templated":true}]}}