{"id":34237,"date":"2026-02-23T17:42:49","date_gmt":"2026-02-23T16:42:49","guid":{"rendered":"https:\/\/veritasinfo.org\/?p=34237"},"modified":"2026-02-23T17:42:49","modified_gmt":"2026-02-23T16:42:49","slug":"kurti-lvv-nuk-e-ka-nje-anetar-me-libreze-partie-qe-synon-presidentin","status":"publish","type":"post","link":"https:\/\/veritasinfo.org\/?p=34237","title":{"rendered":"Kurti: LVV nuk e ka nj\u00eb an\u00ebtar me librez\u00eb partie q\u00eb synon presidentin"},"content":{"rendered":"<p>Prishtin\u00eb, 23 shkurt 2026 17:40<\/p>\n<p>Kryeministri i Kosov\u00ebs, Albin Kurti, ka deklaruar se pas nj\u00eb takimi dy or\u00ebsh me kreun e Lidhja Demokratike e Kosov\u00ebs (LDK), Lumir Abdixhiku, jan\u00eb diskutuar zhvillimet politike n\u00eb vend, situata e siguris\u00eb, politika e jashtme dhe marr\u00ebdh\u00ebniet nd\u00ebrkomb\u00ebtare, si dhe procesi i zgjedhjes s\u00eb presidentit.<\/p>\n<p>\u201cPat\u00ebm nj\u00eb takim t\u00eb gjat\u00eb me kryetarin e LDK-s\u00eb dhe deputet\u00eb t\u00eb Kuvendit. Diskutuam p\u00ebr zhvillimet politike n\u00eb Kosov\u00eb, p\u00ebr situat\u00ebn e siguris\u00eb, p\u00ebr politik\u00ebn e jashtme dhe marr\u00ebdh\u00ebniet nd\u00ebrkomb\u00ebtare\u201d, tha Kurti.<\/p>\n<p>Sipas tij, pjes\u00eb e bised\u00ebs kan\u00eb qen\u00eb edhe shtetnd\u00ebrtimi demokratik, drejt\u00ebsia, progresi i arritur dhe sfidat q\u00eb e presin vendin.<\/p>\n<p>\u201cU zotuam p\u00ebr komunikim dhe kontakte t\u00eb drejtp\u00ebrdrejta, p\u00ebr bashk\u00ebbisedime t\u00eb frytshme, n\u00eb m\u00ebnyr\u00eb q\u00eb t\u00eb hapim nj\u00eb kapitull t\u00eb ri t\u00eb raporteve mes partive politike, qeveris\u00eb dhe opozit\u00ebs\u201d, u shpreh ai, duke fal\u00ebnderuar LDK-n\u00eb p\u00ebr votimin e marr\u00ebveshjeve nd\u00ebrkomb\u00ebtare.<\/p>\n<p>Kryeministri theksoi se p\u00ebr zgjedhjen e presidentit nevojiten dy t\u00eb tretat e votave t\u00eb deputet\u00ebve dhe se aktualisht as L\u00ebvizja Vet\u00ebvendosje dhe as partit\u00eb e tjera t\u00eb m\u00ebdha nuk kan\u00eb kandidat partiak.<\/p>\n<p>\u201cN\u00eb zgjedhjet e 28 dhjetorit, LVV nuk ka garuar me ndonj\u00eb em\u00ebr t\u00eb ve\u00e7ant\u00eb p\u00ebr president. LVV nuk ka ndonj\u00eb an\u00ebtar me librez\u00eb partie q\u00eb synon t\u00eb b\u00ebhet president. Nj\u00ebsoj vlen edhe p\u00ebr dy partit\u00eb e tjera t\u00eb m\u00ebdha dhe tradicionale, Partia Demokratike e Kosov\u00ebs dhe LDK\u201d, deklaroi Kurti.<\/p>\n<p>Ai b\u00ebri t\u00eb ditur se kjo \u00ebsht\u00eb konfirmuar edhe n\u00eb takimin e m\u00ebparsh\u00ebm me kreun e PDK-s\u00eb, Bedri Hamza.<\/p>\n<p>Sipas Kurtit, n\u00eb vijim duhet ose t\u00eb gjendet nj\u00eb em\u00ebr konsensual q\u00eb garanton dy t\u00eb tretat e votave t\u00eb deputet\u00ebve q\u00eb marrin pjes\u00eb n\u00eb votim, ose subjektet politike t\u00eb merren vesh p\u00ebr rrug\u00ebn p\u00ebrpara.<\/p>\n<p>\u201cNa duhet nj\u00eb shumic\u00eb q\u00eb i afrohet 85 votave. Nuk \u00ebsht\u00eb situat\u00eb e leht\u00eb. Do t\u2019i intensifikojm\u00eb bisedimet q\u00eb t\u00eb kemi nj\u00eb zgjidhje p\u00ebr \u00e7\u00ebshtjen e presidentit. Presidenti duhet t\u00eb zgjidhet m\u00eb s\u00eb largu deri m\u00eb 4 mars\u201d, theksoi ai.<\/p>\n<p>Kurti shtoi se q\u00ebllimi \u00ebsht\u00eb shmangia e zgjedhjeve t\u00eb reja dhe arritja e nj\u00eb konsensusi t\u00eb gjer\u00eb politik n\u00eb funksion t\u00eb stabilitetit institucional dhe interesit shtet\u00ebror.<\/p>\n","protected":false},"excerpt":{"rendered":"<p>Prishtin\u00eb, 23 shkurt 2026 17:40 Kryeministri i Kosov\u00ebs, Albin Kurti, ka deklaruar se pas nj\u00eb takimi dy or\u00ebsh me kreun e Lidhja Demokratike e Kosov\u00ebs<\/p>\n","protected":false},"author":7,"featured_media":34241,"comment_status":"open","ping_status":"open","sticky":false,"template":"","format":"standard","meta":{"footnotes":""},"categories":[58],"tags":[],"class_list":["post-34237","post","type-post","status-publish","format-standard","has-post-thumbnail","hentry","category-politike-sq"],"yoast_head":"<!-- This site is optimized with the Yoast SEO plugin v25.3.1 - https:\/\/yoast.com\/wordpress\/plugins\/seo\/ -->\n<title>Kurti: LVV nuk e ka nj\u00eb an\u00ebtar me librez\u00eb partie q\u00eb synon presidentin -<\/title>\n<meta name=\"robots\" content=\"index, follow, max-snippet:-1, max-image-preview:large, max-video-preview:-1\" \/>\n<link rel=\"canonical\" href=\"https:\/\/veritasinfo.org\/?p=34237\" \/>\n<meta property=\"og:locale\" content=\"en_US\" \/>\n<meta property=\"og:type\" content=\"article\" \/>\n<meta property=\"og:title\" content=\"Kurti: LVV nuk e ka nj\u00eb an\u00ebtar me librez\u00eb partie q\u00eb synon presidentin -\" \/>\n<meta property=\"og:description\" content=\"Prishtin\u00eb, 23 shkurt 2026 17:40 Kryeministri i Kosov\u00ebs, Albin Kurti, ka deklaruar se pas nj\u00eb takimi dy or\u00ebsh me kreun e Lidhja Demokratike e Kosov\u00ebs\" \/>\n<meta property=\"og:url\" content=\"https:\/\/veritasinfo.org\/?p=34237\" \/>\n<meta property=\"article:published_time\" content=\"2026-02-23T16:42:49+00:00\" \/>\n<meta property=\"og:image\" content=\"https:\/\/veritasinfo.org\/wp-content\/uploads\/2026\/02\/image-1-10.webp\" \/>\n\t<meta property=\"og:image:width\" content=\"800\" \/>\n\t<meta property=\"og:image:height\" content=\"450\" \/>\n\t<meta property=\"og:image:type\" content=\"image\/webp\" \/>\n<meta name=\"author\" content=\"US6\" \/>\n<meta name=\"twitter:card\" content=\"summary_large_image\" \/>\n<meta name=\"twitter:label1\" content=\"Written by\" \/>\n\t<meta name=\"twitter:data1\" content=\"US6\" \/>\n\t<meta name=\"twitter:label2\" content=\"Est. reading time\" \/>\n\t<meta name=\"twitter:data2\" content=\"2 minutes\" \/>\n<script type=\"application\/ld+json\" class=\"yoast-schema-graph\">{\"@context\":\"https:\/\/schema.org\",\"@graph\":[{\"@type\":\"WebPage\",\"@id\":\"https:\/\/veritasinfo.org\/?p=34237\",\"url\":\"https:\/\/veritasinfo.org\/?p=34237\",\"name\":\"Kurti: LVV nuk e ka nj\u00eb an\u00ebtar me librez\u00eb partie q\u00eb synon presidentin -\",\"isPartOf\":{\"@id\":\"https:\/\/veritasinfo.org\/#website\"},\"primaryImageOfPage\":{\"@id\":\"https:\/\/veritasinfo.org\/?p=34237#primaryimage\"},\"image\":{\"@id\":\"https:\/\/veritasinfo.org\/?p=34237#primaryimage\"},\"thumbnailUrl\":\"https:\/\/veritasinfo.org\/wp-content\/uploads\/2026\/02\/image-1-10.webp\",\"datePublished\":\"2026-02-23T16:42:49+00:00\",\"author\":{\"@id\":\"https:\/\/veritasinfo.org\/#\/schema\/person\/fe199eede04c3937362892b7444747cc\"},\"breadcrumb\":{\"@id\":\"https:\/\/veritasinfo.org\/?p=34237#breadcrumb\"},\"inLanguage\":\"en-US\",\"potentialAction\":[{\"@type\":\"ReadAction\",\"target\":[\"https:\/\/veritasinfo.org\/?p=34237\"]}]},{\"@type\":\"ImageObject\",\"inLanguage\":\"en-US\",\"@id\":\"https:\/\/veritasinfo.org\/?p=34237#primaryimage\",\"url\":\"https:\/\/veritasinfo.org\/wp-content\/uploads\/2026\/02\/image-1-10.webp\",\"contentUrl\":\"https:\/\/veritasinfo.org\/wp-content\/uploads\/2026\/02\/image-1-10.webp\",\"width\":800,\"height\":450},{\"@type\":\"BreadcrumbList\",\"@id\":\"https:\/\/veritasinfo.org\/?p=34237#breadcrumb\",\"itemListElement\":[{\"@type\":\"ListItem\",\"position\":1,\"name\":\"Home\",\"item\":\"https:\/\/veritasinfo.org\/\"},{\"@type\":\"ListItem\",\"position\":2,\"name\":\"Kurti: LVV nuk e ka nj\u00eb an\u00ebtar me librez\u00eb partie q\u00eb synon presidentin\"}]},{\"@type\":\"WebSite\",\"@id\":\"https:\/\/veritasinfo.org\/#website\",\"url\":\"https:\/\/veritasinfo.org\/\",\"name\":\"\",\"description\":\"\",\"potentialAction\":[{\"@type\":\"SearchAction\",\"target\":{\"@type\":\"EntryPoint\",\"urlTemplate\":\"https:\/\/veritasinfo.org\/?s={search_term_string}\"},\"query-input\":{\"@type\":\"PropertyValueSpecification\",\"valueRequired\":true,\"valueName\":\"search_term_string\"}}],\"inLanguage\":\"en-US\"},{\"@type\":\"Person\",\"@id\":\"https:\/\/veritasinfo.org\/#\/schema\/person\/fe199eede04c3937362892b7444747cc\",\"name\":\"US6\",\"image\":{\"@type\":\"ImageObject\",\"inLanguage\":\"en-US\",\"@id\":\"https:\/\/veritasinfo.org\/#\/schema\/person\/image\/\",\"url\":\"https:\/\/secure.gravatar.com\/avatar\/cb16c3c31c9d23b9b8c705964598220b3014e42ff51eb540ff23cefa3ae8c15f?s=96&d=mm&r=g\",\"contentUrl\":\"https:\/\/secure.gravatar.com\/avatar\/cb16c3c31c9d23b9b8c705964598220b3014e42ff51eb540ff23cefa3ae8c15f?s=96&d=mm&r=g\",\"caption\":\"US6\"},\"url\":\"https:\/\/veritasinfo.org\/?author=7\"}]}<\/script>\n<!-- \/ Yoast SEO plugin. -->","yoast_head_json":{"title":"Kurti: LVV nuk e ka nj\u00eb an\u00ebtar me librez\u00eb partie q\u00eb synon presidentin -","robots":{"index":"index","follow":"follow","max-snippet":"max-snippet:-1","max-image-preview":"max-image-preview:large","max-video-preview":"max-video-preview:-1"},"canonical":"https:\/\/veritasinfo.org\/?p=34237","og_locale":"en_US","og_type":"article","og_title":"Kurti: LVV nuk e ka nj\u00eb an\u00ebtar me librez\u00eb partie q\u00eb synon presidentin -","og_description":"Prishtin\u00eb, 23 shkurt 2026 17:40 Kryeministri i Kosov\u00ebs, Albin Kurti, ka deklaruar se pas nj\u00eb takimi dy or\u00ebsh me kreun e Lidhja Demokratike e Kosov\u00ebs","og_url":"https:\/\/veritasinfo.org\/?p=34237","article_published_time":"2026-02-23T16:42:49+00:00","og_image":[{"width":800,"height":450,"url":"https:\/\/veritasinfo.org\/wp-content\/uploads\/2026\/02\/image-1-10.webp","type":"image\/webp"}],"author":"US6","twitter_card":"summary_large_image","twitter_misc":{"Written by":"US6","Est. reading time":"2 minutes"},"schema":{"@context":"https:\/\/schema.org","@graph":[{"@type":"WebPage","@id":"https:\/\/veritasinfo.org\/?p=34237","url":"https:\/\/veritasinfo.org\/?p=34237","name":"Kurti: LVV nuk e ka nj\u00eb an\u00ebtar me librez\u00eb partie q\u00eb synon presidentin -","isPartOf":{"@id":"https:\/\/veritasinfo.org\/#website"},"primaryImageOfPage":{"@id":"https:\/\/veritasinfo.org\/?p=34237#primaryimage"},"image":{"@id":"https:\/\/veritasinfo.org\/?p=34237#primaryimage"},"thumbnailUrl":"https:\/\/veritasinfo.org\/wp-content\/uploads\/2026\/02\/image-1-10.webp","datePublished":"2026-02-23T16:42:49+00:00","author":{"@id":"https:\/\/veritasinfo.org\/#\/schema\/person\/fe199eede04c3937362892b7444747cc"},"breadcrumb":{"@id":"https:\/\/veritasinfo.org\/?p=34237#breadcrumb"},"inLanguage":"en-US","potentialAction":[{"@type":"ReadAction","target":["https:\/\/veritasinfo.org\/?p=34237"]}]},{"@type":"ImageObject","inLanguage":"en-US","@id":"https:\/\/veritasinfo.org\/?p=34237#primaryimage","url":"https:\/\/veritasinfo.org\/wp-content\/uploads\/2026\/02\/image-1-10.webp","contentUrl":"https:\/\/veritasinfo.org\/wp-content\/uploads\/2026\/02\/image-1-10.webp","width":800,"height":450},{"@type":"BreadcrumbList","@id":"https:\/\/veritasinfo.org\/?p=34237#breadcrumb","itemListElement":[{"@type":"ListItem","position":1,"name":"Home","item":"https:\/\/veritasinfo.org\/"},{"@type":"ListItem","position":2,"name":"Kurti: LVV nuk e ka nj\u00eb an\u00ebtar me librez\u00eb partie q\u00eb synon presidentin"}]},{"@type":"WebSite","@id":"https:\/\/veritasinfo.org\/#website","url":"https:\/\/veritasinfo.org\/","name":"","description":"","potentialAction":[{"@type":"SearchAction","target":{"@type":"EntryPoint","urlTemplate":"https:\/\/veritasinfo.org\/?s={search_term_string}"},"query-input":{"@type":"PropertyValueSpecification","valueRequired":true,"valueName":"search_term_string"}}],"inLanguage":"en-US"},{"@type":"Person","@id":"https:\/\/veritasinfo.org\/#\/schema\/person\/fe199eede04c3937362892b7444747cc","name":"US6","image":{"@type":"ImageObject","inLanguage":"en-US","@id":"https:\/\/veritasinfo.org\/#\/schema\/person\/image\/","url":"https:\/\/secure.gravatar.com\/avatar\/cb16c3c31c9d23b9b8c705964598220b3014e42ff51eb540ff23cefa3ae8c15f?s=96&d=mm&r=g","contentUrl":"https:\/\/secure.gravatar.com\/avatar\/cb16c3c31c9d23b9b8c705964598220b3014e42ff51eb540ff23cefa3ae8c15f?s=96&d=mm&r=g","caption":"US6"},"url":"https:\/\/veritasinfo.org\/?author=7"}]}},"featured_image_urls":{"full":["https:\/\/veritasinfo.org\/wp-content\/uploads\/2026\/02\/image-1-10.webp",800,450,false],"thumbnail":["https:\/\/veritasinfo.org\/wp-content\/uploads\/2026\/02\/image-1-10-150x150.webp",150,150,true],"medium":["https:\/\/veritasinfo.org\/wp-content\/uploads\/2026\/02\/image-1-10-300x169.webp",300,169,true],"medium_large":["https:\/\/veritasinfo.org\/wp-content\/uploads\/2026\/02\/image-1-10-768x432.webp",640,360,true],"large":["https:\/\/veritasinfo.org\/wp-content\/uploads\/2026\/02\/image-1-10.webp",640,360,false],"1536x1536":["https:\/\/veritasinfo.org\/wp-content\/uploads\/2026\/02\/image-1-10.webp",800,450,false],"2048x2048":["https:\/\/veritasinfo.org\/wp-content\/uploads\/2026\/02\/image-1-10.webp",800,450,false],"kreeti-slider-full":["https:\/\/veritasinfo.org\/wp-content\/uploads\/2026\/02\/image-1-10.webp",800,450,false],"kreeti-featured":["https:\/\/veritasinfo.org\/wp-content\/uploads\/2026\/02\/image-1-10.webp",800,450,false],"kreeti-medium":["https:\/\/veritasinfo.org\/wp-content\/uploads\/2026\/02\/image-1-10.webp",720,405,false],"kreeti-medium-square":["https:\/\/veritasinfo.org\/wp-content\/uploads\/2026\/02\/image-1-10.webp",350,197,false]},"author_info":{"info":["US6"]},"category_info":"<a href=\"https:\/\/veritasinfo.org\/?cat=58\" rel=\"category\">Politik\u00eb<\/a>","tag_info":"Politik\u00eb","comment_count":"0","_links":{"self":[{"href":"https:\/\/veritasinfo.org\/index.php?rest_route=\/wp\/v2\/posts\/34237","targetHints":{"allow":["GET"]}}],"collection":[{"href":"https:\/\/veritasinfo.org\/index.php?rest_route=\/wp\/v2\/posts"}],"about":[{"href":"https:\/\/veritasinfo.org\/index.php?rest_route=\/wp\/v2\/types\/post"}],"author":[{"embeddable":true,"href":"https:\/\/veritasinfo.org\/index.php?rest_route=\/wp\/v2\/users\/7"}],"replies":[{"embeddable":true,"href":"https:\/\/veritasinfo.org\/index.php?rest_route=%2Fwp%2Fv2%2Fcomments&post=34237"}],"version-history":[{"count":1,"href":"https:\/\/veritasinfo.org\/index.php?rest_route=\/wp\/v2\/posts\/34237\/revisions"}],"predecessor-version":[{"id":34242,"href":"https:\/\/veritasinfo.org\/index.php?rest_route=\/wp\/v2\/posts\/34237\/revisions\/34242"}],"wp:featuredmedia":[{"embeddable":true,"href":"https:\/\/veritasinfo.org\/index.php?rest_route=\/wp\/v2\/media\/34241"}],"wp:attachment":[{"href":"https:\/\/veritasinfo.org\/index.php?rest_route=%2Fwp%2Fv2%2Fmedia&parent=34237"}],"wp:term":[{"taxonomy":"category","embeddable":true,"href":"https:\/\/veritasinfo.org\/index.php?rest_route=%2Fwp%2Fv2%2Fcategories&post=34237"},{"taxonomy":"post_tag","embeddable":true,"href":"https:\/\/veritasinfo.org\/index.php?rest_route=%2Fwp%2Fv2%2Ftags&post=34237"}],"curies":[{"name":"wp","href":"https:\/\/api.w.org\/{rel}","templated":true}]}}