{"id":34213,"date":"2026-02-23T14:39:59","date_gmt":"2026-02-23T13:39:59","guid":{"rendered":"https:\/\/veritasinfo.org\/?p=34213"},"modified":"2026-02-23T14:39:59","modified_gmt":"2026-02-23T13:39:59","slug":"bordi-evropian-per-mbrojtjen-e-te-dhenave-personale-miratoi-opinionin-e-perbashket-per-inteligjencen-artificiale","status":"publish","type":"post","link":"https:\/\/veritasinfo.org\/?p=34213","title":{"rendered":"Bordi evropian p\u00ebr mbrojtjen e t\u00eb dh\u00ebnave personale miratoi opinionin e p\u00ebrbashk\u00ebt p\u00ebr inteligjenc\u00ebn artificiale"},"content":{"rendered":"<p>Prishtin\u00eb 23 Shkurt 2026 14:39<\/p>\n<p>Komisionerja  e Agjencis\u00eb p\u00ebr Informim dhe Privat\u00ebsi, Krenare Sogojeva-Dermaku, ka marr\u00eb pjes\u00eb n\u00eb takimin e radh\u00ebs t\u00eb Bordit Evropian p\u00ebr Mbrojtjen e t\u00eb Dh\u00ebnave Personale (EDPB).<\/p>\n<p> N\u00eb mbledhjen e radh\u00ebs t\u00eb Bordit Evropian p\u00ebr Mbrojtjen e t\u00eb Dh\u00ebnave Personale (EDPB) ka miratuar Opinonin e P\u00ebrbashk\u00ebt 1\/2026 p\u00ebr Inteligjenc\u00ebn Artificiale \u2013 \u201cDigital Omnibus on AI\u201d (Paket\u00eb ndryshimesh ligjore digjitale q\u00eb prekin disa rregullore ekzistuese).<\/p>\n<p>N\u00eb njoftimin e Agjencis\u00eb p\u00ebr Informim dhe Privat\u00ebsi thuhet se opinioni mb\u00ebshtet iniciativat p\u00ebr thjeshtimin e kuadrit rregullator digjital dhe rritjen e konkurrueshm\u00ebris\u00eb n\u00eb Bashkimin Evropian dhe Bordi  ka theksuar se  \u00e7do ndryshim duhet t\u00eb garantoj\u00eb ruajtjen e standardeve t\u00eb larta t\u00eb mbrojtjes s\u00eb t\u00eb dh\u00ebnave personale dhe respektimin e t\u00eb drejtave themelore t\u00eb qytetar\u00ebve.<br \/>\n \u201cDiskutimet n\u00eb takim mb\u00ebshteten masat q\u00eb synojn\u00eb leht\u00ebsimin e barr\u00ebs administrative p\u00ebr organizatat, p\u00ebrfshir\u00eb zgjatjen e afateve p\u00ebr njoftimin e shkeljeve t\u00eb t\u00eb dh\u00ebnave dhe p\u00ebrdorimin e modeleve t\u00eb harmonizuara p\u00ebr vler\u00ebsimet e ndikimit n\u00eb privat\u00ebsi dhe mbrotjen e te dh\u00ebnave personale\u201d, thuhet n\u00eb njoftim.<\/p>\n<p>Lexo po ashtu<br \/>\n N\u00eb kuad\u00ebr t\u00eb k\u00ebtij takimi, EDPB miratoi edhe Programin e Pun\u00ebs 2026\u20132027, i cili parashikon harmonizimin e m\u00ebtejsh\u00ebm t\u00eb zbatimit t\u00eb GDPR-s\u00eb, forcimin e bashk\u00ebpunimit nd\u00ebrmjet autoriteteve mbik\u00ebqyr\u00ebse dhe hartimin e udh\u00ebzimeve t\u00eb reja, p\u00ebrfshir\u00eb ato mbi anonimizimin, pseudonimizimin, mbrojtjen e t\u00eb dh\u00ebnave t\u00eb f\u00ebmij\u00ebve dhe p\u00ebrdorimin e inteligjenc\u00ebs artificiale\u201d, thuhet m\u00eb tej n\u00eb k\u00ebt\u00eb njoftim.<br \/>\n\u201cAngazhimi aktiv i Agjencis\u00eb p\u00ebr Informim dhe Privat\u00ebsi n\u00eb punimet e EDPB-s\u00eb i mund\u00ebson Republik\u00ebs s\u00eb Kosov\u00ebs  t\u00eb ndjek\u00eb zhvillimet m\u00eb t\u00eb fundit rregullatore dhe t\u00eb kontribuoj\u00eb n\u00eb proceset konsultative q\u00eb lidhen me zbatimin e kuadrit ligjor evropian p\u00ebr mbrojtjen e t\u00eb dh\u00ebnave personale<br \/>\n Pjes\u00ebmarrja e Kosov\u00ebs n\u00eb k\u00ebto procese \u00ebsht\u00eb me r\u00ebnd\u00ebsi t\u00eb ve\u00e7ant\u00eb p\u00ebr p\u00ebrafrimin gradual t\u00eb legjislacionit dhe praktikave vendore me standardet evropiane, si dhe p\u00ebr p\u00ebrgatitjen e institucioneve publike dhe private ndaj zhvillimeve rregullatore n\u00eb nivel t\u00eb Bashkimit Evropian, ve\u00e7an\u00ebrisht n\u00eb fush\u00ebn e sistemeve automatike dhe inteligjenc\u00ebs artificiale\u201d, thuhet n\u00eb njoftimin e Agjencis\u00eb p\u00ebr Informim dhe Privat\u00ebsi.<\/p>\n","protected":false},"excerpt":{"rendered":"<p>Prishtin\u00eb 23 Shkurt 2026 14:39 Komisionerja e Agjencis\u00eb p\u00ebr Informim dhe Privat\u00ebsi, Krenare Sogojeva-Dermaku, ka marr\u00eb pjes\u00eb n\u00eb takimin e radh\u00ebs t\u00eb Bordit Evropian p\u00ebr<\/p>\n","protected":false},"author":6,"featured_media":34214,"comment_status":"open","ping_status":"open","sticky":false,"template":"","format":"standard","meta":{"footnotes":""},"categories":[60],"tags":[],"class_list":["post-34213","post","type-post","status-publish","format-standard","has-post-thumbnail","hentry","category-shoqerore-sq"],"yoast_head":"<!-- This site is optimized with the Yoast SEO plugin v25.3.1 - https:\/\/yoast.com\/wordpress\/plugins\/seo\/ -->\n<title>Bordi evropian p\u00ebr mbrojtjen e t\u00eb dh\u00ebnave personale miratoi opinionin e p\u00ebrbashk\u00ebt p\u00ebr inteligjenc\u00ebn artificiale -<\/title>\n<meta name=\"robots\" content=\"index, follow, max-snippet:-1, max-image-preview:large, max-video-preview:-1\" \/>\n<link rel=\"canonical\" href=\"https:\/\/veritasinfo.org\/?p=34213\" \/>\n<meta property=\"og:locale\" content=\"en_US\" \/>\n<meta property=\"og:type\" content=\"article\" \/>\n<meta property=\"og:title\" content=\"Bordi evropian p\u00ebr mbrojtjen e t\u00eb dh\u00ebnave personale miratoi opinionin e p\u00ebrbashk\u00ebt p\u00ebr inteligjenc\u00ebn artificiale -\" \/>\n<meta property=\"og:description\" content=\"Prishtin\u00eb 23 Shkurt 2026 14:39 Komisionerja e Agjencis\u00eb p\u00ebr Informim dhe Privat\u00ebsi, Krenare Sogojeva-Dermaku, ka marr\u00eb pjes\u00eb n\u00eb takimin e radh\u00ebs t\u00eb Bordit Evropian p\u00ebr\" \/>\n<meta property=\"og:url\" content=\"https:\/\/veritasinfo.org\/?p=34213\" \/>\n<meta property=\"article:published_time\" content=\"2026-02-23T13:39:59+00:00\" \/>\n<meta property=\"og:image\" content=\"https:\/\/veritasinfo.org\/wp-content\/uploads\/2026\/02\/705474_111.webp\" \/>\n\t<meta property=\"og:image:width\" content=\"797\" \/>\n\t<meta property=\"og:image:height\" content=\"600\" \/>\n\t<meta property=\"og:image:type\" content=\"image\/webp\" \/>\n<meta name=\"author\" content=\"US5\" \/>\n<meta name=\"twitter:card\" content=\"summary_large_image\" \/>\n<meta name=\"twitter:label1\" content=\"Written by\" \/>\n\t<meta name=\"twitter:data1\" content=\"US5\" \/>\n<script type=\"application\/ld+json\" class=\"yoast-schema-graph\">{\"@context\":\"https:\/\/schema.org\",\"@graph\":[{\"@type\":\"WebPage\",\"@id\":\"https:\/\/veritasinfo.org\/?p=34213\",\"url\":\"https:\/\/veritasinfo.org\/?p=34213\",\"name\":\"Bordi evropian p\u00ebr mbrojtjen e t\u00eb dh\u00ebnave personale miratoi opinionin e p\u00ebrbashk\u00ebt p\u00ebr inteligjenc\u00ebn artificiale -\",\"isPartOf\":{\"@id\":\"https:\/\/veritasinfo.org\/#website\"},\"primaryImageOfPage\":{\"@id\":\"https:\/\/veritasinfo.org\/?p=34213#primaryimage\"},\"image\":{\"@id\":\"https:\/\/veritasinfo.org\/?p=34213#primaryimage\"},\"thumbnailUrl\":\"https:\/\/veritasinfo.org\/wp-content\/uploads\/2026\/02\/705474_111.webp\",\"datePublished\":\"2026-02-23T13:39:59+00:00\",\"author\":{\"@id\":\"https:\/\/veritasinfo.org\/#\/schema\/person\/bc442336e35414d04494ab8fb45db4c6\"},\"breadcrumb\":{\"@id\":\"https:\/\/veritasinfo.org\/?p=34213#breadcrumb\"},\"inLanguage\":\"en-US\",\"potentialAction\":[{\"@type\":\"ReadAction\",\"target\":[\"https:\/\/veritasinfo.org\/?p=34213\"]}]},{\"@type\":\"ImageObject\",\"inLanguage\":\"en-US\",\"@id\":\"https:\/\/veritasinfo.org\/?p=34213#primaryimage\",\"url\":\"https:\/\/veritasinfo.org\/wp-content\/uploads\/2026\/02\/705474_111.webp\",\"contentUrl\":\"https:\/\/veritasinfo.org\/wp-content\/uploads\/2026\/02\/705474_111.webp\",\"width\":797,\"height\":600},{\"@type\":\"BreadcrumbList\",\"@id\":\"https:\/\/veritasinfo.org\/?p=34213#breadcrumb\",\"itemListElement\":[{\"@type\":\"ListItem\",\"position\":1,\"name\":\"Home\",\"item\":\"https:\/\/veritasinfo.org\/\"},{\"@type\":\"ListItem\",\"position\":2,\"name\":\"Bordi evropian p\u00ebr mbrojtjen e t\u00eb dh\u00ebnave personale miratoi opinionin e p\u00ebrbashk\u00ebt p\u00ebr inteligjenc\u00ebn artificiale\"}]},{\"@type\":\"WebSite\",\"@id\":\"https:\/\/veritasinfo.org\/#website\",\"url\":\"https:\/\/veritasinfo.org\/\",\"name\":\"\",\"description\":\"\",\"potentialAction\":[{\"@type\":\"SearchAction\",\"target\":{\"@type\":\"EntryPoint\",\"urlTemplate\":\"https:\/\/veritasinfo.org\/?s={search_term_string}\"},\"query-input\":{\"@type\":\"PropertyValueSpecification\",\"valueRequired\":true,\"valueName\":\"search_term_string\"}}],\"inLanguage\":\"en-US\"},{\"@type\":\"Person\",\"@id\":\"https:\/\/veritasinfo.org\/#\/schema\/person\/bc442336e35414d04494ab8fb45db4c6\",\"name\":\"US5\",\"image\":{\"@type\":\"ImageObject\",\"inLanguage\":\"en-US\",\"@id\":\"https:\/\/veritasinfo.org\/#\/schema\/person\/image\/\",\"url\":\"https:\/\/secure.gravatar.com\/avatar\/16a61e7272a0c5d001121ebb9e60e925d5816e4ac1e443ed3e640d9a6ae55d0c?s=96&d=mm&r=g\",\"contentUrl\":\"https:\/\/secure.gravatar.com\/avatar\/16a61e7272a0c5d001121ebb9e60e925d5816e4ac1e443ed3e640d9a6ae55d0c?s=96&d=mm&r=g\",\"caption\":\"US5\"},\"url\":\"https:\/\/veritasinfo.org\/?author=6\"}]}<\/script>\n<!-- \/ Yoast SEO plugin. -->","yoast_head_json":{"title":"Bordi evropian p\u00ebr mbrojtjen e t\u00eb dh\u00ebnave personale miratoi opinionin e p\u00ebrbashk\u00ebt p\u00ebr inteligjenc\u00ebn artificiale -","robots":{"index":"index","follow":"follow","max-snippet":"max-snippet:-1","max-image-preview":"max-image-preview:large","max-video-preview":"max-video-preview:-1"},"canonical":"https:\/\/veritasinfo.org\/?p=34213","og_locale":"en_US","og_type":"article","og_title":"Bordi evropian p\u00ebr mbrojtjen e t\u00eb dh\u00ebnave personale miratoi opinionin e p\u00ebrbashk\u00ebt p\u00ebr inteligjenc\u00ebn artificiale -","og_description":"Prishtin\u00eb 23 Shkurt 2026 14:39 Komisionerja e Agjencis\u00eb p\u00ebr Informim dhe Privat\u00ebsi, Krenare Sogojeva-Dermaku, ka marr\u00eb pjes\u00eb n\u00eb takimin e radh\u00ebs t\u00eb Bordit Evropian p\u00ebr","og_url":"https:\/\/veritasinfo.org\/?p=34213","article_published_time":"2026-02-23T13:39:59+00:00","og_image":[{"width":797,"height":600,"url":"https:\/\/veritasinfo.org\/wp-content\/uploads\/2026\/02\/705474_111.webp","type":"image\/webp"}],"author":"US5","twitter_card":"summary_large_image","twitter_misc":{"Written by":"US5"},"schema":{"@context":"https:\/\/schema.org","@graph":[{"@type":"WebPage","@id":"https:\/\/veritasinfo.org\/?p=34213","url":"https:\/\/veritasinfo.org\/?p=34213","name":"Bordi evropian p\u00ebr mbrojtjen e t\u00eb dh\u00ebnave personale miratoi opinionin e p\u00ebrbashk\u00ebt p\u00ebr inteligjenc\u00ebn artificiale -","isPartOf":{"@id":"https:\/\/veritasinfo.org\/#website"},"primaryImageOfPage":{"@id":"https:\/\/veritasinfo.org\/?p=34213#primaryimage"},"image":{"@id":"https:\/\/veritasinfo.org\/?p=34213#primaryimage"},"thumbnailUrl":"https:\/\/veritasinfo.org\/wp-content\/uploads\/2026\/02\/705474_111.webp","datePublished":"2026-02-23T13:39:59+00:00","author":{"@id":"https:\/\/veritasinfo.org\/#\/schema\/person\/bc442336e35414d04494ab8fb45db4c6"},"breadcrumb":{"@id":"https:\/\/veritasinfo.org\/?p=34213#breadcrumb"},"inLanguage":"en-US","potentialAction":[{"@type":"ReadAction","target":["https:\/\/veritasinfo.org\/?p=34213"]}]},{"@type":"ImageObject","inLanguage":"en-US","@id":"https:\/\/veritasinfo.org\/?p=34213#primaryimage","url":"https:\/\/veritasinfo.org\/wp-content\/uploads\/2026\/02\/705474_111.webp","contentUrl":"https:\/\/veritasinfo.org\/wp-content\/uploads\/2026\/02\/705474_111.webp","width":797,"height":600},{"@type":"BreadcrumbList","@id":"https:\/\/veritasinfo.org\/?p=34213#breadcrumb","itemListElement":[{"@type":"ListItem","position":1,"name":"Home","item":"https:\/\/veritasinfo.org\/"},{"@type":"ListItem","position":2,"name":"Bordi evropian p\u00ebr mbrojtjen e t\u00eb dh\u00ebnave personale miratoi opinionin e p\u00ebrbashk\u00ebt p\u00ebr inteligjenc\u00ebn artificiale"}]},{"@type":"WebSite","@id":"https:\/\/veritasinfo.org\/#website","url":"https:\/\/veritasinfo.org\/","name":"","description":"","potentialAction":[{"@type":"SearchAction","target":{"@type":"EntryPoint","urlTemplate":"https:\/\/veritasinfo.org\/?s={search_term_string}"},"query-input":{"@type":"PropertyValueSpecification","valueRequired":true,"valueName":"search_term_string"}}],"inLanguage":"en-US"},{"@type":"Person","@id":"https:\/\/veritasinfo.org\/#\/schema\/person\/bc442336e35414d04494ab8fb45db4c6","name":"US5","image":{"@type":"ImageObject","inLanguage":"en-US","@id":"https:\/\/veritasinfo.org\/#\/schema\/person\/image\/","url":"https:\/\/secure.gravatar.com\/avatar\/16a61e7272a0c5d001121ebb9e60e925d5816e4ac1e443ed3e640d9a6ae55d0c?s=96&d=mm&r=g","contentUrl":"https:\/\/secure.gravatar.com\/avatar\/16a61e7272a0c5d001121ebb9e60e925d5816e4ac1e443ed3e640d9a6ae55d0c?s=96&d=mm&r=g","caption":"US5"},"url":"https:\/\/veritasinfo.org\/?author=6"}]}},"featured_image_urls":{"full":["https:\/\/veritasinfo.org\/wp-content\/uploads\/2026\/02\/705474_111.webp",797,600,false],"thumbnail":["https:\/\/veritasinfo.org\/wp-content\/uploads\/2026\/02\/705474_111-150x150.webp",150,150,true],"medium":["https:\/\/veritasinfo.org\/wp-content\/uploads\/2026\/02\/705474_111-300x226.webp",300,226,true],"medium_large":["https:\/\/veritasinfo.org\/wp-content\/uploads\/2026\/02\/705474_111-768x578.webp",640,482,true],"large":["https:\/\/veritasinfo.org\/wp-content\/uploads\/2026\/02\/705474_111.webp",640,482,false],"1536x1536":["https:\/\/veritasinfo.org\/wp-content\/uploads\/2026\/02\/705474_111.webp",797,600,false],"2048x2048":["https:\/\/veritasinfo.org\/wp-content\/uploads\/2026\/02\/705474_111.webp",797,600,false],"kreeti-slider-full":["https:\/\/veritasinfo.org\/wp-content\/uploads\/2026\/02\/705474_111.webp",797,600,false],"kreeti-featured":["https:\/\/veritasinfo.org\/wp-content\/uploads\/2026\/02\/705474_111.webp",797,600,false],"kreeti-medium":["https:\/\/veritasinfo.org\/wp-content\/uploads\/2026\/02\/705474_111.webp",704,530,false],"kreeti-medium-square":["https:\/\/veritasinfo.org\/wp-content\/uploads\/2026\/02\/705474_111.webp",350,263,false]},"author_info":{"info":["US5"]},"category_info":"<a href=\"https:\/\/veritasinfo.org\/?cat=60\" rel=\"category\">Shoq\u00ebrore<\/a>","tag_info":"Shoq\u00ebrore","comment_count":"0","_links":{"self":[{"href":"https:\/\/veritasinfo.org\/index.php?rest_route=\/wp\/v2\/posts\/34213","targetHints":{"allow":["GET"]}}],"collection":[{"href":"https:\/\/veritasinfo.org\/index.php?rest_route=\/wp\/v2\/posts"}],"about":[{"href":"https:\/\/veritasinfo.org\/index.php?rest_route=\/wp\/v2\/types\/post"}],"author":[{"embeddable":true,"href":"https:\/\/veritasinfo.org\/index.php?rest_route=\/wp\/v2\/users\/6"}],"replies":[{"embeddable":true,"href":"https:\/\/veritasinfo.org\/index.php?rest_route=%2Fwp%2Fv2%2Fcomments&post=34213"}],"version-history":[{"count":1,"href":"https:\/\/veritasinfo.org\/index.php?rest_route=\/wp\/v2\/posts\/34213\/revisions"}],"predecessor-version":[{"id":34215,"href":"https:\/\/veritasinfo.org\/index.php?rest_route=\/wp\/v2\/posts\/34213\/revisions\/34215"}],"wp:featuredmedia":[{"embeddable":true,"href":"https:\/\/veritasinfo.org\/index.php?rest_route=\/wp\/v2\/media\/34214"}],"wp:attachment":[{"href":"https:\/\/veritasinfo.org\/index.php?rest_route=%2Fwp%2Fv2%2Fmedia&parent=34213"}],"wp:term":[{"taxonomy":"category","embeddable":true,"href":"https:\/\/veritasinfo.org\/index.php?rest_route=%2Fwp%2Fv2%2Fcategories&post=34213"},{"taxonomy":"post_tag","embeddable":true,"href":"https:\/\/veritasinfo.org\/index.php?rest_route=%2Fwp%2Fv2%2Ftags&post=34213"}],"curies":[{"name":"wp","href":"https:\/\/api.w.org\/{rel}","templated":true}]}}