{"id":34192,"date":"2026-02-23T12:43:00","date_gmt":"2026-02-23T11:43:00","guid":{"rendered":"https:\/\/veritasinfo.org\/?p=34192"},"modified":"2026-02-23T12:43:00","modified_gmt":"2026-02-23T11:43:00","slug":"konjufca-i-tregon-sorensenit-dialogu-me-serbine-nen-udheheqjen-e-mpjd-se","status":"publish","type":"post","link":"https:\/\/veritasinfo.org\/?p=34192","title":{"rendered":"Konjufca i tregon Sorensenit: Dialogu me Serbin\u00eb n\u00ebn udh\u00ebheqjen e MPJD-s\u00eb"},"content":{"rendered":"<p>Prishtin\u00eb 23 Shkurt 2026 12:42<\/p>\n<p>Dialogu Kosov\u00eb-Serbi do t\u00eb jet\u00eb n\u00ebn udh\u00ebheqjen e Ministris\u00eb s\u00eb Pun\u00ebve t\u00eb Jashtme dhe Diaspor\u00ebs, dhe k\u00ebt\u00eb njoftim ia ka b\u00ebr\u00eb z\u00ebvend\u00ebskryeministri i par\u00eb dhe ministri i Pun\u00ebve t\u00eb Jashtme dhe Diaspor\u00ebs, Glauk Konjufca, emisarit special t\u00eb Bashkimit Evropian p\u00ebr dialogun Kosov\u00eb-Serbi, Peter Sorensen q\u00eb e priti n\u00eb takim njoftues.<\/p>\n<p>Si\u00e7 b\u00ebhet e ditur n\u00eb k\u00ebt\u00eb takim \u00ebsht\u00eb diskutuar p\u00ebr momentumin aktual q\u00eb ndodhet dialogu, derisa thuhet se u shk\u00ebmbyen edhe pik\u00ebpamjet mbi qasjen e nevojshme n\u00eb k\u00ebt\u00eb proces.<\/p>\n<p>\u201cKonjufca e informoi z. S\u00f8rensen se procesi i dialogut tashm\u00eb do t\u00eb jet\u00eb n\u00ebn udh\u00ebheqjen e Ministris\u00eb s\u00eb Pun\u00ebve t\u00eb Jashtme dhe Diaspor\u00ebs. N\u00eb takim u diskutua momentumi aktual n\u00eb t\u00eb cilin ndodhet dialogu, si dhe u shk\u00ebmbyen pik\u00ebpamje mbi qasjen dhe parimet e nevojshme p\u00ebr t\u00eb siguruar nj\u00eb proces m\u00eb efektiv dhe t\u00eb q\u00ebndruesh\u00ebm\u201d, thuhet n\u00eb njoftim.<\/p>\n<p>Konjufca ka theksuar se Kosova mbetet e p\u00ebrkushtuar q\u00eb dialogun ta shoh\u00eb si nj\u00eb mund\u00ebsi p\u00ebr p\u00ebrmir\u00ebsimin e marr\u00ebdh\u00ebnieve fqinj\u00ebsore me Serbin\u00eb, si dy shtete sovrane n\u00eb rrug\u00ebn e tyre drejt integrimit evropian.<\/p>\n","protected":false},"excerpt":{"rendered":"<p>Prishtin\u00eb 23 Shkurt 2026 12:42 Dialogu Kosov\u00eb-Serbi do t\u00eb jet\u00eb n\u00ebn udh\u00ebheqjen e Ministris\u00eb s\u00eb Pun\u00ebve t\u00eb Jashtme dhe Diaspor\u00ebs, dhe k\u00ebt\u00eb njoftim ia ka<\/p>\n","protected":false},"author":6,"featured_media":34193,"comment_status":"open","ping_status":"open","sticky":false,"template":"","format":"standard","meta":{"footnotes":""},"categories":[58],"tags":[],"class_list":["post-34192","post","type-post","status-publish","format-standard","has-post-thumbnail","hentry","category-politike-sq"],"yoast_head":"<!-- This site is optimized with the Yoast SEO plugin v25.3.1 - https:\/\/yoast.com\/wordpress\/plugins\/seo\/ -->\n<title>Konjufca i tregon Sorensenit: Dialogu me Serbin\u00eb n\u00ebn udh\u00ebheqjen e MPJD-s\u00eb -<\/title>\n<meta name=\"robots\" content=\"index, follow, max-snippet:-1, max-image-preview:large, max-video-preview:-1\" \/>\n<link rel=\"canonical\" href=\"https:\/\/veritasinfo.org\/?p=34192\" \/>\n<meta property=\"og:locale\" content=\"en_US\" \/>\n<meta property=\"og:type\" content=\"article\" \/>\n<meta property=\"og:title\" content=\"Konjufca i tregon Sorensenit: Dialogu me Serbin\u00eb n\u00ebn udh\u00ebheqjen e MPJD-s\u00eb -\" \/>\n<meta property=\"og:description\" content=\"Prishtin\u00eb 23 Shkurt 2026 12:42 Dialogu Kosov\u00eb-Serbi do t\u00eb jet\u00eb n\u00ebn udh\u00ebheqjen e Ministris\u00eb s\u00eb Pun\u00ebve t\u00eb Jashtme dhe Diaspor\u00ebs, dhe k\u00ebt\u00eb njoftim ia ka\" \/>\n<meta property=\"og:url\" content=\"https:\/\/veritasinfo.org\/?p=34192\" \/>\n<meta property=\"article:published_time\" content=\"2026-02-23T11:43:00+00:00\" \/>\n<meta property=\"og:image\" content=\"https:\/\/veritasinfo.org\/wp-content\/uploads\/2026\/02\/717936-Vs0Thdkl0u.jpg\" \/>\n\t<meta property=\"og:image:width\" content=\"780\" \/>\n\t<meta property=\"og:image:height\" content=\"500\" \/>\n\t<meta property=\"og:image:type\" content=\"image\/jpeg\" \/>\n<meta name=\"author\" content=\"US5\" \/>\n<meta name=\"twitter:card\" content=\"summary_large_image\" \/>\n<meta name=\"twitter:label1\" content=\"Written by\" \/>\n\t<meta name=\"twitter:data1\" content=\"US5\" \/>\n<script type=\"application\/ld+json\" class=\"yoast-schema-graph\">{\"@context\":\"https:\/\/schema.org\",\"@graph\":[{\"@type\":\"WebPage\",\"@id\":\"https:\/\/veritasinfo.org\/?p=34192\",\"url\":\"https:\/\/veritasinfo.org\/?p=34192\",\"name\":\"Konjufca i tregon Sorensenit: Dialogu me Serbin\u00eb n\u00ebn udh\u00ebheqjen e MPJD-s\u00eb -\",\"isPartOf\":{\"@id\":\"https:\/\/veritasinfo.org\/#website\"},\"primaryImageOfPage\":{\"@id\":\"https:\/\/veritasinfo.org\/?p=34192#primaryimage\"},\"image\":{\"@id\":\"https:\/\/veritasinfo.org\/?p=34192#primaryimage\"},\"thumbnailUrl\":\"https:\/\/veritasinfo.org\/wp-content\/uploads\/2026\/02\/717936-Vs0Thdkl0u.jpg\",\"datePublished\":\"2026-02-23T11:43:00+00:00\",\"author\":{\"@id\":\"https:\/\/veritasinfo.org\/#\/schema\/person\/bc442336e35414d04494ab8fb45db4c6\"},\"breadcrumb\":{\"@id\":\"https:\/\/veritasinfo.org\/?p=34192#breadcrumb\"},\"inLanguage\":\"en-US\",\"potentialAction\":[{\"@type\":\"ReadAction\",\"target\":[\"https:\/\/veritasinfo.org\/?p=34192\"]}]},{\"@type\":\"ImageObject\",\"inLanguage\":\"en-US\",\"@id\":\"https:\/\/veritasinfo.org\/?p=34192#primaryimage\",\"url\":\"https:\/\/veritasinfo.org\/wp-content\/uploads\/2026\/02\/717936-Vs0Thdkl0u.jpg\",\"contentUrl\":\"https:\/\/veritasinfo.org\/wp-content\/uploads\/2026\/02\/717936-Vs0Thdkl0u.jpg\",\"width\":780,\"height\":500},{\"@type\":\"BreadcrumbList\",\"@id\":\"https:\/\/veritasinfo.org\/?p=34192#breadcrumb\",\"itemListElement\":[{\"@type\":\"ListItem\",\"position\":1,\"name\":\"Home\",\"item\":\"https:\/\/veritasinfo.org\/\"},{\"@type\":\"ListItem\",\"position\":2,\"name\":\"Konjufca i tregon Sorensenit: Dialogu me Serbin\u00eb n\u00ebn udh\u00ebheqjen e MPJD-s\u00eb\"}]},{\"@type\":\"WebSite\",\"@id\":\"https:\/\/veritasinfo.org\/#website\",\"url\":\"https:\/\/veritasinfo.org\/\",\"name\":\"\",\"description\":\"\",\"potentialAction\":[{\"@type\":\"SearchAction\",\"target\":{\"@type\":\"EntryPoint\",\"urlTemplate\":\"https:\/\/veritasinfo.org\/?s={search_term_string}\"},\"query-input\":{\"@type\":\"PropertyValueSpecification\",\"valueRequired\":true,\"valueName\":\"search_term_string\"}}],\"inLanguage\":\"en-US\"},{\"@type\":\"Person\",\"@id\":\"https:\/\/veritasinfo.org\/#\/schema\/person\/bc442336e35414d04494ab8fb45db4c6\",\"name\":\"US5\",\"image\":{\"@type\":\"ImageObject\",\"inLanguage\":\"en-US\",\"@id\":\"https:\/\/veritasinfo.org\/#\/schema\/person\/image\/\",\"url\":\"https:\/\/secure.gravatar.com\/avatar\/16a61e7272a0c5d001121ebb9e60e925d5816e4ac1e443ed3e640d9a6ae55d0c?s=96&d=mm&r=g\",\"contentUrl\":\"https:\/\/secure.gravatar.com\/avatar\/16a61e7272a0c5d001121ebb9e60e925d5816e4ac1e443ed3e640d9a6ae55d0c?s=96&d=mm&r=g\",\"caption\":\"US5\"},\"url\":\"https:\/\/veritasinfo.org\/?author=6\"}]}<\/script>\n<!-- \/ Yoast SEO plugin. -->","yoast_head_json":{"title":"Konjufca i tregon Sorensenit: Dialogu me Serbin\u00eb n\u00ebn udh\u00ebheqjen e MPJD-s\u00eb -","robots":{"index":"index","follow":"follow","max-snippet":"max-snippet:-1","max-image-preview":"max-image-preview:large","max-video-preview":"max-video-preview:-1"},"canonical":"https:\/\/veritasinfo.org\/?p=34192","og_locale":"en_US","og_type":"article","og_title":"Konjufca i tregon Sorensenit: Dialogu me Serbin\u00eb n\u00ebn udh\u00ebheqjen e MPJD-s\u00eb -","og_description":"Prishtin\u00eb 23 Shkurt 2026 12:42 Dialogu Kosov\u00eb-Serbi do t\u00eb jet\u00eb n\u00ebn udh\u00ebheqjen e Ministris\u00eb s\u00eb Pun\u00ebve t\u00eb Jashtme dhe Diaspor\u00ebs, dhe k\u00ebt\u00eb njoftim ia ka","og_url":"https:\/\/veritasinfo.org\/?p=34192","article_published_time":"2026-02-23T11:43:00+00:00","og_image":[{"width":780,"height":500,"url":"https:\/\/veritasinfo.org\/wp-content\/uploads\/2026\/02\/717936-Vs0Thdkl0u.jpg","type":"image\/jpeg"}],"author":"US5","twitter_card":"summary_large_image","twitter_misc":{"Written by":"US5"},"schema":{"@context":"https:\/\/schema.org","@graph":[{"@type":"WebPage","@id":"https:\/\/veritasinfo.org\/?p=34192","url":"https:\/\/veritasinfo.org\/?p=34192","name":"Konjufca i tregon Sorensenit: Dialogu me Serbin\u00eb n\u00ebn udh\u00ebheqjen e MPJD-s\u00eb -","isPartOf":{"@id":"https:\/\/veritasinfo.org\/#website"},"primaryImageOfPage":{"@id":"https:\/\/veritasinfo.org\/?p=34192#primaryimage"},"image":{"@id":"https:\/\/veritasinfo.org\/?p=34192#primaryimage"},"thumbnailUrl":"https:\/\/veritasinfo.org\/wp-content\/uploads\/2026\/02\/717936-Vs0Thdkl0u.jpg","datePublished":"2026-02-23T11:43:00+00:00","author":{"@id":"https:\/\/veritasinfo.org\/#\/schema\/person\/bc442336e35414d04494ab8fb45db4c6"},"breadcrumb":{"@id":"https:\/\/veritasinfo.org\/?p=34192#breadcrumb"},"inLanguage":"en-US","potentialAction":[{"@type":"ReadAction","target":["https:\/\/veritasinfo.org\/?p=34192"]}]},{"@type":"ImageObject","inLanguage":"en-US","@id":"https:\/\/veritasinfo.org\/?p=34192#primaryimage","url":"https:\/\/veritasinfo.org\/wp-content\/uploads\/2026\/02\/717936-Vs0Thdkl0u.jpg","contentUrl":"https:\/\/veritasinfo.org\/wp-content\/uploads\/2026\/02\/717936-Vs0Thdkl0u.jpg","width":780,"height":500},{"@type":"BreadcrumbList","@id":"https:\/\/veritasinfo.org\/?p=34192#breadcrumb","itemListElement":[{"@type":"ListItem","position":1,"name":"Home","item":"https:\/\/veritasinfo.org\/"},{"@type":"ListItem","position":2,"name":"Konjufca i tregon Sorensenit: Dialogu me Serbin\u00eb n\u00ebn udh\u00ebheqjen e MPJD-s\u00eb"}]},{"@type":"WebSite","@id":"https:\/\/veritasinfo.org\/#website","url":"https:\/\/veritasinfo.org\/","name":"","description":"","potentialAction":[{"@type":"SearchAction","target":{"@type":"EntryPoint","urlTemplate":"https:\/\/veritasinfo.org\/?s={search_term_string}"},"query-input":{"@type":"PropertyValueSpecification","valueRequired":true,"valueName":"search_term_string"}}],"inLanguage":"en-US"},{"@type":"Person","@id":"https:\/\/veritasinfo.org\/#\/schema\/person\/bc442336e35414d04494ab8fb45db4c6","name":"US5","image":{"@type":"ImageObject","inLanguage":"en-US","@id":"https:\/\/veritasinfo.org\/#\/schema\/person\/image\/","url":"https:\/\/secure.gravatar.com\/avatar\/16a61e7272a0c5d001121ebb9e60e925d5816e4ac1e443ed3e640d9a6ae55d0c?s=96&d=mm&r=g","contentUrl":"https:\/\/secure.gravatar.com\/avatar\/16a61e7272a0c5d001121ebb9e60e925d5816e4ac1e443ed3e640d9a6ae55d0c?s=96&d=mm&r=g","caption":"US5"},"url":"https:\/\/veritasinfo.org\/?author=6"}]}},"featured_image_urls":{"full":["https:\/\/veritasinfo.org\/wp-content\/uploads\/2026\/02\/717936-Vs0Thdkl0u.jpg",780,500,false],"thumbnail":["https:\/\/veritasinfo.org\/wp-content\/uploads\/2026\/02\/717936-Vs0Thdkl0u-150x150.jpg",150,150,true],"medium":["https:\/\/veritasinfo.org\/wp-content\/uploads\/2026\/02\/717936-Vs0Thdkl0u-300x192.jpg",300,192,true],"medium_large":["https:\/\/veritasinfo.org\/wp-content\/uploads\/2026\/02\/717936-Vs0Thdkl0u-768x492.jpg",640,410,true],"large":["https:\/\/veritasinfo.org\/wp-content\/uploads\/2026\/02\/717936-Vs0Thdkl0u.jpg",640,410,false],"1536x1536":["https:\/\/veritasinfo.org\/wp-content\/uploads\/2026\/02\/717936-Vs0Thdkl0u.jpg",780,500,false],"2048x2048":["https:\/\/veritasinfo.org\/wp-content\/uploads\/2026\/02\/717936-Vs0Thdkl0u.jpg",780,500,false],"kreeti-slider-full":["https:\/\/veritasinfo.org\/wp-content\/uploads\/2026\/02\/717936-Vs0Thdkl0u.jpg",780,500,false],"kreeti-featured":["https:\/\/veritasinfo.org\/wp-content\/uploads\/2026\/02\/717936-Vs0Thdkl0u.jpg",780,500,false],"kreeti-medium":["https:\/\/veritasinfo.org\/wp-content\/uploads\/2026\/02\/717936-Vs0Thdkl0u.jpg",720,462,false],"kreeti-medium-square":["https:\/\/veritasinfo.org\/wp-content\/uploads\/2026\/02\/717936-Vs0Thdkl0u.jpg",350,224,false]},"author_info":{"info":["US5"]},"category_info":"<a href=\"https:\/\/veritasinfo.org\/?cat=58\" rel=\"category\">Politik\u00eb<\/a>","tag_info":"Politik\u00eb","comment_count":"0","_links":{"self":[{"href":"https:\/\/veritasinfo.org\/index.php?rest_route=\/wp\/v2\/posts\/34192","targetHints":{"allow":["GET"]}}],"collection":[{"href":"https:\/\/veritasinfo.org\/index.php?rest_route=\/wp\/v2\/posts"}],"about":[{"href":"https:\/\/veritasinfo.org\/index.php?rest_route=\/wp\/v2\/types\/post"}],"author":[{"embeddable":true,"href":"https:\/\/veritasinfo.org\/index.php?rest_route=\/wp\/v2\/users\/6"}],"replies":[{"embeddable":true,"href":"https:\/\/veritasinfo.org\/index.php?rest_route=%2Fwp%2Fv2%2Fcomments&post=34192"}],"version-history":[{"count":1,"href":"https:\/\/veritasinfo.org\/index.php?rest_route=\/wp\/v2\/posts\/34192\/revisions"}],"predecessor-version":[{"id":34194,"href":"https:\/\/veritasinfo.org\/index.php?rest_route=\/wp\/v2\/posts\/34192\/revisions\/34194"}],"wp:featuredmedia":[{"embeddable":true,"href":"https:\/\/veritasinfo.org\/index.php?rest_route=\/wp\/v2\/media\/34193"}],"wp:attachment":[{"href":"https:\/\/veritasinfo.org\/index.php?rest_route=%2Fwp%2Fv2%2Fmedia&parent=34192"}],"wp:term":[{"taxonomy":"category","embeddable":true,"href":"https:\/\/veritasinfo.org\/index.php?rest_route=%2Fwp%2Fv2%2Fcategories&post=34192"},{"taxonomy":"post_tag","embeddable":true,"href":"https:\/\/veritasinfo.org\/index.php?rest_route=%2Fwp%2Fv2%2Ftags&post=34192"}],"curies":[{"name":"wp","href":"https:\/\/api.w.org\/{rel}","templated":true}]}}