{"id":34156,"date":"2026-02-23T10:45:41","date_gmt":"2026-02-23T09:45:41","guid":{"rendered":"https:\/\/veritasinfo.org\/?p=34156"},"modified":"2026-02-23T10:45:41","modified_gmt":"2026-02-23T09:45:41","slug":"biserko-mbeshtet-idene-e-kurtit-per-gjykate-te-posacme-per-krimet-me-snajper-ne-bosnje","status":"publish","type":"post","link":"https:\/\/veritasinfo.org\/?p=34156","title":{"rendered":"Biserko mb\u00ebshtet iden\u00eb e Kurtit p\u00ebr gjykat\u00eb t\u00eb posa\u00e7me p\u00ebr krimet me snajper n\u00eb Bosnje"},"content":{"rendered":"<p>Prishtin\u00eb 23 Shkurt 2026 10:44<\/p>\n<p>Presidentja e Komitetit t\u00eb Helsinkit p\u00ebr t\u00eb Drejtat e Njeriut n\u00eb Serbi, Komiteti i Helsinkit p\u00ebr t\u00eb Drejtat e Njeriut n\u00eb Serbi, Sonja Biserko, ka deklaruar se rasti i ashtuquajtur \u201cSarajevo Safari\u201d p\u00ebrfaq\u00ebson nj\u00eb nga shembujt m\u00eb ekstrem\u00eb t\u00eb degradimit moral gjat\u00eb rrethimit t\u00eb Sarajev\u00ebs dhe hedh hije t\u00eb r\u00ebnda mbi elit\u00ebn politike serbe t\u00eb viteve \u201990.<\/p>\n<p>\u201cVu\u00e7i\u00e7 ishte n\u00eb varrezat hebraike nd\u00ebrsa Sarajeva po q\u00ebllohej me arm\u00eb zjarri dhe \u2018Sarajevo Safari\u2019 d\u00ebshmon degradimin e plot\u00eb moral t\u00eb presidentit serb\u201d, tha Biserko, p\u00ebr SlobodnaBosna.<\/p>\n<p>Duke komentuar hetimet e mediave per\u00ebndimore dhe interesimin e fundit t\u00eb drejt\u00ebsis\u00eb italiane p\u00ebr k\u00ebt\u00eb rast, Biserko tha se rrethimi i Sarajev\u00ebs nuk ishte vet\u00ebm nj\u00eb operacion ushtarak, por \u201cnj\u00eb proces i normalizimit t\u00eb vrasjes s\u00eb civil\u00ebve\u201d, ku dhuna u shnd\u00ebrrua n\u00eb p\u00ebrvoj\u00eb t\u00eb toleruar, madje edhe t\u00eb komercializuar.<\/p>\n<p>Gazeta britanike The Times raportoi, duke cituar d\u00ebshmitar\u00eb, se gjat\u00eb rrethimit t\u00eb Sarajev\u00ebs persona t\u00eb pasur t\u00eb huaj kishin marr\u00eb pjes\u00eb n\u00eb gjueti civile me snajper, p\u00ebrfshir\u00eb edhe nj\u00eb grua rumune, e cila dyshohet se ka vrar\u00eb dhjet\u00eb qytetar\u00eb t\u00eb Sarajev\u00ebs n\u00eb fillim t\u00eb viteve 1990.<\/p>\n<p>Biserko theksoi se nuk \u00ebsht\u00eb rast\u00ebsi q\u00eb k\u00ebto histori po dalin n\u00eb drit\u00eb pas m\u00eb shum\u00eb se tri dekadash.<\/p>\n<p>\u201cShoq\u00ebrit\u00eb vet\u00ebm tani po b\u00ebhen t\u00eb gatshme t\u00eb p\u00ebrballen me at\u00eb q\u00eb m\u00eb par\u00eb ishte e padurueshme p\u00ebr t\u2019u pranuar\u201d, tha ajo, duke shtuar se hapja e arkivave dhe gatishm\u00ebria e d\u00ebshmitar\u00ebve p\u00ebr t\u00eb folur po rritet ndjesh\u00ebm.<\/p>\n<p>Ajo iu referua edhe deklaratave kontradiktore t\u00eb Vojislav Sheshel, i cili kishte pohuar se radikal\u00ebt serb\u00eb, p\u00ebrfshir\u00eb edhe Aleksandar Vu\u00e7iq, kishin q\u00eblluar nga Varrezat Hebraike gjat\u00eb rrethimit t\u00eb Sarajev\u00ebs, p\u00ebr t\u2019i mohuar m\u00eb pas k\u00ebto pretendime.<\/p>\n<p>Sipas Biserkos, d\u00ebshmia e Sheshelit ka vler\u00eb vet\u00ebm si tregues konteksti dhe duhet t\u00eb verifikohet rrept\u00ebsisht, pasi ai ka qen\u00eb nj\u00ebkoh\u00ebsisht propagandist dhe aktor politik i asaj periudhe.<\/p>\n<p>Presidenti serb Aleksandar Vu\u00e7iq i ka mohuar publikisht akuzat p\u00ebr \u00e7do p\u00ebrfshirje n\u00eb \u201cSarajevo Safari\u201d.<\/p>\n<p>Biserko theksoi se aktualisht nuk ekzistojn\u00eb prova ligjore t\u00eb q\u00ebndrueshme p\u00ebr p\u00ebrgjegj\u00ebsi penale direkte t\u00eb Vu\u00e7iqit, por n\u00ebnvizoi se prania e tij n\u00eb Varrezat Hebraike gjat\u00eb rrethimit mbetet nj\u00eb fakt me pesh\u00eb t\u00eb madhe morale dhe politike.<\/p>\n<p>Hetimet p\u00ebr k\u00ebt\u00eb rast jan\u00eb rihapur n\u00eb Itali m\u00eb 9 shkurt 2026, ku autoritetet kan\u00eb marr\u00eb n\u00eb pyetje nj\u00eb shtetas italian t\u00eb dyshuar p\u00ebr pjes\u00ebmarrje n\u00eb k\u00ebto ngjarje. Megjithat\u00eb, Biserko shprehu skepticiz\u00ebm p\u00ebr nj\u00eb epilog gjyq\u00ebsor, duke vler\u00ebsuar se pas 30 vjet\u00ebsh \u00ebsht\u00eb jasht\u00ebzakonisht e v\u00ebshtir\u00eb t\u00eb sigurohen prova balistike dhe identifikime individuale.<\/p>\n<p>Sipas saj, pavar\u00ebsisht munges\u00ebs s\u00eb nj\u00eb vendimi gjyq\u00ebsor, skandali \u201cSarajevo Safari\u201d tashm\u00eb ka ndikuar negativisht n\u00eb imazhin nd\u00ebrkomb\u00ebtar t\u00eb Presidentit Vu\u00e7iq dhe ka p\u00ebrforcuar perceptimin se ai ishte pjes\u00eb e mb\u00ebshtetjes politike p\u00ebr agresionin serb n\u00eb Bosnj\u00eb dhe Hercegovin\u00eb.<\/p>\n<p>\u201cEdhe pa nj\u00eb d\u00ebnim formal, kjo histori mbetet nj\u00eb njoll\u00eb morale dhe nj\u00eb kujtes\u00eb se krimet e s\u00eb kaluar\u00ebs nuk jan\u00eb mbyllur shoq\u00ebrisht\u201d, p\u00ebrfundoi Biserko.<\/p>\n","protected":false},"excerpt":{"rendered":"<p>Prishtin\u00eb 23 Shkurt 2026 10:44 Presidentja e Komitetit t\u00eb Helsinkit p\u00ebr t\u00eb Drejtat e Njeriut n\u00eb Serbi, Komiteti i Helsinkit p\u00ebr t\u00eb Drejtat e Njeriut<\/p>\n","protected":false},"author":6,"featured_media":34157,"comment_status":"open","ping_status":"open","sticky":false,"template":"","format":"standard","meta":{"footnotes":""},"categories":[58],"tags":[],"class_list":["post-34156","post","type-post","status-publish","format-standard","has-post-thumbnail","hentry","category-politike-sq"],"yoast_head":"<!-- This site is optimized with the Yoast SEO plugin v25.3.1 - https:\/\/yoast.com\/wordpress\/plugins\/seo\/ -->\n<title>Biserko mb\u00ebshtet iden\u00eb e Kurtit p\u00ebr gjykat\u00eb t\u00eb posa\u00e7me p\u00ebr krimet me snajper n\u00eb Bosnje -<\/title>\n<meta name=\"robots\" content=\"index, follow, max-snippet:-1, max-image-preview:large, max-video-preview:-1\" \/>\n<link rel=\"canonical\" href=\"https:\/\/veritasinfo.org\/?p=34156\" \/>\n<meta property=\"og:locale\" content=\"en_US\" \/>\n<meta property=\"og:type\" content=\"article\" \/>\n<meta property=\"og:title\" content=\"Biserko mb\u00ebshtet iden\u00eb e Kurtit p\u00ebr gjykat\u00eb t\u00eb posa\u00e7me p\u00ebr krimet me snajper n\u00eb Bosnje -\" \/>\n<meta property=\"og:description\" content=\"Prishtin\u00eb 23 Shkurt 2026 10:44 Presidentja e Komitetit t\u00eb Helsinkit p\u00ebr t\u00eb Drejtat e Njeriut n\u00eb Serbi, Komiteti i Helsinkit p\u00ebr t\u00eb Drejtat e Njeriut\" \/>\n<meta property=\"og:url\" content=\"https:\/\/veritasinfo.org\/?p=34156\" \/>\n<meta property=\"article:published_time\" content=\"2026-02-23T09:45:41+00:00\" \/>\n<meta property=\"og:image\" content=\"https:\/\/veritasinfo.org\/wp-content\/uploads\/2026\/02\/auto_Sonja_Biserko15325298661702969519.webp\" \/>\n\t<meta property=\"og:image:width\" content=\"1200\" \/>\n\t<meta property=\"og:image:height\" content=\"797\" \/>\n\t<meta property=\"og:image:type\" content=\"image\/webp\" \/>\n<meta name=\"author\" content=\"US5\" \/>\n<meta name=\"twitter:card\" content=\"summary_large_image\" \/>\n<meta name=\"twitter:label1\" content=\"Written by\" \/>\n\t<meta name=\"twitter:data1\" content=\"US5\" \/>\n<script type=\"application\/ld+json\" class=\"yoast-schema-graph\">{\"@context\":\"https:\/\/schema.org\",\"@graph\":[{\"@type\":\"WebPage\",\"@id\":\"https:\/\/veritasinfo.org\/?p=34156\",\"url\":\"https:\/\/veritasinfo.org\/?p=34156\",\"name\":\"Biserko mb\u00ebshtet iden\u00eb e Kurtit p\u00ebr gjykat\u00eb t\u00eb posa\u00e7me p\u00ebr krimet me snajper n\u00eb Bosnje -\",\"isPartOf\":{\"@id\":\"https:\/\/veritasinfo.org\/#website\"},\"primaryImageOfPage\":{\"@id\":\"https:\/\/veritasinfo.org\/?p=34156#primaryimage\"},\"image\":{\"@id\":\"https:\/\/veritasinfo.org\/?p=34156#primaryimage\"},\"thumbnailUrl\":\"https:\/\/veritasinfo.org\/wp-content\/uploads\/2026\/02\/auto_Sonja_Biserko15325298661702969519.webp\",\"datePublished\":\"2026-02-23T09:45:41+00:00\",\"author\":{\"@id\":\"https:\/\/veritasinfo.org\/#\/schema\/person\/bc442336e35414d04494ab8fb45db4c6\"},\"breadcrumb\":{\"@id\":\"https:\/\/veritasinfo.org\/?p=34156#breadcrumb\"},\"inLanguage\":\"en-US\",\"potentialAction\":[{\"@type\":\"ReadAction\",\"target\":[\"https:\/\/veritasinfo.org\/?p=34156\"]}]},{\"@type\":\"ImageObject\",\"inLanguage\":\"en-US\",\"@id\":\"https:\/\/veritasinfo.org\/?p=34156#primaryimage\",\"url\":\"https:\/\/veritasinfo.org\/wp-content\/uploads\/2026\/02\/auto_Sonja_Biserko15325298661702969519.webp\",\"contentUrl\":\"https:\/\/veritasinfo.org\/wp-content\/uploads\/2026\/02\/auto_Sonja_Biserko15325298661702969519.webp\",\"width\":1200,\"height\":797},{\"@type\":\"BreadcrumbList\",\"@id\":\"https:\/\/veritasinfo.org\/?p=34156#breadcrumb\",\"itemListElement\":[{\"@type\":\"ListItem\",\"position\":1,\"name\":\"Home\",\"item\":\"https:\/\/veritasinfo.org\/\"},{\"@type\":\"ListItem\",\"position\":2,\"name\":\"Biserko mb\u00ebshtet iden\u00eb e Kurtit p\u00ebr gjykat\u00eb t\u00eb posa\u00e7me p\u00ebr krimet me snajper n\u00eb Bosnje\"}]},{\"@type\":\"WebSite\",\"@id\":\"https:\/\/veritasinfo.org\/#website\",\"url\":\"https:\/\/veritasinfo.org\/\",\"name\":\"\",\"description\":\"\",\"potentialAction\":[{\"@type\":\"SearchAction\",\"target\":{\"@type\":\"EntryPoint\",\"urlTemplate\":\"https:\/\/veritasinfo.org\/?s={search_term_string}\"},\"query-input\":{\"@type\":\"PropertyValueSpecification\",\"valueRequired\":true,\"valueName\":\"search_term_string\"}}],\"inLanguage\":\"en-US\"},{\"@type\":\"Person\",\"@id\":\"https:\/\/veritasinfo.org\/#\/schema\/person\/bc442336e35414d04494ab8fb45db4c6\",\"name\":\"US5\",\"image\":{\"@type\":\"ImageObject\",\"inLanguage\":\"en-US\",\"@id\":\"https:\/\/veritasinfo.org\/#\/schema\/person\/image\/\",\"url\":\"https:\/\/secure.gravatar.com\/avatar\/16a61e7272a0c5d001121ebb9e60e925d5816e4ac1e443ed3e640d9a6ae55d0c?s=96&d=mm&r=g\",\"contentUrl\":\"https:\/\/secure.gravatar.com\/avatar\/16a61e7272a0c5d001121ebb9e60e925d5816e4ac1e443ed3e640d9a6ae55d0c?s=96&d=mm&r=g\",\"caption\":\"US5\"},\"url\":\"https:\/\/veritasinfo.org\/?author=6\"}]}<\/script>\n<!-- \/ Yoast SEO plugin. -->","yoast_head_json":{"title":"Biserko mb\u00ebshtet iden\u00eb e Kurtit p\u00ebr gjykat\u00eb t\u00eb posa\u00e7me p\u00ebr krimet me snajper n\u00eb Bosnje -","robots":{"index":"index","follow":"follow","max-snippet":"max-snippet:-1","max-image-preview":"max-image-preview:large","max-video-preview":"max-video-preview:-1"},"canonical":"https:\/\/veritasinfo.org\/?p=34156","og_locale":"en_US","og_type":"article","og_title":"Biserko mb\u00ebshtet iden\u00eb e Kurtit p\u00ebr gjykat\u00eb t\u00eb posa\u00e7me p\u00ebr krimet me snajper n\u00eb Bosnje -","og_description":"Prishtin\u00eb 23 Shkurt 2026 10:44 Presidentja e Komitetit t\u00eb Helsinkit p\u00ebr t\u00eb Drejtat e Njeriut n\u00eb Serbi, Komiteti i Helsinkit p\u00ebr t\u00eb Drejtat e Njeriut","og_url":"https:\/\/veritasinfo.org\/?p=34156","article_published_time":"2026-02-23T09:45:41+00:00","og_image":[{"width":1200,"height":797,"url":"https:\/\/veritasinfo.org\/wp-content\/uploads\/2026\/02\/auto_Sonja_Biserko15325298661702969519.webp","type":"image\/webp"}],"author":"US5","twitter_card":"summary_large_image","twitter_misc":{"Written by":"US5"},"schema":{"@context":"https:\/\/schema.org","@graph":[{"@type":"WebPage","@id":"https:\/\/veritasinfo.org\/?p=34156","url":"https:\/\/veritasinfo.org\/?p=34156","name":"Biserko mb\u00ebshtet iden\u00eb e Kurtit p\u00ebr gjykat\u00eb t\u00eb posa\u00e7me p\u00ebr krimet me snajper n\u00eb Bosnje -","isPartOf":{"@id":"https:\/\/veritasinfo.org\/#website"},"primaryImageOfPage":{"@id":"https:\/\/veritasinfo.org\/?p=34156#primaryimage"},"image":{"@id":"https:\/\/veritasinfo.org\/?p=34156#primaryimage"},"thumbnailUrl":"https:\/\/veritasinfo.org\/wp-content\/uploads\/2026\/02\/auto_Sonja_Biserko15325298661702969519.webp","datePublished":"2026-02-23T09:45:41+00:00","author":{"@id":"https:\/\/veritasinfo.org\/#\/schema\/person\/bc442336e35414d04494ab8fb45db4c6"},"breadcrumb":{"@id":"https:\/\/veritasinfo.org\/?p=34156#breadcrumb"},"inLanguage":"en-US","potentialAction":[{"@type":"ReadAction","target":["https:\/\/veritasinfo.org\/?p=34156"]}]},{"@type":"ImageObject","inLanguage":"en-US","@id":"https:\/\/veritasinfo.org\/?p=34156#primaryimage","url":"https:\/\/veritasinfo.org\/wp-content\/uploads\/2026\/02\/auto_Sonja_Biserko15325298661702969519.webp","contentUrl":"https:\/\/veritasinfo.org\/wp-content\/uploads\/2026\/02\/auto_Sonja_Biserko15325298661702969519.webp","width":1200,"height":797},{"@type":"BreadcrumbList","@id":"https:\/\/veritasinfo.org\/?p=34156#breadcrumb","itemListElement":[{"@type":"ListItem","position":1,"name":"Home","item":"https:\/\/veritasinfo.org\/"},{"@type":"ListItem","position":2,"name":"Biserko mb\u00ebshtet iden\u00eb e Kurtit p\u00ebr gjykat\u00eb t\u00eb posa\u00e7me p\u00ebr krimet me snajper n\u00eb Bosnje"}]},{"@type":"WebSite","@id":"https:\/\/veritasinfo.org\/#website","url":"https:\/\/veritasinfo.org\/","name":"","description":"","potentialAction":[{"@type":"SearchAction","target":{"@type":"EntryPoint","urlTemplate":"https:\/\/veritasinfo.org\/?s={search_term_string}"},"query-input":{"@type":"PropertyValueSpecification","valueRequired":true,"valueName":"search_term_string"}}],"inLanguage":"en-US"},{"@type":"Person","@id":"https:\/\/veritasinfo.org\/#\/schema\/person\/bc442336e35414d04494ab8fb45db4c6","name":"US5","image":{"@type":"ImageObject","inLanguage":"en-US","@id":"https:\/\/veritasinfo.org\/#\/schema\/person\/image\/","url":"https:\/\/secure.gravatar.com\/avatar\/16a61e7272a0c5d001121ebb9e60e925d5816e4ac1e443ed3e640d9a6ae55d0c?s=96&d=mm&r=g","contentUrl":"https:\/\/secure.gravatar.com\/avatar\/16a61e7272a0c5d001121ebb9e60e925d5816e4ac1e443ed3e640d9a6ae55d0c?s=96&d=mm&r=g","caption":"US5"},"url":"https:\/\/veritasinfo.org\/?author=6"}]}},"featured_image_urls":{"full":["https:\/\/veritasinfo.org\/wp-content\/uploads\/2026\/02\/auto_Sonja_Biserko15325298661702969519.webp",1200,797,false],"thumbnail":["https:\/\/veritasinfo.org\/wp-content\/uploads\/2026\/02\/auto_Sonja_Biserko15325298661702969519-150x150.webp",150,150,true],"medium":["https:\/\/veritasinfo.org\/wp-content\/uploads\/2026\/02\/auto_Sonja_Biserko15325298661702969519-300x199.webp",300,199,true],"medium_large":["https:\/\/veritasinfo.org\/wp-content\/uploads\/2026\/02\/auto_Sonja_Biserko15325298661702969519-768x510.webp",640,425,true],"large":["https:\/\/veritasinfo.org\/wp-content\/uploads\/2026\/02\/auto_Sonja_Biserko15325298661702969519-1024x680.webp",640,425,true],"1536x1536":["https:\/\/veritasinfo.org\/wp-content\/uploads\/2026\/02\/auto_Sonja_Biserko15325298661702969519.webp",1200,797,false],"2048x2048":["https:\/\/veritasinfo.org\/wp-content\/uploads\/2026\/02\/auto_Sonja_Biserko15325298661702969519.webp",1200,797,false],"kreeti-slider-full":["https:\/\/veritasinfo.org\/wp-content\/uploads\/2026\/02\/auto_Sonja_Biserko15325298661702969519.webp",1084,720,false],"kreeti-featured":["https:\/\/veritasinfo.org\/wp-content\/uploads\/2026\/02\/auto_Sonja_Biserko15325298661702969519.webp",1024,680,false],"kreeti-medium":["https:\/\/veritasinfo.org\/wp-content\/uploads\/2026\/02\/auto_Sonja_Biserko15325298661702969519.webp",720,478,false],"kreeti-medium-square":["https:\/\/veritasinfo.org\/wp-content\/uploads\/2026\/02\/auto_Sonja_Biserko15325298661702969519.webp",350,232,false]},"author_info":{"info":["US5"]},"category_info":"<a href=\"https:\/\/veritasinfo.org\/?cat=58\" rel=\"category\">Politik\u00eb<\/a>","tag_info":"Politik\u00eb","comment_count":"0","_links":{"self":[{"href":"https:\/\/veritasinfo.org\/index.php?rest_route=\/wp\/v2\/posts\/34156","targetHints":{"allow":["GET"]}}],"collection":[{"href":"https:\/\/veritasinfo.org\/index.php?rest_route=\/wp\/v2\/posts"}],"about":[{"href":"https:\/\/veritasinfo.org\/index.php?rest_route=\/wp\/v2\/types\/post"}],"author":[{"embeddable":true,"href":"https:\/\/veritasinfo.org\/index.php?rest_route=\/wp\/v2\/users\/6"}],"replies":[{"embeddable":true,"href":"https:\/\/veritasinfo.org\/index.php?rest_route=%2Fwp%2Fv2%2Fcomments&post=34156"}],"version-history":[{"count":1,"href":"https:\/\/veritasinfo.org\/index.php?rest_route=\/wp\/v2\/posts\/34156\/revisions"}],"predecessor-version":[{"id":34158,"href":"https:\/\/veritasinfo.org\/index.php?rest_route=\/wp\/v2\/posts\/34156\/revisions\/34158"}],"wp:featuredmedia":[{"embeddable":true,"href":"https:\/\/veritasinfo.org\/index.php?rest_route=\/wp\/v2\/media\/34157"}],"wp:attachment":[{"href":"https:\/\/veritasinfo.org\/index.php?rest_route=%2Fwp%2Fv2%2Fmedia&parent=34156"}],"wp:term":[{"taxonomy":"category","embeddable":true,"href":"https:\/\/veritasinfo.org\/index.php?rest_route=%2Fwp%2Fv2%2Fcategories&post=34156"},{"taxonomy":"post_tag","embeddable":true,"href":"https:\/\/veritasinfo.org\/index.php?rest_route=%2Fwp%2Fv2%2Ftags&post=34156"}],"curies":[{"name":"wp","href":"https:\/\/api.w.org\/{rel}","templated":true}]}}