{"id":34144,"date":"2026-02-23T10:34:03","date_gmt":"2026-02-23T09:34:03","guid":{"rendered":"https:\/\/veritasinfo.org\/?p=34144"},"modified":"2026-02-23T10:49:32","modified_gmt":"2026-02-23T09:49:32","slug":"vllasi-masat-e-be-se-sduhet-te-lidhen-me-dialogun-kosove-serbi","status":"publish","type":"post","link":"https:\/\/veritasinfo.org\/?p=34144","title":{"rendered":"Vllasi: Masat e BE-s\u00eb s\u2019duhet t\u00eb lidhen me dialogun Kosov\u00eb-Serbi"},"content":{"rendered":"<p>Prishtin\u00eb 23 Shkurt 2026 10:33<\/p>\n<p>Njoh\u00ebsi i \u00e7\u00ebshtjeve politike, Azem Vllasi, ka deklaruar se vazhdimi i dialogut Kosov\u00eb-Serbi do t\u00eb ndodh\u00eb n\u00eb momentin kur i d\u00ebrguari special dhe nd\u00ebrmjet\u00ebsuesi evropian t\u2019i ftoj\u00eb pal\u00ebt n\u00eb tryez\u00ebn e bisedimeve, duke th\u00ebn\u00eb se pala kosovare duhet t\u00eb jet\u00eb e p\u00ebrgatitur p\u00ebr k\u00ebt\u00eb proces.<\/p>\n<p>\u2018\u2019Dialogu Kosov\u00eb-Serbi do t\u00eb vazhdoj\u00eb at\u00ebher\u00eb kur emisari special -nd\u00ebrmjet\u00ebsuesi Soren Petersen do t\u2019i th\u00ebrras\u00eb pal\u00ebt pran\u00eb tavoline. Pala kosovare duhet t\u00eb jet\u00eb gati\u2019\u2019, tha Vllasi p\u00ebr FrontOnline.<\/p>\n<p>Sipas Vllasit, Kosova duhet t\u00eb fokusohet n\u00eb dy \u00e7\u00ebshtje kryesore: zbatimin e marr\u00ebveshjeve t\u00eb Brukselit t\u00eb shkurtit 2023 dhe t\u00eb Ohrit t\u00eb marsit 2023, si dhe insistimin n\u00eb njohjen reciproke mes Kosov\u00ebs dhe Serbis\u00eb si dy shtete t\u00eb pavarura.<\/p>\n<p> \u2018\u2019Pala kosovare duhet t\u00eb insistoi n\u00eb dy \u00e7\u00ebshtje: a) zbatimi i marr\u00ebveshjeve t\u00eb Brukselit nga shkurti i vitit 2023 dhe t\u00eb Ohrit nga marsi 2023; b)T\u00eb insistohet n\u00eb njohjen reciproke Ks-Rs, si dy shteteve t\u00eb pavarura si\u00e7 thuhet edhe n\u00eb Ligjin p\u00ebr strategi t\u00eb presidentit D. Trump\u2019\u2019, tha p\u00ebr FrontOnline Vllasi.<\/p>\n<p>Ai vler\u00ebson se pala serbe do t\u00eb k\u00ebrkoj\u00eb formimin e bashk\u00ebsis\u00eb s\u00eb komunave me shumic\u00eb serbe, nd\u00ebrsa q\u00ebndrimi i Kosov\u00ebs, sipas Vllasit, duhet t\u00eb jet\u00eb se kjo \u00ebsht\u00eb \u00e7\u00ebshtje e brendshme e Kosov\u00ebs, e cila zgjidhet n\u00eb bashk\u00ebpunim me serb\u00ebt e Kosov\u00ebs dhe pushtetin lokal.<\/p>\n<p>\u2018\u2019Pala serbe do t\u00eb insistoj\u00eb n\u00eb bashk\u00ebsin\u00eb e komunave me shumic\u00eb serbe. Q\u00ebndrimi i pal\u00ebs kosovare duhet t\u00eb jet\u00eb: kjo \u00e7\u00ebshtje \u00ebsht\u00eb ekskluzivisht pun\u00eb e brendshme e Kosov\u00ebs dhe do t\u00eb zgjidhet n\u00eb bashk\u00ebpunim me serb\u00ebt e Kosov\u00ebs\u2019\u2019, tha Vllasi.<\/p>\n<p>Vllasi ka komentuar edhe masat e Bashkimit Evropian, duke theksuar se ato, sipas deklarimeve t\u00eb autoriteteve evropiane, hiqen pas konstituimit t\u00eb parlamentit dhe zgjedhjes s\u00eb qeveris\u00eb dhe nuk duhet t\u00eb nd\u00ebrlidhen me dialogun, pasi nj\u00eb gj\u00eb e till\u00eb do t\u00eb interpretohej si presion ndaj Kosov\u00ebs.<\/p>\n<p>Ai shton se BE-ja \u00ebsht\u00eb e informuar p\u00ebr q\u00ebndrimin e Serbis\u00eb lidhur me moszbatimin e marr\u00ebveshjeve t\u00eb vitit 2023 dhe, n\u00ebse duhet t\u00eb ket\u00eb masa nd\u00ebshkuese ndaj ndonj\u00ebr\u00ebs pal\u00eb, ato duhet t\u00eb drejtohen ndaj Serbis\u00eb.<\/p>\n<p>\u2018\u2019Autoritetet e BE-s\u00eb kan\u00eb deklaruar se masat hiqen pas konstituimit t\u00eb parlamentit dhe zgjedhjes s\u00eb qeveris\u00eb. Prandaj nuk duhet t\u00eb nd\u00ebrlidhen assesi me dialog Kosov\u00eb-Serbi  ngase do t\u00eb dilte si shantazhim p\u00ebr Kosov\u00ebn dhe se te Kosova qenka faji q\u00eb dialogu nuk po jep rezultat. BE-ja e di se Qeveria e Serbis\u00eb me shkrim i ka informuar se nuk do t\u2019i zbatojn\u00eb marr\u00ebveshjet e Brukselit dhe Ohrit t\u00eb vitit 2023. Prandaj n\u00ebse ndonj\u00ebra pal\u00eb duhet t\u00eb k\u00ebrc\u00ebnohet me masa, ajo \u00ebsht\u00eb pala serbe\u2019\u2019, u shpreh Vllasi.<\/p>\n","protected":false},"excerpt":{"rendered":"<p>Prishtin\u00eb 23 Shkurt 2026 10:33 Njoh\u00ebsi i \u00e7\u00ebshtjeve politike, Azem Vllasi, ka deklaruar se vazhdimi i dialogut Kosov\u00eb-Serbi do t\u00eb ndodh\u00eb n\u00eb momentin kur i<\/p>\n","protected":false},"author":6,"featured_media":34145,"comment_status":"open","ping_status":"open","sticky":false,"template":"","format":"standard","meta":{"footnotes":""},"categories":[58],"tags":[],"class_list":["post-34144","post","type-post","status-publish","format-standard","has-post-thumbnail","hentry","category-politike-sq"],"yoast_head":"<!-- This site is optimized with the Yoast SEO plugin v25.3.1 - https:\/\/yoast.com\/wordpress\/plugins\/seo\/ -->\n<title>Vllasi: Masat e BE-s\u00eb s\u2019duhet t\u00eb lidhen me dialogun Kosov\u00eb-Serbi -<\/title>\n<meta name=\"robots\" content=\"index, follow, max-snippet:-1, max-image-preview:large, max-video-preview:-1\" \/>\n<link rel=\"canonical\" href=\"https:\/\/veritasinfo.org\/?p=34144\" \/>\n<meta property=\"og:locale\" content=\"en_US\" \/>\n<meta property=\"og:type\" content=\"article\" \/>\n<meta property=\"og:title\" content=\"Vllasi: Masat e BE-s\u00eb s\u2019duhet t\u00eb lidhen me dialogun Kosov\u00eb-Serbi -\" \/>\n<meta property=\"og:description\" content=\"Prishtin\u00eb 23 Shkurt 2026 10:33 Njoh\u00ebsi i \u00e7\u00ebshtjeve politike, Azem Vllasi, ka deklaruar se vazhdimi i dialogut Kosov\u00eb-Serbi do t\u00eb ndodh\u00eb n\u00eb momentin kur i\" \/>\n<meta property=\"og:url\" content=\"https:\/\/veritasinfo.org\/?p=34144\" \/>\n<meta property=\"article:published_time\" content=\"2026-02-23T09:34:03+00:00\" \/>\n<meta property=\"article:modified_time\" content=\"2026-02-23T09:49:32+00:00\" \/>\n<meta property=\"og:image\" content=\"https:\/\/veritasinfo.org\/wp-content\/uploads\/2026\/02\/azem-vllasi-hayat.jpg\" \/>\n\t<meta property=\"og:image:width\" content=\"800\" \/>\n\t<meta property=\"og:image:height\" content=\"539\" \/>\n\t<meta property=\"og:image:type\" content=\"image\/jpeg\" \/>\n<meta name=\"author\" content=\"US5\" \/>\n<meta name=\"twitter:card\" content=\"summary_large_image\" \/>\n<meta name=\"twitter:label1\" content=\"Written by\" \/>\n\t<meta name=\"twitter:data1\" content=\"US5\" \/>\n\t<meta name=\"twitter:label2\" content=\"Est. reading time\" \/>\n\t<meta name=\"twitter:data2\" content=\"3 minutes\" \/>\n<script type=\"application\/ld+json\" class=\"yoast-schema-graph\">{\"@context\":\"https:\/\/schema.org\",\"@graph\":[{\"@type\":\"WebPage\",\"@id\":\"https:\/\/veritasinfo.org\/?p=34144\",\"url\":\"https:\/\/veritasinfo.org\/?p=34144\",\"name\":\"Vllasi: Masat e BE-s\u00eb s\u2019duhet t\u00eb lidhen me dialogun Kosov\u00eb-Serbi -\",\"isPartOf\":{\"@id\":\"https:\/\/veritasinfo.org\/#website\"},\"primaryImageOfPage\":{\"@id\":\"https:\/\/veritasinfo.org\/?p=34144#primaryimage\"},\"image\":{\"@id\":\"https:\/\/veritasinfo.org\/?p=34144#primaryimage\"},\"thumbnailUrl\":\"https:\/\/veritasinfo.org\/wp-content\/uploads\/2026\/02\/azem-vllasi-hayat.jpg\",\"datePublished\":\"2026-02-23T09:34:03+00:00\",\"dateModified\":\"2026-02-23T09:49:32+00:00\",\"author\":{\"@id\":\"https:\/\/veritasinfo.org\/#\/schema\/person\/bc442336e35414d04494ab8fb45db4c6\"},\"breadcrumb\":{\"@id\":\"https:\/\/veritasinfo.org\/?p=34144#breadcrumb\"},\"inLanguage\":\"en-US\",\"potentialAction\":[{\"@type\":\"ReadAction\",\"target\":[\"https:\/\/veritasinfo.org\/?p=34144\"]}]},{\"@type\":\"ImageObject\",\"inLanguage\":\"en-US\",\"@id\":\"https:\/\/veritasinfo.org\/?p=34144#primaryimage\",\"url\":\"https:\/\/veritasinfo.org\/wp-content\/uploads\/2026\/02\/azem-vllasi-hayat.jpg\",\"contentUrl\":\"https:\/\/veritasinfo.org\/wp-content\/uploads\/2026\/02\/azem-vllasi-hayat.jpg\",\"width\":800,\"height\":539},{\"@type\":\"BreadcrumbList\",\"@id\":\"https:\/\/veritasinfo.org\/?p=34144#breadcrumb\",\"itemListElement\":[{\"@type\":\"ListItem\",\"position\":1,\"name\":\"Home\",\"item\":\"https:\/\/veritasinfo.org\/\"},{\"@type\":\"ListItem\",\"position\":2,\"name\":\"Vllasi: Masat e BE-s\u00eb s\u2019duhet t\u00eb lidhen me dialogun Kosov\u00eb-Serbi\"}]},{\"@type\":\"WebSite\",\"@id\":\"https:\/\/veritasinfo.org\/#website\",\"url\":\"https:\/\/veritasinfo.org\/\",\"name\":\"\",\"description\":\"\",\"potentialAction\":[{\"@type\":\"SearchAction\",\"target\":{\"@type\":\"EntryPoint\",\"urlTemplate\":\"https:\/\/veritasinfo.org\/?s={search_term_string}\"},\"query-input\":{\"@type\":\"PropertyValueSpecification\",\"valueRequired\":true,\"valueName\":\"search_term_string\"}}],\"inLanguage\":\"en-US\"},{\"@type\":\"Person\",\"@id\":\"https:\/\/veritasinfo.org\/#\/schema\/person\/bc442336e35414d04494ab8fb45db4c6\",\"name\":\"US5\",\"image\":{\"@type\":\"ImageObject\",\"inLanguage\":\"en-US\",\"@id\":\"https:\/\/veritasinfo.org\/#\/schema\/person\/image\/\",\"url\":\"https:\/\/secure.gravatar.com\/avatar\/16a61e7272a0c5d001121ebb9e60e925d5816e4ac1e443ed3e640d9a6ae55d0c?s=96&d=mm&r=g\",\"contentUrl\":\"https:\/\/secure.gravatar.com\/avatar\/16a61e7272a0c5d001121ebb9e60e925d5816e4ac1e443ed3e640d9a6ae55d0c?s=96&d=mm&r=g\",\"caption\":\"US5\"},\"url\":\"https:\/\/veritasinfo.org\/?author=6\"}]}<\/script>\n<!-- \/ Yoast SEO plugin. -->","yoast_head_json":{"title":"Vllasi: Masat e BE-s\u00eb s\u2019duhet t\u00eb lidhen me dialogun Kosov\u00eb-Serbi -","robots":{"index":"index","follow":"follow","max-snippet":"max-snippet:-1","max-image-preview":"max-image-preview:large","max-video-preview":"max-video-preview:-1"},"canonical":"https:\/\/veritasinfo.org\/?p=34144","og_locale":"en_US","og_type":"article","og_title":"Vllasi: Masat e BE-s\u00eb s\u2019duhet t\u00eb lidhen me dialogun Kosov\u00eb-Serbi -","og_description":"Prishtin\u00eb 23 Shkurt 2026 10:33 Njoh\u00ebsi i \u00e7\u00ebshtjeve politike, Azem Vllasi, ka deklaruar se vazhdimi i dialogut Kosov\u00eb-Serbi do t\u00eb ndodh\u00eb n\u00eb momentin kur i","og_url":"https:\/\/veritasinfo.org\/?p=34144","article_published_time":"2026-02-23T09:34:03+00:00","article_modified_time":"2026-02-23T09:49:32+00:00","og_image":[{"width":800,"height":539,"url":"https:\/\/veritasinfo.org\/wp-content\/uploads\/2026\/02\/azem-vllasi-hayat.jpg","type":"image\/jpeg"}],"author":"US5","twitter_card":"summary_large_image","twitter_misc":{"Written by":"US5","Est. reading time":"3 minutes"},"schema":{"@context":"https:\/\/schema.org","@graph":[{"@type":"WebPage","@id":"https:\/\/veritasinfo.org\/?p=34144","url":"https:\/\/veritasinfo.org\/?p=34144","name":"Vllasi: Masat e BE-s\u00eb s\u2019duhet t\u00eb lidhen me dialogun Kosov\u00eb-Serbi -","isPartOf":{"@id":"https:\/\/veritasinfo.org\/#website"},"primaryImageOfPage":{"@id":"https:\/\/veritasinfo.org\/?p=34144#primaryimage"},"image":{"@id":"https:\/\/veritasinfo.org\/?p=34144#primaryimage"},"thumbnailUrl":"https:\/\/veritasinfo.org\/wp-content\/uploads\/2026\/02\/azem-vllasi-hayat.jpg","datePublished":"2026-02-23T09:34:03+00:00","dateModified":"2026-02-23T09:49:32+00:00","author":{"@id":"https:\/\/veritasinfo.org\/#\/schema\/person\/bc442336e35414d04494ab8fb45db4c6"},"breadcrumb":{"@id":"https:\/\/veritasinfo.org\/?p=34144#breadcrumb"},"inLanguage":"en-US","potentialAction":[{"@type":"ReadAction","target":["https:\/\/veritasinfo.org\/?p=34144"]}]},{"@type":"ImageObject","inLanguage":"en-US","@id":"https:\/\/veritasinfo.org\/?p=34144#primaryimage","url":"https:\/\/veritasinfo.org\/wp-content\/uploads\/2026\/02\/azem-vllasi-hayat.jpg","contentUrl":"https:\/\/veritasinfo.org\/wp-content\/uploads\/2026\/02\/azem-vllasi-hayat.jpg","width":800,"height":539},{"@type":"BreadcrumbList","@id":"https:\/\/veritasinfo.org\/?p=34144#breadcrumb","itemListElement":[{"@type":"ListItem","position":1,"name":"Home","item":"https:\/\/veritasinfo.org\/"},{"@type":"ListItem","position":2,"name":"Vllasi: Masat e BE-s\u00eb s\u2019duhet t\u00eb lidhen me dialogun Kosov\u00eb-Serbi"}]},{"@type":"WebSite","@id":"https:\/\/veritasinfo.org\/#website","url":"https:\/\/veritasinfo.org\/","name":"","description":"","potentialAction":[{"@type":"SearchAction","target":{"@type":"EntryPoint","urlTemplate":"https:\/\/veritasinfo.org\/?s={search_term_string}"},"query-input":{"@type":"PropertyValueSpecification","valueRequired":true,"valueName":"search_term_string"}}],"inLanguage":"en-US"},{"@type":"Person","@id":"https:\/\/veritasinfo.org\/#\/schema\/person\/bc442336e35414d04494ab8fb45db4c6","name":"US5","image":{"@type":"ImageObject","inLanguage":"en-US","@id":"https:\/\/veritasinfo.org\/#\/schema\/person\/image\/","url":"https:\/\/secure.gravatar.com\/avatar\/16a61e7272a0c5d001121ebb9e60e925d5816e4ac1e443ed3e640d9a6ae55d0c?s=96&d=mm&r=g","contentUrl":"https:\/\/secure.gravatar.com\/avatar\/16a61e7272a0c5d001121ebb9e60e925d5816e4ac1e443ed3e640d9a6ae55d0c?s=96&d=mm&r=g","caption":"US5"},"url":"https:\/\/veritasinfo.org\/?author=6"}]}},"featured_image_urls":{"full":["https:\/\/veritasinfo.org\/wp-content\/uploads\/2026\/02\/azem-vllasi-hayat.jpg",800,539,false],"thumbnail":["https:\/\/veritasinfo.org\/wp-content\/uploads\/2026\/02\/azem-vllasi-hayat-150x150.jpg",150,150,true],"medium":["https:\/\/veritasinfo.org\/wp-content\/uploads\/2026\/02\/azem-vllasi-hayat-300x202.jpg",300,202,true],"medium_large":["https:\/\/veritasinfo.org\/wp-content\/uploads\/2026\/02\/azem-vllasi-hayat-768x517.jpg",640,431,true],"large":["https:\/\/veritasinfo.org\/wp-content\/uploads\/2026\/02\/azem-vllasi-hayat.jpg",640,431,false],"1536x1536":["https:\/\/veritasinfo.org\/wp-content\/uploads\/2026\/02\/azem-vllasi-hayat.jpg",800,539,false],"2048x2048":["https:\/\/veritasinfo.org\/wp-content\/uploads\/2026\/02\/azem-vllasi-hayat.jpg",800,539,false],"kreeti-slider-full":["https:\/\/veritasinfo.org\/wp-content\/uploads\/2026\/02\/azem-vllasi-hayat.jpg",800,539,false],"kreeti-featured":["https:\/\/veritasinfo.org\/wp-content\/uploads\/2026\/02\/azem-vllasi-hayat.jpg",800,539,false],"kreeti-medium":["https:\/\/veritasinfo.org\/wp-content\/uploads\/2026\/02\/azem-vllasi-hayat.jpg",720,485,false],"kreeti-medium-square":["https:\/\/veritasinfo.org\/wp-content\/uploads\/2026\/02\/azem-vllasi-hayat.jpg",350,236,false]},"author_info":{"info":["US5"]},"category_info":"<a href=\"https:\/\/veritasinfo.org\/?cat=58\" rel=\"category\">Politik\u00eb<\/a>","tag_info":"Politik\u00eb","comment_count":"0","_links":{"self":[{"href":"https:\/\/veritasinfo.org\/index.php?rest_route=\/wp\/v2\/posts\/34144","targetHints":{"allow":["GET"]}}],"collection":[{"href":"https:\/\/veritasinfo.org\/index.php?rest_route=\/wp\/v2\/posts"}],"about":[{"href":"https:\/\/veritasinfo.org\/index.php?rest_route=\/wp\/v2\/types\/post"}],"author":[{"embeddable":true,"href":"https:\/\/veritasinfo.org\/index.php?rest_route=\/wp\/v2\/users\/6"}],"replies":[{"embeddable":true,"href":"https:\/\/veritasinfo.org\/index.php?rest_route=%2Fwp%2Fv2%2Fcomments&post=34144"}],"version-history":[{"count":2,"href":"https:\/\/veritasinfo.org\/index.php?rest_route=\/wp\/v2\/posts\/34144\/revisions"}],"predecessor-version":[{"id":34163,"href":"https:\/\/veritasinfo.org\/index.php?rest_route=\/wp\/v2\/posts\/34144\/revisions\/34163"}],"wp:featuredmedia":[{"embeddable":true,"href":"https:\/\/veritasinfo.org\/index.php?rest_route=\/wp\/v2\/media\/34145"}],"wp:attachment":[{"href":"https:\/\/veritasinfo.org\/index.php?rest_route=%2Fwp%2Fv2%2Fmedia&parent=34144"}],"wp:term":[{"taxonomy":"category","embeddable":true,"href":"https:\/\/veritasinfo.org\/index.php?rest_route=%2Fwp%2Fv2%2Fcategories&post=34144"},{"taxonomy":"post_tag","embeddable":true,"href":"https:\/\/veritasinfo.org\/index.php?rest_route=%2Fwp%2Fv2%2Ftags&post=34144"}],"curies":[{"name":"wp","href":"https:\/\/api.w.org\/{rel}","templated":true}]}}