{"id":34123,"date":"2026-02-23T08:47:24","date_gmt":"2026-02-23T07:47:24","guid":{"rendered":"https:\/\/veritasinfo.org\/?p=34123"},"modified":"2026-02-23T10:50:28","modified_gmt":"2026-02-23T09:50:28","slug":"si-u-organizua-djegia-e-ambasades-amerikane-ne-beograd-18-vjet-me-pare-nga-rrjeti-i-sotem-i-pushtetit-te-vuciqit","status":"publish","type":"post","link":"https:\/\/veritasinfo.org\/?p=34123","title":{"rendered":"Si u organizua djegia e Ambasad\u00ebs Amerikane n\u00eb Beograd 18 vjet m\u00eb par\u00eb nga rrjeti i sot\u00ebm i pushtetit t\u00eb Vu\u00e7iqit"},"content":{"rendered":"<p>Prishtin\u00eb 23 Shkurt 2026 08:46<\/p>\n<p>Tet\u00ebmb\u00ebdhjet\u00eb vjet m\u00eb par\u00eb, Beogradi i vuri flak\u00ebn nj\u00eb ambasade dhe, bashk\u00eb me t\u00eb, dogji iluzionin se Serbia kishte dal\u00eb p\u00ebrfundimisht p\u00ebrtej politik\u00ebs s\u00eb rrug\u00ebs dhe turm\u00ebs.<\/p>\n<p>Djegia e Ambasad\u00ebs s\u00eb Shteteve t\u00eb Bashkuara nuk ishte thjesht nj\u00eb akt vandalizmi, por nj\u00eb akt politik. Ishte nj\u00eb mesazh p\u00ebr Per\u00ebndimin, i lejuar dhe i nxitur nga nj\u00eb elit\u00eb q\u00eb zgjodhi t\u00eb luante me nacionalizmin p\u00ebr t\u00eb mbijetuar n\u00eb pushtet.<\/p>\n<p>Kat\u00ebr dit\u00eb pasi Kosova shpalli pavar\u00ebsin\u00eb si republik\u00eb, regjimi i udh\u00ebhequr nga Vojislav Koshtunica mobilizoi turm\u00ebn n\u00ebn sloganin \u201cKosova \u00ebsht\u00eb Serbi\u201d. Ambasada e SHBA-s\u00eb u p\u00ebrfshi nga flak\u00ebt, nj\u00eb person humbi jet\u00ebn dhe Serbia u shfaq para bot\u00ebs si nj\u00eb shtet q\u00eb ose nuk mundi, ose nuk donte, t\u00eb kontrollonte ekstremizmin q\u00eb vet\u00eb kishte nxitur.<\/p>\n<p>Por historia nuk mbaron me zjarrin. Ajo fillon aty, sepse njer\u00ebzit q\u00eb ndihmuan n\u00eb organizimin e asaj proteste jan\u00eb sot n\u00eb krye t\u00eb shtetit serb. Marko Gjuriqi, Petar Petkoviqi dhe Misha Va\u00e7iqi nuk u zhduk\u00ebn n\u00eb margjinat e historis\u00eb. Ata u ngrit\u00ebn n\u00eb detyr\u00eb, u ngrit\u00ebn n\u00eb detyr\u00eb dhe u shnd\u00ebrruan n\u00eb fytyra zyrtare t\u00eb diplomacis\u00eb, dialogut dhe \u201cstabilitetit\u201d.<\/p>\n<p>Regjimi i Koshtunic\u00ebs lejoi radikalizimin e rrug\u00ebs, regjimi i Aleksandar Vu\u00e7iqit e institucionalizoi at\u00eb. Nuk pati pastrim t\u00eb elit\u00ebs politike. Nuk pati distancim moral nga 21 shkurti 2008. P\u00ebrkundrazi, pati integrim t\u00eb protagonist\u00ebve n\u00eb strukturat m\u00eb t\u00eb larta t\u00eb pushtetit.<\/p>\n<p>Marko Gjuri\u00e7, i lidhur me organizimin e protestave n\u00eb at\u00eb koh\u00eb, u em\u00ebrua m\u00eb von\u00eb ambasador i Serbis\u00eb n\u00eb Uashington DC, duke sh\u00ebrbyer nga viti 2020 deri n\u00eb vitin 2024. Pik\u00ebrisht vendi, ambasada e t\u00eb cilit ishte djegur n\u00eb Beograd, u b\u00eb destinacioni i karrier\u00ebs s\u00eb tij diplomatike. Ky em\u00ebrim nuk ishte simbol i pendimit, por simbol i nj\u00eb sistemi q\u00eb nuk nd\u00ebshkon, por shp\u00ebrblen besnik\u00ebrin\u00eb.<\/p>\n<p>Sot, si minist\u00ebr i jasht\u00ebm, Gjuri\u00e7 flet p\u00ebr partneritet dhe stabilitet. Megjithat\u00eb, karriera e tij politike \u00ebsht\u00eb e lidhur me nj\u00eb moment kur Serbia zgjodhi konfrontimin e hapur me Per\u00ebndimin. Ai nuk \u00ebsht\u00eb thjesht nj\u00eb zyrtar, por nj\u00eb simbol i nj\u00eb politike konfrontuese q\u00eb prodhon kriza me q\u00ebllim konsolidimin e pushtetit n\u00eb Beograd.<\/p>\n<p>Petar Petkovi\u0107 ndoqi t\u00eb nj\u00ebjt\u00ebn trajektore. Nga kabineti i Koshtunic\u00ebs n\u00eb vitin 2008 deri n\u00eb kreun e t\u00eb ashtuquajtur\u00ebs Zyr\u00eb p\u00ebr Kosov\u00ebn dhe kryenegociator n\u00eb Bruksel. Ai e paraqet veten si nj\u00eb menaxher teknik i dialogut, megjithat\u00eb komunikimi i tij publik shpesh mb\u00ebshtetet n\u00eb retorik\u00ebn mobilizuese q\u00eb mb\u00ebshtet nj\u00eb narrativ\u00eb rrethimi dhe viktimizimi. Dialog nga jasht\u00eb, tension nga brenda. Kjo \u00ebsht\u00eb formula.<\/p>\n<p>Nd\u00ebrkoh\u00eb, Mi\u0161a Vaci\u0107 p\u00ebrfaq\u00ebson versionin m\u00eb t\u00eb thjesht\u00eb t\u00eb k\u00ebsaj kulture politike. Si themelues i l\u00ebvizjes ultranacionaliste \u201cNasi 1389\u201d, ai ka deklaruar hapur n\u00eb intervista me media t\u00eb lidhura me Kremlinin, p\u00ebrfshir\u00eb RT, se Serbia duhet t\u00eb ndjek\u00eb modelin e Rusis\u00eb n\u00eb Krime p\u00ebr t\u00eb \u201cmarr\u00eb mbrapsht\u201d Kosov\u00ebn. Kjo nuk \u00ebsht\u00eb retorik\u00eb e izoluar, \u00ebsht\u00eb pjes\u00eb e nj\u00eb narrative q\u00eb qarkullon lirsh\u00ebm n\u00eb sfer\u00ebn publike t\u00eb Serbis\u00eb, shpesh pa pasoja politike.Pik\u00ebrisht k\u00ebtu b\u00ebhet e qart\u00eb vazhdim\u00ebsia midis Koshtunic\u00ebs dhe Vu\u00e7iqit. I pari e lejoi rrug\u00ebn t\u00eb fliste p\u00ebrmes zjarrit, i dyti m\u00ebsoi ta p\u00ebrdorte at\u00eb energji si rezerv\u00eb politike. Vu\u00e7iqi e kuptoi se nacionalizmi i pakontrolluar rrezikon izolimin nd\u00ebrkomb\u00ebtar, por nacionalizmi i kontrolluar \u00ebsht\u00eb nj\u00eb instrument i fuqish\u00ebm p\u00ebr konsolidimin e pushtetit t\u00eb brendsh\u00ebm.<\/p>\n<p>Djegia e Ambasad\u00ebs Amerikane mbetet nj\u00eb njoll\u00eb e err\u00ebt n\u00eb marr\u00ebdh\u00ebniet nd\u00ebrkomb\u00ebtare t\u00eb Serbis\u00eb. Megjithat\u00eb, nuk kishte nj\u00eb p\u00ebrgjegj\u00ebsi t\u00eb qart\u00eb politike p\u00ebr klim\u00ebn q\u00eb e b\u00ebri t\u00eb mundur at\u00eb akt. Elita q\u00eb frym\u00ebzoi ose toleroi mobilizimin e asaj dite nuk u margjinalizua, por u riciklua.<\/p>\n<p>Ky riciklim \u00ebsht\u00eb thelbi i regjimit aktual. N\u00ebn Vu\u00e7iqin, besnik\u00ebria \u00ebsht\u00eb monedha kryesore. Ata q\u00eb demonstrojn\u00eb gatishm\u00ebri p\u00ebr t\u2019u mobilizuar n\u00eb momente krize shp\u00ebrblehen me pozicione. Ata q\u00eb mbajn\u00eb nj\u00eb narrativ\u00eb t\u00eb ashp\u00ebr p\u00ebr Kosov\u00ebn, por q\u00eb din\u00eb t\u00eb flasin ndryshe n\u00eb Bruksel dhe Uashington DC, b\u00ebhen pjes\u00eb e aparatit diplomatik.<\/p>\n<p>Kjo \u00ebsht\u00eb arsyeja pse 21 shkurti 2008 nuk \u00ebsht\u00eb thjesht nj\u00eb dat\u00eb. \u00cbsht\u00eb nj\u00eb prov\u00eb morale e pap\u00ebrfunduar. Ishte momenti kur Serbia mund t\u00eb kishte zgjedhur p\u00ebrgjegj\u00ebsin\u00eb shtet\u00ebrore dhe n\u00eb vend t\u00eb k\u00ebsaj t\u00eb zgjidhte p\u00ebrballjen simbolike. Fakti q\u00eb organizator\u00ebt e asaj dite tani q\u00ebndrojn\u00eb n\u00eb kulmin e pushtetit tregon se sistemi nuk ka nd\u00ebrmarr\u00eb kurr\u00eb reflektim t\u00eb thell\u00eb.<\/p>\n<p>Zjarri n\u00eb ambasad\u00eb u shua. Por kultura politike q\u00eb lejoi at\u00eb zjarr vazhdon t\u00eb gjeneroj\u00eb tensione, kriza t\u00eb menaxhuara dhe nj\u00eb realitet n\u00eb t\u00eb cilin e kaluara nuk \u00ebsht\u00eb p\u00ebrballur kurr\u00eb seriozisht. Serbia sot mund t\u00eb flas\u00eb p\u00ebr stabilitet dhe integrim, megjithat\u00eb hija e 21 shkurtit ende q\u00ebndron mbi strukturat q\u00eb e qeverisin at\u00eb, shkruan The Balkan Report.<\/p>\n","protected":false},"excerpt":{"rendered":"<p>Prishtin\u00eb 23 Shkurt 2026 08:46 Tet\u00ebmb\u00ebdhjet\u00eb vjet m\u00eb par\u00eb, Beogradi i vuri flak\u00ebn nj\u00eb ambasade dhe, bashk\u00eb me t\u00eb, dogji iluzionin se Serbia kishte dal\u00eb<\/p>\n","protected":false},"author":6,"featured_media":34124,"comment_status":"open","ping_status":"open","sticky":false,"template":"","format":"standard","meta":{"footnotes":""},"categories":[58],"tags":[],"class_list":["post-34123","post","type-post","status-publish","format-standard","has-post-thumbnail","hentry","category-politike-sq"],"yoast_head":"<!-- This site is optimized with the Yoast SEO plugin v25.3.1 - https:\/\/yoast.com\/wordpress\/plugins\/seo\/ -->\n<title>Si u organizua djegia e Ambasad\u00ebs Amerikane n\u00eb Beograd 18 vjet m\u00eb par\u00eb nga rrjeti i sot\u00ebm i pushtetit t\u00eb Vu\u00e7iqit -<\/title>\n<meta name=\"robots\" content=\"index, follow, max-snippet:-1, max-image-preview:large, max-video-preview:-1\" \/>\n<link rel=\"canonical\" href=\"https:\/\/veritasinfo.org\/?p=34123\" \/>\n<meta property=\"og:locale\" content=\"en_US\" \/>\n<meta property=\"og:type\" content=\"article\" \/>\n<meta property=\"og:title\" content=\"Si u organizua djegia e Ambasad\u00ebs Amerikane n\u00eb Beograd 18 vjet m\u00eb par\u00eb nga rrjeti i sot\u00ebm i pushtetit t\u00eb Vu\u00e7iqit -\" \/>\n<meta property=\"og:description\" content=\"Prishtin\u00eb 23 Shkurt 2026 08:46 Tet\u00ebmb\u00ebdhjet\u00eb vjet m\u00eb par\u00eb, Beogradi i vuri flak\u00ebn nj\u00eb ambasade dhe, bashk\u00eb me t\u00eb, dogji iluzionin se Serbia kishte dal\u00eb\" \/>\n<meta property=\"og:url\" content=\"https:\/\/veritasinfo.org\/?p=34123\" \/>\n<meta property=\"article:published_time\" content=\"2026-02-23T07:47:24+00:00\" \/>\n<meta property=\"article:modified_time\" content=\"2026-02-23T09:50:28+00:00\" \/>\n<meta property=\"og:image\" content=\"https:\/\/veritasinfo.org\/wp-content\/uploads\/2026\/02\/5454545454554.png\" \/>\n\t<meta property=\"og:image:width\" content=\"821\" \/>\n\t<meta property=\"og:image:height\" content=\"486\" \/>\n\t<meta property=\"og:image:type\" content=\"image\/png\" \/>\n<meta name=\"author\" content=\"US5\" \/>\n<meta name=\"twitter:card\" content=\"summary_large_image\" \/>\n<meta name=\"twitter:label1\" content=\"Written by\" \/>\n\t<meta name=\"twitter:data1\" content=\"US5\" \/>\n\t<meta name=\"twitter:label2\" content=\"Est. reading time\" \/>\n\t<meta name=\"twitter:data2\" content=\"4 minutes\" \/>\n<script type=\"application\/ld+json\" class=\"yoast-schema-graph\">{\"@context\":\"https:\/\/schema.org\",\"@graph\":[{\"@type\":\"WebPage\",\"@id\":\"https:\/\/veritasinfo.org\/?p=34123\",\"url\":\"https:\/\/veritasinfo.org\/?p=34123\",\"name\":\"Si u organizua djegia e Ambasad\u00ebs Amerikane n\u00eb Beograd 18 vjet m\u00eb par\u00eb nga rrjeti i sot\u00ebm i pushtetit t\u00eb Vu\u00e7iqit -\",\"isPartOf\":{\"@id\":\"https:\/\/veritasinfo.org\/#website\"},\"primaryImageOfPage\":{\"@id\":\"https:\/\/veritasinfo.org\/?p=34123#primaryimage\"},\"image\":{\"@id\":\"https:\/\/veritasinfo.org\/?p=34123#primaryimage\"},\"thumbnailUrl\":\"https:\/\/veritasinfo.org\/wp-content\/uploads\/2026\/02\/5454545454554.png\",\"datePublished\":\"2026-02-23T07:47:24+00:00\",\"dateModified\":\"2026-02-23T09:50:28+00:00\",\"author\":{\"@id\":\"https:\/\/veritasinfo.org\/#\/schema\/person\/bc442336e35414d04494ab8fb45db4c6\"},\"breadcrumb\":{\"@id\":\"https:\/\/veritasinfo.org\/?p=34123#breadcrumb\"},\"inLanguage\":\"en-US\",\"potentialAction\":[{\"@type\":\"ReadAction\",\"target\":[\"https:\/\/veritasinfo.org\/?p=34123\"]}]},{\"@type\":\"ImageObject\",\"inLanguage\":\"en-US\",\"@id\":\"https:\/\/veritasinfo.org\/?p=34123#primaryimage\",\"url\":\"https:\/\/veritasinfo.org\/wp-content\/uploads\/2026\/02\/5454545454554.png\",\"contentUrl\":\"https:\/\/veritasinfo.org\/wp-content\/uploads\/2026\/02\/5454545454554.png\",\"width\":821,\"height\":486},{\"@type\":\"BreadcrumbList\",\"@id\":\"https:\/\/veritasinfo.org\/?p=34123#breadcrumb\",\"itemListElement\":[{\"@type\":\"ListItem\",\"position\":1,\"name\":\"Home\",\"item\":\"https:\/\/veritasinfo.org\/\"},{\"@type\":\"ListItem\",\"position\":2,\"name\":\"Si u organizua djegia e Ambasad\u00ebs Amerikane n\u00eb Beograd 18 vjet m\u00eb par\u00eb nga rrjeti i sot\u00ebm i pushtetit t\u00eb Vu\u00e7iqit\"}]},{\"@type\":\"WebSite\",\"@id\":\"https:\/\/veritasinfo.org\/#website\",\"url\":\"https:\/\/veritasinfo.org\/\",\"name\":\"\",\"description\":\"\",\"potentialAction\":[{\"@type\":\"SearchAction\",\"target\":{\"@type\":\"EntryPoint\",\"urlTemplate\":\"https:\/\/veritasinfo.org\/?s={search_term_string}\"},\"query-input\":{\"@type\":\"PropertyValueSpecification\",\"valueRequired\":true,\"valueName\":\"search_term_string\"}}],\"inLanguage\":\"en-US\"},{\"@type\":\"Person\",\"@id\":\"https:\/\/veritasinfo.org\/#\/schema\/person\/bc442336e35414d04494ab8fb45db4c6\",\"name\":\"US5\",\"image\":{\"@type\":\"ImageObject\",\"inLanguage\":\"en-US\",\"@id\":\"https:\/\/veritasinfo.org\/#\/schema\/person\/image\/\",\"url\":\"https:\/\/secure.gravatar.com\/avatar\/16a61e7272a0c5d001121ebb9e60e925d5816e4ac1e443ed3e640d9a6ae55d0c?s=96&d=mm&r=g\",\"contentUrl\":\"https:\/\/secure.gravatar.com\/avatar\/16a61e7272a0c5d001121ebb9e60e925d5816e4ac1e443ed3e640d9a6ae55d0c?s=96&d=mm&r=g\",\"caption\":\"US5\"},\"url\":\"https:\/\/veritasinfo.org\/?author=6\"}]}<\/script>\n<!-- \/ Yoast SEO plugin. -->","yoast_head_json":{"title":"Si u organizua djegia e Ambasad\u00ebs Amerikane n\u00eb Beograd 18 vjet m\u00eb par\u00eb nga rrjeti i sot\u00ebm i pushtetit t\u00eb Vu\u00e7iqit -","robots":{"index":"index","follow":"follow","max-snippet":"max-snippet:-1","max-image-preview":"max-image-preview:large","max-video-preview":"max-video-preview:-1"},"canonical":"https:\/\/veritasinfo.org\/?p=34123","og_locale":"en_US","og_type":"article","og_title":"Si u organizua djegia e Ambasad\u00ebs Amerikane n\u00eb Beograd 18 vjet m\u00eb par\u00eb nga rrjeti i sot\u00ebm i pushtetit t\u00eb Vu\u00e7iqit -","og_description":"Prishtin\u00eb 23 Shkurt 2026 08:46 Tet\u00ebmb\u00ebdhjet\u00eb vjet m\u00eb par\u00eb, Beogradi i vuri flak\u00ebn nj\u00eb ambasade dhe, bashk\u00eb me t\u00eb, dogji iluzionin se Serbia kishte dal\u00eb","og_url":"https:\/\/veritasinfo.org\/?p=34123","article_published_time":"2026-02-23T07:47:24+00:00","article_modified_time":"2026-02-23T09:50:28+00:00","og_image":[{"width":821,"height":486,"url":"https:\/\/veritasinfo.org\/wp-content\/uploads\/2026\/02\/5454545454554.png","type":"image\/png"}],"author":"US5","twitter_card":"summary_large_image","twitter_misc":{"Written by":"US5","Est. reading time":"4 minutes"},"schema":{"@context":"https:\/\/schema.org","@graph":[{"@type":"WebPage","@id":"https:\/\/veritasinfo.org\/?p=34123","url":"https:\/\/veritasinfo.org\/?p=34123","name":"Si u organizua djegia e Ambasad\u00ebs Amerikane n\u00eb Beograd 18 vjet m\u00eb par\u00eb nga rrjeti i sot\u00ebm i pushtetit t\u00eb Vu\u00e7iqit -","isPartOf":{"@id":"https:\/\/veritasinfo.org\/#website"},"primaryImageOfPage":{"@id":"https:\/\/veritasinfo.org\/?p=34123#primaryimage"},"image":{"@id":"https:\/\/veritasinfo.org\/?p=34123#primaryimage"},"thumbnailUrl":"https:\/\/veritasinfo.org\/wp-content\/uploads\/2026\/02\/5454545454554.png","datePublished":"2026-02-23T07:47:24+00:00","dateModified":"2026-02-23T09:50:28+00:00","author":{"@id":"https:\/\/veritasinfo.org\/#\/schema\/person\/bc442336e35414d04494ab8fb45db4c6"},"breadcrumb":{"@id":"https:\/\/veritasinfo.org\/?p=34123#breadcrumb"},"inLanguage":"en-US","potentialAction":[{"@type":"ReadAction","target":["https:\/\/veritasinfo.org\/?p=34123"]}]},{"@type":"ImageObject","inLanguage":"en-US","@id":"https:\/\/veritasinfo.org\/?p=34123#primaryimage","url":"https:\/\/veritasinfo.org\/wp-content\/uploads\/2026\/02\/5454545454554.png","contentUrl":"https:\/\/veritasinfo.org\/wp-content\/uploads\/2026\/02\/5454545454554.png","width":821,"height":486},{"@type":"BreadcrumbList","@id":"https:\/\/veritasinfo.org\/?p=34123#breadcrumb","itemListElement":[{"@type":"ListItem","position":1,"name":"Home","item":"https:\/\/veritasinfo.org\/"},{"@type":"ListItem","position":2,"name":"Si u organizua djegia e Ambasad\u00ebs Amerikane n\u00eb Beograd 18 vjet m\u00eb par\u00eb nga rrjeti i sot\u00ebm i pushtetit t\u00eb Vu\u00e7iqit"}]},{"@type":"WebSite","@id":"https:\/\/veritasinfo.org\/#website","url":"https:\/\/veritasinfo.org\/","name":"","description":"","potentialAction":[{"@type":"SearchAction","target":{"@type":"EntryPoint","urlTemplate":"https:\/\/veritasinfo.org\/?s={search_term_string}"},"query-input":{"@type":"PropertyValueSpecification","valueRequired":true,"valueName":"search_term_string"}}],"inLanguage":"en-US"},{"@type":"Person","@id":"https:\/\/veritasinfo.org\/#\/schema\/person\/bc442336e35414d04494ab8fb45db4c6","name":"US5","image":{"@type":"ImageObject","inLanguage":"en-US","@id":"https:\/\/veritasinfo.org\/#\/schema\/person\/image\/","url":"https:\/\/secure.gravatar.com\/avatar\/16a61e7272a0c5d001121ebb9e60e925d5816e4ac1e443ed3e640d9a6ae55d0c?s=96&d=mm&r=g","contentUrl":"https:\/\/secure.gravatar.com\/avatar\/16a61e7272a0c5d001121ebb9e60e925d5816e4ac1e443ed3e640d9a6ae55d0c?s=96&d=mm&r=g","caption":"US5"},"url":"https:\/\/veritasinfo.org\/?author=6"}]}},"featured_image_urls":{"full":["https:\/\/veritasinfo.org\/wp-content\/uploads\/2026\/02\/5454545454554.png",821,486,false],"thumbnail":["https:\/\/veritasinfo.org\/wp-content\/uploads\/2026\/02\/5454545454554-150x150.png",150,150,true],"medium":["https:\/\/veritasinfo.org\/wp-content\/uploads\/2026\/02\/5454545454554-300x178.png",300,178,true],"medium_large":["https:\/\/veritasinfo.org\/wp-content\/uploads\/2026\/02\/5454545454554-768x455.png",640,379,true],"large":["https:\/\/veritasinfo.org\/wp-content\/uploads\/2026\/02\/5454545454554.png",640,379,false],"1536x1536":["https:\/\/veritasinfo.org\/wp-content\/uploads\/2026\/02\/5454545454554.png",821,486,false],"2048x2048":["https:\/\/veritasinfo.org\/wp-content\/uploads\/2026\/02\/5454545454554.png",821,486,false],"kreeti-slider-full":["https:\/\/veritasinfo.org\/wp-content\/uploads\/2026\/02\/5454545454554.png",821,486,false],"kreeti-featured":["https:\/\/veritasinfo.org\/wp-content\/uploads\/2026\/02\/5454545454554.png",821,486,false],"kreeti-medium":["https:\/\/veritasinfo.org\/wp-content\/uploads\/2026\/02\/5454545454554.png",720,426,false],"kreeti-medium-square":["https:\/\/veritasinfo.org\/wp-content\/uploads\/2026\/02\/5454545454554.png",350,207,false]},"author_info":{"info":["US5"]},"category_info":"<a href=\"https:\/\/veritasinfo.org\/?cat=58\" rel=\"category\">Politik\u00eb<\/a>","tag_info":"Politik\u00eb","comment_count":"0","_links":{"self":[{"href":"https:\/\/veritasinfo.org\/index.php?rest_route=\/wp\/v2\/posts\/34123","targetHints":{"allow":["GET"]}}],"collection":[{"href":"https:\/\/veritasinfo.org\/index.php?rest_route=\/wp\/v2\/posts"}],"about":[{"href":"https:\/\/veritasinfo.org\/index.php?rest_route=\/wp\/v2\/types\/post"}],"author":[{"embeddable":true,"href":"https:\/\/veritasinfo.org\/index.php?rest_route=\/wp\/v2\/users\/6"}],"replies":[{"embeddable":true,"href":"https:\/\/veritasinfo.org\/index.php?rest_route=%2Fwp%2Fv2%2Fcomments&post=34123"}],"version-history":[{"count":2,"href":"https:\/\/veritasinfo.org\/index.php?rest_route=\/wp\/v2\/posts\/34123\/revisions"}],"predecessor-version":[{"id":34165,"href":"https:\/\/veritasinfo.org\/index.php?rest_route=\/wp\/v2\/posts\/34123\/revisions\/34165"}],"wp:featuredmedia":[{"embeddable":true,"href":"https:\/\/veritasinfo.org\/index.php?rest_route=\/wp\/v2\/media\/34124"}],"wp:attachment":[{"href":"https:\/\/veritasinfo.org\/index.php?rest_route=%2Fwp%2Fv2%2Fmedia&parent=34123"}],"wp:term":[{"taxonomy":"category","embeddable":true,"href":"https:\/\/veritasinfo.org\/index.php?rest_route=%2Fwp%2Fv2%2Fcategories&post=34123"},{"taxonomy":"post_tag","embeddable":true,"href":"https:\/\/veritasinfo.org\/index.php?rest_route=%2Fwp%2Fv2%2Ftags&post=34123"}],"curies":[{"name":"wp","href":"https:\/\/api.w.org\/{rel}","templated":true}]}}