{"id":34104,"date":"2026-02-23T08:25:36","date_gmt":"2026-02-23T07:25:36","guid":{"rendered":"https:\/\/veritasinfo.org\/?p=34104"},"modified":"2026-02-23T08:25:36","modified_gmt":"2026-02-23T07:25:36","slug":"prokuroria-ska-prova-per-ti-denuar-nese-ka-drejtesi-ish-kreret-e-uck-se-do-te-lirohen-te-pafajshem","status":"publish","type":"post","link":"https:\/\/veritasinfo.org\/?p=34104","title":{"rendered":"Prokuroria s\u2019ka prova p\u00ebr t\u2019i d\u00ebnuar, n\u00ebse ka drejt\u00ebsi, ish krer\u00ebt e U\u00c7K-s\u00eb do t\u00eb lirohen t\u00eb pafajsh\u00ebm\u201d"},"content":{"rendered":"<p>Prishtin\u00eb 21 Shkurt 2026. 08:24. <\/p>\n<p>Se populli i Kosov\u00ebs \u00ebsht\u00eb i bindur n\u00eb n\u00ebse ka drejt\u00ebsi, kat\u00ebrshja e U\u00c7K-s\u00eb do t\u00eb lirohet vler\u00ebson avokati Ardian Bajraktari.<\/p>\n<p>\u201cProtesta e djeshme n\u00eb bindjen time \u00ebsht\u00eb nj\u00ebra nga m\u00eb t\u00eb m\u00ebdhat\u00eb, n\u00eb rast se jo m\u00eb e madhe q\u00eb \u00ebsht\u00eb organizuar ndonj\u00ebher\u00eb. Dhe kjo d\u00ebshmon faktin q\u00eb krer\u00ebt e Ushtris\u00eb \u00c7lirimtare t\u00eb Kosov\u00ebs t\u00eb cil\u00ebt po ballafaqohen me k\u00ebt\u00eb proces t\u00eb padrejt\u00eb, tash e sa koh\u00eb nuk jan\u00eb vet\u00ebm dhe se populli \u00ebsht\u00eb n\u00eb k\u00ebrkim t\u00eb drejt\u00ebsis\u00eb dhe natyrisht q\u00eb gjithnj\u00eb e m\u00eb shum\u00eb edhe opinioni \u00ebsht\u00eb i bindur q\u00eb n\u00eb rast se ka drejt\u00ebsi, at\u00ebher\u00eb fundi i k\u00ebtij procesi do t\u00eb rezultoj\u00eb me vendim pafaj\u00ebsie p\u00ebr kat\u00ebrshen e U\u00c7K-s\u00eb. Dhe n\u00eb k\u00ebt\u00eb drejtim besoj q\u00eb ka qen\u00eb nj\u00eb mesazh jasht\u00ebzakonisht i qart\u00eb dhe i fuqish\u00ebm nga t\u00eb gjitha trojet shqiptare\u201d, ka th\u00ebn\u00eb ai. Procesin n\u00eb Hag\u00eb ai e vler\u00ebson si t\u00eb padrejt\u00eb e me shum\u00eb shkelje.<\/p>\n<p>\u201cNatyrisht, p\u00ebrve\u00e7 se proces i padrejt\u00eb, i st\u00ebrzgjatur dhe me jo pak shkelje, n\u00eb bindjen time ajo \u00e7ka \u00ebsht\u00eb e r\u00ebnd\u00ebsishme, prokuroria nuk ka arritur me i argumentuar tezat e saj p\u00ebr sa i p\u00ebrket \u00e7\u00ebshtjes s\u00eb struktur\u00ebs dhe hierarkis\u00eb komanduese, si dhe zinxhirit komandues, po ashtu edhe \u00e7\u00ebshtjen e faktit q\u00eb nuk ka pasur mund\u00ebsi me u ushtruar n\u00eb m\u00ebnyr\u00eb efektive kontroll nga ana e ushtris\u00eb \u00e7lirimtare t\u00eb Kosov\u00ebs, si dy prej elementeve baz\u00eb p\u00ebr t\u00eb konstatuar p\u00ebrgjegj\u00ebsia komanduese. P\u00ebr dallim prej numrit t\u00eb madh t\u00eb d\u00ebshmitar\u00ebve t\u00eb prokuroris\u00eb t\u00eb cil\u00ebt kan\u00eb qen\u00eb n\u00eb bindjen time jo bind\u00ebs dhe jo argumentues dhe me munges\u00eb t\u00eb theksuar t\u00eb kredibilitetit, d\u00ebshmitar\u00ebt e mbrojtjes kan\u00eb qen\u00eb jasht\u00ebzakonisht t\u00eb fuqish\u00ebm, por ashtu edhe kan\u00eb qen\u00eb edhe t\u00eb besuesh\u00ebm n\u00eb drejtim t\u00eb asaj \u00e7ka n\u00eb fakt kan\u00eb th\u00ebn\u00eb dhe deklarimet, d\u00ebshmit\u00eb e tyre n\u00eb jo pak raste jan\u00eb shoq\u00ebruar edhe me dokumente t\u00eb tjera, me raporte, me kabllograme t\u00eb ndryshme, me theks t\u00eb ve\u00e7ant\u00eb t\u00eb administrat\u00ebs amerikane, \u00e7ka vet\u00ebm e ka forcuar tez\u00ebn, e ka forcuar pik\u00ebpamjen e mbrojtjes n\u00eb raport me munges\u00ebn e struktur\u00ebs, munges\u00ebn e zinxhirit komandues si nj\u00ebra prej elementeve esenciale\u201d, ka theksuar Bajraktari.<\/p>\n<p>Pas deklaratave p\u00ebrmbyll\u00ebse, kur procesit po i vie fundi, pritjet jan\u00eb q\u00eb ish krer\u00ebt e U\u00c7K-s\u00eb t\u00eb lirohen dhe t\u00eb kthehen n\u00eb Kosov\u00eb.<\/p>\n<p>Avokati Bajraktari thot\u00eb se prokuroria nuk ka pasur d\u00ebshmi e as d\u00ebshmitar\u00eb kredibil lidhur me rastin dhe n\u00ebse ka drejt\u00ebsi, ata do t\u00eb lirohen.<\/p>\n<p>\u201cNatyrisht pretendimet e mbrojt\u00ebs n\u00eb bindjen time jan\u00eb t\u00eb q\u00ebndrueshme p\u00ebr faktin se prokuroria edhe p\u00ebrkund\u00ebr faktit q\u00eb ka pasur nj\u00eb num\u00ebr t\u00eb madh provave, nj\u00eb num\u00ebr t\u00eb madh t\u00eb d\u00ebshmive dhe t\u00eb d\u00ebshmitar\u00ebve, nuk kan\u00eb qen\u00eb kredibile, nuk kan\u00eb qen\u00eb t\u00eb besuesh\u00ebm, nuk kan\u00eb qen\u00eb relevant p\u00ebr \u00e7\u00ebshtjen, prandaj besoj q\u00eb prokuroria nuk ka arritur me bind trupin gjykues, n\u00eb rast se p\u00ebr her\u00eb po flasim n\u00ebse ka drejt\u00ebsi dhe ka vendim ekskluzivisht mbi baz\u00ebn e provave. Shto faktin k\u00ebtu q\u00eb nj\u00eb num\u00ebr i konsideruesh\u00ebm i provave jan\u00eb siguruar nga regjimi gjenocidal i Serbis\u00eb, p\u00ebr \u00e7ka natyrisht q\u00eb i b\u00ebn apriori k\u00ebto prova t\u00eb papranueshme dhe n\u00eb kund\u00ebrshtim me vet\u00eb dispozitat e rregullores s\u00eb procedur\u00ebs dhe t\u00eb provave\u201d, ka potencuar ai.<\/p>\n<p>N\u00ebse ndodh\u00eb e kund\u00ebrta, ai paralajm\u00ebron se pasojat do t\u00eb ishin tejet t\u00eb m\u00ebdha p\u00ebr t\u00eb kaluar\u00ebn, t\u00eb tashmen por edhe t\u00eb ardhmen e vendit.N\u00ebse ndodh\u00eb e kund\u00ebrta, ai paralajm\u00ebron se pasojat do t\u00eb ishin tejet t\u00eb m\u00ebdha p\u00ebr t\u00eb kaluar\u00ebn, t\u00eb tashmen por edhe t\u00eb ardhmen e vendit.<\/p>\n<p>\u201cNatyrisht pasojat e d\u00ebnimit eventual do t\u00eb ishin jasht\u00ebzakonisht t\u00eb m\u00ebdha p\u00ebr t\u00eb kaluar\u00ebn, p\u00ebr t\u00eb tashmen, por edhe p\u00ebr t\u00eb ardhmen e vendit ton\u00eb. prandaj me insistimin n\u00eb vazhdim\u00ebsi edhe qytetar\u00ebt, mir\u00ebpo gjith\u00eb secili prej nesh ka k\u00ebrkuar vet\u00ebm drejt\u00ebsi e drejt\u00ebsi n\u00ebnkupton n\u00eb bindjen time pafaj\u00ebsin\u00eb e kat\u00ebrshes s\u00eb U\u00c7K-s\u00eb p\u00ebr faktin se p\u00ebrve\u00e7 q\u00eb nuk jan\u00eb argumentuar tezat e prokuroris\u00eb, natyrisht q\u00eb gjat\u00eb gjith\u00eb ecuris\u00eb s\u00eb procesit t\u00eb luft\u00ebs son\u00eb \u00e7lirimtare ne nuk kemi qen\u00eb vet\u00ebm, kemi qen\u00eb n\u00eb vazhdim\u00ebsi me aleat\u00ebt dhe n\u00eb k\u00ebt\u00eb drejtim natyrisht q\u00eb roli dhe kontributi i zotit Tha\u00e7i ka qen\u00eb krucial n\u00eb drejtim t\u00eb koordinimit t\u00eb tij me theks t\u00eb ve\u00e7ant\u00eb me Shtetet e Bashkuara t\u00eb Amerik\u00ebs. Prandaj politika e U\u00c7K-s\u00eb \u00ebsht\u00eb ajo q\u00eb e ka b\u00ebr\u00eb diferenc\u00ebn me shum\u00eb organizime, shum\u00eb aktivitete paraprake dhe n\u00eb k\u00ebt\u00eb drejtim natyrisht q\u00eb kjo d\u00ebshmon faktin q\u00eb Serbia p\u00ebrmes k\u00ebtyre provave dhe p\u00ebrmes k\u00ebtyre d\u00ebshmive, madje p\u00ebr fat t\u00eb keq edhe disa d\u00ebshmitar\u00ebve shqipfol\u00ebs po p\u00ebrpiqet pik\u00ebrisht k\u00ebt\u00eb aspekt ta atakoj\u00eb\u201d, ka deklaruar avokati Ardian Bajraktari.<\/p>\n","protected":false},"excerpt":{"rendered":"<p>Prishtin\u00eb 21 Shkurt 2026. 08:24. Se populli i Kosov\u00ebs \u00ebsht\u00eb i bindur n\u00eb n\u00ebse ka drejt\u00ebsi, kat\u00ebrshja e U\u00c7K-s\u00eb do t\u00eb lirohet vler\u00ebson avokati Ardian<\/p>\n","protected":false},"author":6,"featured_media":34105,"comment_status":"open","ping_status":"open","sticky":false,"template":"","format":"standard","meta":{"footnotes":""},"categories":[60],"tags":[],"class_list":["post-34104","post","type-post","status-publish","format-standard","has-post-thumbnail","hentry","category-shoqerore-sq"],"yoast_head":"<!-- This site is optimized with the Yoast SEO plugin v25.3.1 - https:\/\/yoast.com\/wordpress\/plugins\/seo\/ -->\n<title>Prokuroria s\u2019ka prova p\u00ebr t\u2019i d\u00ebnuar, n\u00ebse ka drejt\u00ebsi, ish krer\u00ebt e U\u00c7K-s\u00eb do t\u00eb lirohen t\u00eb pafajsh\u00ebm\u201d -<\/title>\n<meta name=\"robots\" content=\"index, follow, max-snippet:-1, max-image-preview:large, max-video-preview:-1\" \/>\n<link rel=\"canonical\" href=\"https:\/\/veritasinfo.org\/?p=34104\" \/>\n<meta property=\"og:locale\" content=\"en_US\" \/>\n<meta property=\"og:type\" content=\"article\" \/>\n<meta property=\"og:title\" content=\"Prokuroria s\u2019ka prova p\u00ebr t\u2019i d\u00ebnuar, n\u00ebse ka drejt\u00ebsi, ish krer\u00ebt e U\u00c7K-s\u00eb do t\u00eb lirohen t\u00eb pafajsh\u00ebm\u201d -\" \/>\n<meta property=\"og:description\" content=\"Prishtin\u00eb 21 Shkurt 2026. 08:24. Se populli i Kosov\u00ebs \u00ebsht\u00eb i bindur n\u00eb n\u00ebse ka drejt\u00ebsi, kat\u00ebrshja e U\u00c7K-s\u00eb do t\u00eb lirohet vler\u00ebson avokati Ardian\" \/>\n<meta property=\"og:url\" content=\"https:\/\/veritasinfo.org\/?p=34104\" \/>\n<meta property=\"article:published_time\" content=\"2026-02-23T07:25:36+00:00\" \/>\n<meta property=\"og:image\" content=\"https:\/\/veritasinfo.org\/wp-content\/uploads\/2026\/02\/kreret.jpg\" \/>\n\t<meta property=\"og:image:width\" content=\"1351\" \/>\n\t<meta property=\"og:image:height\" content=\"758\" \/>\n\t<meta property=\"og:image:type\" content=\"image\/jpeg\" \/>\n<meta name=\"author\" content=\"US5\" \/>\n<meta name=\"twitter:card\" content=\"summary_large_image\" \/>\n<meta name=\"twitter:label1\" content=\"Written by\" \/>\n\t<meta name=\"twitter:data1\" content=\"US5\" \/>\n<script type=\"application\/ld+json\" class=\"yoast-schema-graph\">{\"@context\":\"https:\/\/schema.org\",\"@graph\":[{\"@type\":\"WebPage\",\"@id\":\"https:\/\/veritasinfo.org\/?p=34104\",\"url\":\"https:\/\/veritasinfo.org\/?p=34104\",\"name\":\"Prokuroria s\u2019ka prova p\u00ebr t\u2019i d\u00ebnuar, n\u00ebse ka drejt\u00ebsi, ish krer\u00ebt e U\u00c7K-s\u00eb do t\u00eb lirohen t\u00eb pafajsh\u00ebm\u201d -\",\"isPartOf\":{\"@id\":\"https:\/\/veritasinfo.org\/#website\"},\"primaryImageOfPage\":{\"@id\":\"https:\/\/veritasinfo.org\/?p=34104#primaryimage\"},\"image\":{\"@id\":\"https:\/\/veritasinfo.org\/?p=34104#primaryimage\"},\"thumbnailUrl\":\"https:\/\/veritasinfo.org\/wp-content\/uploads\/2026\/02\/kreret.jpg\",\"datePublished\":\"2026-02-23T07:25:36+00:00\",\"author\":{\"@id\":\"https:\/\/veritasinfo.org\/#\/schema\/person\/bc442336e35414d04494ab8fb45db4c6\"},\"breadcrumb\":{\"@id\":\"https:\/\/veritasinfo.org\/?p=34104#breadcrumb\"},\"inLanguage\":\"en-US\",\"potentialAction\":[{\"@type\":\"ReadAction\",\"target\":[\"https:\/\/veritasinfo.org\/?p=34104\"]}]},{\"@type\":\"ImageObject\",\"inLanguage\":\"en-US\",\"@id\":\"https:\/\/veritasinfo.org\/?p=34104#primaryimage\",\"url\":\"https:\/\/veritasinfo.org\/wp-content\/uploads\/2026\/02\/kreret.jpg\",\"contentUrl\":\"https:\/\/veritasinfo.org\/wp-content\/uploads\/2026\/02\/kreret.jpg\",\"width\":1351,\"height\":758},{\"@type\":\"BreadcrumbList\",\"@id\":\"https:\/\/veritasinfo.org\/?p=34104#breadcrumb\",\"itemListElement\":[{\"@type\":\"ListItem\",\"position\":1,\"name\":\"Home\",\"item\":\"https:\/\/veritasinfo.org\/\"},{\"@type\":\"ListItem\",\"position\":2,\"name\":\"Prokuroria s\u2019ka prova p\u00ebr t\u2019i d\u00ebnuar, n\u00ebse ka drejt\u00ebsi, ish krer\u00ebt e U\u00c7K-s\u00eb do t\u00eb lirohen t\u00eb pafajsh\u00ebm\u201d\"}]},{\"@type\":\"WebSite\",\"@id\":\"https:\/\/veritasinfo.org\/#website\",\"url\":\"https:\/\/veritasinfo.org\/\",\"name\":\"\",\"description\":\"\",\"potentialAction\":[{\"@type\":\"SearchAction\",\"target\":{\"@type\":\"EntryPoint\",\"urlTemplate\":\"https:\/\/veritasinfo.org\/?s={search_term_string}\"},\"query-input\":{\"@type\":\"PropertyValueSpecification\",\"valueRequired\":true,\"valueName\":\"search_term_string\"}}],\"inLanguage\":\"en-US\"},{\"@type\":\"Person\",\"@id\":\"https:\/\/veritasinfo.org\/#\/schema\/person\/bc442336e35414d04494ab8fb45db4c6\",\"name\":\"US5\",\"image\":{\"@type\":\"ImageObject\",\"inLanguage\":\"en-US\",\"@id\":\"https:\/\/veritasinfo.org\/#\/schema\/person\/image\/\",\"url\":\"https:\/\/secure.gravatar.com\/avatar\/16a61e7272a0c5d001121ebb9e60e925d5816e4ac1e443ed3e640d9a6ae55d0c?s=96&d=mm&r=g\",\"contentUrl\":\"https:\/\/secure.gravatar.com\/avatar\/16a61e7272a0c5d001121ebb9e60e925d5816e4ac1e443ed3e640d9a6ae55d0c?s=96&d=mm&r=g\",\"caption\":\"US5\"},\"url\":\"https:\/\/veritasinfo.org\/?author=6\"}]}<\/script>\n<!-- \/ Yoast SEO plugin. -->","yoast_head_json":{"title":"Prokuroria s\u2019ka prova p\u00ebr t\u2019i d\u00ebnuar, n\u00ebse ka drejt\u00ebsi, ish krer\u00ebt e U\u00c7K-s\u00eb do t\u00eb lirohen t\u00eb pafajsh\u00ebm\u201d -","robots":{"index":"index","follow":"follow","max-snippet":"max-snippet:-1","max-image-preview":"max-image-preview:large","max-video-preview":"max-video-preview:-1"},"canonical":"https:\/\/veritasinfo.org\/?p=34104","og_locale":"en_US","og_type":"article","og_title":"Prokuroria s\u2019ka prova p\u00ebr t\u2019i d\u00ebnuar, n\u00ebse ka drejt\u00ebsi, ish krer\u00ebt e U\u00c7K-s\u00eb do t\u00eb lirohen t\u00eb pafajsh\u00ebm\u201d -","og_description":"Prishtin\u00eb 21 Shkurt 2026. 08:24. Se populli i Kosov\u00ebs \u00ebsht\u00eb i bindur n\u00eb n\u00ebse ka drejt\u00ebsi, kat\u00ebrshja e U\u00c7K-s\u00eb do t\u00eb lirohet vler\u00ebson avokati Ardian","og_url":"https:\/\/veritasinfo.org\/?p=34104","article_published_time":"2026-02-23T07:25:36+00:00","og_image":[{"width":1351,"height":758,"url":"https:\/\/veritasinfo.org\/wp-content\/uploads\/2026\/02\/kreret.jpg","type":"image\/jpeg"}],"author":"US5","twitter_card":"summary_large_image","twitter_misc":{"Written by":"US5"},"schema":{"@context":"https:\/\/schema.org","@graph":[{"@type":"WebPage","@id":"https:\/\/veritasinfo.org\/?p=34104","url":"https:\/\/veritasinfo.org\/?p=34104","name":"Prokuroria s\u2019ka prova p\u00ebr t\u2019i d\u00ebnuar, n\u00ebse ka drejt\u00ebsi, ish krer\u00ebt e U\u00c7K-s\u00eb do t\u00eb lirohen t\u00eb pafajsh\u00ebm\u201d -","isPartOf":{"@id":"https:\/\/veritasinfo.org\/#website"},"primaryImageOfPage":{"@id":"https:\/\/veritasinfo.org\/?p=34104#primaryimage"},"image":{"@id":"https:\/\/veritasinfo.org\/?p=34104#primaryimage"},"thumbnailUrl":"https:\/\/veritasinfo.org\/wp-content\/uploads\/2026\/02\/kreret.jpg","datePublished":"2026-02-23T07:25:36+00:00","author":{"@id":"https:\/\/veritasinfo.org\/#\/schema\/person\/bc442336e35414d04494ab8fb45db4c6"},"breadcrumb":{"@id":"https:\/\/veritasinfo.org\/?p=34104#breadcrumb"},"inLanguage":"en-US","potentialAction":[{"@type":"ReadAction","target":["https:\/\/veritasinfo.org\/?p=34104"]}]},{"@type":"ImageObject","inLanguage":"en-US","@id":"https:\/\/veritasinfo.org\/?p=34104#primaryimage","url":"https:\/\/veritasinfo.org\/wp-content\/uploads\/2026\/02\/kreret.jpg","contentUrl":"https:\/\/veritasinfo.org\/wp-content\/uploads\/2026\/02\/kreret.jpg","width":1351,"height":758},{"@type":"BreadcrumbList","@id":"https:\/\/veritasinfo.org\/?p=34104#breadcrumb","itemListElement":[{"@type":"ListItem","position":1,"name":"Home","item":"https:\/\/veritasinfo.org\/"},{"@type":"ListItem","position":2,"name":"Prokuroria s\u2019ka prova p\u00ebr t\u2019i d\u00ebnuar, n\u00ebse ka drejt\u00ebsi, ish krer\u00ebt e U\u00c7K-s\u00eb do t\u00eb lirohen t\u00eb pafajsh\u00ebm\u201d"}]},{"@type":"WebSite","@id":"https:\/\/veritasinfo.org\/#website","url":"https:\/\/veritasinfo.org\/","name":"","description":"","potentialAction":[{"@type":"SearchAction","target":{"@type":"EntryPoint","urlTemplate":"https:\/\/veritasinfo.org\/?s={search_term_string}"},"query-input":{"@type":"PropertyValueSpecification","valueRequired":true,"valueName":"search_term_string"}}],"inLanguage":"en-US"},{"@type":"Person","@id":"https:\/\/veritasinfo.org\/#\/schema\/person\/bc442336e35414d04494ab8fb45db4c6","name":"US5","image":{"@type":"ImageObject","inLanguage":"en-US","@id":"https:\/\/veritasinfo.org\/#\/schema\/person\/image\/","url":"https:\/\/secure.gravatar.com\/avatar\/16a61e7272a0c5d001121ebb9e60e925d5816e4ac1e443ed3e640d9a6ae55d0c?s=96&d=mm&r=g","contentUrl":"https:\/\/secure.gravatar.com\/avatar\/16a61e7272a0c5d001121ebb9e60e925d5816e4ac1e443ed3e640d9a6ae55d0c?s=96&d=mm&r=g","caption":"US5"},"url":"https:\/\/veritasinfo.org\/?author=6"}]}},"featured_image_urls":{"full":["https:\/\/veritasinfo.org\/wp-content\/uploads\/2026\/02\/kreret.jpg",1351,758,false],"thumbnail":["https:\/\/veritasinfo.org\/wp-content\/uploads\/2026\/02\/kreret-150x150.jpg",150,150,true],"medium":["https:\/\/veritasinfo.org\/wp-content\/uploads\/2026\/02\/kreret-300x168.jpg",300,168,true],"medium_large":["https:\/\/veritasinfo.org\/wp-content\/uploads\/2026\/02\/kreret-768x431.jpg",640,359,true],"large":["https:\/\/veritasinfo.org\/wp-content\/uploads\/2026\/02\/kreret-1024x575.jpg",640,359,true],"1536x1536":["https:\/\/veritasinfo.org\/wp-content\/uploads\/2026\/02\/kreret.jpg",1351,758,false],"2048x2048":["https:\/\/veritasinfo.org\/wp-content\/uploads\/2026\/02\/kreret.jpg",1351,758,false],"kreeti-slider-full":["https:\/\/veritasinfo.org\/wp-content\/uploads\/2026\/02\/kreret.jpg",1280,718,false],"kreeti-featured":["https:\/\/veritasinfo.org\/wp-content\/uploads\/2026\/02\/kreret.jpg",1024,575,false],"kreeti-medium":["https:\/\/veritasinfo.org\/wp-content\/uploads\/2026\/02\/kreret.jpg",720,404,false],"kreeti-medium-square":["https:\/\/veritasinfo.org\/wp-content\/uploads\/2026\/02\/kreret.jpg",350,196,false]},"author_info":{"info":["US5"]},"category_info":"<a href=\"https:\/\/veritasinfo.org\/?cat=60\" rel=\"category\">Shoq\u00ebrore<\/a>","tag_info":"Shoq\u00ebrore","comment_count":"0","_links":{"self":[{"href":"https:\/\/veritasinfo.org\/index.php?rest_route=\/wp\/v2\/posts\/34104","targetHints":{"allow":["GET"]}}],"collection":[{"href":"https:\/\/veritasinfo.org\/index.php?rest_route=\/wp\/v2\/posts"}],"about":[{"href":"https:\/\/veritasinfo.org\/index.php?rest_route=\/wp\/v2\/types\/post"}],"author":[{"embeddable":true,"href":"https:\/\/veritasinfo.org\/index.php?rest_route=\/wp\/v2\/users\/6"}],"replies":[{"embeddable":true,"href":"https:\/\/veritasinfo.org\/index.php?rest_route=%2Fwp%2Fv2%2Fcomments&post=34104"}],"version-history":[{"count":1,"href":"https:\/\/veritasinfo.org\/index.php?rest_route=\/wp\/v2\/posts\/34104\/revisions"}],"predecessor-version":[{"id":34106,"href":"https:\/\/veritasinfo.org\/index.php?rest_route=\/wp\/v2\/posts\/34104\/revisions\/34106"}],"wp:featuredmedia":[{"embeddable":true,"href":"https:\/\/veritasinfo.org\/index.php?rest_route=\/wp\/v2\/media\/34105"}],"wp:attachment":[{"href":"https:\/\/veritasinfo.org\/index.php?rest_route=%2Fwp%2Fv2%2Fmedia&parent=34104"}],"wp:term":[{"taxonomy":"category","embeddable":true,"href":"https:\/\/veritasinfo.org\/index.php?rest_route=%2Fwp%2Fv2%2Fcategories&post=34104"},{"taxonomy":"post_tag","embeddable":true,"href":"https:\/\/veritasinfo.org\/index.php?rest_route=%2Fwp%2Fv2%2Ftags&post=34104"}],"curies":[{"name":"wp","href":"https:\/\/api.w.org\/{rel}","templated":true}]}}