{"id":3410,"date":"2025-07-11T08:32:21","date_gmt":"2025-07-11T06:32:21","guid":{"rendered":"https:\/\/veritasinfo.org\/?p=3410"},"modified":"2025-07-11T08:44:43","modified_gmt":"2025-07-11T06:44:43","slug":"kurti-udheton-per-ne-bosnje-dhe-hercegovine-merr-pjese-ne-ceremonine-e-shenimit-te-30-vjetorit-te-gjenocidit-te-srebrenices","status":"publish","type":"post","link":"https:\/\/veritasinfo.org\/?p=3410","title":{"rendered":"Kurti udh\u00ebton p\u00ebr n\u00eb Bosnje dhe Hercegovin\u00eb, merr pjes\u00eb n\u00eb ceremonin\u00eb e sh\u00ebnimit t\u00eb 30-vjetorit t\u00eb gjenocidit t\u00eb Srebrenic\u00ebs"},"content":{"rendered":"<p>Sarajev\u00eb, 11 Korrik 2025<\/p>\n<div class=\"article_intro\">Kryeministri n\u00eb detyr\u00eb i Republik\u00ebs s\u00eb Kosov\u00ebs, Albin Kurti, ka udh\u00ebtuar p\u00ebr n\u00eb Bosnje dhe Hercegovin\u00eb p\u00ebr t\u00eb marr\u00eb pjes\u00eb n\u00eb ceremonin\u00eb e sh\u00ebnimit t\u00eb 30-vjetorit t\u00eb gjenocidit n\u00eb Srebrenic\u00eb, q\u00eb do t\u00eb mbahet sot n\u00eb Qendr\u00ebn Memoriale t\u00eb Srebrenic\u00ebs n\u00eb Poto\u00e7arin.<\/div>\n<div class=\"article_content\">\n<div class=\"code-block code-block-8\">\n<div id=\"futureads_d773fe1afb07405e8d2f0e46933877d3_zone_104122_sect_47401_site_41437\" data-sender=\"futureads\">Kryeministri Kurti do t\u00eb udh\u00ebheq\u00eb delegacionin e Republik\u00ebs s\u00eb Kosov\u00ebs t\u00eb p\u00ebrb\u00ebr\u00eb nga z\u00ebvend\u00ebskryeministrja n\u00eb detyr\u00eb dhe ministrja n\u00eb detyr\u00eb e Pun\u00ebve t\u00eb Jashtme dhe Diaspor\u00ebs, Donika G\u00ebrvalla dhe z\u00ebvend\u00ebskryeministrja e tret\u00eb n\u00eb detyr\u00eb, Emilija Rexhepi, e cila vjen nga radh\u00ebt e komunitetit boshnjak n\u00eb Kosov\u00eb.<\/div>\n<\/div>\n<p>Vitin e kaluar, Qeveria e Republik\u00ebs s\u00eb Kosov\u00ebs dat\u00ebn 11 korrik e ka shpallur dit\u00eb p\u00ebrkujtimore p\u00ebr gjenocidin e Srebrenic\u00ebs<\/p>\n<\/div>\n<p>&nbsp;<\/p>\n","protected":false},"excerpt":{"rendered":"<p>Sarajev\u00eb, 11 Korrik 2025 Kryeministri n\u00eb detyr\u00eb i Republik\u00ebs s\u00eb Kosov\u00ebs, Albin Kurti, ka udh\u00ebtuar p\u00ebr n\u00eb Bosnje dhe Hercegovin\u00eb p\u00ebr t\u00eb marr\u00eb pjes\u00eb n\u00eb<\/p>\n","protected":false},"author":1,"featured_media":3413,"comment_status":"open","ping_status":"open","sticky":false,"template":"","format":"standard","meta":{"footnotes":""},"categories":[58],"tags":[],"class_list":["post-3410","post","type-post","status-publish","format-standard","has-post-thumbnail","hentry","category-politike-sq"],"yoast_head":"<!-- This site is optimized with the Yoast SEO plugin v25.3.1 - https:\/\/yoast.com\/wordpress\/plugins\/seo\/ -->\n<title>Kurti udh\u00ebton p\u00ebr n\u00eb Bosnje dhe Hercegovin\u00eb, merr pjes\u00eb n\u00eb ceremonin\u00eb e sh\u00ebnimit t\u00eb 30-vjetorit t\u00eb gjenocidit t\u00eb Srebrenic\u00ebs -<\/title>\n<meta name=\"robots\" content=\"index, follow, max-snippet:-1, max-image-preview:large, max-video-preview:-1\" \/>\n<link rel=\"canonical\" href=\"https:\/\/veritasinfo.org\/?p=3410\" \/>\n<meta property=\"og:locale\" content=\"en_US\" \/>\n<meta property=\"og:type\" content=\"article\" \/>\n<meta property=\"og:title\" content=\"Kurti udh\u00ebton p\u00ebr n\u00eb Bosnje dhe Hercegovin\u00eb, merr pjes\u00eb n\u00eb ceremonin\u00eb e sh\u00ebnimit t\u00eb 30-vjetorit t\u00eb gjenocidit t\u00eb Srebrenic\u00ebs -\" \/>\n<meta property=\"og:description\" content=\"Sarajev\u00eb, 11 Korrik 2025 Kryeministri n\u00eb detyr\u00eb i Republik\u00ebs s\u00eb Kosov\u00ebs, Albin Kurti, ka udh\u00ebtuar p\u00ebr n\u00eb Bosnje dhe Hercegovin\u00eb p\u00ebr t\u00eb marr\u00eb pjes\u00eb n\u00eb\" \/>\n<meta property=\"og:url\" content=\"https:\/\/veritasinfo.org\/?p=3410\" \/>\n<meta property=\"article:published_time\" content=\"2025-07-11T06:32:21+00:00\" \/>\n<meta property=\"article:modified_time\" content=\"2025-07-11T06:44:43+00:00\" \/>\n<meta property=\"og:image\" content=\"https:\/\/veritasinfo.org\/wp-content\/uploads\/2025\/07\/IMG_1826.jpeg\" \/>\n\t<meta property=\"og:image:width\" content=\"960\" \/>\n\t<meta property=\"og:image:height\" content=\"640\" \/>\n\t<meta property=\"og:image:type\" content=\"image\/jpeg\" \/>\n<meta name=\"author\" content=\"admin\" \/>\n<meta name=\"twitter:card\" content=\"summary_large_image\" \/>\n<meta name=\"twitter:label1\" content=\"Written by\" \/>\n\t<meta name=\"twitter:data1\" content=\"admin\" \/>\n\t<meta name=\"twitter:label2\" content=\"Est. reading time\" \/>\n\t<meta name=\"twitter:data2\" content=\"1 minute\" \/>\n<script type=\"application\/ld+json\" class=\"yoast-schema-graph\">{\"@context\":\"https:\/\/schema.org\",\"@graph\":[{\"@type\":\"WebPage\",\"@id\":\"https:\/\/veritasinfo.org\/?p=3410\",\"url\":\"https:\/\/veritasinfo.org\/?p=3410\",\"name\":\"Kurti udh\u00ebton p\u00ebr n\u00eb Bosnje dhe Hercegovin\u00eb, merr pjes\u00eb n\u00eb ceremonin\u00eb e sh\u00ebnimit t\u00eb 30-vjetorit t\u00eb gjenocidit t\u00eb Srebrenic\u00ebs -\",\"isPartOf\":{\"@id\":\"https:\/\/veritasinfo.org\/#website\"},\"primaryImageOfPage\":{\"@id\":\"https:\/\/veritasinfo.org\/?p=3410#primaryimage\"},\"image\":{\"@id\":\"https:\/\/veritasinfo.org\/?p=3410#primaryimage\"},\"thumbnailUrl\":\"https:\/\/veritasinfo.org\/wp-content\/uploads\/2025\/07\/IMG_1826.jpeg\",\"datePublished\":\"2025-07-11T06:32:21+00:00\",\"dateModified\":\"2025-07-11T06:44:43+00:00\",\"author\":{\"@id\":\"https:\/\/veritasinfo.org\/#\/schema\/person\/7701f8c088bece422266b100a712374f\"},\"breadcrumb\":{\"@id\":\"https:\/\/veritasinfo.org\/?p=3410#breadcrumb\"},\"inLanguage\":\"en-US\",\"potentialAction\":[{\"@type\":\"ReadAction\",\"target\":[\"https:\/\/veritasinfo.org\/?p=3410\"]}]},{\"@type\":\"ImageObject\",\"inLanguage\":\"en-US\",\"@id\":\"https:\/\/veritasinfo.org\/?p=3410#primaryimage\",\"url\":\"https:\/\/veritasinfo.org\/wp-content\/uploads\/2025\/07\/IMG_1826.jpeg\",\"contentUrl\":\"https:\/\/veritasinfo.org\/wp-content\/uploads\/2025\/07\/IMG_1826.jpeg\",\"width\":960,\"height\":640},{\"@type\":\"BreadcrumbList\",\"@id\":\"https:\/\/veritasinfo.org\/?p=3410#breadcrumb\",\"itemListElement\":[{\"@type\":\"ListItem\",\"position\":1,\"name\":\"Home\",\"item\":\"https:\/\/veritasinfo.org\/\"},{\"@type\":\"ListItem\",\"position\":2,\"name\":\"Kurti udh\u00ebton p\u00ebr n\u00eb Bosnje dhe Hercegovin\u00eb, merr pjes\u00eb n\u00eb ceremonin\u00eb e sh\u00ebnimit t\u00eb 30-vjetorit t\u00eb gjenocidit t\u00eb Srebrenic\u00ebs\"}]},{\"@type\":\"WebSite\",\"@id\":\"https:\/\/veritasinfo.org\/#website\",\"url\":\"https:\/\/veritasinfo.org\/\",\"name\":\"\",\"description\":\"\",\"potentialAction\":[{\"@type\":\"SearchAction\",\"target\":{\"@type\":\"EntryPoint\",\"urlTemplate\":\"https:\/\/veritasinfo.org\/?s={search_term_string}\"},\"query-input\":{\"@type\":\"PropertyValueSpecification\",\"valueRequired\":true,\"valueName\":\"search_term_string\"}}],\"inLanguage\":\"en-US\"},{\"@type\":\"Person\",\"@id\":\"https:\/\/veritasinfo.org\/#\/schema\/person\/7701f8c088bece422266b100a712374f\",\"name\":\"admin\",\"image\":{\"@type\":\"ImageObject\",\"inLanguage\":\"en-US\",\"@id\":\"https:\/\/veritasinfo.org\/#\/schema\/person\/image\/\",\"url\":\"https:\/\/secure.gravatar.com\/avatar\/ea53aa3bf6c9a12d5fde8ce4deff43fef3885ae33cf60184161a50d6987cfd2f?s=96&d=mm&r=g\",\"contentUrl\":\"https:\/\/secure.gravatar.com\/avatar\/ea53aa3bf6c9a12d5fde8ce4deff43fef3885ae33cf60184161a50d6987cfd2f?s=96&d=mm&r=g\",\"caption\":\"admin\"},\"sameAs\":[\"https:\/\/veritasinfo.org\"],\"url\":\"https:\/\/veritasinfo.org\/?author=1\"}]}<\/script>\n<!-- \/ Yoast SEO plugin. -->","yoast_head_json":{"title":"Kurti udh\u00ebton p\u00ebr n\u00eb Bosnje dhe Hercegovin\u00eb, merr pjes\u00eb n\u00eb ceremonin\u00eb e sh\u00ebnimit t\u00eb 30-vjetorit t\u00eb gjenocidit t\u00eb Srebrenic\u00ebs -","robots":{"index":"index","follow":"follow","max-snippet":"max-snippet:-1","max-image-preview":"max-image-preview:large","max-video-preview":"max-video-preview:-1"},"canonical":"https:\/\/veritasinfo.org\/?p=3410","og_locale":"en_US","og_type":"article","og_title":"Kurti udh\u00ebton p\u00ebr n\u00eb Bosnje dhe Hercegovin\u00eb, merr pjes\u00eb n\u00eb ceremonin\u00eb e sh\u00ebnimit t\u00eb 30-vjetorit t\u00eb gjenocidit t\u00eb Srebrenic\u00ebs -","og_description":"Sarajev\u00eb, 11 Korrik 2025 Kryeministri n\u00eb detyr\u00eb i Republik\u00ebs s\u00eb Kosov\u00ebs, Albin Kurti, ka udh\u00ebtuar p\u00ebr n\u00eb Bosnje dhe Hercegovin\u00eb p\u00ebr t\u00eb marr\u00eb pjes\u00eb n\u00eb","og_url":"https:\/\/veritasinfo.org\/?p=3410","article_published_time":"2025-07-11T06:32:21+00:00","article_modified_time":"2025-07-11T06:44:43+00:00","og_image":[{"width":960,"height":640,"url":"https:\/\/veritasinfo.org\/wp-content\/uploads\/2025\/07\/IMG_1826.jpeg","type":"image\/jpeg"}],"author":"admin","twitter_card":"summary_large_image","twitter_misc":{"Written by":"admin","Est. reading time":"1 minute"},"schema":{"@context":"https:\/\/schema.org","@graph":[{"@type":"WebPage","@id":"https:\/\/veritasinfo.org\/?p=3410","url":"https:\/\/veritasinfo.org\/?p=3410","name":"Kurti udh\u00ebton p\u00ebr n\u00eb Bosnje dhe Hercegovin\u00eb, merr pjes\u00eb n\u00eb ceremonin\u00eb e sh\u00ebnimit t\u00eb 30-vjetorit t\u00eb gjenocidit t\u00eb Srebrenic\u00ebs -","isPartOf":{"@id":"https:\/\/veritasinfo.org\/#website"},"primaryImageOfPage":{"@id":"https:\/\/veritasinfo.org\/?p=3410#primaryimage"},"image":{"@id":"https:\/\/veritasinfo.org\/?p=3410#primaryimage"},"thumbnailUrl":"https:\/\/veritasinfo.org\/wp-content\/uploads\/2025\/07\/IMG_1826.jpeg","datePublished":"2025-07-11T06:32:21+00:00","dateModified":"2025-07-11T06:44:43+00:00","author":{"@id":"https:\/\/veritasinfo.org\/#\/schema\/person\/7701f8c088bece422266b100a712374f"},"breadcrumb":{"@id":"https:\/\/veritasinfo.org\/?p=3410#breadcrumb"},"inLanguage":"en-US","potentialAction":[{"@type":"ReadAction","target":["https:\/\/veritasinfo.org\/?p=3410"]}]},{"@type":"ImageObject","inLanguage":"en-US","@id":"https:\/\/veritasinfo.org\/?p=3410#primaryimage","url":"https:\/\/veritasinfo.org\/wp-content\/uploads\/2025\/07\/IMG_1826.jpeg","contentUrl":"https:\/\/veritasinfo.org\/wp-content\/uploads\/2025\/07\/IMG_1826.jpeg","width":960,"height":640},{"@type":"BreadcrumbList","@id":"https:\/\/veritasinfo.org\/?p=3410#breadcrumb","itemListElement":[{"@type":"ListItem","position":1,"name":"Home","item":"https:\/\/veritasinfo.org\/"},{"@type":"ListItem","position":2,"name":"Kurti udh\u00ebton p\u00ebr n\u00eb Bosnje dhe Hercegovin\u00eb, merr pjes\u00eb n\u00eb ceremonin\u00eb e sh\u00ebnimit t\u00eb 30-vjetorit t\u00eb gjenocidit t\u00eb Srebrenic\u00ebs"}]},{"@type":"WebSite","@id":"https:\/\/veritasinfo.org\/#website","url":"https:\/\/veritasinfo.org\/","name":"","description":"","potentialAction":[{"@type":"SearchAction","target":{"@type":"EntryPoint","urlTemplate":"https:\/\/veritasinfo.org\/?s={search_term_string}"},"query-input":{"@type":"PropertyValueSpecification","valueRequired":true,"valueName":"search_term_string"}}],"inLanguage":"en-US"},{"@type":"Person","@id":"https:\/\/veritasinfo.org\/#\/schema\/person\/7701f8c088bece422266b100a712374f","name":"admin","image":{"@type":"ImageObject","inLanguage":"en-US","@id":"https:\/\/veritasinfo.org\/#\/schema\/person\/image\/","url":"https:\/\/secure.gravatar.com\/avatar\/ea53aa3bf6c9a12d5fde8ce4deff43fef3885ae33cf60184161a50d6987cfd2f?s=96&d=mm&r=g","contentUrl":"https:\/\/secure.gravatar.com\/avatar\/ea53aa3bf6c9a12d5fde8ce4deff43fef3885ae33cf60184161a50d6987cfd2f?s=96&d=mm&r=g","caption":"admin"},"sameAs":["https:\/\/veritasinfo.org"],"url":"https:\/\/veritasinfo.org\/?author=1"}]}},"featured_image_urls":{"full":["https:\/\/veritasinfo.org\/wp-content\/uploads\/2025\/07\/IMG_1826.jpeg",960,640,false],"thumbnail":["https:\/\/veritasinfo.org\/wp-content\/uploads\/2025\/07\/IMG_1826-150x150.jpeg",150,150,true],"medium":["https:\/\/veritasinfo.org\/wp-content\/uploads\/2025\/07\/IMG_1826-300x200.jpeg",300,200,true],"medium_large":["https:\/\/veritasinfo.org\/wp-content\/uploads\/2025\/07\/IMG_1826-768x512.jpeg",640,427,true],"large":["https:\/\/veritasinfo.org\/wp-content\/uploads\/2025\/07\/IMG_1826.jpeg",640,427,false],"1536x1536":["https:\/\/veritasinfo.org\/wp-content\/uploads\/2025\/07\/IMG_1826.jpeg",960,640,false],"2048x2048":["https:\/\/veritasinfo.org\/wp-content\/uploads\/2025\/07\/IMG_1826.jpeg",960,640,false],"kreeti-slider-full":["https:\/\/veritasinfo.org\/wp-content\/uploads\/2025\/07\/IMG_1826.jpeg",960,640,false],"kreeti-featured":["https:\/\/veritasinfo.org\/wp-content\/uploads\/2025\/07\/IMG_1826.jpeg",960,640,false],"kreeti-medium":["https:\/\/veritasinfo.org\/wp-content\/uploads\/2025\/07\/IMG_1826.jpeg",720,480,false],"kreeti-medium-square":["https:\/\/veritasinfo.org\/wp-content\/uploads\/2025\/07\/IMG_1826.jpeg",350,233,false]},"author_info":{"info":["admin"]},"category_info":"<a href=\"https:\/\/veritasinfo.org\/?cat=58\" rel=\"category\">Politik\u00eb<\/a>","tag_info":"Politik\u00eb","comment_count":"0","_links":{"self":[{"href":"https:\/\/veritasinfo.org\/index.php?rest_route=\/wp\/v2\/posts\/3410","targetHints":{"allow":["GET"]}}],"collection":[{"href":"https:\/\/veritasinfo.org\/index.php?rest_route=\/wp\/v2\/posts"}],"about":[{"href":"https:\/\/veritasinfo.org\/index.php?rest_route=\/wp\/v2\/types\/post"}],"author":[{"embeddable":true,"href":"https:\/\/veritasinfo.org\/index.php?rest_route=\/wp\/v2\/users\/1"}],"replies":[{"embeddable":true,"href":"https:\/\/veritasinfo.org\/index.php?rest_route=%2Fwp%2Fv2%2Fcomments&post=3410"}],"version-history":[{"count":1,"href":"https:\/\/veritasinfo.org\/index.php?rest_route=\/wp\/v2\/posts\/3410\/revisions"}],"predecessor-version":[{"id":3412,"href":"https:\/\/veritasinfo.org\/index.php?rest_route=\/wp\/v2\/posts\/3410\/revisions\/3412"}],"wp:featuredmedia":[{"embeddable":true,"href":"https:\/\/veritasinfo.org\/index.php?rest_route=\/wp\/v2\/media\/3413"}],"wp:attachment":[{"href":"https:\/\/veritasinfo.org\/index.php?rest_route=%2Fwp%2Fv2%2Fmedia&parent=3410"}],"wp:term":[{"taxonomy":"category","embeddable":true,"href":"https:\/\/veritasinfo.org\/index.php?rest_route=%2Fwp%2Fv2%2Fcategories&post=3410"},{"taxonomy":"post_tag","embeddable":true,"href":"https:\/\/veritasinfo.org\/index.php?rest_route=%2Fwp%2Fv2%2Ftags&post=3410"}],"curies":[{"name":"wp","href":"https:\/\/api.w.org\/{rel}","templated":true}]}}