{"id":34088,"date":"2026-02-23T08:06:03","date_gmt":"2026-02-23T07:06:03","guid":{"rendered":"https:\/\/veritasinfo.org\/?p=34088"},"modified":"2026-02-23T08:06:03","modified_gmt":"2026-02-23T07:06:03","slug":"sinani-falenderon-kurtin-per-mbeshtetjen-buxhetore-ndaj-lugines","status":"publish","type":"post","link":"https:\/\/veritasinfo.org\/?p=34088","title":{"rendered":"Sinani fal\u00ebnderon Kurtin p\u00ebr mb\u00ebshtetjen buxhetore ndaj Lugin\u00ebs"},"content":{"rendered":"<p>Prishtin\u00eb 23 Shkurt 2026 08:04<\/p>\n<p>Kryetarja e Komun\u00ebs s\u00eb Preshev\u00ebs, Ardita Sinani, ka shprehur mir\u00ebnjohjen e saj ndaj Kryeministrit t\u00eb Kosov\u00ebs, Albin Kurti, p\u00ebr vendimin e Qeveris\u00eb s\u00eb Kosov\u00ebs q\u00eb siguron 4 milion\u00eb euro mb\u00ebshtetje p\u00ebr Lugin\u00ebn e Preshev\u00ebs p\u00ebr vitin 2026.<\/p>\n<p>Sinani theksoi se kjo rritje e fondeve \u00ebsht\u00eb rezultat i k\u00ebrkes\u00ebs institucionale t\u00eb komun\u00ebs dhe reflekton nj\u00eb vendimmarrje konkrete, duke d\u00ebshmuar partneritet t\u00eb q\u00ebndruesh\u00ebm dhe p\u00ebrkushtim ndaj shqiptar\u00ebve t\u00eb Preshev\u00ebs, Bujanocit dhe Medvegj\u00ebs.<\/p>\n<p>\u201cFal\u00eb k\u00ebsaj mb\u00ebshtetjeje, hapen mund\u00ebsi t\u00eb reja zhvillimi n\u00eb arsim, kultur\u00eb, ekonomi dhe ruajtje t\u00eb identitetit komb\u00ebtar,\u201d tha Sinani, duke n\u00ebnvizuar r\u00ebnd\u00ebsin\u00eb e investimeve p\u00ebr komunitetin lokal.<\/p>\n<p>Ky vendim pritet t\u00eb ndikoj\u00eb drejtp\u00ebrdrejt n\u00eb p\u00ebrmir\u00ebsimin e kushteve jet\u00ebsore dhe n\u00eb zhvillimin e projekteve q\u00eb fuqizojn\u00eb identitetin dhe mir\u00ebqenien e shqiptar\u00ebve n\u00eb Lugin\u00ebn e Preshev\u00ebs.<\/p>\n<p>Kujtojm\u00eb se qeveria e Kosov\u00ebs ka mb\u00ebshtetur Lugin\u00ebn e Preshev\u00ebs me fonde t\u00eb ve\u00e7anta edhe n\u00eb vitet e m\u00ebparshme. N\u00eb vitin 2022, p\u00ebr her\u00eb t\u00eb par\u00eb u vendos nj\u00eb fond shtet\u00ebror prej 2 milion\u00eb eurosh, duke krijuar nj\u00eb linj\u00eb buxhetore, e cila k\u00ebt\u00eb vit arrin n\u00eb 4 milion\u00eb euro.<\/p>\n","protected":false},"excerpt":{"rendered":"<p>Prishtin\u00eb 23 Shkurt 2026 08:04 Kryetarja e Komun\u00ebs s\u00eb Preshev\u00ebs, Ardita Sinani, ka shprehur mir\u00ebnjohjen e saj ndaj Kryeministrit t\u00eb Kosov\u00ebs, Albin Kurti, p\u00ebr vendimin<\/p>\n","protected":false},"author":6,"featured_media":34089,"comment_status":"open","ping_status":"open","sticky":false,"template":"","format":"standard","meta":{"footnotes":""},"categories":[60],"tags":[],"class_list":["post-34088","post","type-post","status-publish","format-standard","has-post-thumbnail","hentry","category-shoqerore-sq"],"yoast_head":"<!-- This site is optimized with the Yoast SEO plugin v25.3.1 - https:\/\/yoast.com\/wordpress\/plugins\/seo\/ -->\n<title>Sinani fal\u00ebnderon Kurtin p\u00ebr mb\u00ebshtetjen buxhetore ndaj Lugin\u00ebs -<\/title>\n<meta name=\"robots\" content=\"index, follow, max-snippet:-1, max-image-preview:large, max-video-preview:-1\" \/>\n<link rel=\"canonical\" href=\"https:\/\/veritasinfo.org\/?p=34088\" \/>\n<meta property=\"og:locale\" content=\"en_US\" \/>\n<meta property=\"og:type\" content=\"article\" \/>\n<meta property=\"og:title\" content=\"Sinani fal\u00ebnderon Kurtin p\u00ebr mb\u00ebshtetjen buxhetore ndaj Lugin\u00ebs -\" \/>\n<meta property=\"og:description\" content=\"Prishtin\u00eb 23 Shkurt 2026 08:04 Kryetarja e Komun\u00ebs s\u00eb Preshev\u00ebs, Ardita Sinani, ka shprehur mir\u00ebnjohjen e saj ndaj Kryeministrit t\u00eb Kosov\u00ebs, Albin Kurti, p\u00ebr vendimin\" \/>\n<meta property=\"og:url\" content=\"https:\/\/veritasinfo.org\/?p=34088\" \/>\n<meta property=\"article:published_time\" content=\"2026-02-23T07:06:03+00:00\" \/>\n<meta property=\"og:image\" content=\"https:\/\/veritasinfo.org\/wp-content\/uploads\/2026\/02\/auto_641372003_1367580432078942_6562636119930340240_n1771798519.jpg\" \/>\n\t<meta property=\"og:image:width\" content=\"900\" \/>\n\t<meta property=\"og:image:height\" content=\"473\" \/>\n\t<meta property=\"og:image:type\" content=\"image\/jpeg\" \/>\n<meta name=\"author\" content=\"US5\" \/>\n<meta name=\"twitter:card\" content=\"summary_large_image\" \/>\n<meta name=\"twitter:label1\" content=\"Written by\" \/>\n\t<meta name=\"twitter:data1\" content=\"US5\" \/>\n<script type=\"application\/ld+json\" class=\"yoast-schema-graph\">{\"@context\":\"https:\/\/schema.org\",\"@graph\":[{\"@type\":\"WebPage\",\"@id\":\"https:\/\/veritasinfo.org\/?p=34088\",\"url\":\"https:\/\/veritasinfo.org\/?p=34088\",\"name\":\"Sinani fal\u00ebnderon Kurtin p\u00ebr mb\u00ebshtetjen buxhetore ndaj Lugin\u00ebs -\",\"isPartOf\":{\"@id\":\"https:\/\/veritasinfo.org\/#website\"},\"primaryImageOfPage\":{\"@id\":\"https:\/\/veritasinfo.org\/?p=34088#primaryimage\"},\"image\":{\"@id\":\"https:\/\/veritasinfo.org\/?p=34088#primaryimage\"},\"thumbnailUrl\":\"https:\/\/veritasinfo.org\/wp-content\/uploads\/2026\/02\/auto_641372003_1367580432078942_6562636119930340240_n1771798519.jpg\",\"datePublished\":\"2026-02-23T07:06:03+00:00\",\"author\":{\"@id\":\"https:\/\/veritasinfo.org\/#\/schema\/person\/bc442336e35414d04494ab8fb45db4c6\"},\"breadcrumb\":{\"@id\":\"https:\/\/veritasinfo.org\/?p=34088#breadcrumb\"},\"inLanguage\":\"en-US\",\"potentialAction\":[{\"@type\":\"ReadAction\",\"target\":[\"https:\/\/veritasinfo.org\/?p=34088\"]}]},{\"@type\":\"ImageObject\",\"inLanguage\":\"en-US\",\"@id\":\"https:\/\/veritasinfo.org\/?p=34088#primaryimage\",\"url\":\"https:\/\/veritasinfo.org\/wp-content\/uploads\/2026\/02\/auto_641372003_1367580432078942_6562636119930340240_n1771798519.jpg\",\"contentUrl\":\"https:\/\/veritasinfo.org\/wp-content\/uploads\/2026\/02\/auto_641372003_1367580432078942_6562636119930340240_n1771798519.jpg\",\"width\":900,\"height\":473},{\"@type\":\"BreadcrumbList\",\"@id\":\"https:\/\/veritasinfo.org\/?p=34088#breadcrumb\",\"itemListElement\":[{\"@type\":\"ListItem\",\"position\":1,\"name\":\"Home\",\"item\":\"https:\/\/veritasinfo.org\/\"},{\"@type\":\"ListItem\",\"position\":2,\"name\":\"Sinani fal\u00ebnderon Kurtin p\u00ebr mb\u00ebshtetjen buxhetore ndaj Lugin\u00ebs\"}]},{\"@type\":\"WebSite\",\"@id\":\"https:\/\/veritasinfo.org\/#website\",\"url\":\"https:\/\/veritasinfo.org\/\",\"name\":\"\",\"description\":\"\",\"potentialAction\":[{\"@type\":\"SearchAction\",\"target\":{\"@type\":\"EntryPoint\",\"urlTemplate\":\"https:\/\/veritasinfo.org\/?s={search_term_string}\"},\"query-input\":{\"@type\":\"PropertyValueSpecification\",\"valueRequired\":true,\"valueName\":\"search_term_string\"}}],\"inLanguage\":\"en-US\"},{\"@type\":\"Person\",\"@id\":\"https:\/\/veritasinfo.org\/#\/schema\/person\/bc442336e35414d04494ab8fb45db4c6\",\"name\":\"US5\",\"image\":{\"@type\":\"ImageObject\",\"inLanguage\":\"en-US\",\"@id\":\"https:\/\/veritasinfo.org\/#\/schema\/person\/image\/\",\"url\":\"https:\/\/secure.gravatar.com\/avatar\/16a61e7272a0c5d001121ebb9e60e925d5816e4ac1e443ed3e640d9a6ae55d0c?s=96&d=mm&r=g\",\"contentUrl\":\"https:\/\/secure.gravatar.com\/avatar\/16a61e7272a0c5d001121ebb9e60e925d5816e4ac1e443ed3e640d9a6ae55d0c?s=96&d=mm&r=g\",\"caption\":\"US5\"},\"url\":\"https:\/\/veritasinfo.org\/?author=6\"}]}<\/script>\n<!-- \/ Yoast SEO plugin. -->","yoast_head_json":{"title":"Sinani fal\u00ebnderon Kurtin p\u00ebr mb\u00ebshtetjen buxhetore ndaj Lugin\u00ebs -","robots":{"index":"index","follow":"follow","max-snippet":"max-snippet:-1","max-image-preview":"max-image-preview:large","max-video-preview":"max-video-preview:-1"},"canonical":"https:\/\/veritasinfo.org\/?p=34088","og_locale":"en_US","og_type":"article","og_title":"Sinani fal\u00ebnderon Kurtin p\u00ebr mb\u00ebshtetjen buxhetore ndaj Lugin\u00ebs -","og_description":"Prishtin\u00eb 23 Shkurt 2026 08:04 Kryetarja e Komun\u00ebs s\u00eb Preshev\u00ebs, Ardita Sinani, ka shprehur mir\u00ebnjohjen e saj ndaj Kryeministrit t\u00eb Kosov\u00ebs, Albin Kurti, p\u00ebr vendimin","og_url":"https:\/\/veritasinfo.org\/?p=34088","article_published_time":"2026-02-23T07:06:03+00:00","og_image":[{"width":900,"height":473,"url":"https:\/\/veritasinfo.org\/wp-content\/uploads\/2026\/02\/auto_641372003_1367580432078942_6562636119930340240_n1771798519.jpg","type":"image\/jpeg"}],"author":"US5","twitter_card":"summary_large_image","twitter_misc":{"Written by":"US5"},"schema":{"@context":"https:\/\/schema.org","@graph":[{"@type":"WebPage","@id":"https:\/\/veritasinfo.org\/?p=34088","url":"https:\/\/veritasinfo.org\/?p=34088","name":"Sinani fal\u00ebnderon Kurtin p\u00ebr mb\u00ebshtetjen buxhetore ndaj Lugin\u00ebs -","isPartOf":{"@id":"https:\/\/veritasinfo.org\/#website"},"primaryImageOfPage":{"@id":"https:\/\/veritasinfo.org\/?p=34088#primaryimage"},"image":{"@id":"https:\/\/veritasinfo.org\/?p=34088#primaryimage"},"thumbnailUrl":"https:\/\/veritasinfo.org\/wp-content\/uploads\/2026\/02\/auto_641372003_1367580432078942_6562636119930340240_n1771798519.jpg","datePublished":"2026-02-23T07:06:03+00:00","author":{"@id":"https:\/\/veritasinfo.org\/#\/schema\/person\/bc442336e35414d04494ab8fb45db4c6"},"breadcrumb":{"@id":"https:\/\/veritasinfo.org\/?p=34088#breadcrumb"},"inLanguage":"en-US","potentialAction":[{"@type":"ReadAction","target":["https:\/\/veritasinfo.org\/?p=34088"]}]},{"@type":"ImageObject","inLanguage":"en-US","@id":"https:\/\/veritasinfo.org\/?p=34088#primaryimage","url":"https:\/\/veritasinfo.org\/wp-content\/uploads\/2026\/02\/auto_641372003_1367580432078942_6562636119930340240_n1771798519.jpg","contentUrl":"https:\/\/veritasinfo.org\/wp-content\/uploads\/2026\/02\/auto_641372003_1367580432078942_6562636119930340240_n1771798519.jpg","width":900,"height":473},{"@type":"BreadcrumbList","@id":"https:\/\/veritasinfo.org\/?p=34088#breadcrumb","itemListElement":[{"@type":"ListItem","position":1,"name":"Home","item":"https:\/\/veritasinfo.org\/"},{"@type":"ListItem","position":2,"name":"Sinani fal\u00ebnderon Kurtin p\u00ebr mb\u00ebshtetjen buxhetore ndaj Lugin\u00ebs"}]},{"@type":"WebSite","@id":"https:\/\/veritasinfo.org\/#website","url":"https:\/\/veritasinfo.org\/","name":"","description":"","potentialAction":[{"@type":"SearchAction","target":{"@type":"EntryPoint","urlTemplate":"https:\/\/veritasinfo.org\/?s={search_term_string}"},"query-input":{"@type":"PropertyValueSpecification","valueRequired":true,"valueName":"search_term_string"}}],"inLanguage":"en-US"},{"@type":"Person","@id":"https:\/\/veritasinfo.org\/#\/schema\/person\/bc442336e35414d04494ab8fb45db4c6","name":"US5","image":{"@type":"ImageObject","inLanguage":"en-US","@id":"https:\/\/veritasinfo.org\/#\/schema\/person\/image\/","url":"https:\/\/secure.gravatar.com\/avatar\/16a61e7272a0c5d001121ebb9e60e925d5816e4ac1e443ed3e640d9a6ae55d0c?s=96&d=mm&r=g","contentUrl":"https:\/\/secure.gravatar.com\/avatar\/16a61e7272a0c5d001121ebb9e60e925d5816e4ac1e443ed3e640d9a6ae55d0c?s=96&d=mm&r=g","caption":"US5"},"url":"https:\/\/veritasinfo.org\/?author=6"}]}},"featured_image_urls":{"full":["https:\/\/veritasinfo.org\/wp-content\/uploads\/2026\/02\/auto_641372003_1367580432078942_6562636119930340240_n1771798519.jpg",900,473,false],"thumbnail":["https:\/\/veritasinfo.org\/wp-content\/uploads\/2026\/02\/auto_641372003_1367580432078942_6562636119930340240_n1771798519-150x150.jpg",150,150,true],"medium":["https:\/\/veritasinfo.org\/wp-content\/uploads\/2026\/02\/auto_641372003_1367580432078942_6562636119930340240_n1771798519-300x158.jpg",300,158,true],"medium_large":["https:\/\/veritasinfo.org\/wp-content\/uploads\/2026\/02\/auto_641372003_1367580432078942_6562636119930340240_n1771798519-768x404.jpg",640,337,true],"large":["https:\/\/veritasinfo.org\/wp-content\/uploads\/2026\/02\/auto_641372003_1367580432078942_6562636119930340240_n1771798519.jpg",640,336,false],"1536x1536":["https:\/\/veritasinfo.org\/wp-content\/uploads\/2026\/02\/auto_641372003_1367580432078942_6562636119930340240_n1771798519.jpg",900,473,false],"2048x2048":["https:\/\/veritasinfo.org\/wp-content\/uploads\/2026\/02\/auto_641372003_1367580432078942_6562636119930340240_n1771798519.jpg",900,473,false],"kreeti-slider-full":["https:\/\/veritasinfo.org\/wp-content\/uploads\/2026\/02\/auto_641372003_1367580432078942_6562636119930340240_n1771798519.jpg",900,473,false],"kreeti-featured":["https:\/\/veritasinfo.org\/wp-content\/uploads\/2026\/02\/auto_641372003_1367580432078942_6562636119930340240_n1771798519.jpg",900,473,false],"kreeti-medium":["https:\/\/veritasinfo.org\/wp-content\/uploads\/2026\/02\/auto_641372003_1367580432078942_6562636119930340240_n1771798519.jpg",720,378,false],"kreeti-medium-square":["https:\/\/veritasinfo.org\/wp-content\/uploads\/2026\/02\/auto_641372003_1367580432078942_6562636119930340240_n1771798519.jpg",350,184,false]},"author_info":{"info":["US5"]},"category_info":"<a href=\"https:\/\/veritasinfo.org\/?cat=60\" rel=\"category\">Shoq\u00ebrore<\/a>","tag_info":"Shoq\u00ebrore","comment_count":"0","_links":{"self":[{"href":"https:\/\/veritasinfo.org\/index.php?rest_route=\/wp\/v2\/posts\/34088","targetHints":{"allow":["GET"]}}],"collection":[{"href":"https:\/\/veritasinfo.org\/index.php?rest_route=\/wp\/v2\/posts"}],"about":[{"href":"https:\/\/veritasinfo.org\/index.php?rest_route=\/wp\/v2\/types\/post"}],"author":[{"embeddable":true,"href":"https:\/\/veritasinfo.org\/index.php?rest_route=\/wp\/v2\/users\/6"}],"replies":[{"embeddable":true,"href":"https:\/\/veritasinfo.org\/index.php?rest_route=%2Fwp%2Fv2%2Fcomments&post=34088"}],"version-history":[{"count":1,"href":"https:\/\/veritasinfo.org\/index.php?rest_route=\/wp\/v2\/posts\/34088\/revisions"}],"predecessor-version":[{"id":34090,"href":"https:\/\/veritasinfo.org\/index.php?rest_route=\/wp\/v2\/posts\/34088\/revisions\/34090"}],"wp:featuredmedia":[{"embeddable":true,"href":"https:\/\/veritasinfo.org\/index.php?rest_route=\/wp\/v2\/media\/34089"}],"wp:attachment":[{"href":"https:\/\/veritasinfo.org\/index.php?rest_route=%2Fwp%2Fv2%2Fmedia&parent=34088"}],"wp:term":[{"taxonomy":"category","embeddable":true,"href":"https:\/\/veritasinfo.org\/index.php?rest_route=%2Fwp%2Fv2%2Fcategories&post=34088"},{"taxonomy":"post_tag","embeddable":true,"href":"https:\/\/veritasinfo.org\/index.php?rest_route=%2Fwp%2Fv2%2Ftags&post=34088"}],"curies":[{"name":"wp","href":"https:\/\/api.w.org\/{rel}","templated":true}]}}