{"id":34085,"date":"2026-02-23T07:14:10","date_gmt":"2026-02-23T06:14:10","guid":{"rendered":"https:\/\/veritasinfo.org\/?p=34085"},"modified":"2026-02-23T07:14:10","modified_gmt":"2026-02-23T06:14:10","slug":"reakcije-nakon-rasistickih-antialbanskih-skandiranja-navijaca-vardara","status":"publish","type":"post","link":"https:\/\/veritasinfo.org\/?p=34085&lang=sr","title":{"rendered":"Reakcije nakon rasisti\u010dkih antialbanskih skandiranja navija\u010da Vardara"},"content":{"rendered":"<p>Pri\u0161tina, 23. februar 2026. 07:12<\/p>\n<p>Politika unutar i van Makedonije reagovala je na utakmicu dan ranije, gde su navija\u010di Vardara Komitas neprekidno skandirali rasisti\u010dke i antialbanske skandiranja. Biv\u0161i albanski ministar unutra\u0161njih poslova, sada poslanik SP Taulant Bala, izrazio je zabrinutost zbog ovih antialbanskih skandiranja Komitasa. \u201eKao fudbalski navija\u010d, ali i kao \u010dlan albanskog parlamenta, izra\u017eavam duboku zabrinutost zbog incidenata i sna\u017eno osu\u0111ujem nacionalisti\u010dke i rasisti\u010dke uvrede upuc\u0301ene igra\u010dima i osoblju K.F. Ba\u0161kimija 1947 na utakmici odr\u017eanoj ju\u010de u okviru prvenstva Severne Makedonije. Skandiranje protiv Albanaca bilo je veoma ozbiljno i mere i sankcije koje je preduzeo Fudbalski savez u susednoj zemlji trebalo bi da budu podjednako ozbiljne. Ako je evropski i svetski fudbal ove nedelje pokazao solidarnost sa fudbalerom Real Madrida Vinisijusom, isto bi trebalo da se desi i momcima iz tima i osoblja K.F. Ba\u0161kimija 1947 u Severnoj Makedoniji. Bila bi neoprostiva gre\u0161ka ako Severna Makedonija za\u017emuri na ovaj doga\u0111aj!\u201c, rekao je Bala.<\/p>\n<p>Nakon incidenata prethodnog dana, reagovao je zamenik premijera za dobru upravu, Arben Fetai. Osudio je govor mr\u017enje i uvredljive skandiranja koja su se \u010dula tokom sastanka. Nedavni doga\u0111aji dokazuju da se sport u zemlji i dalje suo\u010dava sa pona\u0161anjem koje \u201enema nikakve veze sa duhom sportskog duha, fer-pleja i me\u0111usobnog po\u0161tovanja\u201c. Uvredljiva skandiranja i govor mr\u017enje su apsolutno neprihvatljivi. Najo\u0161trije osu\u0111ujem takve prikaze i odbacujem svaki poku\u0161aj da se oni umanjiju ili opravdaju. Fetai zahteva reakciju Fudbalskog saveza i nadle\u017enih organa da odmah deluju. \u201eO\u010dekujemo da Fudbalski savez i nadle\u017eni organi reaguju profesionalno i odlu\u010dno, \u010dak i do neophodnih sankcija, kako se ovakve situacije nikada vi\u0161e ne bi ponovile\u201c, napisao je Fetai.<\/p>\n<p>Generalni sekretar DUI-ja, Arber Ademi, rekao je da dva ozbiljna incidenta u na\u0161em fudbalu nisu slu\u010dajnost, vec\u0301 su direktna posledica neka\u017enjivosti i tihog ohrabrivanja onih koji kr\u0161e pravila i podsti\u010du mr\u017enju. Kada se na utakmici izme\u0111u Vardara i Ba\u010dmija toleri\u0161e otvoreni govor mr\u017enje, pa \u010dak i koriste specijalne jedinice protiv predstavnika kluba Ba\u010dmi, dok se igra nastavlja kao da se ni\u0161ta nije dogodilo, onda je poruka jasna: standardi se ne primenjuju jednako na sve. Ovo vi\u0161e nije pitanje sportskog rivalstva, vec\u0301 pitanje dostojanstva i jednakosti. Ako se fudbalske institucije ne distanciraju od politi\u010dkih diktata i ne postave jednake standarde za sve, onda c\u0301e veru u fer konkurenciju zameniti verovanje da se rezultat odre\u0111uje van terena, napisao je generalni sekretar DUI-ja Arber Ademi.<\/p>\n<p>Savez za Albance Taravara osudio je nasilje i uvrede na utakmici izme\u0111u Vardara i Ba\u0161kimija dan ranije. Stadion nije mesto za tu\u010de, provokacije i pozive koji poni\u017eavaju gra\u0111ane na etni\u010dkoj osnovi. Ovo nije \u201enavijanje\u201c, ovaj provincijski pristup je ru\u0161enje javnog reda i podsticanje me\u0111uetni\u010dke mr\u017enje. Ono \u0161to se dogodilo na utakmici Vardar \u2013 Ba\u0161kimi je sramota i jasan signal da fudbal u Severnoj Makedoniji klizi ka nasilju i mr\u017enji. A\u0160 zahteva potpunu istragu incidenata na terenu i tribinama, identifikaciju i ka\u017enjavanje organizatora, provokatora i svake osobe koja je podsticala nasilje i mr\u017enju, i stroge mere sportskih tela i bezbednosnih institucija, uklju\u010dujuc\u0301i konkretnu odgovornost za neuspeh kontrole, javlja Alsat.mk<\/p>\n","protected":false},"excerpt":{"rendered":"<p>Pri\u0161tina, 23. februar 2026. 07:12 Politika unutar i van Makedonije reagovala je na utakmicu dan ranije, gde su navija\u010di Vardara Komitas neprekidno skandirali rasisti\u010dke i<\/p>\n","protected":false},"author":7,"featured_media":34083,"comment_status":"open","ping_status":"open","sticky":false,"template":"","format":"standard","meta":{"footnotes":""},"categories":[36],"tags":[],"class_list":["post-34085","post","type-post","status-publish","format-standard","has-post-thumbnail","hentry","category-sport-sr"],"yoast_head":"<!-- This site is optimized with the Yoast SEO plugin v25.3.1 - https:\/\/yoast.com\/wordpress\/plugins\/seo\/ -->\n<title>Reakcije nakon rasisti\u010dkih antialbanskih skandiranja navija\u010da Vardara -<\/title>\n<meta name=\"robots\" content=\"index, follow, max-snippet:-1, max-image-preview:large, max-video-preview:-1\" \/>\n<link rel=\"canonical\" href=\"https:\/\/veritasinfo.org\/?p=34085&lang=sr\" \/>\n<meta property=\"og:locale\" content=\"en_US\" \/>\n<meta property=\"og:type\" content=\"article\" \/>\n<meta property=\"og:title\" content=\"Reakcije nakon rasisti\u010dkih antialbanskih skandiranja navija\u010da Vardara -\" \/>\n<meta property=\"og:description\" content=\"Pri\u0161tina, 23. februar 2026. 07:12 Politika unutar i van Makedonije reagovala je na utakmicu dan ranije, gde su navija\u010di Vardara Komitas neprekidno skandirali rasisti\u010dke i\" \/>\n<meta property=\"og:url\" content=\"https:\/\/veritasinfo.org\/?p=34085&amp;lang=sr\" \/>\n<meta property=\"article:published_time\" content=\"2026-02-23T06:14:10+00:00\" \/>\n<meta property=\"og:image\" content=\"https:\/\/veritasinfo.org\/wp-content\/uploads\/2026\/02\/705312_Incidenti-111.webp\" \/>\n\t<meta property=\"og:image:width\" content=\"900\" \/>\n\t<meta property=\"og:image:height\" content=\"499\" \/>\n\t<meta property=\"og:image:type\" content=\"image\/webp\" \/>\n<meta name=\"author\" content=\"US6\" \/>\n<meta name=\"twitter:card\" content=\"summary_large_image\" \/>\n<meta name=\"twitter:label1\" content=\"Written by\" \/>\n\t<meta name=\"twitter:data1\" content=\"US6\" \/>\n\t<meta name=\"twitter:label2\" content=\"Est. reading time\" \/>\n\t<meta name=\"twitter:data2\" content=\"3 minutes\" \/>\n<script type=\"application\/ld+json\" class=\"yoast-schema-graph\">{\"@context\":\"https:\/\/schema.org\",\"@graph\":[{\"@type\":\"WebPage\",\"@id\":\"https:\/\/veritasinfo.org\/?p=34085&lang=sr\",\"url\":\"https:\/\/veritasinfo.org\/?p=34085&lang=sr\",\"name\":\"Reakcije nakon rasisti\u010dkih antialbanskih skandiranja navija\u010da Vardara -\",\"isPartOf\":{\"@id\":\"https:\/\/veritasinfo.org\/#website\"},\"primaryImageOfPage\":{\"@id\":\"https:\/\/veritasinfo.org\/?p=34085&lang=sr#primaryimage\"},\"image\":{\"@id\":\"https:\/\/veritasinfo.org\/?p=34085&lang=sr#primaryimage\"},\"thumbnailUrl\":\"https:\/\/veritasinfo.org\/wp-content\/uploads\/2026\/02\/705312_Incidenti-111.webp\",\"datePublished\":\"2026-02-23T06:14:10+00:00\",\"author\":{\"@id\":\"https:\/\/veritasinfo.org\/#\/schema\/person\/fe199eede04c3937362892b7444747cc\"},\"breadcrumb\":{\"@id\":\"https:\/\/veritasinfo.org\/?p=34085&lang=sr#breadcrumb\"},\"inLanguage\":\"en-US\",\"potentialAction\":[{\"@type\":\"ReadAction\",\"target\":[\"https:\/\/veritasinfo.org\/?p=34085&lang=sr\"]}]},{\"@type\":\"ImageObject\",\"inLanguage\":\"en-US\",\"@id\":\"https:\/\/veritasinfo.org\/?p=34085&lang=sr#primaryimage\",\"url\":\"https:\/\/veritasinfo.org\/wp-content\/uploads\/2026\/02\/705312_Incidenti-111.webp\",\"contentUrl\":\"https:\/\/veritasinfo.org\/wp-content\/uploads\/2026\/02\/705312_Incidenti-111.webp\",\"width\":900,\"height\":499},{\"@type\":\"BreadcrumbList\",\"@id\":\"https:\/\/veritasinfo.org\/?p=34085&lang=sr#breadcrumb\",\"itemListElement\":[{\"@type\":\"ListItem\",\"position\":1,\"name\":\"Home\",\"item\":\"https:\/\/veritasinfo.org\/\"},{\"@type\":\"ListItem\",\"position\":2,\"name\":\"Reakcije nakon rasisti\u010dkih antialbanskih skandiranja navija\u010da Vardara\"}]},{\"@type\":\"WebSite\",\"@id\":\"https:\/\/veritasinfo.org\/#website\",\"url\":\"https:\/\/veritasinfo.org\/\",\"name\":\"\",\"description\":\"\",\"potentialAction\":[{\"@type\":\"SearchAction\",\"target\":{\"@type\":\"EntryPoint\",\"urlTemplate\":\"https:\/\/veritasinfo.org\/?s={search_term_string}\"},\"query-input\":{\"@type\":\"PropertyValueSpecification\",\"valueRequired\":true,\"valueName\":\"search_term_string\"}}],\"inLanguage\":\"en-US\"},{\"@type\":\"Person\",\"@id\":\"https:\/\/veritasinfo.org\/#\/schema\/person\/fe199eede04c3937362892b7444747cc\",\"name\":\"US6\",\"image\":{\"@type\":\"ImageObject\",\"inLanguage\":\"en-US\",\"@id\":\"https:\/\/veritasinfo.org\/#\/schema\/person\/image\/\",\"url\":\"https:\/\/secure.gravatar.com\/avatar\/cb16c3c31c9d23b9b8c705964598220b3014e42ff51eb540ff23cefa3ae8c15f?s=96&d=mm&r=g\",\"contentUrl\":\"https:\/\/secure.gravatar.com\/avatar\/cb16c3c31c9d23b9b8c705964598220b3014e42ff51eb540ff23cefa3ae8c15f?s=96&d=mm&r=g\",\"caption\":\"US6\"},\"url\":\"https:\/\/veritasinfo.org\/?author=7\"}]}<\/script>\n<!-- \/ Yoast SEO plugin. -->","yoast_head_json":{"title":"Reakcije nakon rasisti\u010dkih antialbanskih skandiranja navija\u010da Vardara -","robots":{"index":"index","follow":"follow","max-snippet":"max-snippet:-1","max-image-preview":"max-image-preview:large","max-video-preview":"max-video-preview:-1"},"canonical":"https:\/\/veritasinfo.org\/?p=34085&lang=sr","og_locale":"en_US","og_type":"article","og_title":"Reakcije nakon rasisti\u010dkih antialbanskih skandiranja navija\u010da Vardara -","og_description":"Pri\u0161tina, 23. februar 2026. 07:12 Politika unutar i van Makedonije reagovala je na utakmicu dan ranije, gde su navija\u010di Vardara Komitas neprekidno skandirali rasisti\u010dke i","og_url":"https:\/\/veritasinfo.org\/?p=34085&lang=sr","article_published_time":"2026-02-23T06:14:10+00:00","og_image":[{"width":900,"height":499,"url":"https:\/\/veritasinfo.org\/wp-content\/uploads\/2026\/02\/705312_Incidenti-111.webp","type":"image\/webp"}],"author":"US6","twitter_card":"summary_large_image","twitter_misc":{"Written by":"US6","Est. reading time":"3 minutes"},"schema":{"@context":"https:\/\/schema.org","@graph":[{"@type":"WebPage","@id":"https:\/\/veritasinfo.org\/?p=34085&lang=sr","url":"https:\/\/veritasinfo.org\/?p=34085&lang=sr","name":"Reakcije nakon rasisti\u010dkih antialbanskih skandiranja navija\u010da Vardara -","isPartOf":{"@id":"https:\/\/veritasinfo.org\/#website"},"primaryImageOfPage":{"@id":"https:\/\/veritasinfo.org\/?p=34085&lang=sr#primaryimage"},"image":{"@id":"https:\/\/veritasinfo.org\/?p=34085&lang=sr#primaryimage"},"thumbnailUrl":"https:\/\/veritasinfo.org\/wp-content\/uploads\/2026\/02\/705312_Incidenti-111.webp","datePublished":"2026-02-23T06:14:10+00:00","author":{"@id":"https:\/\/veritasinfo.org\/#\/schema\/person\/fe199eede04c3937362892b7444747cc"},"breadcrumb":{"@id":"https:\/\/veritasinfo.org\/?p=34085&lang=sr#breadcrumb"},"inLanguage":"en-US","potentialAction":[{"@type":"ReadAction","target":["https:\/\/veritasinfo.org\/?p=34085&lang=sr"]}]},{"@type":"ImageObject","inLanguage":"en-US","@id":"https:\/\/veritasinfo.org\/?p=34085&lang=sr#primaryimage","url":"https:\/\/veritasinfo.org\/wp-content\/uploads\/2026\/02\/705312_Incidenti-111.webp","contentUrl":"https:\/\/veritasinfo.org\/wp-content\/uploads\/2026\/02\/705312_Incidenti-111.webp","width":900,"height":499},{"@type":"BreadcrumbList","@id":"https:\/\/veritasinfo.org\/?p=34085&lang=sr#breadcrumb","itemListElement":[{"@type":"ListItem","position":1,"name":"Home","item":"https:\/\/veritasinfo.org\/"},{"@type":"ListItem","position":2,"name":"Reakcije nakon rasisti\u010dkih antialbanskih skandiranja navija\u010da Vardara"}]},{"@type":"WebSite","@id":"https:\/\/veritasinfo.org\/#website","url":"https:\/\/veritasinfo.org\/","name":"","description":"","potentialAction":[{"@type":"SearchAction","target":{"@type":"EntryPoint","urlTemplate":"https:\/\/veritasinfo.org\/?s={search_term_string}"},"query-input":{"@type":"PropertyValueSpecification","valueRequired":true,"valueName":"search_term_string"}}],"inLanguage":"en-US"},{"@type":"Person","@id":"https:\/\/veritasinfo.org\/#\/schema\/person\/fe199eede04c3937362892b7444747cc","name":"US6","image":{"@type":"ImageObject","inLanguage":"en-US","@id":"https:\/\/veritasinfo.org\/#\/schema\/person\/image\/","url":"https:\/\/secure.gravatar.com\/avatar\/cb16c3c31c9d23b9b8c705964598220b3014e42ff51eb540ff23cefa3ae8c15f?s=96&d=mm&r=g","contentUrl":"https:\/\/secure.gravatar.com\/avatar\/cb16c3c31c9d23b9b8c705964598220b3014e42ff51eb540ff23cefa3ae8c15f?s=96&d=mm&r=g","caption":"US6"},"url":"https:\/\/veritasinfo.org\/?author=7"}]}},"featured_image_urls":{"full":["https:\/\/veritasinfo.org\/wp-content\/uploads\/2026\/02\/705312_Incidenti-111.webp",900,499,false],"thumbnail":["https:\/\/veritasinfo.org\/wp-content\/uploads\/2026\/02\/705312_Incidenti-111-150x150.webp",150,150,true],"medium":["https:\/\/veritasinfo.org\/wp-content\/uploads\/2026\/02\/705312_Incidenti-111-300x166.webp",300,166,true],"medium_large":["https:\/\/veritasinfo.org\/wp-content\/uploads\/2026\/02\/705312_Incidenti-111-768x426.webp",640,355,true],"large":["https:\/\/veritasinfo.org\/wp-content\/uploads\/2026\/02\/705312_Incidenti-111.webp",640,355,false],"1536x1536":["https:\/\/veritasinfo.org\/wp-content\/uploads\/2026\/02\/705312_Incidenti-111.webp",900,499,false],"2048x2048":["https:\/\/veritasinfo.org\/wp-content\/uploads\/2026\/02\/705312_Incidenti-111.webp",900,499,false],"kreeti-slider-full":["https:\/\/veritasinfo.org\/wp-content\/uploads\/2026\/02\/705312_Incidenti-111.webp",900,499,false],"kreeti-featured":["https:\/\/veritasinfo.org\/wp-content\/uploads\/2026\/02\/705312_Incidenti-111.webp",900,499,false],"kreeti-medium":["https:\/\/veritasinfo.org\/wp-content\/uploads\/2026\/02\/705312_Incidenti-111.webp",720,399,false],"kreeti-medium-square":["https:\/\/veritasinfo.org\/wp-content\/uploads\/2026\/02\/705312_Incidenti-111.webp",350,194,false]},"author_info":{"info":["US6"]},"category_info":"<a href=\"https:\/\/veritasinfo.org\/?cat=36&#038;lang=sr\" rel=\"category\">Sport<\/a>","tag_info":"Sport","comment_count":"0","_links":{"self":[{"href":"https:\/\/veritasinfo.org\/index.php?rest_route=\/wp\/v2\/posts\/34085","targetHints":{"allow":["GET"]}}],"collection":[{"href":"https:\/\/veritasinfo.org\/index.php?rest_route=\/wp\/v2\/posts"}],"about":[{"href":"https:\/\/veritasinfo.org\/index.php?rest_route=\/wp\/v2\/types\/post"}],"author":[{"embeddable":true,"href":"https:\/\/veritasinfo.org\/index.php?rest_route=\/wp\/v2\/users\/7"}],"replies":[{"embeddable":true,"href":"https:\/\/veritasinfo.org\/index.php?rest_route=%2Fwp%2Fv2%2Fcomments&post=34085"}],"version-history":[{"count":1,"href":"https:\/\/veritasinfo.org\/index.php?rest_route=\/wp\/v2\/posts\/34085\/revisions"}],"predecessor-version":[{"id":34086,"href":"https:\/\/veritasinfo.org\/index.php?rest_route=\/wp\/v2\/posts\/34085\/revisions\/34086"}],"wp:featuredmedia":[{"embeddable":true,"href":"https:\/\/veritasinfo.org\/index.php?rest_route=\/wp\/v2\/media\/34083"}],"wp:attachment":[{"href":"https:\/\/veritasinfo.org\/index.php?rest_route=%2Fwp%2Fv2%2Fmedia&parent=34085"}],"wp:term":[{"taxonomy":"category","embeddable":true,"href":"https:\/\/veritasinfo.org\/index.php?rest_route=%2Fwp%2Fv2%2Fcategories&post=34085"},{"taxonomy":"post_tag","embeddable":true,"href":"https:\/\/veritasinfo.org\/index.php?rest_route=%2Fwp%2Fv2%2Ftags&post=34085"}],"curies":[{"name":"wp","href":"https:\/\/api.w.org\/{rel}","templated":true}]}}