{"id":3404,"date":"2025-07-11T08:16:10","date_gmt":"2025-07-11T06:16:10","guid":{"rendered":"https:\/\/veritasinfo.org\/?p=3404"},"modified":"2025-07-11T08:16:10","modified_gmt":"2025-07-11T06:16:10","slug":"tridhjete-vjet-pas-gjenocidit-ne-srebrenice-varrosen-shtate-viktima-te-reja-te-mbijetuarit-ende-kerkojne-drejtesi","status":"publish","type":"post","link":"https:\/\/veritasinfo.org\/?p=3404","title":{"rendered":"Tridhjet\u00eb vjet pas gjenocidit n\u00eb Srebrenic\u00eb: Varrosen shtat\u00eb viktima t\u00eb reja, t\u00eb mbijetuarit ende k\u00ebrkojn\u00eb drejt\u00ebsi"},"content":{"rendered":"<p data-start=\"183\" data-end=\"302\"><strong data-start=\"183\" data-end=\"302\">Tridhjet\u00eb vjet pas gjenocidit n\u00eb Srebrenic\u00eb: Varrosen shtat\u00eb viktima t\u00eb reja, t\u00eb mbijetuarit ende k\u00ebrkojn\u00eb drejt\u00ebsi<\/strong><\/p>\n<p data-start=\"183\" data-end=\"302\"><img decoding=\"async\" class=\"alignnone size-medium wp-image-3401 lazyload\" data-src=\"https:\/\/veritasinfo.org\/wp-content\/uploads\/2025\/07\/sreb-flower-web-300x129.jpg\" alt=\"\" width=\"300\" height=\"129\" data-srcset=\"https:\/\/veritasinfo.org\/wp-content\/uploads\/2025\/07\/sreb-flower-web-300x129.jpg 300w, https:\/\/veritasinfo.org\/wp-content\/uploads\/2025\/07\/sreb-flower-web-1024x441.jpg 1024w, https:\/\/veritasinfo.org\/wp-content\/uploads\/2025\/07\/sreb-flower-web-768x330.jpg 768w, https:\/\/veritasinfo.org\/wp-content\/uploads\/2025\/07\/sreb-flower-web-1536x661.jpg 1536w, https:\/\/veritasinfo.org\/wp-content\/uploads\/2025\/07\/sreb-flower-web.jpg 1952w\" data-sizes=\"(max-width: 300px) 100vw, 300px\" src=\"data:image\/gif;base64,R0lGODlhAQABAAAAACH5BAEKAAEALAAAAAABAAEAAAICTAEAOw==\" style=\"--smush-placeholder-width: 300px; --smush-placeholder-aspect-ratio: 300\/129;\" \/><\/p>\n<p data-start=\"304\" data-end=\"654\"><strong data-start=\"304\" data-end=\"343\">Poto\u00e7ari\/Srebrenic\u00eb, 11 korrik 2025<\/strong> \u2013 Me rastin e 30-vjetorit t\u00eb gjenocidit n\u00eb Srebrenic\u00eb, sot n\u00eb Qendr\u00ebn P\u00ebrkujtimore n\u00eb Poto\u00e7ari u zhvillua ceremonia e varrimit p\u00ebr shtat\u00eb viktima t\u00eb reja, t\u00eb cilat jan\u00eb identifikuar gjat\u00eb vitit t\u00eb fundit. Arkivolat e tyre mb\u00ebrrit\u00ebn dje n\u00eb varreza dhe sot u preh\u00ebn p\u00ebrfundimisht pran\u00eb mij\u00ebra viktimave t\u00eb tjera.<\/p>\n<p data-start=\"656\" data-end=\"934\">N\u00eb ceremonin\u00eb p\u00ebrkujtimore mor\u00ebn pjes\u00eb mij\u00ebra qytetar\u00eb nga Bosnja e Hercegovina dhe vendet e rajonit, p\u00ebrfaq\u00ebsues t\u00eb institucioneve vendore e nd\u00ebrkomb\u00ebtare, si dhe familjar\u00eb t\u00eb viktimave, t\u00eb cil\u00ebt vazhdojn\u00eb t\u00eb jetojn\u00eb me dhimbjen e humbjes dhe me shpres\u00ebn p\u00ebr drejt\u00ebsi t\u00eb plot\u00eb.<\/p>\n<p data-start=\"936\" data-end=\"1162\">N\u00eb dit\u00ebt paraprake, mbi 6.000 persona mor\u00ebn pjes\u00eb n\u00eb <strong data-start=\"989\" data-end=\"1008\">Marshin e Paqes<\/strong>, nj\u00eb rrug\u00ebtim simbolik prej rreth 100 kilometrash, q\u00eb ndjek shtegun q\u00eb t\u00eb mbijetuarit p\u00ebrshkuan n\u00eb korrikun tragjik t\u00eb vitit 1995, duke ikur nga masakra.<\/p>\n<p data-start=\"1164\" data-end=\"1545\">Gjat\u00eb gjenocidit n\u00eb Srebrenic\u00eb, u vran\u00eb t\u00eb pakt\u00ebn 8.372 burra dhe djem boshnjak\u00eb. P\u00ebr k\u00ebt\u00eb krim t\u00eb r\u00ebnd\u00eb, Gjykata Nd\u00ebrkomb\u00ebtare ka d\u00ebnuar me burgim t\u00eb p\u00ebrjetsh\u00ebm figurat kryesore t\u00eb udh\u00ebheqjes serbe t\u00eb Bosnj\u00ebs \u2013 <strong data-start=\"1376\" data-end=\"1392\">Ratko Mladi\u0107<\/strong> dhe <strong data-start=\"1397\" data-end=\"1417\">Radovan Karaxhi\u0107<\/strong> \u2013 si dhe tre persona t\u00eb tjer\u00eb. Megjithat\u00eb, shum\u00eb prej autor\u00ebve t\u00eb tjer\u00eb t\u00eb krimeve vazhdojn\u00eb t\u00eb jen\u00eb t\u00eb paprekur nga drejt\u00ebsia.<\/p>\n<p data-start=\"1547\" data-end=\"1888\">Organizata <strong data-start=\"1558\" data-end=\"1581\">TRIAL International<\/strong>, e cila ofron ndihm\u00eb juridike p\u00ebr viktimat e krimeve t\u00eb luft\u00ebs n\u00eb Bosnje e Hercegovin\u00eb q\u00eb prej 15 vitesh, thekson se shum\u00eb krime mbeten t\u00eb pasanksionuara, nd\u00ebrsa disa autor\u00eb t\u00eb d\u00ebnuar glorifikohen sot n\u00eb komunitetet e tyre si \u201cheronj\u201d. Kjo krijon nj\u00eb klim\u00eb t\u00eb rrezikshme mohimi, p\u00ebr\u00e7arjeje dhe padrejt\u00ebsie.<\/p>\n<p data-start=\"1890\" data-end=\"2211\"><strong data-start=\"1890\" data-end=\"1904\">Kada Hotiq<\/strong>, n\u00ebnkryetare e Shoqat\u00ebs \u201cN\u00ebnat e enklavave Srebrenic\u00eb dhe Zhep\u00eb\u201d dhe vet\u00eb e mbijetuar e gjenocidit, tha:<br data-start=\"2009\" data-end=\"2012\" \/>\u201cGjithnj\u00eb e m\u00eb pak ka njer\u00ebz q\u00eb din\u00eb p\u00ebr varrezat masive, e disa ende heshtin. Ata q\u00eb e kryen gjenocidin \u2013 e mohojn\u00eb. Duhet t\u00eb ndalet mohimi dhe t\u00eb pranohet e v\u00ebrteta. E v\u00ebrteta \u00ebsht\u00eb ila\u00e7i i vet\u00ebm.\u201d<\/p>\n<p data-start=\"2213\" data-end=\"2526\">Edhe <strong data-start=\"2218\" data-end=\"2234\">Nura Begoviq<\/strong>, kryetare e Shoqat\u00ebs \u201cGrat\u00eb e Srebrenic\u00ebs\u201d nga Tuzla, theksoi se shum\u00eb familje nuk kan\u00eb pranuar ende t\u00eb varrosin mbetjet e t\u00eb af\u00ebrmve, p\u00ebr shkak se jan\u00eb gjetur vet\u00ebm fragmente t\u00eb vogla.<br data-start=\"2420\" data-end=\"2423\" \/>\u201cEdhe nj\u00eb kock\u00eb e vetme do t\u00eb thot\u00eb shum\u00eb p\u00ebr nj\u00eb n\u00ebn\u00eb. Nuk do t\u00eb lejojm\u00eb q\u00eb kujtimi p\u00ebr ta t\u00eb shuhet.\u201d<\/p>\n<p data-start=\"2528\" data-end=\"2779\"><strong data-start=\"2528\" data-end=\"2548\">Saliha Gjuderija<\/strong> nga Instituti p\u00ebr Personat e Zhdukur tha se, edhe pas tri dekadash, mbi 7.000 persona rezultojn\u00eb ende t\u00eb zhdukur.<br data-start=\"2662\" data-end=\"2665\" \/>\u201cDeri m\u00eb tani jan\u00eb gjetur dhe identifikuar mbi 25.500 viktima. Roli i familjeve ka qen\u00eb thelb\u00ebsor n\u00eb k\u00ebt\u00eb proces.\u201d<\/p>\n<p data-start=\"2781\" data-end=\"2951\">Q\u00eb nga viti 2021, <strong data-start=\"2799\" data-end=\"2822\">TRIAL International<\/strong> ka nj\u00eb marr\u00ebveshje bashk\u00ebpunimi me Qendr\u00ebn P\u00ebrkujtimore Srebrenic\u00eb p\u00ebr t\u00eb avancuar drejt\u00ebsin\u00eb kalimtare dhe kultur\u00ebn e kujtimit.<\/p>\n<p data-start=\"2953\" data-end=\"3179\">Z\u00ebdh\u00ebn\u00ebsja e Qendr\u00ebs, <strong data-start=\"2975\" data-end=\"2995\">Almasa Salihoviq<\/strong>, theksoi:<br data-start=\"3005\" data-end=\"3008\" \/>\u201cKujtesa p\u00ebr gjenocidin n\u00eb Srebrenic\u00eb mb\u00ebshtetet n\u00eb fakte dhe d\u00ebshmi t\u00eb t\u00eb mbijetuarve. \u00cbsht\u00eb jetike q\u00eb shoq\u00ebria jon\u00eb t\u00eb p\u00ebrballet me t\u00eb kaluar\u00ebn dhe t\u00eb mos e mohoj\u00eb at\u00eb.\u201d<\/p>\n<p data-start=\"3181\" data-end=\"3444\"><strong data-start=\"3181\" data-end=\"3200\">Hasan Nuhanoviq<\/strong>, autor dhe i mbijetuar i gjenocidit, theksoi se:<br data-start=\"3249\" data-end=\"3252\" \/>\u201cEdhe pse \u00ebsht\u00eb arritur shum\u00eb n\u00eb drejt\u00ebsin\u00eb nd\u00ebrkomb\u00ebtare, proceset duhet t\u00eb vazhdojn\u00eb. Ne, t\u00eb mbijetuarit, jemi z\u00ebri q\u00eb kujton dhe paralajm\u00ebron \u2013 p\u00ebr t\u00eb mos lejuar q\u00eb kjo t\u00eb ndodh\u00eb m\u00eb kurr\u00eb.\u201d<\/p>\n<p data-start=\"3446\" data-end=\"3692\">Tre dekada m\u00eb pas, Srebrenica mbetet plag\u00eb e hapur, por edhe simbol i forc\u00ebs, kujtes\u00ebs dhe betimit kolektiv p\u00ebr drejt\u00ebsi. Vet\u00ebm p\u00ebrmes t\u00eb v\u00ebrtet\u00ebs dhe njohjes s\u00eb s\u00eb kaluar\u00ebs mund t\u00eb nd\u00ebrtohet paqja dhe dinjiteti i q\u00ebndruesh\u00ebm p\u00ebr brezat q\u00eb vijn\u00eb.<\/p>\n","protected":false},"excerpt":{"rendered":"<p>Tridhjet\u00eb vjet pas gjenocidit n\u00eb Srebrenic\u00eb: Varrosen shtat\u00eb viktima t\u00eb reja, t\u00eb mbijetuarit ende k\u00ebrkojn\u00eb drejt\u00ebsi Poto\u00e7ari\/Srebrenic\u00eb, 11 korrik 2025 \u2013 Me rastin e 30-vjetorit<\/p>\n","protected":false},"author":1,"featured_media":3402,"comment_status":"open","ping_status":"open","sticky":false,"template":"","format":"standard","meta":{"footnotes":""},"categories":[72,60],"tags":[],"class_list":["post-3404","post","type-post","status-publish","format-standard","has-post-thumbnail","hentry","category-bota","category-shoqerore-sq"],"yoast_head":"<!-- This site is optimized with the Yoast SEO plugin v25.3.1 - https:\/\/yoast.com\/wordpress\/plugins\/seo\/ -->\n<title>Tridhjet\u00eb vjet pas gjenocidit n\u00eb Srebrenic\u00eb: Varrosen shtat\u00eb viktima t\u00eb reja, t\u00eb mbijetuarit ende k\u00ebrkojn\u00eb drejt\u00ebsi -<\/title>\n<meta name=\"robots\" content=\"index, follow, max-snippet:-1, max-image-preview:large, max-video-preview:-1\" \/>\n<link rel=\"canonical\" href=\"https:\/\/veritasinfo.org\/?p=3404\" \/>\n<meta property=\"og:locale\" content=\"en_US\" \/>\n<meta property=\"og:type\" content=\"article\" \/>\n<meta property=\"og:title\" content=\"Tridhjet\u00eb vjet pas gjenocidit n\u00eb Srebrenic\u00eb: Varrosen shtat\u00eb viktima t\u00eb reja, t\u00eb mbijetuarit ende k\u00ebrkojn\u00eb drejt\u00ebsi -\" \/>\n<meta property=\"og:description\" content=\"Tridhjet\u00eb vjet pas gjenocidit n\u00eb Srebrenic\u00eb: Varrosen shtat\u00eb viktima t\u00eb reja, t\u00eb mbijetuarit ende k\u00ebrkojn\u00eb drejt\u00ebsi Poto\u00e7ari\/Srebrenic\u00eb, 11 korrik 2025 \u2013 Me rastin e 30-vjetorit\" \/>\n<meta property=\"og:url\" content=\"https:\/\/veritasinfo.org\/?p=3404\" \/>\n<meta property=\"article:published_time\" content=\"2025-07-11T06:16:10+00:00\" \/>\n<meta property=\"og:image\" content=\"https:\/\/veritasinfo.org\/wp-content\/uploads\/2025\/07\/never11111.jpg\" \/>\n\t<meta property=\"og:image:width\" content=\"700\" \/>\n\t<meta property=\"og:image:height\" content=\"500\" \/>\n\t<meta property=\"og:image:type\" content=\"image\/jpeg\" \/>\n<meta name=\"author\" content=\"admin\" \/>\n<meta name=\"twitter:card\" content=\"summary_large_image\" \/>\n<meta name=\"twitter:label1\" content=\"Written by\" \/>\n\t<meta name=\"twitter:data1\" content=\"admin\" \/>\n\t<meta name=\"twitter:label2\" content=\"Est. reading time\" \/>\n\t<meta name=\"twitter:data2\" content=\"3 minutes\" \/>\n<script type=\"application\/ld+json\" class=\"yoast-schema-graph\">{\"@context\":\"https:\/\/schema.org\",\"@graph\":[{\"@type\":\"WebPage\",\"@id\":\"https:\/\/veritasinfo.org\/?p=3404\",\"url\":\"https:\/\/veritasinfo.org\/?p=3404\",\"name\":\"Tridhjet\u00eb vjet pas gjenocidit n\u00eb Srebrenic\u00eb: Varrosen shtat\u00eb viktima t\u00eb reja, t\u00eb mbijetuarit ende k\u00ebrkojn\u00eb drejt\u00ebsi -\",\"isPartOf\":{\"@id\":\"https:\/\/veritasinfo.org\/#website\"},\"primaryImageOfPage\":{\"@id\":\"https:\/\/veritasinfo.org\/?p=3404#primaryimage\"},\"image\":{\"@id\":\"https:\/\/veritasinfo.org\/?p=3404#primaryimage\"},\"thumbnailUrl\":\"https:\/\/veritasinfo.org\/wp-content\/uploads\/2025\/07\/never11111.jpg\",\"datePublished\":\"2025-07-11T06:16:10+00:00\",\"author\":{\"@id\":\"https:\/\/veritasinfo.org\/#\/schema\/person\/7701f8c088bece422266b100a712374f\"},\"breadcrumb\":{\"@id\":\"https:\/\/veritasinfo.org\/?p=3404#breadcrumb\"},\"inLanguage\":\"en-US\",\"potentialAction\":[{\"@type\":\"ReadAction\",\"target\":[\"https:\/\/veritasinfo.org\/?p=3404\"]}]},{\"@type\":\"ImageObject\",\"inLanguage\":\"en-US\",\"@id\":\"https:\/\/veritasinfo.org\/?p=3404#primaryimage\",\"url\":\"https:\/\/veritasinfo.org\/wp-content\/uploads\/2025\/07\/never11111.jpg\",\"contentUrl\":\"https:\/\/veritasinfo.org\/wp-content\/uploads\/2025\/07\/never11111.jpg\",\"width\":700,\"height\":500},{\"@type\":\"BreadcrumbList\",\"@id\":\"https:\/\/veritasinfo.org\/?p=3404#breadcrumb\",\"itemListElement\":[{\"@type\":\"ListItem\",\"position\":1,\"name\":\"Home\",\"item\":\"https:\/\/veritasinfo.org\/\"},{\"@type\":\"ListItem\",\"position\":2,\"name\":\"Tridhjet\u00eb vjet pas gjenocidit n\u00eb Srebrenic\u00eb: Varrosen shtat\u00eb viktima t\u00eb reja, t\u00eb mbijetuarit ende k\u00ebrkojn\u00eb drejt\u00ebsi\"}]},{\"@type\":\"WebSite\",\"@id\":\"https:\/\/veritasinfo.org\/#website\",\"url\":\"https:\/\/veritasinfo.org\/\",\"name\":\"\",\"description\":\"\",\"potentialAction\":[{\"@type\":\"SearchAction\",\"target\":{\"@type\":\"EntryPoint\",\"urlTemplate\":\"https:\/\/veritasinfo.org\/?s={search_term_string}\"},\"query-input\":{\"@type\":\"PropertyValueSpecification\",\"valueRequired\":true,\"valueName\":\"search_term_string\"}}],\"inLanguage\":\"en-US\"},{\"@type\":\"Person\",\"@id\":\"https:\/\/veritasinfo.org\/#\/schema\/person\/7701f8c088bece422266b100a712374f\",\"name\":\"admin\",\"image\":{\"@type\":\"ImageObject\",\"inLanguage\":\"en-US\",\"@id\":\"https:\/\/veritasinfo.org\/#\/schema\/person\/image\/\",\"url\":\"https:\/\/secure.gravatar.com\/avatar\/ea53aa3bf6c9a12d5fde8ce4deff43fef3885ae33cf60184161a50d6987cfd2f?s=96&d=mm&r=g\",\"contentUrl\":\"https:\/\/secure.gravatar.com\/avatar\/ea53aa3bf6c9a12d5fde8ce4deff43fef3885ae33cf60184161a50d6987cfd2f?s=96&d=mm&r=g\",\"caption\":\"admin\"},\"sameAs\":[\"https:\/\/veritasinfo.org\"],\"url\":\"https:\/\/veritasinfo.org\/?author=1\"}]}<\/script>\n<!-- \/ Yoast SEO plugin. -->","yoast_head_json":{"title":"Tridhjet\u00eb vjet pas gjenocidit n\u00eb Srebrenic\u00eb: Varrosen shtat\u00eb viktima t\u00eb reja, t\u00eb mbijetuarit ende k\u00ebrkojn\u00eb drejt\u00ebsi -","robots":{"index":"index","follow":"follow","max-snippet":"max-snippet:-1","max-image-preview":"max-image-preview:large","max-video-preview":"max-video-preview:-1"},"canonical":"https:\/\/veritasinfo.org\/?p=3404","og_locale":"en_US","og_type":"article","og_title":"Tridhjet\u00eb vjet pas gjenocidit n\u00eb Srebrenic\u00eb: Varrosen shtat\u00eb viktima t\u00eb reja, t\u00eb mbijetuarit ende k\u00ebrkojn\u00eb drejt\u00ebsi -","og_description":"Tridhjet\u00eb vjet pas gjenocidit n\u00eb Srebrenic\u00eb: Varrosen shtat\u00eb viktima t\u00eb reja, t\u00eb mbijetuarit ende k\u00ebrkojn\u00eb drejt\u00ebsi Poto\u00e7ari\/Srebrenic\u00eb, 11 korrik 2025 \u2013 Me rastin e 30-vjetorit","og_url":"https:\/\/veritasinfo.org\/?p=3404","article_published_time":"2025-07-11T06:16:10+00:00","og_image":[{"width":700,"height":500,"url":"https:\/\/veritasinfo.org\/wp-content\/uploads\/2025\/07\/never11111.jpg","type":"image\/jpeg"}],"author":"admin","twitter_card":"summary_large_image","twitter_misc":{"Written by":"admin","Est. reading time":"3 minutes"},"schema":{"@context":"https:\/\/schema.org","@graph":[{"@type":"WebPage","@id":"https:\/\/veritasinfo.org\/?p=3404","url":"https:\/\/veritasinfo.org\/?p=3404","name":"Tridhjet\u00eb vjet pas gjenocidit n\u00eb Srebrenic\u00eb: Varrosen shtat\u00eb viktima t\u00eb reja, t\u00eb mbijetuarit ende k\u00ebrkojn\u00eb drejt\u00ebsi -","isPartOf":{"@id":"https:\/\/veritasinfo.org\/#website"},"primaryImageOfPage":{"@id":"https:\/\/veritasinfo.org\/?p=3404#primaryimage"},"image":{"@id":"https:\/\/veritasinfo.org\/?p=3404#primaryimage"},"thumbnailUrl":"https:\/\/veritasinfo.org\/wp-content\/uploads\/2025\/07\/never11111.jpg","datePublished":"2025-07-11T06:16:10+00:00","author":{"@id":"https:\/\/veritasinfo.org\/#\/schema\/person\/7701f8c088bece422266b100a712374f"},"breadcrumb":{"@id":"https:\/\/veritasinfo.org\/?p=3404#breadcrumb"},"inLanguage":"en-US","potentialAction":[{"@type":"ReadAction","target":["https:\/\/veritasinfo.org\/?p=3404"]}]},{"@type":"ImageObject","inLanguage":"en-US","@id":"https:\/\/veritasinfo.org\/?p=3404#primaryimage","url":"https:\/\/veritasinfo.org\/wp-content\/uploads\/2025\/07\/never11111.jpg","contentUrl":"https:\/\/veritasinfo.org\/wp-content\/uploads\/2025\/07\/never11111.jpg","width":700,"height":500},{"@type":"BreadcrumbList","@id":"https:\/\/veritasinfo.org\/?p=3404#breadcrumb","itemListElement":[{"@type":"ListItem","position":1,"name":"Home","item":"https:\/\/veritasinfo.org\/"},{"@type":"ListItem","position":2,"name":"Tridhjet\u00eb vjet pas gjenocidit n\u00eb Srebrenic\u00eb: Varrosen shtat\u00eb viktima t\u00eb reja, t\u00eb mbijetuarit ende k\u00ebrkojn\u00eb drejt\u00ebsi"}]},{"@type":"WebSite","@id":"https:\/\/veritasinfo.org\/#website","url":"https:\/\/veritasinfo.org\/","name":"","description":"","potentialAction":[{"@type":"SearchAction","target":{"@type":"EntryPoint","urlTemplate":"https:\/\/veritasinfo.org\/?s={search_term_string}"},"query-input":{"@type":"PropertyValueSpecification","valueRequired":true,"valueName":"search_term_string"}}],"inLanguage":"en-US"},{"@type":"Person","@id":"https:\/\/veritasinfo.org\/#\/schema\/person\/7701f8c088bece422266b100a712374f","name":"admin","image":{"@type":"ImageObject","inLanguage":"en-US","@id":"https:\/\/veritasinfo.org\/#\/schema\/person\/image\/","url":"https:\/\/secure.gravatar.com\/avatar\/ea53aa3bf6c9a12d5fde8ce4deff43fef3885ae33cf60184161a50d6987cfd2f?s=96&d=mm&r=g","contentUrl":"https:\/\/secure.gravatar.com\/avatar\/ea53aa3bf6c9a12d5fde8ce4deff43fef3885ae33cf60184161a50d6987cfd2f?s=96&d=mm&r=g","caption":"admin"},"sameAs":["https:\/\/veritasinfo.org"],"url":"https:\/\/veritasinfo.org\/?author=1"}]}},"featured_image_urls":{"full":["https:\/\/veritasinfo.org\/wp-content\/uploads\/2025\/07\/never11111.jpg",700,500,false],"thumbnail":["https:\/\/veritasinfo.org\/wp-content\/uploads\/2025\/07\/never11111-150x150.jpg",150,150,true],"medium":["https:\/\/veritasinfo.org\/wp-content\/uploads\/2025\/07\/never11111-300x214.jpg",300,214,true],"medium_large":["https:\/\/veritasinfo.org\/wp-content\/uploads\/2025\/07\/never11111.jpg",640,457,false],"large":["https:\/\/veritasinfo.org\/wp-content\/uploads\/2025\/07\/never11111.jpg",640,457,false],"1536x1536":["https:\/\/veritasinfo.org\/wp-content\/uploads\/2025\/07\/never11111.jpg",700,500,false],"2048x2048":["https:\/\/veritasinfo.org\/wp-content\/uploads\/2025\/07\/never11111.jpg",700,500,false],"kreeti-slider-full":["https:\/\/veritasinfo.org\/wp-content\/uploads\/2025\/07\/never11111.jpg",700,500,false],"kreeti-featured":["https:\/\/veritasinfo.org\/wp-content\/uploads\/2025\/07\/never11111.jpg",700,500,false],"kreeti-medium":["https:\/\/veritasinfo.org\/wp-content\/uploads\/2025\/07\/never11111.jpg",700,500,false],"kreeti-medium-square":["https:\/\/veritasinfo.org\/wp-content\/uploads\/2025\/07\/never11111.jpg",350,250,false]},"author_info":{"info":["admin"]},"category_info":"<a href=\"https:\/\/veritasinfo.org\/?cat=72\" rel=\"category\">Bota<\/a> <a href=\"https:\/\/veritasinfo.org\/?cat=60\" rel=\"category\">Shoq\u00ebrore<\/a>","tag_info":"Shoq\u00ebrore","comment_count":"0","_links":{"self":[{"href":"https:\/\/veritasinfo.org\/index.php?rest_route=\/wp\/v2\/posts\/3404","targetHints":{"allow":["GET"]}}],"collection":[{"href":"https:\/\/veritasinfo.org\/index.php?rest_route=\/wp\/v2\/posts"}],"about":[{"href":"https:\/\/veritasinfo.org\/index.php?rest_route=\/wp\/v2\/types\/post"}],"author":[{"embeddable":true,"href":"https:\/\/veritasinfo.org\/index.php?rest_route=\/wp\/v2\/users\/1"}],"replies":[{"embeddable":true,"href":"https:\/\/veritasinfo.org\/index.php?rest_route=%2Fwp%2Fv2%2Fcomments&post=3404"}],"version-history":[{"count":1,"href":"https:\/\/veritasinfo.org\/index.php?rest_route=\/wp\/v2\/posts\/3404\/revisions"}],"predecessor-version":[{"id":3405,"href":"https:\/\/veritasinfo.org\/index.php?rest_route=\/wp\/v2\/posts\/3404\/revisions\/3405"}],"wp:featuredmedia":[{"embeddable":true,"href":"https:\/\/veritasinfo.org\/index.php?rest_route=\/wp\/v2\/media\/3402"}],"wp:attachment":[{"href":"https:\/\/veritasinfo.org\/index.php?rest_route=%2Fwp%2Fv2%2Fmedia&parent=3404"}],"wp:term":[{"taxonomy":"category","embeddable":true,"href":"https:\/\/veritasinfo.org\/index.php?rest_route=%2Fwp%2Fv2%2Fcategories&post=3404"},{"taxonomy":"post_tag","embeddable":true,"href":"https:\/\/veritasinfo.org\/index.php?rest_route=%2Fwp%2Fv2%2Ftags&post=3404"}],"curies":[{"name":"wp","href":"https:\/\/api.w.org\/{rel}","templated":true}]}}