{"id":34020,"date":"2026-02-22T13:39:14","date_gmt":"2026-02-22T12:39:14","guid":{"rendered":"https:\/\/veritasinfo.org\/?p=34020"},"modified":"2026-02-22T13:40:29","modified_gmt":"2026-02-22T12:40:29","slug":"ne-shenje-pakenaqesie-per-pronat-banoret-e-fshatit-zajm-te-klines-protestojne-bllokojne-rrugen","status":"publish","type":"post","link":"https:\/\/veritasinfo.org\/?p=34020","title":{"rendered":"N\u00eb shenj\u00eb pak\u00ebnaq\u00ebsie p\u00ebr pronat, banor\u00ebt e fshatit Zajm t\u00eb Klin\u00ebs protestojn\u00eb \u2013 bllokojn\u00eb rrug\u00ebn"},"content":{"rendered":"<p><strong>Klin\u00eb, 22 shkurt 2026 13:40<\/strong><br \/>\nBanor\u00ebt e Zajm kan\u00eb dal\u00eb sot n\u00eb protest\u00eb n\u00eb shenj\u00eb pak\u00ebnaq\u00ebsie lidhur me \u00e7\u00ebshtjen e pronave.<br \/>\nProtestuesit kan\u00eb bllokuar rrug\u00ebn kryesore q\u00eb kalon p\u00ebrmes fshatit.<br \/>\nN\u00eb protest\u00eb kan\u00eb marr\u00eb pjes\u00eb familjar\u00eb t\u00eb shumt\u00eb t\u00eb zon\u00ebs, p\u00ebrfshir\u00eb gra dhe f\u00ebmij\u00eb.<br \/>\nAta k\u00ebrkojn\u00eb zgjidhje urgjente nga institucionet p\u00ebrgjegj\u00ebse dhe respektim t\u00eb t\u00eb drejtave pron\u00ebsore.<\/p>\n","protected":false},"excerpt":{"rendered":"<p>Klin\u00eb, 22 shkurt 2026 13:40 Banor\u00ebt e Zajm kan\u00eb dal\u00eb sot n\u00eb protest\u00eb n\u00eb shenj\u00eb pak\u00ebnaq\u00ebsie lidhur me \u00e7\u00ebshtjen e pronave. Protestuesit kan\u00eb bllokuar rrug\u00ebn<\/p>\n","protected":false},"author":2,"featured_media":34021,"comment_status":"open","ping_status":"open","sticky":false,"template":"","format":"standard","meta":{"footnotes":""},"categories":[52],"tags":[],"class_list":["post-34020","post","type-post","status-publish","format-standard","has-post-thumbnail","hentry","category-komunat-sq"],"yoast_head":"<!-- This site is optimized with the Yoast SEO plugin v25.3.1 - https:\/\/yoast.com\/wordpress\/plugins\/seo\/ -->\n<title>N\u00eb shenj\u00eb pak\u00ebnaq\u00ebsie p\u00ebr pronat, banor\u00ebt e fshatit Zajm t\u00eb Klin\u00ebs protestojn\u00eb \u2013 bllokojn\u00eb rrug\u00ebn -<\/title>\n<meta name=\"robots\" content=\"index, follow, max-snippet:-1, max-image-preview:large, max-video-preview:-1\" \/>\n<link rel=\"canonical\" href=\"https:\/\/veritasinfo.org\/?p=34020\" \/>\n<meta property=\"og:locale\" content=\"en_US\" \/>\n<meta property=\"og:type\" content=\"article\" \/>\n<meta property=\"og:title\" content=\"N\u00eb shenj\u00eb pak\u00ebnaq\u00ebsie p\u00ebr pronat, banor\u00ebt e fshatit Zajm t\u00eb Klin\u00ebs protestojn\u00eb \u2013 bllokojn\u00eb rrug\u00ebn -\" \/>\n<meta property=\"og:description\" content=\"Klin\u00eb, 22 shkurt 2026 13:40 Banor\u00ebt e Zajm kan\u00eb dal\u00eb sot n\u00eb protest\u00eb n\u00eb shenj\u00eb pak\u00ebnaq\u00ebsie lidhur me \u00e7\u00ebshtjen e pronave. Protestuesit kan\u00eb bllokuar rrug\u00ebn\" \/>\n<meta property=\"og:url\" content=\"https:\/\/veritasinfo.org\/?p=34020\" \/>\n<meta property=\"article:published_time\" content=\"2026-02-22T12:39:14+00:00\" \/>\n<meta property=\"article:modified_time\" content=\"2026-02-22T12:40:29+00:00\" \/>\n<meta property=\"og:image\" content=\"https:\/\/veritasinfo.org\/wp-content\/uploads\/2026\/02\/Zajmi.jpeg\" \/>\n\t<meta property=\"og:image:width\" content=\"2048\" \/>\n\t<meta property=\"og:image:height\" content=\"1536\" \/>\n\t<meta property=\"og:image:type\" content=\"image\/jpeg\" \/>\n<meta name=\"author\" content=\"US1\" \/>\n<meta name=\"twitter:card\" content=\"summary_large_image\" \/>\n<meta name=\"twitter:label1\" content=\"Written by\" \/>\n\t<meta name=\"twitter:data1\" content=\"US1\" \/>\n\t<meta name=\"twitter:label2\" content=\"Est. reading time\" \/>\n\t<meta name=\"twitter:data2\" content=\"1 minute\" \/>\n<script type=\"application\/ld+json\" class=\"yoast-schema-graph\">{\"@context\":\"https:\/\/schema.org\",\"@graph\":[{\"@type\":\"WebPage\",\"@id\":\"https:\/\/veritasinfo.org\/?p=34020\",\"url\":\"https:\/\/veritasinfo.org\/?p=34020\",\"name\":\"N\u00eb shenj\u00eb pak\u00ebnaq\u00ebsie p\u00ebr pronat, banor\u00ebt e fshatit Zajm t\u00eb Klin\u00ebs protestojn\u00eb \u2013 bllokojn\u00eb rrug\u00ebn -\",\"isPartOf\":{\"@id\":\"https:\/\/veritasinfo.org\/#website\"},\"primaryImageOfPage\":{\"@id\":\"https:\/\/veritasinfo.org\/?p=34020#primaryimage\"},\"image\":{\"@id\":\"https:\/\/veritasinfo.org\/?p=34020#primaryimage\"},\"thumbnailUrl\":\"https:\/\/veritasinfo.org\/wp-content\/uploads\/2026\/02\/Zajmi.jpeg\",\"datePublished\":\"2026-02-22T12:39:14+00:00\",\"dateModified\":\"2026-02-22T12:40:29+00:00\",\"author\":{\"@id\":\"https:\/\/veritasinfo.org\/#\/schema\/person\/c2b8be262ea994d0995addca692c5e98\"},\"breadcrumb\":{\"@id\":\"https:\/\/veritasinfo.org\/?p=34020#breadcrumb\"},\"inLanguage\":\"en-US\",\"potentialAction\":[{\"@type\":\"ReadAction\",\"target\":[\"https:\/\/veritasinfo.org\/?p=34020\"]}]},{\"@type\":\"ImageObject\",\"inLanguage\":\"en-US\",\"@id\":\"https:\/\/veritasinfo.org\/?p=34020#primaryimage\",\"url\":\"https:\/\/veritasinfo.org\/wp-content\/uploads\/2026\/02\/Zajmi.jpeg\",\"contentUrl\":\"https:\/\/veritasinfo.org\/wp-content\/uploads\/2026\/02\/Zajmi.jpeg\",\"width\":2048,\"height\":1536},{\"@type\":\"BreadcrumbList\",\"@id\":\"https:\/\/veritasinfo.org\/?p=34020#breadcrumb\",\"itemListElement\":[{\"@type\":\"ListItem\",\"position\":1,\"name\":\"Home\",\"item\":\"https:\/\/veritasinfo.org\/\"},{\"@type\":\"ListItem\",\"position\":2,\"name\":\"N\u00eb shenj\u00eb pak\u00ebnaq\u00ebsie p\u00ebr pronat, banor\u00ebt e fshatit Zajm t\u00eb Klin\u00ebs protestojn\u00eb \u2013 bllokojn\u00eb rrug\u00ebn\"}]},{\"@type\":\"WebSite\",\"@id\":\"https:\/\/veritasinfo.org\/#website\",\"url\":\"https:\/\/veritasinfo.org\/\",\"name\":\"\",\"description\":\"\",\"potentialAction\":[{\"@type\":\"SearchAction\",\"target\":{\"@type\":\"EntryPoint\",\"urlTemplate\":\"https:\/\/veritasinfo.org\/?s={search_term_string}\"},\"query-input\":{\"@type\":\"PropertyValueSpecification\",\"valueRequired\":true,\"valueName\":\"search_term_string\"}}],\"inLanguage\":\"en-US\"},{\"@type\":\"Person\",\"@id\":\"https:\/\/veritasinfo.org\/#\/schema\/person\/c2b8be262ea994d0995addca692c5e98\",\"name\":\"US1\",\"image\":{\"@type\":\"ImageObject\",\"inLanguage\":\"en-US\",\"@id\":\"https:\/\/veritasinfo.org\/#\/schema\/person\/image\/\",\"url\":\"https:\/\/secure.gravatar.com\/avatar\/4e96a59bd256abf9956eb9963ac891a47461ffb364d47b0e9aab113328fdb75b?s=96&d=mm&r=g\",\"contentUrl\":\"https:\/\/secure.gravatar.com\/avatar\/4e96a59bd256abf9956eb9963ac891a47461ffb364d47b0e9aab113328fdb75b?s=96&d=mm&r=g\",\"caption\":\"US1\"},\"url\":\"https:\/\/veritasinfo.org\/?author=2\"}]}<\/script>\n<!-- \/ Yoast SEO plugin. -->","yoast_head_json":{"title":"N\u00eb shenj\u00eb pak\u00ebnaq\u00ebsie p\u00ebr pronat, banor\u00ebt e fshatit Zajm t\u00eb Klin\u00ebs protestojn\u00eb \u2013 bllokojn\u00eb rrug\u00ebn -","robots":{"index":"index","follow":"follow","max-snippet":"max-snippet:-1","max-image-preview":"max-image-preview:large","max-video-preview":"max-video-preview:-1"},"canonical":"https:\/\/veritasinfo.org\/?p=34020","og_locale":"en_US","og_type":"article","og_title":"N\u00eb shenj\u00eb pak\u00ebnaq\u00ebsie p\u00ebr pronat, banor\u00ebt e fshatit Zajm t\u00eb Klin\u00ebs protestojn\u00eb \u2013 bllokojn\u00eb rrug\u00ebn -","og_description":"Klin\u00eb, 22 shkurt 2026 13:40 Banor\u00ebt e Zajm kan\u00eb dal\u00eb sot n\u00eb protest\u00eb n\u00eb shenj\u00eb pak\u00ebnaq\u00ebsie lidhur me \u00e7\u00ebshtjen e pronave. Protestuesit kan\u00eb bllokuar rrug\u00ebn","og_url":"https:\/\/veritasinfo.org\/?p=34020","article_published_time":"2026-02-22T12:39:14+00:00","article_modified_time":"2026-02-22T12:40:29+00:00","og_image":[{"width":2048,"height":1536,"url":"https:\/\/veritasinfo.org\/wp-content\/uploads\/2026\/02\/Zajmi.jpeg","type":"image\/jpeg"}],"author":"US1","twitter_card":"summary_large_image","twitter_misc":{"Written by":"US1","Est. reading time":"1 minute"},"schema":{"@context":"https:\/\/schema.org","@graph":[{"@type":"WebPage","@id":"https:\/\/veritasinfo.org\/?p=34020","url":"https:\/\/veritasinfo.org\/?p=34020","name":"N\u00eb shenj\u00eb pak\u00ebnaq\u00ebsie p\u00ebr pronat, banor\u00ebt e fshatit Zajm t\u00eb Klin\u00ebs protestojn\u00eb \u2013 bllokojn\u00eb rrug\u00ebn -","isPartOf":{"@id":"https:\/\/veritasinfo.org\/#website"},"primaryImageOfPage":{"@id":"https:\/\/veritasinfo.org\/?p=34020#primaryimage"},"image":{"@id":"https:\/\/veritasinfo.org\/?p=34020#primaryimage"},"thumbnailUrl":"https:\/\/veritasinfo.org\/wp-content\/uploads\/2026\/02\/Zajmi.jpeg","datePublished":"2026-02-22T12:39:14+00:00","dateModified":"2026-02-22T12:40:29+00:00","author":{"@id":"https:\/\/veritasinfo.org\/#\/schema\/person\/c2b8be262ea994d0995addca692c5e98"},"breadcrumb":{"@id":"https:\/\/veritasinfo.org\/?p=34020#breadcrumb"},"inLanguage":"en-US","potentialAction":[{"@type":"ReadAction","target":["https:\/\/veritasinfo.org\/?p=34020"]}]},{"@type":"ImageObject","inLanguage":"en-US","@id":"https:\/\/veritasinfo.org\/?p=34020#primaryimage","url":"https:\/\/veritasinfo.org\/wp-content\/uploads\/2026\/02\/Zajmi.jpeg","contentUrl":"https:\/\/veritasinfo.org\/wp-content\/uploads\/2026\/02\/Zajmi.jpeg","width":2048,"height":1536},{"@type":"BreadcrumbList","@id":"https:\/\/veritasinfo.org\/?p=34020#breadcrumb","itemListElement":[{"@type":"ListItem","position":1,"name":"Home","item":"https:\/\/veritasinfo.org\/"},{"@type":"ListItem","position":2,"name":"N\u00eb shenj\u00eb pak\u00ebnaq\u00ebsie p\u00ebr pronat, banor\u00ebt e fshatit Zajm t\u00eb Klin\u00ebs protestojn\u00eb \u2013 bllokojn\u00eb rrug\u00ebn"}]},{"@type":"WebSite","@id":"https:\/\/veritasinfo.org\/#website","url":"https:\/\/veritasinfo.org\/","name":"","description":"","potentialAction":[{"@type":"SearchAction","target":{"@type":"EntryPoint","urlTemplate":"https:\/\/veritasinfo.org\/?s={search_term_string}"},"query-input":{"@type":"PropertyValueSpecification","valueRequired":true,"valueName":"search_term_string"}}],"inLanguage":"en-US"},{"@type":"Person","@id":"https:\/\/veritasinfo.org\/#\/schema\/person\/c2b8be262ea994d0995addca692c5e98","name":"US1","image":{"@type":"ImageObject","inLanguage":"en-US","@id":"https:\/\/veritasinfo.org\/#\/schema\/person\/image\/","url":"https:\/\/secure.gravatar.com\/avatar\/4e96a59bd256abf9956eb9963ac891a47461ffb364d47b0e9aab113328fdb75b?s=96&d=mm&r=g","contentUrl":"https:\/\/secure.gravatar.com\/avatar\/4e96a59bd256abf9956eb9963ac891a47461ffb364d47b0e9aab113328fdb75b?s=96&d=mm&r=g","caption":"US1"},"url":"https:\/\/veritasinfo.org\/?author=2"}]}},"featured_image_urls":{"full":["https:\/\/veritasinfo.org\/wp-content\/uploads\/2026\/02\/Zajmi.jpeg",2048,1536,false],"thumbnail":["https:\/\/veritasinfo.org\/wp-content\/uploads\/2026\/02\/Zajmi-150x150.jpeg",150,150,true],"medium":["https:\/\/veritasinfo.org\/wp-content\/uploads\/2026\/02\/Zajmi-300x225.jpeg",300,225,true],"medium_large":["https:\/\/veritasinfo.org\/wp-content\/uploads\/2026\/02\/Zajmi-768x576.jpeg",640,480,true],"large":["https:\/\/veritasinfo.org\/wp-content\/uploads\/2026\/02\/Zajmi-1024x768.jpeg",640,480,true],"1536x1536":["https:\/\/veritasinfo.org\/wp-content\/uploads\/2026\/02\/Zajmi-1536x1152.jpeg",1536,1152,true],"2048x2048":["https:\/\/veritasinfo.org\/wp-content\/uploads\/2026\/02\/Zajmi.jpeg",2048,1536,false],"kreeti-slider-full":["https:\/\/veritasinfo.org\/wp-content\/uploads\/2026\/02\/Zajmi.jpeg",960,720,false],"kreeti-featured":["https:\/\/veritasinfo.org\/wp-content\/uploads\/2026\/02\/Zajmi.jpeg",1024,768,false],"kreeti-medium":["https:\/\/veritasinfo.org\/wp-content\/uploads\/2026\/02\/Zajmi.jpeg",707,530,false],"kreeti-medium-square":["https:\/\/veritasinfo.org\/wp-content\/uploads\/2026\/02\/Zajmi.jpeg",350,263,false]},"author_info":{"info":["US1"]},"category_info":"<a href=\"https:\/\/veritasinfo.org\/?cat=52\" rel=\"category\">Komunat<\/a>","tag_info":"Komunat","comment_count":"0","_links":{"self":[{"href":"https:\/\/veritasinfo.org\/index.php?rest_route=\/wp\/v2\/posts\/34020","targetHints":{"allow":["GET"]}}],"collection":[{"href":"https:\/\/veritasinfo.org\/index.php?rest_route=\/wp\/v2\/posts"}],"about":[{"href":"https:\/\/veritasinfo.org\/index.php?rest_route=\/wp\/v2\/types\/post"}],"author":[{"embeddable":true,"href":"https:\/\/veritasinfo.org\/index.php?rest_route=\/wp\/v2\/users\/2"}],"replies":[{"embeddable":true,"href":"https:\/\/veritasinfo.org\/index.php?rest_route=%2Fwp%2Fv2%2Fcomments&post=34020"}],"version-history":[{"count":2,"href":"https:\/\/veritasinfo.org\/index.php?rest_route=\/wp\/v2\/posts\/34020\/revisions"}],"predecessor-version":[{"id":34023,"href":"https:\/\/veritasinfo.org\/index.php?rest_route=\/wp\/v2\/posts\/34020\/revisions\/34023"}],"wp:featuredmedia":[{"embeddable":true,"href":"https:\/\/veritasinfo.org\/index.php?rest_route=\/wp\/v2\/media\/34021"}],"wp:attachment":[{"href":"https:\/\/veritasinfo.org\/index.php?rest_route=%2Fwp%2Fv2%2Fmedia&parent=34020"}],"wp:term":[{"taxonomy":"category","embeddable":true,"href":"https:\/\/veritasinfo.org\/index.php?rest_route=%2Fwp%2Fv2%2Fcategories&post=34020"},{"taxonomy":"post_tag","embeddable":true,"href":"https:\/\/veritasinfo.org\/index.php?rest_route=%2Fwp%2Fv2%2Ftags&post=34020"}],"curies":[{"name":"wp","href":"https:\/\/api.w.org\/{rel}","templated":true}]}}