{"id":33946,"date":"2026-02-21T19:27:51","date_gmt":"2026-02-21T18:27:51","guid":{"rendered":"https:\/\/veritasinfo.org\/?p=33946"},"modified":"2026-02-21T19:28:10","modified_gmt":"2026-02-21T18:28:10","slug":"presidenca-per-viziten-e-osmanit-ne-washington-kosova-u-lartesua-ne-arenen-nderkombetare","status":"publish","type":"post","link":"https:\/\/veritasinfo.org\/?p=33946","title":{"rendered":"Presidenca p\u00ebr vizit\u00ebn e Osmanit n\u00eb Washington: Kosova u lart\u00ebsua n\u00eb aren\u00ebn nd\u00ebrkomb\u00ebtare"},"content":{"rendered":"<p>Prishtin\u00eb, 21 shkurt 2026 19:27<\/p>\n<p>Presidentja e Kosov\u00ebs, Vjosa Osmani, ka marr\u00eb pjes\u00eb n\u00eb takimin inaugurues t\u00eb Bordit t\u00eb Paqes, i mbajtur n\u00eb Washington D.C., me ftes\u00eb t\u00eb Presidentit t\u00eb Shteteve t\u00eb Bashkuara t\u00eb Amerik\u00ebs, Donald Trump.<\/p>\n<p>Sipas njoftimit t\u00eb Presidenc\u00ebs, Kosova, si shtet bashk\u00ebthemelues p\u00ebrkrah Shteteve t\u00eb Bashkuara t\u00eb Amerik\u00ebs, \u00ebsht\u00eb afirmuar n\u00eb aren\u00ebn nd\u00ebrkomb\u00ebtare si kontribuuese n\u00eb sh\u00ebrbim t\u00eb paqes dhe siguris\u00eb globale.<\/p>\n<div class=\"jeg_ad jeg_ad_article jnews_content_inline_ads \">\n<div class=\"ads-wrapper align-center \">Gjat\u00eb takimit inaugurues, Presidentja Osmani ka zhvilluar diskutime me Presidentin Trump dhe me zyrtar\u00eb t\u00eb lart\u00eb t\u00eb administrat\u00ebs amerikane lidhur me bashk\u00ebpunimin bilateral dhe \u00e7\u00ebshtje t\u00eb siguris\u00eb nd\u00ebrkomb\u00ebtare.<\/div>\n<\/div>\n<p>N\u00eb kuad\u00ebr t\u00eb vizit\u00ebs n\u00eb Washington D.C., Osmani \u00ebsht\u00eb pritur n\u00eb takim nga Sekretari amerikan i Shtetit, Marco Rubio. N\u00eb k\u00ebt\u00eb takim \u00ebsht\u00eb diskutuar p\u00ebr hapa konkret\u00eb drejt thellimit t\u00eb partneritetit strategjik Kosov\u00eb\u2013SHBA, avancimin e integrimit t\u00eb Kosov\u00ebs n\u00eb NATO, si dhe forcimin e bashk\u00ebpunimit n\u00eb fush\u00ebn e mbrojtjes dhe ekonomis\u00eb.<\/p>\n<p>Presidentja \u00ebsht\u00eb takuar gjithashtu me zyrtar\u00eb t\u00eb tjer\u00eb t\u00eb lart\u00eb amerikan\u00eb, p\u00ebrfshir\u00eb p\u00ebrfaq\u00ebsues t\u00eb Departamentit t\u00eb Shtetit, K\u00ebshillit Komb\u00ebtar t\u00eb Siguris\u00eb dhe administrat\u00ebs presidenciale.<\/p>\n<p>N\u00eb margjina t\u00eb takimit inaugurues t\u00eb Bordit t\u00eb Paqes, Osmani ka zhvilluar takime dhe bashk\u00ebbisedime edhe me lider\u00eb t\u00eb shumt\u00eb bot\u00ebror\u00eb, p\u00ebrfshir\u00eb president\u00eb, kryeministra dhe ministra t\u00eb jasht\u00ebm nga vende t\u00eb ndryshme t\u00eb Evrop\u00ebs, Azis\u00eb dhe Lindjes s\u00eb Mesme.<\/p>\n<p>Presidenca e Kosov\u00ebs ka theksuar se kjo vizit\u00eb p\u00ebrfaq\u00ebson nj\u00eb hap t\u00eb r\u00ebnd\u00ebsish\u00ebm n\u00eb forcimin e rolit nd\u00ebrkomb\u00ebtar t\u00eb Kosov\u00ebs dhe n\u00eb thellimin e partneritetit strategjik me Shtetet e Bashkuara t\u00eb Amerik\u00ebs.<\/p>\n","protected":false},"excerpt":{"rendered":"<p>Prishtin\u00eb, 21 shkurt 2026 19:27 Presidentja e Kosov\u00ebs, Vjosa Osmani, ka marr\u00eb pjes\u00eb n\u00eb takimin inaugurues t\u00eb Bordit t\u00eb Paqes, i mbajtur n\u00eb Washington D.C.,<\/p>\n","protected":false},"author":7,"featured_media":33947,"comment_status":"open","ping_status":"open","sticky":false,"template":"","format":"standard","meta":{"footnotes":""},"categories":[58],"tags":[],"class_list":["post-33946","post","type-post","status-publish","format-standard","has-post-thumbnail","hentry","category-politike-sq"],"yoast_head":"<!-- This site is optimized with the Yoast SEO plugin v25.3.1 - https:\/\/yoast.com\/wordpress\/plugins\/seo\/ -->\n<title>Presidenca p\u00ebr vizit\u00ebn e Osmanit n\u00eb Washington: Kosova u lart\u00ebsua n\u00eb aren\u00ebn nd\u00ebrkomb\u00ebtare -<\/title>\n<meta name=\"robots\" content=\"index, follow, max-snippet:-1, max-image-preview:large, max-video-preview:-1\" \/>\n<link rel=\"canonical\" href=\"https:\/\/veritasinfo.org\/?p=33946\" \/>\n<meta property=\"og:locale\" content=\"en_US\" \/>\n<meta property=\"og:type\" content=\"article\" \/>\n<meta property=\"og:title\" content=\"Presidenca p\u00ebr vizit\u00ebn e Osmanit n\u00eb Washington: Kosova u lart\u00ebsua n\u00eb aren\u00ebn nd\u00ebrkomb\u00ebtare -\" \/>\n<meta property=\"og:description\" content=\"Prishtin\u00eb, 21 shkurt 2026 19:27 Presidentja e Kosov\u00ebs, Vjosa Osmani, ka marr\u00eb pjes\u00eb n\u00eb takimin inaugurues t\u00eb Bordit t\u00eb Paqes, i mbajtur n\u00eb Washington D.C.,\" \/>\n<meta property=\"og:url\" content=\"https:\/\/veritasinfo.org\/?p=33946\" \/>\n<meta property=\"article:published_time\" content=\"2026-02-21T18:27:51+00:00\" \/>\n<meta property=\"article:modified_time\" content=\"2026-02-21T18:28:10+00:00\" \/>\n<meta property=\"og:image\" content=\"https:\/\/veritasinfo.org\/wp-content\/uploads\/2026\/02\/1-107.jpg\" \/>\n\t<meta property=\"og:image:width\" content=\"602\" \/>\n\t<meta property=\"og:image:height\" content=\"365\" \/>\n\t<meta property=\"og:image:type\" content=\"image\/jpeg\" \/>\n<meta name=\"author\" content=\"US6\" \/>\n<meta name=\"twitter:card\" content=\"summary_large_image\" \/>\n<meta name=\"twitter:label1\" content=\"Written by\" \/>\n\t<meta name=\"twitter:data1\" content=\"US6\" \/>\n\t<meta name=\"twitter:label2\" content=\"Est. reading time\" \/>\n\t<meta name=\"twitter:data2\" content=\"2 minutes\" \/>\n<script type=\"application\/ld+json\" class=\"yoast-schema-graph\">{\"@context\":\"https:\/\/schema.org\",\"@graph\":[{\"@type\":\"WebPage\",\"@id\":\"https:\/\/veritasinfo.org\/?p=33946\",\"url\":\"https:\/\/veritasinfo.org\/?p=33946\",\"name\":\"Presidenca p\u00ebr vizit\u00ebn e Osmanit n\u00eb Washington: Kosova u lart\u00ebsua n\u00eb aren\u00ebn nd\u00ebrkomb\u00ebtare -\",\"isPartOf\":{\"@id\":\"https:\/\/veritasinfo.org\/#website\"},\"primaryImageOfPage\":{\"@id\":\"https:\/\/veritasinfo.org\/?p=33946#primaryimage\"},\"image\":{\"@id\":\"https:\/\/veritasinfo.org\/?p=33946#primaryimage\"},\"thumbnailUrl\":\"https:\/\/veritasinfo.org\/wp-content\/uploads\/2026\/02\/1-107.jpg\",\"datePublished\":\"2026-02-21T18:27:51+00:00\",\"dateModified\":\"2026-02-21T18:28:10+00:00\",\"author\":{\"@id\":\"https:\/\/veritasinfo.org\/#\/schema\/person\/fe199eede04c3937362892b7444747cc\"},\"breadcrumb\":{\"@id\":\"https:\/\/veritasinfo.org\/?p=33946#breadcrumb\"},\"inLanguage\":\"en-US\",\"potentialAction\":[{\"@type\":\"ReadAction\",\"target\":[\"https:\/\/veritasinfo.org\/?p=33946\"]}]},{\"@type\":\"ImageObject\",\"inLanguage\":\"en-US\",\"@id\":\"https:\/\/veritasinfo.org\/?p=33946#primaryimage\",\"url\":\"https:\/\/veritasinfo.org\/wp-content\/uploads\/2026\/02\/1-107.jpg\",\"contentUrl\":\"https:\/\/veritasinfo.org\/wp-content\/uploads\/2026\/02\/1-107.jpg\",\"width\":602,\"height\":365},{\"@type\":\"BreadcrumbList\",\"@id\":\"https:\/\/veritasinfo.org\/?p=33946#breadcrumb\",\"itemListElement\":[{\"@type\":\"ListItem\",\"position\":1,\"name\":\"Home\",\"item\":\"https:\/\/veritasinfo.org\/\"},{\"@type\":\"ListItem\",\"position\":2,\"name\":\"Presidenca p\u00ebr vizit\u00ebn e Osmanit n\u00eb Washington: Kosova u lart\u00ebsua n\u00eb aren\u00ebn nd\u00ebrkomb\u00ebtare\"}]},{\"@type\":\"WebSite\",\"@id\":\"https:\/\/veritasinfo.org\/#website\",\"url\":\"https:\/\/veritasinfo.org\/\",\"name\":\"\",\"description\":\"\",\"potentialAction\":[{\"@type\":\"SearchAction\",\"target\":{\"@type\":\"EntryPoint\",\"urlTemplate\":\"https:\/\/veritasinfo.org\/?s={search_term_string}\"},\"query-input\":{\"@type\":\"PropertyValueSpecification\",\"valueRequired\":true,\"valueName\":\"search_term_string\"}}],\"inLanguage\":\"en-US\"},{\"@type\":\"Person\",\"@id\":\"https:\/\/veritasinfo.org\/#\/schema\/person\/fe199eede04c3937362892b7444747cc\",\"name\":\"US6\",\"image\":{\"@type\":\"ImageObject\",\"inLanguage\":\"en-US\",\"@id\":\"https:\/\/veritasinfo.org\/#\/schema\/person\/image\/\",\"url\":\"https:\/\/secure.gravatar.com\/avatar\/cb16c3c31c9d23b9b8c705964598220b3014e42ff51eb540ff23cefa3ae8c15f?s=96&d=mm&r=g\",\"contentUrl\":\"https:\/\/secure.gravatar.com\/avatar\/cb16c3c31c9d23b9b8c705964598220b3014e42ff51eb540ff23cefa3ae8c15f?s=96&d=mm&r=g\",\"caption\":\"US6\"},\"url\":\"https:\/\/veritasinfo.org\/?author=7\"}]}<\/script>\n<!-- \/ Yoast SEO plugin. -->","yoast_head_json":{"title":"Presidenca p\u00ebr vizit\u00ebn e Osmanit n\u00eb Washington: Kosova u lart\u00ebsua n\u00eb aren\u00ebn nd\u00ebrkomb\u00ebtare -","robots":{"index":"index","follow":"follow","max-snippet":"max-snippet:-1","max-image-preview":"max-image-preview:large","max-video-preview":"max-video-preview:-1"},"canonical":"https:\/\/veritasinfo.org\/?p=33946","og_locale":"en_US","og_type":"article","og_title":"Presidenca p\u00ebr vizit\u00ebn e Osmanit n\u00eb Washington: Kosova u lart\u00ebsua n\u00eb aren\u00ebn nd\u00ebrkomb\u00ebtare -","og_description":"Prishtin\u00eb, 21 shkurt 2026 19:27 Presidentja e Kosov\u00ebs, Vjosa Osmani, ka marr\u00eb pjes\u00eb n\u00eb takimin inaugurues t\u00eb Bordit t\u00eb Paqes, i mbajtur n\u00eb Washington D.C.,","og_url":"https:\/\/veritasinfo.org\/?p=33946","article_published_time":"2026-02-21T18:27:51+00:00","article_modified_time":"2026-02-21T18:28:10+00:00","og_image":[{"width":602,"height":365,"url":"https:\/\/veritasinfo.org\/wp-content\/uploads\/2026\/02\/1-107.jpg","type":"image\/jpeg"}],"author":"US6","twitter_card":"summary_large_image","twitter_misc":{"Written by":"US6","Est. reading time":"2 minutes"},"schema":{"@context":"https:\/\/schema.org","@graph":[{"@type":"WebPage","@id":"https:\/\/veritasinfo.org\/?p=33946","url":"https:\/\/veritasinfo.org\/?p=33946","name":"Presidenca p\u00ebr vizit\u00ebn e Osmanit n\u00eb Washington: Kosova u lart\u00ebsua n\u00eb aren\u00ebn nd\u00ebrkomb\u00ebtare -","isPartOf":{"@id":"https:\/\/veritasinfo.org\/#website"},"primaryImageOfPage":{"@id":"https:\/\/veritasinfo.org\/?p=33946#primaryimage"},"image":{"@id":"https:\/\/veritasinfo.org\/?p=33946#primaryimage"},"thumbnailUrl":"https:\/\/veritasinfo.org\/wp-content\/uploads\/2026\/02\/1-107.jpg","datePublished":"2026-02-21T18:27:51+00:00","dateModified":"2026-02-21T18:28:10+00:00","author":{"@id":"https:\/\/veritasinfo.org\/#\/schema\/person\/fe199eede04c3937362892b7444747cc"},"breadcrumb":{"@id":"https:\/\/veritasinfo.org\/?p=33946#breadcrumb"},"inLanguage":"en-US","potentialAction":[{"@type":"ReadAction","target":["https:\/\/veritasinfo.org\/?p=33946"]}]},{"@type":"ImageObject","inLanguage":"en-US","@id":"https:\/\/veritasinfo.org\/?p=33946#primaryimage","url":"https:\/\/veritasinfo.org\/wp-content\/uploads\/2026\/02\/1-107.jpg","contentUrl":"https:\/\/veritasinfo.org\/wp-content\/uploads\/2026\/02\/1-107.jpg","width":602,"height":365},{"@type":"BreadcrumbList","@id":"https:\/\/veritasinfo.org\/?p=33946#breadcrumb","itemListElement":[{"@type":"ListItem","position":1,"name":"Home","item":"https:\/\/veritasinfo.org\/"},{"@type":"ListItem","position":2,"name":"Presidenca p\u00ebr vizit\u00ebn e Osmanit n\u00eb Washington: Kosova u lart\u00ebsua n\u00eb aren\u00ebn nd\u00ebrkomb\u00ebtare"}]},{"@type":"WebSite","@id":"https:\/\/veritasinfo.org\/#website","url":"https:\/\/veritasinfo.org\/","name":"","description":"","potentialAction":[{"@type":"SearchAction","target":{"@type":"EntryPoint","urlTemplate":"https:\/\/veritasinfo.org\/?s={search_term_string}"},"query-input":{"@type":"PropertyValueSpecification","valueRequired":true,"valueName":"search_term_string"}}],"inLanguage":"en-US"},{"@type":"Person","@id":"https:\/\/veritasinfo.org\/#\/schema\/person\/fe199eede04c3937362892b7444747cc","name":"US6","image":{"@type":"ImageObject","inLanguage":"en-US","@id":"https:\/\/veritasinfo.org\/#\/schema\/person\/image\/","url":"https:\/\/secure.gravatar.com\/avatar\/cb16c3c31c9d23b9b8c705964598220b3014e42ff51eb540ff23cefa3ae8c15f?s=96&d=mm&r=g","contentUrl":"https:\/\/secure.gravatar.com\/avatar\/cb16c3c31c9d23b9b8c705964598220b3014e42ff51eb540ff23cefa3ae8c15f?s=96&d=mm&r=g","caption":"US6"},"url":"https:\/\/veritasinfo.org\/?author=7"}]}},"featured_image_urls":{"full":["https:\/\/veritasinfo.org\/wp-content\/uploads\/2026\/02\/1-107.jpg",602,365,false],"thumbnail":["https:\/\/veritasinfo.org\/wp-content\/uploads\/2026\/02\/1-107-150x150.jpg",150,150,true],"medium":["https:\/\/veritasinfo.org\/wp-content\/uploads\/2026\/02\/1-107-300x182.jpg",300,182,true],"medium_large":["https:\/\/veritasinfo.org\/wp-content\/uploads\/2026\/02\/1-107.jpg",602,365,false],"large":["https:\/\/veritasinfo.org\/wp-content\/uploads\/2026\/02\/1-107.jpg",602,365,false],"1536x1536":["https:\/\/veritasinfo.org\/wp-content\/uploads\/2026\/02\/1-107.jpg",602,365,false],"2048x2048":["https:\/\/veritasinfo.org\/wp-content\/uploads\/2026\/02\/1-107.jpg",602,365,false],"kreeti-slider-full":["https:\/\/veritasinfo.org\/wp-content\/uploads\/2026\/02\/1-107.jpg",602,365,false],"kreeti-featured":["https:\/\/veritasinfo.org\/wp-content\/uploads\/2026\/02\/1-107.jpg",602,365,false],"kreeti-medium":["https:\/\/veritasinfo.org\/wp-content\/uploads\/2026\/02\/1-107.jpg",602,365,false],"kreeti-medium-square":["https:\/\/veritasinfo.org\/wp-content\/uploads\/2026\/02\/1-107.jpg",350,212,false]},"author_info":{"info":["US6"]},"category_info":"<a href=\"https:\/\/veritasinfo.org\/?cat=58\" rel=\"category\">Politik\u00eb<\/a>","tag_info":"Politik\u00eb","comment_count":"0","_links":{"self":[{"href":"https:\/\/veritasinfo.org\/index.php?rest_route=\/wp\/v2\/posts\/33946","targetHints":{"allow":["GET"]}}],"collection":[{"href":"https:\/\/veritasinfo.org\/index.php?rest_route=\/wp\/v2\/posts"}],"about":[{"href":"https:\/\/veritasinfo.org\/index.php?rest_route=\/wp\/v2\/types\/post"}],"author":[{"embeddable":true,"href":"https:\/\/veritasinfo.org\/index.php?rest_route=\/wp\/v2\/users\/7"}],"replies":[{"embeddable":true,"href":"https:\/\/veritasinfo.org\/index.php?rest_route=%2Fwp%2Fv2%2Fcomments&post=33946"}],"version-history":[{"count":2,"href":"https:\/\/veritasinfo.org\/index.php?rest_route=\/wp\/v2\/posts\/33946\/revisions"}],"predecessor-version":[{"id":33949,"href":"https:\/\/veritasinfo.org\/index.php?rest_route=\/wp\/v2\/posts\/33946\/revisions\/33949"}],"wp:featuredmedia":[{"embeddable":true,"href":"https:\/\/veritasinfo.org\/index.php?rest_route=\/wp\/v2\/media\/33947"}],"wp:attachment":[{"href":"https:\/\/veritasinfo.org\/index.php?rest_route=%2Fwp%2Fv2%2Fmedia&parent=33946"}],"wp:term":[{"taxonomy":"category","embeddable":true,"href":"https:\/\/veritasinfo.org\/index.php?rest_route=%2Fwp%2Fv2%2Fcategories&post=33946"},{"taxonomy":"post_tag","embeddable":true,"href":"https:\/\/veritasinfo.org\/index.php?rest_route=%2Fwp%2Fv2%2Ftags&post=33946"}],"curies":[{"name":"wp","href":"https:\/\/api.w.org\/{rel}","templated":true}]}}