{"id":33884,"date":"2026-02-21T11:24:52","date_gmt":"2026-02-21T10:24:52","guid":{"rendered":"https:\/\/veritasinfo.org\/?p=33884"},"modified":"2026-02-21T11:25:54","modified_gmt":"2026-02-21T10:25:54","slug":"maqedonci-ceshtjen-e-shtesave-dhe-kujdestarive-te-ushtarakeve-do-ta-adresojme-gjate-muajve-te-pare-te-ketij-mandati","status":"publish","type":"post","link":"https:\/\/veritasinfo.org\/?p=33884","title":{"rendered":"Maqedonci: \u00c7\u00ebshtjen e shtesave dhe kujdestarive t\u00eb ushtarak\u00ebve do t&#8217;a adresojm\u00eb gjat\u00eb muajve t\u00eb par\u00eb t\u00eb k\u00ebtij mandati"},"content":{"rendered":"<p>Prishtin\u00eb 21 Shkurt 2026 11:23<\/p>\n<p>Ministri i Mbrojtjes, Ejup Maqedonci, \u00ebsht\u00eb i ftuari i radh\u00ebs n\u00eb Blic Interview me Astrit Gashin.<\/p>\n<p>Maqedonci ka folur n\u00eb lidhje me largimet e ushtar\u00ebve nga vendi.<\/p>\n<p>Ai tha se \u00ebsht\u00eb punuar shum\u00eb p\u00ebr mir\u00ebqenien e ushtar\u00ebve dhe se \u00e7\u00ebshtjen e shtesave dhe kujdestarive do t\u2019a adresojn\u00eb shpejt p\u00ebr t\u2019u zgjidhur.<\/p>\n<p>\u201cNormalisht ne kemi patur disa prioritete n\u00eb mandatin e kaluar qeveris\u00ebs si\u00e7 do t\u2019i kemi edhe gjat\u00eb k\u00ebtij mandati qeveris\u00ebs. S\u00eb pari ka qen\u00eb prioritet q\u00eb FSK-n\u00eb t\u2019a b\u00ebjm\u00eb nj\u00eb ushtri dhe p\u00ebr t\u2019u b\u00ebr\u00eb nj\u00eb ushtri e nevojshme ka qen\u00eb s\u00eb pari q\u00eb t\u00eb kemi arm\u00eb, sisteme t\u00eb armatimit, automjete dhe pajisje t\u00eb tjera ushtarake mir\u00ebpo edhe q\u00eb t\u00eb kemi objekte t\u00eb p\u00ebrshtatshme p\u00ebr t\u00eb funksionuar si ushtri dhe normalisht edhe baza t\u00eb tjera. \u00c7far\u00eb nuk theksojm\u00eb shpesh \u00ebsht\u00eb fakti se p\u00ebrve\u00e7 investimeve n\u00eb blerjen e armatimit, ne b\u00ebjm\u00eb edhe investime t\u00eb tjera si n\u00eb infrastruktur\u00eb, depo, poligonet e trajnimit por edhe n\u00eb rregullimin e bazave t\u00eb reja t\u00eb cilat i kemi marr\u00eb koh\u00ebt e fundit. Krahas tyre kemi punuar edhe p\u00ebr mir\u00ebqenien, un\u00eb vler\u00ebsoj se duhet t\u00eb punojm\u00eb n\u00eb vazhdim\u00ebsi p\u00ebr mir\u00ebqenien e ushtarak\u00ebve tan\u00eb. Kemi ngrit pagat, paga m\u00eb e ul\u00ebt n\u00eb FSK \u00ebsht\u00eb 620 euro m\u00eb e larta shkon deri n\u00eb 2 mij\u00eb euro. Kemi zgjidh \u00e7\u00ebshtjen e transportit, ushqimit. Dy-tre \u00e7\u00ebshtje q\u00eb kan\u00eb mbet t\u00eb zgjidhen \u00ebsht\u00eb \u00e7\u00ebshtja e shtesave dhe kujdestarive, normalisht q\u00eb k\u00ebto jan\u00eb t\u00eb p\u00ebrcaktuara me ligj. Do t\u00eb mundohemi q\u00eb gjat\u00eb k\u00ebtij mandati qeveris\u00ebs, ve\u00e7anarisht muajve t\u00eb par\u00eb, t\u00eb adresojm\u00eb k\u00ebt\u00eb \u00e7\u00ebshtje\u201d tha Maqedonci. <\/p>\n","protected":false},"excerpt":{"rendered":"<p>Prishtin\u00eb 21 Shkurt 2026 11:23 Ministri i Mbrojtjes, Ejup Maqedonci, \u00ebsht\u00eb i ftuari i radh\u00ebs n\u00eb Blic Interview me Astrit Gashin. Maqedonci ka folur n\u00eb<\/p>\n","protected":false},"author":6,"featured_media":33885,"comment_status":"open","ping_status":"open","sticky":false,"template":"","format":"standard","meta":{"footnotes":""},"categories":[60],"tags":[],"class_list":["post-33884","post","type-post","status-publish","format-standard","has-post-thumbnail","hentry","category-shoqerore-sq"],"yoast_head":"<!-- This site is optimized with the Yoast SEO plugin v25.3.1 - https:\/\/yoast.com\/wordpress\/plugins\/seo\/ -->\n<title>Maqedonci: \u00c7\u00ebshtjen e shtesave dhe kujdestarive t\u00eb ushtarak\u00ebve do t&#039;a adresojm\u00eb gjat\u00eb muajve t\u00eb par\u00eb t\u00eb k\u00ebtij mandati -<\/title>\n<meta name=\"robots\" content=\"index, follow, max-snippet:-1, max-image-preview:large, max-video-preview:-1\" \/>\n<link rel=\"canonical\" href=\"https:\/\/veritasinfo.org\/?p=33884\" \/>\n<meta property=\"og:locale\" content=\"en_US\" \/>\n<meta property=\"og:type\" content=\"article\" \/>\n<meta property=\"og:title\" content=\"Maqedonci: \u00c7\u00ebshtjen e shtesave dhe kujdestarive t\u00eb ushtarak\u00ebve do t&#039;a adresojm\u00eb gjat\u00eb muajve t\u00eb par\u00eb t\u00eb k\u00ebtij mandati -\" \/>\n<meta property=\"og:description\" content=\"Prishtin\u00eb 21 Shkurt 2026 11:23 Ministri i Mbrojtjes, Ejup Maqedonci, \u00ebsht\u00eb i ftuari i radh\u00ebs n\u00eb Blic Interview me Astrit Gashin. Maqedonci ka folur n\u00eb\" \/>\n<meta property=\"og:url\" content=\"https:\/\/veritasinfo.org\/?p=33884\" \/>\n<meta property=\"article:published_time\" content=\"2026-02-21T10:24:52+00:00\" \/>\n<meta property=\"article:modified_time\" content=\"2026-02-21T10:25:54+00:00\" \/>\n<meta property=\"og:image\" content=\"https:\/\/veritasinfo.org\/wp-content\/uploads\/2026\/02\/444-11-1536x864-1.jpg\" \/>\n\t<meta property=\"og:image:width\" content=\"1536\" \/>\n\t<meta property=\"og:image:height\" content=\"864\" \/>\n\t<meta property=\"og:image:type\" content=\"image\/jpeg\" \/>\n<meta name=\"author\" content=\"US5\" \/>\n<meta name=\"twitter:card\" content=\"summary_large_image\" \/>\n<meta name=\"twitter:label1\" content=\"Written by\" \/>\n\t<meta name=\"twitter:data1\" content=\"US5\" \/>\n\t<meta name=\"twitter:label2\" content=\"Est. reading time\" \/>\n\t<meta name=\"twitter:data2\" content=\"2 minutes\" \/>\n<script type=\"application\/ld+json\" class=\"yoast-schema-graph\">{\"@context\":\"https:\/\/schema.org\",\"@graph\":[{\"@type\":\"WebPage\",\"@id\":\"https:\/\/veritasinfo.org\/?p=33884\",\"url\":\"https:\/\/veritasinfo.org\/?p=33884\",\"name\":\"Maqedonci: \u00c7\u00ebshtjen e shtesave dhe kujdestarive t\u00eb ushtarak\u00ebve do t'a adresojm\u00eb gjat\u00eb muajve t\u00eb par\u00eb t\u00eb k\u00ebtij mandati -\",\"isPartOf\":{\"@id\":\"https:\/\/veritasinfo.org\/#website\"},\"primaryImageOfPage\":{\"@id\":\"https:\/\/veritasinfo.org\/?p=33884#primaryimage\"},\"image\":{\"@id\":\"https:\/\/veritasinfo.org\/?p=33884#primaryimage\"},\"thumbnailUrl\":\"https:\/\/veritasinfo.org\/wp-content\/uploads\/2026\/02\/444-11-1536x864-1.jpg\",\"datePublished\":\"2026-02-21T10:24:52+00:00\",\"dateModified\":\"2026-02-21T10:25:54+00:00\",\"author\":{\"@id\":\"https:\/\/veritasinfo.org\/#\/schema\/person\/bc442336e35414d04494ab8fb45db4c6\"},\"breadcrumb\":{\"@id\":\"https:\/\/veritasinfo.org\/?p=33884#breadcrumb\"},\"inLanguage\":\"en-US\",\"potentialAction\":[{\"@type\":\"ReadAction\",\"target\":[\"https:\/\/veritasinfo.org\/?p=33884\"]}]},{\"@type\":\"ImageObject\",\"inLanguage\":\"en-US\",\"@id\":\"https:\/\/veritasinfo.org\/?p=33884#primaryimage\",\"url\":\"https:\/\/veritasinfo.org\/wp-content\/uploads\/2026\/02\/444-11-1536x864-1.jpg\",\"contentUrl\":\"https:\/\/veritasinfo.org\/wp-content\/uploads\/2026\/02\/444-11-1536x864-1.jpg\",\"width\":1536,\"height\":864},{\"@type\":\"BreadcrumbList\",\"@id\":\"https:\/\/veritasinfo.org\/?p=33884#breadcrumb\",\"itemListElement\":[{\"@type\":\"ListItem\",\"position\":1,\"name\":\"Home\",\"item\":\"https:\/\/veritasinfo.org\/\"},{\"@type\":\"ListItem\",\"position\":2,\"name\":\"Maqedonci: \u00c7\u00ebshtjen e shtesave dhe kujdestarive t\u00eb ushtarak\u00ebve do t&#8217;a adresojm\u00eb gjat\u00eb muajve t\u00eb par\u00eb t\u00eb k\u00ebtij mandati\"}]},{\"@type\":\"WebSite\",\"@id\":\"https:\/\/veritasinfo.org\/#website\",\"url\":\"https:\/\/veritasinfo.org\/\",\"name\":\"\",\"description\":\"\",\"potentialAction\":[{\"@type\":\"SearchAction\",\"target\":{\"@type\":\"EntryPoint\",\"urlTemplate\":\"https:\/\/veritasinfo.org\/?s={search_term_string}\"},\"query-input\":{\"@type\":\"PropertyValueSpecification\",\"valueRequired\":true,\"valueName\":\"search_term_string\"}}],\"inLanguage\":\"en-US\"},{\"@type\":\"Person\",\"@id\":\"https:\/\/veritasinfo.org\/#\/schema\/person\/bc442336e35414d04494ab8fb45db4c6\",\"name\":\"US5\",\"image\":{\"@type\":\"ImageObject\",\"inLanguage\":\"en-US\",\"@id\":\"https:\/\/veritasinfo.org\/#\/schema\/person\/image\/\",\"url\":\"https:\/\/secure.gravatar.com\/avatar\/16a61e7272a0c5d001121ebb9e60e925d5816e4ac1e443ed3e640d9a6ae55d0c?s=96&d=mm&r=g\",\"contentUrl\":\"https:\/\/secure.gravatar.com\/avatar\/16a61e7272a0c5d001121ebb9e60e925d5816e4ac1e443ed3e640d9a6ae55d0c?s=96&d=mm&r=g\",\"caption\":\"US5\"},\"url\":\"https:\/\/veritasinfo.org\/?author=6\"}]}<\/script>\n<!-- \/ Yoast SEO plugin. -->","yoast_head_json":{"title":"Maqedonci: \u00c7\u00ebshtjen e shtesave dhe kujdestarive t\u00eb ushtarak\u00ebve do t'a adresojm\u00eb gjat\u00eb muajve t\u00eb par\u00eb t\u00eb k\u00ebtij mandati -","robots":{"index":"index","follow":"follow","max-snippet":"max-snippet:-1","max-image-preview":"max-image-preview:large","max-video-preview":"max-video-preview:-1"},"canonical":"https:\/\/veritasinfo.org\/?p=33884","og_locale":"en_US","og_type":"article","og_title":"Maqedonci: \u00c7\u00ebshtjen e shtesave dhe kujdestarive t\u00eb ushtarak\u00ebve do t'a adresojm\u00eb gjat\u00eb muajve t\u00eb par\u00eb t\u00eb k\u00ebtij mandati -","og_description":"Prishtin\u00eb 21 Shkurt 2026 11:23 Ministri i Mbrojtjes, Ejup Maqedonci, \u00ebsht\u00eb i ftuari i radh\u00ebs n\u00eb Blic Interview me Astrit Gashin. Maqedonci ka folur n\u00eb","og_url":"https:\/\/veritasinfo.org\/?p=33884","article_published_time":"2026-02-21T10:24:52+00:00","article_modified_time":"2026-02-21T10:25:54+00:00","og_image":[{"width":1536,"height":864,"url":"https:\/\/veritasinfo.org\/wp-content\/uploads\/2026\/02\/444-11-1536x864-1.jpg","type":"image\/jpeg"}],"author":"US5","twitter_card":"summary_large_image","twitter_misc":{"Written by":"US5","Est. reading time":"2 minutes"},"schema":{"@context":"https:\/\/schema.org","@graph":[{"@type":"WebPage","@id":"https:\/\/veritasinfo.org\/?p=33884","url":"https:\/\/veritasinfo.org\/?p=33884","name":"Maqedonci: \u00c7\u00ebshtjen e shtesave dhe kujdestarive t\u00eb ushtarak\u00ebve do t'a adresojm\u00eb gjat\u00eb muajve t\u00eb par\u00eb t\u00eb k\u00ebtij mandati -","isPartOf":{"@id":"https:\/\/veritasinfo.org\/#website"},"primaryImageOfPage":{"@id":"https:\/\/veritasinfo.org\/?p=33884#primaryimage"},"image":{"@id":"https:\/\/veritasinfo.org\/?p=33884#primaryimage"},"thumbnailUrl":"https:\/\/veritasinfo.org\/wp-content\/uploads\/2026\/02\/444-11-1536x864-1.jpg","datePublished":"2026-02-21T10:24:52+00:00","dateModified":"2026-02-21T10:25:54+00:00","author":{"@id":"https:\/\/veritasinfo.org\/#\/schema\/person\/bc442336e35414d04494ab8fb45db4c6"},"breadcrumb":{"@id":"https:\/\/veritasinfo.org\/?p=33884#breadcrumb"},"inLanguage":"en-US","potentialAction":[{"@type":"ReadAction","target":["https:\/\/veritasinfo.org\/?p=33884"]}]},{"@type":"ImageObject","inLanguage":"en-US","@id":"https:\/\/veritasinfo.org\/?p=33884#primaryimage","url":"https:\/\/veritasinfo.org\/wp-content\/uploads\/2026\/02\/444-11-1536x864-1.jpg","contentUrl":"https:\/\/veritasinfo.org\/wp-content\/uploads\/2026\/02\/444-11-1536x864-1.jpg","width":1536,"height":864},{"@type":"BreadcrumbList","@id":"https:\/\/veritasinfo.org\/?p=33884#breadcrumb","itemListElement":[{"@type":"ListItem","position":1,"name":"Home","item":"https:\/\/veritasinfo.org\/"},{"@type":"ListItem","position":2,"name":"Maqedonci: \u00c7\u00ebshtjen e shtesave dhe kujdestarive t\u00eb ushtarak\u00ebve do t&#8217;a adresojm\u00eb gjat\u00eb muajve t\u00eb par\u00eb t\u00eb k\u00ebtij mandati"}]},{"@type":"WebSite","@id":"https:\/\/veritasinfo.org\/#website","url":"https:\/\/veritasinfo.org\/","name":"","description":"","potentialAction":[{"@type":"SearchAction","target":{"@type":"EntryPoint","urlTemplate":"https:\/\/veritasinfo.org\/?s={search_term_string}"},"query-input":{"@type":"PropertyValueSpecification","valueRequired":true,"valueName":"search_term_string"}}],"inLanguage":"en-US"},{"@type":"Person","@id":"https:\/\/veritasinfo.org\/#\/schema\/person\/bc442336e35414d04494ab8fb45db4c6","name":"US5","image":{"@type":"ImageObject","inLanguage":"en-US","@id":"https:\/\/veritasinfo.org\/#\/schema\/person\/image\/","url":"https:\/\/secure.gravatar.com\/avatar\/16a61e7272a0c5d001121ebb9e60e925d5816e4ac1e443ed3e640d9a6ae55d0c?s=96&d=mm&r=g","contentUrl":"https:\/\/secure.gravatar.com\/avatar\/16a61e7272a0c5d001121ebb9e60e925d5816e4ac1e443ed3e640d9a6ae55d0c?s=96&d=mm&r=g","caption":"US5"},"url":"https:\/\/veritasinfo.org\/?author=6"}]}},"featured_image_urls":{"full":["https:\/\/veritasinfo.org\/wp-content\/uploads\/2026\/02\/444-11-1536x864-1.jpg",1536,864,false],"thumbnail":["https:\/\/veritasinfo.org\/wp-content\/uploads\/2026\/02\/444-11-1536x864-1-150x150.jpg",150,150,true],"medium":["https:\/\/veritasinfo.org\/wp-content\/uploads\/2026\/02\/444-11-1536x864-1-300x169.jpg",300,169,true],"medium_large":["https:\/\/veritasinfo.org\/wp-content\/uploads\/2026\/02\/444-11-1536x864-1-768x432.jpg",640,360,true],"large":["https:\/\/veritasinfo.org\/wp-content\/uploads\/2026\/02\/444-11-1536x864-1-1024x576.jpg",640,360,true],"1536x1536":["https:\/\/veritasinfo.org\/wp-content\/uploads\/2026\/02\/444-11-1536x864-1.jpg",1536,864,false],"2048x2048":["https:\/\/veritasinfo.org\/wp-content\/uploads\/2026\/02\/444-11-1536x864-1.jpg",1536,864,false],"kreeti-slider-full":["https:\/\/veritasinfo.org\/wp-content\/uploads\/2026\/02\/444-11-1536x864-1.jpg",1280,720,false],"kreeti-featured":["https:\/\/veritasinfo.org\/wp-content\/uploads\/2026\/02\/444-11-1536x864-1.jpg",1024,576,false],"kreeti-medium":["https:\/\/veritasinfo.org\/wp-content\/uploads\/2026\/02\/444-11-1536x864-1.jpg",720,405,false],"kreeti-medium-square":["https:\/\/veritasinfo.org\/wp-content\/uploads\/2026\/02\/444-11-1536x864-1.jpg",350,197,false]},"author_info":{"info":["US5"]},"category_info":"<a href=\"https:\/\/veritasinfo.org\/?cat=60\" rel=\"category\">Shoq\u00ebrore<\/a>","tag_info":"Shoq\u00ebrore","comment_count":"0","_links":{"self":[{"href":"https:\/\/veritasinfo.org\/index.php?rest_route=\/wp\/v2\/posts\/33884","targetHints":{"allow":["GET"]}}],"collection":[{"href":"https:\/\/veritasinfo.org\/index.php?rest_route=\/wp\/v2\/posts"}],"about":[{"href":"https:\/\/veritasinfo.org\/index.php?rest_route=\/wp\/v2\/types\/post"}],"author":[{"embeddable":true,"href":"https:\/\/veritasinfo.org\/index.php?rest_route=\/wp\/v2\/users\/6"}],"replies":[{"embeddable":true,"href":"https:\/\/veritasinfo.org\/index.php?rest_route=%2Fwp%2Fv2%2Fcomments&post=33884"}],"version-history":[{"count":2,"href":"https:\/\/veritasinfo.org\/index.php?rest_route=\/wp\/v2\/posts\/33884\/revisions"}],"predecessor-version":[{"id":33887,"href":"https:\/\/veritasinfo.org\/index.php?rest_route=\/wp\/v2\/posts\/33884\/revisions\/33887"}],"wp:featuredmedia":[{"embeddable":true,"href":"https:\/\/veritasinfo.org\/index.php?rest_route=\/wp\/v2\/media\/33885"}],"wp:attachment":[{"href":"https:\/\/veritasinfo.org\/index.php?rest_route=%2Fwp%2Fv2%2Fmedia&parent=33884"}],"wp:term":[{"taxonomy":"category","embeddable":true,"href":"https:\/\/veritasinfo.org\/index.php?rest_route=%2Fwp%2Fv2%2Fcategories&post=33884"},{"taxonomy":"post_tag","embeddable":true,"href":"https:\/\/veritasinfo.org\/index.php?rest_route=%2Fwp%2Fv2%2Ftags&post=33884"}],"curies":[{"name":"wp","href":"https:\/\/api.w.org\/{rel}","templated":true}]}}