{"id":33872,"date":"2026-02-21T10:14:01","date_gmt":"2026-02-21T09:14:01","guid":{"rendered":"https:\/\/veritasinfo.org\/?p=33872"},"modified":"2026-02-21T10:14:38","modified_gmt":"2026-02-21T09:14:38","slug":"dialogu-kosove-serbi-janjiq-duhet-te-bisedohet-edhe-me-shqiptaret-e-lugines","status":"publish","type":"post","link":"https:\/\/veritasinfo.org\/?p=33872","title":{"rendered":"Dialogu Kosov\u00eb-Serbi, Janjiq: Duhet t\u00eb bisedohet edhe me shqiptar\u00ebt e Lugin\u00ebs"},"content":{"rendered":"<p>Prishtin\u00eb 21 Shkurt 2026 10:13<br \/>\nDrejtori i Forumit p\u00ebr Marr\u00ebdh\u00ebnie Nd\u00ebretnike n\u00eb Serbi, Dushan Janjiq, thot\u00eb se Marr\u00ebveshja p\u00ebr normalizimin e marr\u00ebdh\u00ebnieve nd\u00ebrmjet Kosov\u00ebs dhe Serbis\u00eb \u00ebsht\u00eb e detyrueshme sipas s\u00eb drejt\u00ebs nd\u00ebrkomb\u00ebtare, q\u00eb do t\u00eb thot\u00eb se \u00ebsht\u00eb obligim politik dhe juridik.<\/p>\n<p>Janjiq, duke folur p\u00ebr mediat serbe, vler\u00ebsoi se ata q\u00eb udh\u00ebheqin negociatat ende nuk e kan\u00eb kuptuar se ky \u00ebsht\u00eb obligim i tyre moral dhe social ndaj shoq\u00ebris\u00eb n\u00eb Kosov\u00eb dhe ndaj Serbis\u00eb.<\/p>\n<p>Ai p\u00ebrkujtoi se \u201cformati i dialogut nd\u00ebrmjet Kosov\u00ebs dhe Serbis\u00eb \u00ebsht\u00eb vendosur n\u00eb baz\u00eb t\u00eb rezolut\u00ebs s\u00eb Asambles\u00eb s\u00eb P\u00ebrgjithshme t\u00eb Kombeve t\u00eb Bashkuara (OKB) dhe nuk mund t\u00eb ndryshohet derisa rezoluta \u00ebsht\u00eb e vlefshme\u201d.<\/p>\n<p>Si\u00e7 transmeton \u201cDanas\u201d, Janjiq beson se formati i bisedimeve dypal\u00ebshe n\u00eb kuad\u00ebr t\u00eb dialogut, me shum\u00eb p\u00ebrgatitje dhe humbje kohe, kaher\u00eb \u00ebsht\u00eb shpenzuar, q\u00eb \u00ebsht\u00eb nj\u00eb nga arsyet e kriz\u00ebs dhe thekson se i gjith\u00eb procesi zhvillohet n\u00eb m\u00ebnyr\u00eb burokratike dhe pa ndjenj\u00ebn e realitetit.<\/p>\n<p>Sipas mendimit t\u00eb tij, ndryshimi do t\u00eb pasoj\u00eb, gj\u00eb q\u00eb shihet edhe nga p\u00ebrfshirja aktive e Shteteve t\u00eb Bashkuara t\u00eb Amerik\u00ebs n\u00eb dialog.<\/p>\n<p>Ai thot\u00eb se \u201cdo t\u00eb ket\u00eb nj\u00eb grupim t\u00eb temave dhe aplikimi i tryezave t\u00eb rrumbullak\u00ebta ku do t\u00eb duhet t\u00eb d\u00ebgjohet mendimi i Kish\u00ebs Ortodokse Serbe dhe propozimi i saj p\u00ebr nj\u00eb marr\u00ebveshje p\u00ebr trash\u00ebgimin\u00eb kulturore t\u00eb serb\u00ebve\u201d, transmeton Telegrafi.<\/p>\n<p>Sipas tij do t\u00eb duhet t\u00eb bisedohet \u201cme serb\u00ebt e Kosov\u00ebs, jo vet\u00ebm me List\u00ebn Serbe, por edhe me shqiptar\u00ebt nga Serbia, n\u00eb m\u00ebnyr\u00eb q\u00eb n\u00eb fund t\u00eb atij procesi t\u00eb organizohet nj\u00eb konferenc\u00eb nd\u00ebrkomb\u00ebtare\u201d.<\/p>\n<p>Janjiq vler\u00ebsoi se Kosova nuk \u00ebsht\u00eb nj\u00eb konflikt i ngrir\u00eb, por nj\u00eb konflikt spiral, sepse gjithmon\u00eb ka nj\u00eb kriz\u00eb q\u00eb rritet dhe n\u00eb t\u00eb cil\u00ebn numri i aktor\u00ebve dhe \u00e7\u00ebshtjeve zgjerohet.<\/p>\n<p>\u201cKemi hyr\u00eb n\u00eb nj\u00eb faz\u00eb t\u00eb dominuar nga kriza e siguris\u00eb me element\u00eb t\u00eb militarizimit ushtarak dhe paramilitar, q\u00eb \u00ebsht\u00eb nj\u00eb histori krejt\u00ebsisht e ndryshme n\u00eb krahasim me koh\u00ebn kur Hashim Tha\u00e7i i drejtonte negociatat nga pala kosovare\u201d, tha ai.<\/p>\n<p>Janjiq tha se dilema Bashkimi Evropian (BE) apo Kosova \u201c\u00ebsht\u00eb nj\u00eb dilem\u00eb e shpikur q\u00eb nga koha e Zoran Gjingjiqit, Boris Tadiqit dhe Vojisllav Koshtunic\u00ebs\u201d.<\/p>\n<p>\u201cKjo dilem\u00eb \u00ebsht\u00eb nj\u00eb keqp\u00ebrdorim, sepse nuk mund t\u00eb hyhet n\u00eb BE me \u00e7\u00ebshtje t\u00eb hapura kufijsh dhe pa t\u00eb dh\u00ebna p\u00ebr numrin e sakt\u00eb t\u00eb banor\u00ebve\u201d.<\/p>\n<p>N\u00eb t\u00eb nj\u00ebjt\u00ebn koh\u00eb, Janjiq mendon se \u00e7\u00ebshtja \u201c\u00ebsht\u00eb zgjidhur, sepse zyra e BE-s\u00eb p\u00ebr statistika, Eurostat tregon t\u00eb dh\u00ebna p\u00ebr Serbin\u00eb pa Kosov\u00ebn\u201d.<\/p>\n<p>Sipas tij,  \u00e7\u00ebshtja e an\u00ebtar\u00ebsimit t\u00eb Kosov\u00ebs n\u00eb OKB \u00ebsht\u00eb krejt\u00ebsisht e par\u00ebnd\u00ebsishme, \u201csepse Kosova n\u00eb situat\u00ebn aktuale, p\u00ebrmes Asambles\u00eb s\u00eb P\u00ebrgjithshme t\u00eb OKB-s\u00eb, mund t\u00eb siguroj\u00eb statusin e v\u00ebzhguesit, si\u00e7 b\u00ebri Palestina\u201d.<\/p>\n<p>\u201cKur Kosova do t\u00eb jet\u00eb an\u00ebtare plot\u00ebsisht e barabart\u00eb e OKB-s\u00eb n\u00eb kuptimin e s\u00eb drejt\u00ebs nd\u00ebrkomb\u00ebtare, do t\u00eb duhet t\u00eb zgjidhet p\u00ebrmes zbatimit t\u00eb Marr\u00ebveshjes p\u00ebr Normalizim dhe p\u00ebrmes zgjidhjes s\u00eb statusit juridik nd\u00ebrkomb\u00ebtar t\u00eb Serbis\u00eb\u201d, parashikoi Janjiq, transmeton Telegrafi.<\/p>\n<p>Ai vler\u00ebsoi se Asociacioni i komunave Serbe nuk \u00ebsht\u00eb nj\u00eb m\u00ebnyr\u00eb e mir\u00eb p\u00ebr zgjidhjen e problemit, sepse Asociacioni nuk mund t\u00eb marr\u00eb statusin e rajonit, gj\u00eb q\u00eb e b\u00ebn at\u00eb nj\u00eb &#8220;ide t\u00eb keqe&#8221;.<\/p>\n<p>Si\u00e7 shpjegoi ai, \u201cPartia Progresive Serbe e shpalli Asociacionin si \u2018fitore kryesore\u2019 dhe opinioni e fiksoi se kjo ishte gjith\u00e7ka q\u00eb Serbia mund t\u00eb merrte\u201d.<\/p>\n<p>P\u00ebr Janjiqin, thirrja e nj\u00eb referendumi p\u00ebr zgjidhjen e problemit t\u00eb Kosov\u00ebs \u00ebsht\u00eb &#8220;marr\u00ebzi, sepse jeta e ka kaluar at\u00eb faz\u00eb&#8221;.<\/p>\n<p>Ai vler\u00ebsoi se opozita n\u00eb Serbi \u201cnuk ka asgj\u00eb m\u00eb t\u00eb men\u00e7ur p\u00ebr t\u00eb th\u00ebn\u00eb, prandaj po propozon referendum\u201d dhe tregoi se \u201cpret q\u00eb Rusia ta fitoj\u00eb luft\u00ebn n\u00eb Ukrain\u00eb, n\u00eb m\u00ebnyr\u00eb q\u00eb pas 40 vitesh t\u00eb shpallet s\u00ebrish referendum\u201d.<\/p>\n<p>Janjiq paralajm\u00ebroi se rreziku i konfliktit \u00ebsht\u00eb i lart\u00eb dhe real, \u201cpor jo si nj\u00eb konflikt i gjer\u00eb i armatosur, por n\u00eb form\u00ebn e akteve terroriste t\u00eb lokalizuara dhe kontrollit t\u00eb grupeve kriminale dhe paraushtarake mbi disa territore&#8221;.<\/p>\n<p>\u201cAktualisht rreziku \u00ebsht\u00eb m\u00eb i madh nga pala serbe, prandaj bisedimet me NATO-n jan\u00eb shum\u00eb t\u00eb dobishme, sepse Serbia duhet t&#8217;i \u00e7montoj\u00eb strukturat e tilla, por kjo nuk do t\u00eb thot\u00eb shp\u00ebrb\u00ebrja e mbrojtjes civile, por kthimi i serb\u00ebve n\u00eb mbrojtje civile dhe n\u00eb polici\u201d, tha ai.<\/p>\n","protected":false},"excerpt":{"rendered":"<p>Prishtin\u00eb 21 Shkurt 2026 10:13 Drejtori i Forumit p\u00ebr Marr\u00ebdh\u00ebnie Nd\u00ebretnike n\u00eb Serbi, Dushan Janjiq, thot\u00eb se Marr\u00ebveshja p\u00ebr normalizimin e marr\u00ebdh\u00ebnieve nd\u00ebrmjet Kosov\u00ebs dhe<\/p>\n","protected":false},"author":6,"featured_media":33873,"comment_status":"open","ping_status":"open","sticky":false,"template":"","format":"standard","meta":{"footnotes":""},"categories":[58],"tags":[],"class_list":["post-33872","post","type-post","status-publish","format-standard","has-post-thumbnail","hentry","category-politike-sq"],"yoast_head":"<!-- This site is optimized with the Yoast SEO plugin v25.3.1 - https:\/\/yoast.com\/wordpress\/plugins\/seo\/ -->\n<title>Dialogu Kosov\u00eb-Serbi, Janjiq: Duhet t\u00eb bisedohet edhe me shqiptar\u00ebt e Lugin\u00ebs -<\/title>\n<meta name=\"robots\" content=\"index, follow, max-snippet:-1, max-image-preview:large, max-video-preview:-1\" \/>\n<link rel=\"canonical\" href=\"https:\/\/veritasinfo.org\/?p=33872\" \/>\n<meta property=\"og:locale\" content=\"en_US\" \/>\n<meta property=\"og:type\" content=\"article\" \/>\n<meta property=\"og:title\" content=\"Dialogu Kosov\u00eb-Serbi, Janjiq: Duhet t\u00eb bisedohet edhe me shqiptar\u00ebt e Lugin\u00ebs -\" \/>\n<meta property=\"og:description\" content=\"Prishtin\u00eb 21 Shkurt 2026 10:13 Drejtori i Forumit p\u00ebr Marr\u00ebdh\u00ebnie Nd\u00ebretnike n\u00eb Serbi, Dushan Janjiq, thot\u00eb se Marr\u00ebveshja p\u00ebr normalizimin e marr\u00ebdh\u00ebnieve nd\u00ebrmjet Kosov\u00ebs dhe\" \/>\n<meta property=\"og:url\" content=\"https:\/\/veritasinfo.org\/?p=33872\" \/>\n<meta property=\"article:published_time\" content=\"2026-02-21T09:14:01+00:00\" \/>\n<meta property=\"article:modified_time\" content=\"2026-02-21T09:14:38+00:00\" \/>\n<meta property=\"og:image\" content=\"https:\/\/veritasinfo.org\/wp-content\/uploads\/2026\/02\/2023-07-2dfd978cef3ad1bf2fbe4fa1bfb01bb3-xl-e1690040558711-jpg.webp\" \/>\n\t<meta property=\"og:image:width\" content=\"1245\" \/>\n\t<meta property=\"og:image:height\" content=\"700\" \/>\n\t<meta property=\"og:image:type\" content=\"image\/webp\" \/>\n<meta name=\"author\" content=\"US5\" \/>\n<meta name=\"twitter:card\" content=\"summary_large_image\" \/>\n<meta name=\"twitter:label1\" content=\"Written by\" \/>\n\t<meta name=\"twitter:data1\" content=\"US5\" \/>\n\t<meta name=\"twitter:label2\" content=\"Est. reading time\" \/>\n\t<meta name=\"twitter:data2\" content=\"4 minutes\" \/>\n<script type=\"application\/ld+json\" class=\"yoast-schema-graph\">{\"@context\":\"https:\/\/schema.org\",\"@graph\":[{\"@type\":\"WebPage\",\"@id\":\"https:\/\/veritasinfo.org\/?p=33872\",\"url\":\"https:\/\/veritasinfo.org\/?p=33872\",\"name\":\"Dialogu Kosov\u00eb-Serbi, Janjiq: Duhet t\u00eb bisedohet edhe me shqiptar\u00ebt e Lugin\u00ebs -\",\"isPartOf\":{\"@id\":\"https:\/\/veritasinfo.org\/#website\"},\"primaryImageOfPage\":{\"@id\":\"https:\/\/veritasinfo.org\/?p=33872#primaryimage\"},\"image\":{\"@id\":\"https:\/\/veritasinfo.org\/?p=33872#primaryimage\"},\"thumbnailUrl\":\"https:\/\/veritasinfo.org\/wp-content\/uploads\/2026\/02\/2023-07-2dfd978cef3ad1bf2fbe4fa1bfb01bb3-xl-e1690040558711-jpg.webp\",\"datePublished\":\"2026-02-21T09:14:01+00:00\",\"dateModified\":\"2026-02-21T09:14:38+00:00\",\"author\":{\"@id\":\"https:\/\/veritasinfo.org\/#\/schema\/person\/bc442336e35414d04494ab8fb45db4c6\"},\"breadcrumb\":{\"@id\":\"https:\/\/veritasinfo.org\/?p=33872#breadcrumb\"},\"inLanguage\":\"en-US\",\"potentialAction\":[{\"@type\":\"ReadAction\",\"target\":[\"https:\/\/veritasinfo.org\/?p=33872\"]}]},{\"@type\":\"ImageObject\",\"inLanguage\":\"en-US\",\"@id\":\"https:\/\/veritasinfo.org\/?p=33872#primaryimage\",\"url\":\"https:\/\/veritasinfo.org\/wp-content\/uploads\/2026\/02\/2023-07-2dfd978cef3ad1bf2fbe4fa1bfb01bb3-xl-e1690040558711-jpg.webp\",\"contentUrl\":\"https:\/\/veritasinfo.org\/wp-content\/uploads\/2026\/02\/2023-07-2dfd978cef3ad1bf2fbe4fa1bfb01bb3-xl-e1690040558711-jpg.webp\",\"width\":1245,\"height\":700},{\"@type\":\"BreadcrumbList\",\"@id\":\"https:\/\/veritasinfo.org\/?p=33872#breadcrumb\",\"itemListElement\":[{\"@type\":\"ListItem\",\"position\":1,\"name\":\"Home\",\"item\":\"https:\/\/veritasinfo.org\/\"},{\"@type\":\"ListItem\",\"position\":2,\"name\":\"Dialogu Kosov\u00eb-Serbi, Janjiq: Duhet t\u00eb bisedohet edhe me shqiptar\u00ebt e Lugin\u00ebs\"}]},{\"@type\":\"WebSite\",\"@id\":\"https:\/\/veritasinfo.org\/#website\",\"url\":\"https:\/\/veritasinfo.org\/\",\"name\":\"\",\"description\":\"\",\"potentialAction\":[{\"@type\":\"SearchAction\",\"target\":{\"@type\":\"EntryPoint\",\"urlTemplate\":\"https:\/\/veritasinfo.org\/?s={search_term_string}\"},\"query-input\":{\"@type\":\"PropertyValueSpecification\",\"valueRequired\":true,\"valueName\":\"search_term_string\"}}],\"inLanguage\":\"en-US\"},{\"@type\":\"Person\",\"@id\":\"https:\/\/veritasinfo.org\/#\/schema\/person\/bc442336e35414d04494ab8fb45db4c6\",\"name\":\"US5\",\"image\":{\"@type\":\"ImageObject\",\"inLanguage\":\"en-US\",\"@id\":\"https:\/\/veritasinfo.org\/#\/schema\/person\/image\/\",\"url\":\"https:\/\/secure.gravatar.com\/avatar\/16a61e7272a0c5d001121ebb9e60e925d5816e4ac1e443ed3e640d9a6ae55d0c?s=96&d=mm&r=g\",\"contentUrl\":\"https:\/\/secure.gravatar.com\/avatar\/16a61e7272a0c5d001121ebb9e60e925d5816e4ac1e443ed3e640d9a6ae55d0c?s=96&d=mm&r=g\",\"caption\":\"US5\"},\"url\":\"https:\/\/veritasinfo.org\/?author=6\"}]}<\/script>\n<!-- \/ Yoast SEO plugin. -->","yoast_head_json":{"title":"Dialogu Kosov\u00eb-Serbi, Janjiq: Duhet t\u00eb bisedohet edhe me shqiptar\u00ebt e Lugin\u00ebs -","robots":{"index":"index","follow":"follow","max-snippet":"max-snippet:-1","max-image-preview":"max-image-preview:large","max-video-preview":"max-video-preview:-1"},"canonical":"https:\/\/veritasinfo.org\/?p=33872","og_locale":"en_US","og_type":"article","og_title":"Dialogu Kosov\u00eb-Serbi, Janjiq: Duhet t\u00eb bisedohet edhe me shqiptar\u00ebt e Lugin\u00ebs -","og_description":"Prishtin\u00eb 21 Shkurt 2026 10:13 Drejtori i Forumit p\u00ebr Marr\u00ebdh\u00ebnie Nd\u00ebretnike n\u00eb Serbi, Dushan Janjiq, thot\u00eb se Marr\u00ebveshja p\u00ebr normalizimin e marr\u00ebdh\u00ebnieve nd\u00ebrmjet Kosov\u00ebs dhe","og_url":"https:\/\/veritasinfo.org\/?p=33872","article_published_time":"2026-02-21T09:14:01+00:00","article_modified_time":"2026-02-21T09:14:38+00:00","og_image":[{"width":1245,"height":700,"url":"https:\/\/veritasinfo.org\/wp-content\/uploads\/2026\/02\/2023-07-2dfd978cef3ad1bf2fbe4fa1bfb01bb3-xl-e1690040558711-jpg.webp","type":"image\/webp"}],"author":"US5","twitter_card":"summary_large_image","twitter_misc":{"Written by":"US5","Est. reading time":"4 minutes"},"schema":{"@context":"https:\/\/schema.org","@graph":[{"@type":"WebPage","@id":"https:\/\/veritasinfo.org\/?p=33872","url":"https:\/\/veritasinfo.org\/?p=33872","name":"Dialogu Kosov\u00eb-Serbi, Janjiq: Duhet t\u00eb bisedohet edhe me shqiptar\u00ebt e Lugin\u00ebs -","isPartOf":{"@id":"https:\/\/veritasinfo.org\/#website"},"primaryImageOfPage":{"@id":"https:\/\/veritasinfo.org\/?p=33872#primaryimage"},"image":{"@id":"https:\/\/veritasinfo.org\/?p=33872#primaryimage"},"thumbnailUrl":"https:\/\/veritasinfo.org\/wp-content\/uploads\/2026\/02\/2023-07-2dfd978cef3ad1bf2fbe4fa1bfb01bb3-xl-e1690040558711-jpg.webp","datePublished":"2026-02-21T09:14:01+00:00","dateModified":"2026-02-21T09:14:38+00:00","author":{"@id":"https:\/\/veritasinfo.org\/#\/schema\/person\/bc442336e35414d04494ab8fb45db4c6"},"breadcrumb":{"@id":"https:\/\/veritasinfo.org\/?p=33872#breadcrumb"},"inLanguage":"en-US","potentialAction":[{"@type":"ReadAction","target":["https:\/\/veritasinfo.org\/?p=33872"]}]},{"@type":"ImageObject","inLanguage":"en-US","@id":"https:\/\/veritasinfo.org\/?p=33872#primaryimage","url":"https:\/\/veritasinfo.org\/wp-content\/uploads\/2026\/02\/2023-07-2dfd978cef3ad1bf2fbe4fa1bfb01bb3-xl-e1690040558711-jpg.webp","contentUrl":"https:\/\/veritasinfo.org\/wp-content\/uploads\/2026\/02\/2023-07-2dfd978cef3ad1bf2fbe4fa1bfb01bb3-xl-e1690040558711-jpg.webp","width":1245,"height":700},{"@type":"BreadcrumbList","@id":"https:\/\/veritasinfo.org\/?p=33872#breadcrumb","itemListElement":[{"@type":"ListItem","position":1,"name":"Home","item":"https:\/\/veritasinfo.org\/"},{"@type":"ListItem","position":2,"name":"Dialogu Kosov\u00eb-Serbi, Janjiq: Duhet t\u00eb bisedohet edhe me shqiptar\u00ebt e Lugin\u00ebs"}]},{"@type":"WebSite","@id":"https:\/\/veritasinfo.org\/#website","url":"https:\/\/veritasinfo.org\/","name":"","description":"","potentialAction":[{"@type":"SearchAction","target":{"@type":"EntryPoint","urlTemplate":"https:\/\/veritasinfo.org\/?s={search_term_string}"},"query-input":{"@type":"PropertyValueSpecification","valueRequired":true,"valueName":"search_term_string"}}],"inLanguage":"en-US"},{"@type":"Person","@id":"https:\/\/veritasinfo.org\/#\/schema\/person\/bc442336e35414d04494ab8fb45db4c6","name":"US5","image":{"@type":"ImageObject","inLanguage":"en-US","@id":"https:\/\/veritasinfo.org\/#\/schema\/person\/image\/","url":"https:\/\/secure.gravatar.com\/avatar\/16a61e7272a0c5d001121ebb9e60e925d5816e4ac1e443ed3e640d9a6ae55d0c?s=96&d=mm&r=g","contentUrl":"https:\/\/secure.gravatar.com\/avatar\/16a61e7272a0c5d001121ebb9e60e925d5816e4ac1e443ed3e640d9a6ae55d0c?s=96&d=mm&r=g","caption":"US5"},"url":"https:\/\/veritasinfo.org\/?author=6"}]}},"featured_image_urls":{"full":["https:\/\/veritasinfo.org\/wp-content\/uploads\/2026\/02\/2023-07-2dfd978cef3ad1bf2fbe4fa1bfb01bb3-xl-e1690040558711-jpg.webp",1245,700,false],"thumbnail":["https:\/\/veritasinfo.org\/wp-content\/uploads\/2026\/02\/2023-07-2dfd978cef3ad1bf2fbe4fa1bfb01bb3-xl-e1690040558711-jpg-150x150.webp",150,150,true],"medium":["https:\/\/veritasinfo.org\/wp-content\/uploads\/2026\/02\/2023-07-2dfd978cef3ad1bf2fbe4fa1bfb01bb3-xl-e1690040558711-jpg-300x169.webp",300,169,true],"medium_large":["https:\/\/veritasinfo.org\/wp-content\/uploads\/2026\/02\/2023-07-2dfd978cef3ad1bf2fbe4fa1bfb01bb3-xl-e1690040558711-jpg-768x432.webp",640,360,true],"large":["https:\/\/veritasinfo.org\/wp-content\/uploads\/2026\/02\/2023-07-2dfd978cef3ad1bf2fbe4fa1bfb01bb3-xl-e1690040558711-jpg-1024x576.webp",640,360,true],"1536x1536":["https:\/\/veritasinfo.org\/wp-content\/uploads\/2026\/02\/2023-07-2dfd978cef3ad1bf2fbe4fa1bfb01bb3-xl-e1690040558711-jpg.webp",1245,700,false],"2048x2048":["https:\/\/veritasinfo.org\/wp-content\/uploads\/2026\/02\/2023-07-2dfd978cef3ad1bf2fbe4fa1bfb01bb3-xl-e1690040558711-jpg.webp",1245,700,false],"kreeti-slider-full":["https:\/\/veritasinfo.org\/wp-content\/uploads\/2026\/02\/2023-07-2dfd978cef3ad1bf2fbe4fa1bfb01bb3-xl-e1690040558711-jpg.webp",1245,700,false],"kreeti-featured":["https:\/\/veritasinfo.org\/wp-content\/uploads\/2026\/02\/2023-07-2dfd978cef3ad1bf2fbe4fa1bfb01bb3-xl-e1690040558711-jpg.webp",1024,576,false],"kreeti-medium":["https:\/\/veritasinfo.org\/wp-content\/uploads\/2026\/02\/2023-07-2dfd978cef3ad1bf2fbe4fa1bfb01bb3-xl-e1690040558711-jpg.webp",720,405,false],"kreeti-medium-square":["https:\/\/veritasinfo.org\/wp-content\/uploads\/2026\/02\/2023-07-2dfd978cef3ad1bf2fbe4fa1bfb01bb3-xl-e1690040558711-jpg.webp",350,197,false]},"author_info":{"info":["US5"]},"category_info":"<a href=\"https:\/\/veritasinfo.org\/?cat=58\" rel=\"category\">Politik\u00eb<\/a>","tag_info":"Politik\u00eb","comment_count":"0","_links":{"self":[{"href":"https:\/\/veritasinfo.org\/index.php?rest_route=\/wp\/v2\/posts\/33872","targetHints":{"allow":["GET"]}}],"collection":[{"href":"https:\/\/veritasinfo.org\/index.php?rest_route=\/wp\/v2\/posts"}],"about":[{"href":"https:\/\/veritasinfo.org\/index.php?rest_route=\/wp\/v2\/types\/post"}],"author":[{"embeddable":true,"href":"https:\/\/veritasinfo.org\/index.php?rest_route=\/wp\/v2\/users\/6"}],"replies":[{"embeddable":true,"href":"https:\/\/veritasinfo.org\/index.php?rest_route=%2Fwp%2Fv2%2Fcomments&post=33872"}],"version-history":[{"count":1,"href":"https:\/\/veritasinfo.org\/index.php?rest_route=\/wp\/v2\/posts\/33872\/revisions"}],"predecessor-version":[{"id":33874,"href":"https:\/\/veritasinfo.org\/index.php?rest_route=\/wp\/v2\/posts\/33872\/revisions\/33874"}],"wp:featuredmedia":[{"embeddable":true,"href":"https:\/\/veritasinfo.org\/index.php?rest_route=\/wp\/v2\/media\/33873"}],"wp:attachment":[{"href":"https:\/\/veritasinfo.org\/index.php?rest_route=%2Fwp%2Fv2%2Fmedia&parent=33872"}],"wp:term":[{"taxonomy":"category","embeddable":true,"href":"https:\/\/veritasinfo.org\/index.php?rest_route=%2Fwp%2Fv2%2Fcategories&post=33872"},{"taxonomy":"post_tag","embeddable":true,"href":"https:\/\/veritasinfo.org\/index.php?rest_route=%2Fwp%2Fv2%2Ftags&post=33872"}],"curies":[{"name":"wp","href":"https:\/\/api.w.org\/{rel}","templated":true}]}}