{"id":33853,"date":"2026-02-21T08:23:31","date_gmt":"2026-02-21T07:23:31","guid":{"rendered":"https:\/\/veritasinfo.org\/?p=33853"},"modified":"2026-02-21T08:23:31","modified_gmt":"2026-02-21T07:23:31","slug":"dash-osmani-partnere-e-perkushtuar-ne-ballkanin-perendimor-shba-pret-bashkepunim-me-qeverine-e-re-te-kosoves","status":"publish","type":"post","link":"https:\/\/veritasinfo.org\/?p=33853","title":{"rendered":"DASh: Osmani, partnere e p\u00ebrkushtuar n\u00eb Ballkanin Per\u00ebndimor \u2013 ShBA pret bashk\u00ebpunim me qeverin\u00eb e re t\u00eb Kosov\u00ebs"},"content":{"rendered":"<p>Prishtin\u00eb 21 Shkurt 2026 08:21<\/p>\n<p>N\u00eb komunikat\u00ebn zyrtare thuhet se Rubio e fal\u00ebnderoi Osmanin dhe popullin e Kosov\u00ebs p\u00ebr rolin si an\u00ebtar themelues i Bordit t\u00eb Paqes, si dhe p\u00ebr kontributin me burime n\u00eb Forc\u00ebn Nd\u00ebrkomb\u00ebtare t\u00eb Stabilizimit n\u00eb Gaza.<\/p>\n<p>\u201cShtetet e Bashkuara presin t\u00eb bashk\u00ebpunojn\u00eb me qeverin\u00eb e re t\u00eb Kosov\u00ebs p\u00ebr t\u00eb avancuar agjend\u00ebn ton\u00eb t\u00eb p\u00ebrbashk\u00ebt p\u00ebr paqe rajonale, stabilitet dhe prosperitet ekonomik\u201d, thuhet n\u00eb njoftimin e DASH-it.<\/p>\n<p>Takimi u zhvillua n\u00eb kuad\u00ebr t\u00eb angazhimeve p\u00ebr forcimin e partneritetit strategjik nd\u00ebrmjet Kosov\u00ebs dhe Shteteve t\u00eb Bashkuara, me fokus n\u00eb sigurin\u00eb rajonale dhe zhvillimin ekonomik.<\/p>\n","protected":false},"excerpt":{"rendered":"<p>Prishtin\u00eb 21 Shkurt 2026 08:21 N\u00eb komunikat\u00ebn zyrtare thuhet se Rubio e fal\u00ebnderoi Osmanin dhe popullin e Kosov\u00ebs p\u00ebr rolin si an\u00ebtar themelues i Bordit<\/p>\n","protected":false},"author":6,"featured_media":33854,"comment_status":"open","ping_status":"open","sticky":false,"template":"","format":"standard","meta":{"footnotes":""},"categories":[60],"tags":[],"class_list":["post-33853","post","type-post","status-publish","format-standard","has-post-thumbnail","hentry","category-shoqerore-sq"],"yoast_head":"<!-- This site is optimized with the Yoast SEO plugin v25.3.1 - https:\/\/yoast.com\/wordpress\/plugins\/seo\/ -->\n<title>DASh: Osmani, partnere e p\u00ebrkushtuar n\u00eb Ballkanin Per\u00ebndimor \u2013 ShBA pret bashk\u00ebpunim me qeverin\u00eb e re t\u00eb Kosov\u00ebs -<\/title>\n<meta name=\"robots\" content=\"index, follow, max-snippet:-1, max-image-preview:large, max-video-preview:-1\" \/>\n<link rel=\"canonical\" href=\"https:\/\/veritasinfo.org\/?p=33853\" \/>\n<meta property=\"og:locale\" content=\"en_US\" \/>\n<meta property=\"og:type\" content=\"article\" \/>\n<meta property=\"og:title\" content=\"DASh: Osmani, partnere e p\u00ebrkushtuar n\u00eb Ballkanin Per\u00ebndimor \u2013 ShBA pret bashk\u00ebpunim me qeverin\u00eb e re t\u00eb Kosov\u00ebs -\" \/>\n<meta property=\"og:description\" content=\"Prishtin\u00eb 21 Shkurt 2026 08:21 N\u00eb komunikat\u00ebn zyrtare thuhet se Rubio e fal\u00ebnderoi Osmanin dhe popullin e Kosov\u00ebs p\u00ebr rolin si an\u00ebtar themelues i Bordit\" \/>\n<meta property=\"og:url\" content=\"https:\/\/veritasinfo.org\/?p=33853\" \/>\n<meta property=\"article:published_time\" content=\"2026-02-21T07:23:31+00:00\" \/>\n<meta property=\"og:image\" content=\"https:\/\/veritasinfo.org\/wp-content\/uploads\/2026\/02\/IMG-20260221-WA0000.jpg\" \/>\n\t<meta property=\"og:image:width\" content=\"750\" \/>\n\t<meta property=\"og:image:height\" content=\"375\" \/>\n\t<meta property=\"og:image:type\" content=\"image\/jpeg\" \/>\n<meta name=\"author\" content=\"US5\" \/>\n<meta name=\"twitter:card\" content=\"summary_large_image\" \/>\n<meta name=\"twitter:label1\" content=\"Written by\" \/>\n\t<meta name=\"twitter:data1\" content=\"US5\" \/>\n<script type=\"application\/ld+json\" class=\"yoast-schema-graph\">{\"@context\":\"https:\/\/schema.org\",\"@graph\":[{\"@type\":\"WebPage\",\"@id\":\"https:\/\/veritasinfo.org\/?p=33853\",\"url\":\"https:\/\/veritasinfo.org\/?p=33853\",\"name\":\"DASh: Osmani, partnere e p\u00ebrkushtuar n\u00eb Ballkanin Per\u00ebndimor \u2013 ShBA pret bashk\u00ebpunim me qeverin\u00eb e re t\u00eb Kosov\u00ebs -\",\"isPartOf\":{\"@id\":\"https:\/\/veritasinfo.org\/#website\"},\"primaryImageOfPage\":{\"@id\":\"https:\/\/veritasinfo.org\/?p=33853#primaryimage\"},\"image\":{\"@id\":\"https:\/\/veritasinfo.org\/?p=33853#primaryimage\"},\"thumbnailUrl\":\"https:\/\/veritasinfo.org\/wp-content\/uploads\/2026\/02\/IMG-20260221-WA0000.jpg\",\"datePublished\":\"2026-02-21T07:23:31+00:00\",\"author\":{\"@id\":\"https:\/\/veritasinfo.org\/#\/schema\/person\/bc442336e35414d04494ab8fb45db4c6\"},\"breadcrumb\":{\"@id\":\"https:\/\/veritasinfo.org\/?p=33853#breadcrumb\"},\"inLanguage\":\"en-US\",\"potentialAction\":[{\"@type\":\"ReadAction\",\"target\":[\"https:\/\/veritasinfo.org\/?p=33853\"]}]},{\"@type\":\"ImageObject\",\"inLanguage\":\"en-US\",\"@id\":\"https:\/\/veritasinfo.org\/?p=33853#primaryimage\",\"url\":\"https:\/\/veritasinfo.org\/wp-content\/uploads\/2026\/02\/IMG-20260221-WA0000.jpg\",\"contentUrl\":\"https:\/\/veritasinfo.org\/wp-content\/uploads\/2026\/02\/IMG-20260221-WA0000.jpg\",\"width\":750,\"height\":375},{\"@type\":\"BreadcrumbList\",\"@id\":\"https:\/\/veritasinfo.org\/?p=33853#breadcrumb\",\"itemListElement\":[{\"@type\":\"ListItem\",\"position\":1,\"name\":\"Home\",\"item\":\"https:\/\/veritasinfo.org\/\"},{\"@type\":\"ListItem\",\"position\":2,\"name\":\"DASh: Osmani, partnere e p\u00ebrkushtuar n\u00eb Ballkanin Per\u00ebndimor \u2013 ShBA pret bashk\u00ebpunim me qeverin\u00eb e re t\u00eb Kosov\u00ebs\"}]},{\"@type\":\"WebSite\",\"@id\":\"https:\/\/veritasinfo.org\/#website\",\"url\":\"https:\/\/veritasinfo.org\/\",\"name\":\"\",\"description\":\"\",\"potentialAction\":[{\"@type\":\"SearchAction\",\"target\":{\"@type\":\"EntryPoint\",\"urlTemplate\":\"https:\/\/veritasinfo.org\/?s={search_term_string}\"},\"query-input\":{\"@type\":\"PropertyValueSpecification\",\"valueRequired\":true,\"valueName\":\"search_term_string\"}}],\"inLanguage\":\"en-US\"},{\"@type\":\"Person\",\"@id\":\"https:\/\/veritasinfo.org\/#\/schema\/person\/bc442336e35414d04494ab8fb45db4c6\",\"name\":\"US5\",\"image\":{\"@type\":\"ImageObject\",\"inLanguage\":\"en-US\",\"@id\":\"https:\/\/veritasinfo.org\/#\/schema\/person\/image\/\",\"url\":\"https:\/\/secure.gravatar.com\/avatar\/16a61e7272a0c5d001121ebb9e60e925d5816e4ac1e443ed3e640d9a6ae55d0c?s=96&d=mm&r=g\",\"contentUrl\":\"https:\/\/secure.gravatar.com\/avatar\/16a61e7272a0c5d001121ebb9e60e925d5816e4ac1e443ed3e640d9a6ae55d0c?s=96&d=mm&r=g\",\"caption\":\"US5\"},\"url\":\"https:\/\/veritasinfo.org\/?author=6\"}]}<\/script>\n<!-- \/ Yoast SEO plugin. -->","yoast_head_json":{"title":"DASh: Osmani, partnere e p\u00ebrkushtuar n\u00eb Ballkanin Per\u00ebndimor \u2013 ShBA pret bashk\u00ebpunim me qeverin\u00eb e re t\u00eb Kosov\u00ebs -","robots":{"index":"index","follow":"follow","max-snippet":"max-snippet:-1","max-image-preview":"max-image-preview:large","max-video-preview":"max-video-preview:-1"},"canonical":"https:\/\/veritasinfo.org\/?p=33853","og_locale":"en_US","og_type":"article","og_title":"DASh: Osmani, partnere e p\u00ebrkushtuar n\u00eb Ballkanin Per\u00ebndimor \u2013 ShBA pret bashk\u00ebpunim me qeverin\u00eb e re t\u00eb Kosov\u00ebs -","og_description":"Prishtin\u00eb 21 Shkurt 2026 08:21 N\u00eb komunikat\u00ebn zyrtare thuhet se Rubio e fal\u00ebnderoi Osmanin dhe popullin e Kosov\u00ebs p\u00ebr rolin si an\u00ebtar themelues i Bordit","og_url":"https:\/\/veritasinfo.org\/?p=33853","article_published_time":"2026-02-21T07:23:31+00:00","og_image":[{"width":750,"height":375,"url":"https:\/\/veritasinfo.org\/wp-content\/uploads\/2026\/02\/IMG-20260221-WA0000.jpg","type":"image\/jpeg"}],"author":"US5","twitter_card":"summary_large_image","twitter_misc":{"Written by":"US5"},"schema":{"@context":"https:\/\/schema.org","@graph":[{"@type":"WebPage","@id":"https:\/\/veritasinfo.org\/?p=33853","url":"https:\/\/veritasinfo.org\/?p=33853","name":"DASh: Osmani, partnere e p\u00ebrkushtuar n\u00eb Ballkanin Per\u00ebndimor \u2013 ShBA pret bashk\u00ebpunim me qeverin\u00eb e re t\u00eb Kosov\u00ebs -","isPartOf":{"@id":"https:\/\/veritasinfo.org\/#website"},"primaryImageOfPage":{"@id":"https:\/\/veritasinfo.org\/?p=33853#primaryimage"},"image":{"@id":"https:\/\/veritasinfo.org\/?p=33853#primaryimage"},"thumbnailUrl":"https:\/\/veritasinfo.org\/wp-content\/uploads\/2026\/02\/IMG-20260221-WA0000.jpg","datePublished":"2026-02-21T07:23:31+00:00","author":{"@id":"https:\/\/veritasinfo.org\/#\/schema\/person\/bc442336e35414d04494ab8fb45db4c6"},"breadcrumb":{"@id":"https:\/\/veritasinfo.org\/?p=33853#breadcrumb"},"inLanguage":"en-US","potentialAction":[{"@type":"ReadAction","target":["https:\/\/veritasinfo.org\/?p=33853"]}]},{"@type":"ImageObject","inLanguage":"en-US","@id":"https:\/\/veritasinfo.org\/?p=33853#primaryimage","url":"https:\/\/veritasinfo.org\/wp-content\/uploads\/2026\/02\/IMG-20260221-WA0000.jpg","contentUrl":"https:\/\/veritasinfo.org\/wp-content\/uploads\/2026\/02\/IMG-20260221-WA0000.jpg","width":750,"height":375},{"@type":"BreadcrumbList","@id":"https:\/\/veritasinfo.org\/?p=33853#breadcrumb","itemListElement":[{"@type":"ListItem","position":1,"name":"Home","item":"https:\/\/veritasinfo.org\/"},{"@type":"ListItem","position":2,"name":"DASh: Osmani, partnere e p\u00ebrkushtuar n\u00eb Ballkanin Per\u00ebndimor \u2013 ShBA pret bashk\u00ebpunim me qeverin\u00eb e re t\u00eb Kosov\u00ebs"}]},{"@type":"WebSite","@id":"https:\/\/veritasinfo.org\/#website","url":"https:\/\/veritasinfo.org\/","name":"","description":"","potentialAction":[{"@type":"SearchAction","target":{"@type":"EntryPoint","urlTemplate":"https:\/\/veritasinfo.org\/?s={search_term_string}"},"query-input":{"@type":"PropertyValueSpecification","valueRequired":true,"valueName":"search_term_string"}}],"inLanguage":"en-US"},{"@type":"Person","@id":"https:\/\/veritasinfo.org\/#\/schema\/person\/bc442336e35414d04494ab8fb45db4c6","name":"US5","image":{"@type":"ImageObject","inLanguage":"en-US","@id":"https:\/\/veritasinfo.org\/#\/schema\/person\/image\/","url":"https:\/\/secure.gravatar.com\/avatar\/16a61e7272a0c5d001121ebb9e60e925d5816e4ac1e443ed3e640d9a6ae55d0c?s=96&d=mm&r=g","contentUrl":"https:\/\/secure.gravatar.com\/avatar\/16a61e7272a0c5d001121ebb9e60e925d5816e4ac1e443ed3e640d9a6ae55d0c?s=96&d=mm&r=g","caption":"US5"},"url":"https:\/\/veritasinfo.org\/?author=6"}]}},"featured_image_urls":{"full":["https:\/\/veritasinfo.org\/wp-content\/uploads\/2026\/02\/IMG-20260221-WA0000.jpg",750,375,false],"thumbnail":["https:\/\/veritasinfo.org\/wp-content\/uploads\/2026\/02\/IMG-20260221-WA0000-150x150.jpg",150,150,true],"medium":["https:\/\/veritasinfo.org\/wp-content\/uploads\/2026\/02\/IMG-20260221-WA0000-300x150.jpg",300,150,true],"medium_large":["https:\/\/veritasinfo.org\/wp-content\/uploads\/2026\/02\/IMG-20260221-WA0000.jpg",640,320,false],"large":["https:\/\/veritasinfo.org\/wp-content\/uploads\/2026\/02\/IMG-20260221-WA0000.jpg",640,320,false],"1536x1536":["https:\/\/veritasinfo.org\/wp-content\/uploads\/2026\/02\/IMG-20260221-WA0000.jpg",750,375,false],"2048x2048":["https:\/\/veritasinfo.org\/wp-content\/uploads\/2026\/02\/IMG-20260221-WA0000.jpg",750,375,false],"kreeti-slider-full":["https:\/\/veritasinfo.org\/wp-content\/uploads\/2026\/02\/IMG-20260221-WA0000.jpg",750,375,false],"kreeti-featured":["https:\/\/veritasinfo.org\/wp-content\/uploads\/2026\/02\/IMG-20260221-WA0000.jpg",750,375,false],"kreeti-medium":["https:\/\/veritasinfo.org\/wp-content\/uploads\/2026\/02\/IMG-20260221-WA0000.jpg",720,360,false],"kreeti-medium-square":["https:\/\/veritasinfo.org\/wp-content\/uploads\/2026\/02\/IMG-20260221-WA0000.jpg",350,175,false]},"author_info":{"info":["US5"]},"category_info":"<a href=\"https:\/\/veritasinfo.org\/?cat=60\" rel=\"category\">Shoq\u00ebrore<\/a>","tag_info":"Shoq\u00ebrore","comment_count":"0","_links":{"self":[{"href":"https:\/\/veritasinfo.org\/index.php?rest_route=\/wp\/v2\/posts\/33853","targetHints":{"allow":["GET"]}}],"collection":[{"href":"https:\/\/veritasinfo.org\/index.php?rest_route=\/wp\/v2\/posts"}],"about":[{"href":"https:\/\/veritasinfo.org\/index.php?rest_route=\/wp\/v2\/types\/post"}],"author":[{"embeddable":true,"href":"https:\/\/veritasinfo.org\/index.php?rest_route=\/wp\/v2\/users\/6"}],"replies":[{"embeddable":true,"href":"https:\/\/veritasinfo.org\/index.php?rest_route=%2Fwp%2Fv2%2Fcomments&post=33853"}],"version-history":[{"count":1,"href":"https:\/\/veritasinfo.org\/index.php?rest_route=\/wp\/v2\/posts\/33853\/revisions"}],"predecessor-version":[{"id":33855,"href":"https:\/\/veritasinfo.org\/index.php?rest_route=\/wp\/v2\/posts\/33853\/revisions\/33855"}],"wp:featuredmedia":[{"embeddable":true,"href":"https:\/\/veritasinfo.org\/index.php?rest_route=\/wp\/v2\/media\/33854"}],"wp:attachment":[{"href":"https:\/\/veritasinfo.org\/index.php?rest_route=%2Fwp%2Fv2%2Fmedia&parent=33853"}],"wp:term":[{"taxonomy":"category","embeddable":true,"href":"https:\/\/veritasinfo.org\/index.php?rest_route=%2Fwp%2Fv2%2Fcategories&post=33853"},{"taxonomy":"post_tag","embeddable":true,"href":"https:\/\/veritasinfo.org\/index.php?rest_route=%2Fwp%2Fv2%2Ftags&post=33853"}],"curies":[{"name":"wp","href":"https:\/\/api.w.org\/{rel}","templated":true}]}}