{"id":33836,"date":"2026-02-20T21:49:44","date_gmt":"2026-02-20T20:49:44","guid":{"rendered":"https:\/\/veritasinfo.org\/?p=33836"},"modified":"2026-02-20T21:49:44","modified_gmt":"2026-02-20T20:49:44","slug":"kurti-lojerat-mesdhetare-projekt-me-rendesi-strategjike-per-kosoven","status":"publish","type":"post","link":"https:\/\/veritasinfo.org\/?p=33836","title":{"rendered":"Kurti: Loj\u00ebrat Mesdhetare, projekt me r\u00ebnd\u00ebsi strategjike p\u00ebr Kosov\u00ebn"},"content":{"rendered":"<p>Prishtin\u00eb, 20 shkurt 2026 21:49<\/p>\n<p>Kryeministri i Republik\u00ebs s\u00eb Kosov\u00ebs, Albin Kurti, ka. v\u00ebn\u00eb theks t\u00eb ve\u00e7ant\u00eb te Loj\u00ebrat Mesdhetare Prishtina 2030, duke i cil\u00ebsuar ato si nj\u00eb projekt zhvillimor shtet\u00ebror q\u00eb k\u00ebrkon bashk\u00ebpunim t\u00eb gjer\u00eb institucional dhe p\u00ebrkushtim afatgjat\u00eb.<\/p>\n<div class=\"code-block code-block-8\">\n<div id=\"mandeta_1f070636ecb54ef79b421c507c4e580b_zone_103976_sect_47401_site_41437\" data-sender=\"mandeta\">\n<div class=\"resize-sensor\" dir=\"ltr\">\n<div class=\"resize-sensor-expand\">\n<div>N\u00eb fjalimin e tij gjat\u00eb ceremonis\u00eb s\u00eb shpalljes s\u00eb laureat\u00ebve t\u00eb vitit 2025, t\u00eb organizuar nga Komiteti Olimpik i Kosov\u00ebs, Kurti theksoi se p\u00ebrgatitjet p\u00ebr k\u00ebt\u00eb ngjarje madhore sportive nuk jan\u00eb vet\u00ebm organizative, por nj\u00eb angazhim serioz nd\u00ebrinstitucional dhe nd\u00ebrsektorial, ku qeveria do t\u00eb jet\u00eb partnere e fuqishme dhe mb\u00ebshtetje e q\u00ebndrueshme deri n\u00eb realizimin e suksessh\u00ebm t\u00eb saj.<\/div>\n<\/div>\n<\/div>\n<\/div>\n<\/div>\n<p>\u201cLoj\u00ebrat Mesdhetare Prishtina 2030 jan\u00eb projekt q\u00eb tejkalon sportin \u2013 ato jan\u00eb investim n\u00eb zhvillimin e vendit dhe n\u00eb imazhin nd\u00ebrkomb\u00ebtar t\u00eb Kosov\u00ebs,\u201d u shpreh Kurti, duke n\u00ebnvizuar r\u00ebnd\u00ebsin\u00eb e koordinimit dhe profesionalizmit n\u00eb \u00e7do faz\u00eb t\u00eb p\u00ebrgatitjeve.<\/p>\n<p>Krahas fokusit te Loj\u00ebrat Mesdhetare, kryeministri nderoi arritjet e sportist\u00ebve kosovar\u00eb gjat\u00eb vitit 2025, duke vler\u00ebsuar p\u00ebrkushtimin, disiplin\u00ebn dhe karakterin q\u00eb ata kan\u00eb d\u00ebshmuar brenda dhe jasht\u00eb vendit. Ai fal\u00ebnderoi kampion\u00ebt p\u00ebr \u00e7do medalje t\u00eb fituar, p\u00ebr st\u00ebrvitjet e hershme dhe p\u00ebrfaq\u00ebsimin dinjitoz t\u00eb Kosov\u00eb n\u00eb aren\u00ebn nd\u00ebrkomb\u00ebtare.<\/p>\n<p>Ai rikujtoi se vitet e fundit jan\u00eb rritur investimet kapitale dhe mb\u00ebshtetja financiare p\u00ebr sportin, \u00ebsht\u00eb forcuar korniza ligjore dhe jan\u00eb zhvilluar programe konkrete p\u00ebr sportist\u00ebt, duke vendosur edhe standarde t\u00eb qeverisjes s\u00eb mir\u00eb n\u00eb sektorin sportiv.<\/p>\n<p>N\u00eb p\u00ebrmbyllje, ai uroi laureat\u00ebt e vitit 2025 p\u00ebr sukseset e arritura, duke theksuar se mb\u00ebshtetja p\u00ebr sportin do t\u00eb vazhdoj\u00eb t\u00eb bazohet n\u00eb profesionaliz\u00ebm, meritokraci dhe p\u00ebrgjegj\u00ebsi t\u00eb p\u00ebrbashk\u00ebt.<\/p>\n","protected":false},"excerpt":{"rendered":"<p>Prishtin\u00eb, 20 shkurt 2026 21:49 Kryeministri i Republik\u00ebs s\u00eb Kosov\u00ebs, Albin Kurti, ka. v\u00ebn\u00eb theks t\u00eb ve\u00e7ant\u00eb te Loj\u00ebrat Mesdhetare Prishtina 2030, duke i cil\u00ebsuar<\/p>\n","protected":false},"author":7,"featured_media":33837,"comment_status":"open","ping_status":"open","sticky":false,"template":"","format":"standard","meta":{"footnotes":""},"categories":[60],"tags":[],"class_list":["post-33836","post","type-post","status-publish","format-standard","has-post-thumbnail","hentry","category-shoqerore-sq"],"yoast_head":"<!-- This site is optimized with the Yoast SEO plugin v25.3.1 - https:\/\/yoast.com\/wordpress\/plugins\/seo\/ -->\n<title>Kurti: Loj\u00ebrat Mesdhetare, projekt me r\u00ebnd\u00ebsi strategjike p\u00ebr Kosov\u00ebn -<\/title>\n<meta name=\"robots\" content=\"index, follow, max-snippet:-1, max-image-preview:large, max-video-preview:-1\" \/>\n<link rel=\"canonical\" href=\"https:\/\/veritasinfo.org\/?p=33836\" \/>\n<meta property=\"og:locale\" content=\"en_US\" \/>\n<meta property=\"og:type\" content=\"article\" \/>\n<meta property=\"og:title\" content=\"Kurti: Loj\u00ebrat Mesdhetare, projekt me r\u00ebnd\u00ebsi strategjike p\u00ebr Kosov\u00ebn -\" \/>\n<meta property=\"og:description\" content=\"Prishtin\u00eb, 20 shkurt 2026 21:49 Kryeministri i Republik\u00ebs s\u00eb Kosov\u00ebs, Albin Kurti, ka. v\u00ebn\u00eb theks t\u00eb ve\u00e7ant\u00eb te Loj\u00ebrat Mesdhetare Prishtina 2030, duke i cil\u00ebsuar\" \/>\n<meta property=\"og:url\" content=\"https:\/\/veritasinfo.org\/?p=33836\" \/>\n<meta property=\"article:published_time\" content=\"2026-02-20T20:49:44+00:00\" \/>\n<meta property=\"og:image\" content=\"https:\/\/veritasinfo.org\/wp-content\/uploads\/2026\/02\/1-104.jpg\" \/>\n\t<meta property=\"og:image:width\" content=\"650\" \/>\n\t<meta property=\"og:image:height\" content=\"376\" \/>\n\t<meta property=\"og:image:type\" content=\"image\/jpeg\" \/>\n<meta name=\"author\" content=\"US6\" \/>\n<meta name=\"twitter:card\" content=\"summary_large_image\" \/>\n<meta name=\"twitter:label1\" content=\"Written by\" \/>\n\t<meta name=\"twitter:data1\" content=\"US6\" \/>\n\t<meta name=\"twitter:label2\" content=\"Est. reading time\" \/>\n\t<meta name=\"twitter:data2\" content=\"2 minutes\" \/>\n<script type=\"application\/ld+json\" class=\"yoast-schema-graph\">{\"@context\":\"https:\/\/schema.org\",\"@graph\":[{\"@type\":\"WebPage\",\"@id\":\"https:\/\/veritasinfo.org\/?p=33836\",\"url\":\"https:\/\/veritasinfo.org\/?p=33836\",\"name\":\"Kurti: Loj\u00ebrat Mesdhetare, projekt me r\u00ebnd\u00ebsi strategjike p\u00ebr Kosov\u00ebn -\",\"isPartOf\":{\"@id\":\"https:\/\/veritasinfo.org\/#website\"},\"primaryImageOfPage\":{\"@id\":\"https:\/\/veritasinfo.org\/?p=33836#primaryimage\"},\"image\":{\"@id\":\"https:\/\/veritasinfo.org\/?p=33836#primaryimage\"},\"thumbnailUrl\":\"https:\/\/veritasinfo.org\/wp-content\/uploads\/2026\/02\/1-104.jpg\",\"datePublished\":\"2026-02-20T20:49:44+00:00\",\"author\":{\"@id\":\"https:\/\/veritasinfo.org\/#\/schema\/person\/fe199eede04c3937362892b7444747cc\"},\"breadcrumb\":{\"@id\":\"https:\/\/veritasinfo.org\/?p=33836#breadcrumb\"},\"inLanguage\":\"en-US\",\"potentialAction\":[{\"@type\":\"ReadAction\",\"target\":[\"https:\/\/veritasinfo.org\/?p=33836\"]}]},{\"@type\":\"ImageObject\",\"inLanguage\":\"en-US\",\"@id\":\"https:\/\/veritasinfo.org\/?p=33836#primaryimage\",\"url\":\"https:\/\/veritasinfo.org\/wp-content\/uploads\/2026\/02\/1-104.jpg\",\"contentUrl\":\"https:\/\/veritasinfo.org\/wp-content\/uploads\/2026\/02\/1-104.jpg\",\"width\":650,\"height\":376},{\"@type\":\"BreadcrumbList\",\"@id\":\"https:\/\/veritasinfo.org\/?p=33836#breadcrumb\",\"itemListElement\":[{\"@type\":\"ListItem\",\"position\":1,\"name\":\"Home\",\"item\":\"https:\/\/veritasinfo.org\/\"},{\"@type\":\"ListItem\",\"position\":2,\"name\":\"Kurti: Loj\u00ebrat Mesdhetare, projekt me r\u00ebnd\u00ebsi strategjike p\u00ebr Kosov\u00ebn\"}]},{\"@type\":\"WebSite\",\"@id\":\"https:\/\/veritasinfo.org\/#website\",\"url\":\"https:\/\/veritasinfo.org\/\",\"name\":\"\",\"description\":\"\",\"potentialAction\":[{\"@type\":\"SearchAction\",\"target\":{\"@type\":\"EntryPoint\",\"urlTemplate\":\"https:\/\/veritasinfo.org\/?s={search_term_string}\"},\"query-input\":{\"@type\":\"PropertyValueSpecification\",\"valueRequired\":true,\"valueName\":\"search_term_string\"}}],\"inLanguage\":\"en-US\"},{\"@type\":\"Person\",\"@id\":\"https:\/\/veritasinfo.org\/#\/schema\/person\/fe199eede04c3937362892b7444747cc\",\"name\":\"US6\",\"image\":{\"@type\":\"ImageObject\",\"inLanguage\":\"en-US\",\"@id\":\"https:\/\/veritasinfo.org\/#\/schema\/person\/image\/\",\"url\":\"https:\/\/secure.gravatar.com\/avatar\/cb16c3c31c9d23b9b8c705964598220b3014e42ff51eb540ff23cefa3ae8c15f?s=96&d=mm&r=g\",\"contentUrl\":\"https:\/\/secure.gravatar.com\/avatar\/cb16c3c31c9d23b9b8c705964598220b3014e42ff51eb540ff23cefa3ae8c15f?s=96&d=mm&r=g\",\"caption\":\"US6\"},\"url\":\"https:\/\/veritasinfo.org\/?author=7\"}]}<\/script>\n<!-- \/ Yoast SEO plugin. -->","yoast_head_json":{"title":"Kurti: Loj\u00ebrat Mesdhetare, projekt me r\u00ebnd\u00ebsi strategjike p\u00ebr Kosov\u00ebn -","robots":{"index":"index","follow":"follow","max-snippet":"max-snippet:-1","max-image-preview":"max-image-preview:large","max-video-preview":"max-video-preview:-1"},"canonical":"https:\/\/veritasinfo.org\/?p=33836","og_locale":"en_US","og_type":"article","og_title":"Kurti: Loj\u00ebrat Mesdhetare, projekt me r\u00ebnd\u00ebsi strategjike p\u00ebr Kosov\u00ebn -","og_description":"Prishtin\u00eb, 20 shkurt 2026 21:49 Kryeministri i Republik\u00ebs s\u00eb Kosov\u00ebs, Albin Kurti, ka. v\u00ebn\u00eb theks t\u00eb ve\u00e7ant\u00eb te Loj\u00ebrat Mesdhetare Prishtina 2030, duke i cil\u00ebsuar","og_url":"https:\/\/veritasinfo.org\/?p=33836","article_published_time":"2026-02-20T20:49:44+00:00","og_image":[{"width":650,"height":376,"url":"https:\/\/veritasinfo.org\/wp-content\/uploads\/2026\/02\/1-104.jpg","type":"image\/jpeg"}],"author":"US6","twitter_card":"summary_large_image","twitter_misc":{"Written by":"US6","Est. reading time":"2 minutes"},"schema":{"@context":"https:\/\/schema.org","@graph":[{"@type":"WebPage","@id":"https:\/\/veritasinfo.org\/?p=33836","url":"https:\/\/veritasinfo.org\/?p=33836","name":"Kurti: Loj\u00ebrat Mesdhetare, projekt me r\u00ebnd\u00ebsi strategjike p\u00ebr Kosov\u00ebn -","isPartOf":{"@id":"https:\/\/veritasinfo.org\/#website"},"primaryImageOfPage":{"@id":"https:\/\/veritasinfo.org\/?p=33836#primaryimage"},"image":{"@id":"https:\/\/veritasinfo.org\/?p=33836#primaryimage"},"thumbnailUrl":"https:\/\/veritasinfo.org\/wp-content\/uploads\/2026\/02\/1-104.jpg","datePublished":"2026-02-20T20:49:44+00:00","author":{"@id":"https:\/\/veritasinfo.org\/#\/schema\/person\/fe199eede04c3937362892b7444747cc"},"breadcrumb":{"@id":"https:\/\/veritasinfo.org\/?p=33836#breadcrumb"},"inLanguage":"en-US","potentialAction":[{"@type":"ReadAction","target":["https:\/\/veritasinfo.org\/?p=33836"]}]},{"@type":"ImageObject","inLanguage":"en-US","@id":"https:\/\/veritasinfo.org\/?p=33836#primaryimage","url":"https:\/\/veritasinfo.org\/wp-content\/uploads\/2026\/02\/1-104.jpg","contentUrl":"https:\/\/veritasinfo.org\/wp-content\/uploads\/2026\/02\/1-104.jpg","width":650,"height":376},{"@type":"BreadcrumbList","@id":"https:\/\/veritasinfo.org\/?p=33836#breadcrumb","itemListElement":[{"@type":"ListItem","position":1,"name":"Home","item":"https:\/\/veritasinfo.org\/"},{"@type":"ListItem","position":2,"name":"Kurti: Loj\u00ebrat Mesdhetare, projekt me r\u00ebnd\u00ebsi strategjike p\u00ebr Kosov\u00ebn"}]},{"@type":"WebSite","@id":"https:\/\/veritasinfo.org\/#website","url":"https:\/\/veritasinfo.org\/","name":"","description":"","potentialAction":[{"@type":"SearchAction","target":{"@type":"EntryPoint","urlTemplate":"https:\/\/veritasinfo.org\/?s={search_term_string}"},"query-input":{"@type":"PropertyValueSpecification","valueRequired":true,"valueName":"search_term_string"}}],"inLanguage":"en-US"},{"@type":"Person","@id":"https:\/\/veritasinfo.org\/#\/schema\/person\/fe199eede04c3937362892b7444747cc","name":"US6","image":{"@type":"ImageObject","inLanguage":"en-US","@id":"https:\/\/veritasinfo.org\/#\/schema\/person\/image\/","url":"https:\/\/secure.gravatar.com\/avatar\/cb16c3c31c9d23b9b8c705964598220b3014e42ff51eb540ff23cefa3ae8c15f?s=96&d=mm&r=g","contentUrl":"https:\/\/secure.gravatar.com\/avatar\/cb16c3c31c9d23b9b8c705964598220b3014e42ff51eb540ff23cefa3ae8c15f?s=96&d=mm&r=g","caption":"US6"},"url":"https:\/\/veritasinfo.org\/?author=7"}]}},"featured_image_urls":{"full":["https:\/\/veritasinfo.org\/wp-content\/uploads\/2026\/02\/1-104.jpg",650,376,false],"thumbnail":["https:\/\/veritasinfo.org\/wp-content\/uploads\/2026\/02\/1-104-150x150.jpg",150,150,true],"medium":["https:\/\/veritasinfo.org\/wp-content\/uploads\/2026\/02\/1-104-300x174.jpg",300,174,true],"medium_large":["https:\/\/veritasinfo.org\/wp-content\/uploads\/2026\/02\/1-104.jpg",640,370,false],"large":["https:\/\/veritasinfo.org\/wp-content\/uploads\/2026\/02\/1-104.jpg",640,370,false],"1536x1536":["https:\/\/veritasinfo.org\/wp-content\/uploads\/2026\/02\/1-104.jpg",650,376,false],"2048x2048":["https:\/\/veritasinfo.org\/wp-content\/uploads\/2026\/02\/1-104.jpg",650,376,false],"kreeti-slider-full":["https:\/\/veritasinfo.org\/wp-content\/uploads\/2026\/02\/1-104.jpg",650,376,false],"kreeti-featured":["https:\/\/veritasinfo.org\/wp-content\/uploads\/2026\/02\/1-104.jpg",650,376,false],"kreeti-medium":["https:\/\/veritasinfo.org\/wp-content\/uploads\/2026\/02\/1-104.jpg",650,376,false],"kreeti-medium-square":["https:\/\/veritasinfo.org\/wp-content\/uploads\/2026\/02\/1-104.jpg",350,202,false]},"author_info":{"info":["US6"]},"category_info":"<a href=\"https:\/\/veritasinfo.org\/?cat=60\" rel=\"category\">Shoq\u00ebrore<\/a>","tag_info":"Shoq\u00ebrore","comment_count":"0","_links":{"self":[{"href":"https:\/\/veritasinfo.org\/index.php?rest_route=\/wp\/v2\/posts\/33836","targetHints":{"allow":["GET"]}}],"collection":[{"href":"https:\/\/veritasinfo.org\/index.php?rest_route=\/wp\/v2\/posts"}],"about":[{"href":"https:\/\/veritasinfo.org\/index.php?rest_route=\/wp\/v2\/types\/post"}],"author":[{"embeddable":true,"href":"https:\/\/veritasinfo.org\/index.php?rest_route=\/wp\/v2\/users\/7"}],"replies":[{"embeddable":true,"href":"https:\/\/veritasinfo.org\/index.php?rest_route=%2Fwp%2Fv2%2Fcomments&post=33836"}],"version-history":[{"count":1,"href":"https:\/\/veritasinfo.org\/index.php?rest_route=\/wp\/v2\/posts\/33836\/revisions"}],"predecessor-version":[{"id":33838,"href":"https:\/\/veritasinfo.org\/index.php?rest_route=\/wp\/v2\/posts\/33836\/revisions\/33838"}],"wp:featuredmedia":[{"embeddable":true,"href":"https:\/\/veritasinfo.org\/index.php?rest_route=\/wp\/v2\/media\/33837"}],"wp:attachment":[{"href":"https:\/\/veritasinfo.org\/index.php?rest_route=%2Fwp%2Fv2%2Fmedia&parent=33836"}],"wp:term":[{"taxonomy":"category","embeddable":true,"href":"https:\/\/veritasinfo.org\/index.php?rest_route=%2Fwp%2Fv2%2Fcategories&post=33836"},{"taxonomy":"post_tag","embeddable":true,"href":"https:\/\/veritasinfo.org\/index.php?rest_route=%2Fwp%2Fv2%2Ftags&post=33836"}],"curies":[{"name":"wp","href":"https:\/\/api.w.org\/{rel}","templated":true}]}}