{"id":33788,"date":"2026-02-20T17:15:17","date_gmt":"2026-02-20T16:15:17","guid":{"rendered":"https:\/\/veritasinfo.org\/?p=33788"},"modified":"2026-02-20T17:15:17","modified_gmt":"2026-02-20T16:15:17","slug":"forca-e-sigurise-se-kosoves-zgjeron-radhet-ne-mars-hapet-konkursi-per-320-rekrute-te-rinj","status":"publish","type":"post","link":"https:\/\/veritasinfo.org\/?p=33788","title":{"rendered":"Forca e Siguris\u00eb s\u00eb Kosov\u00ebs zgjeron radh\u00ebt, n\u00eb mars hapet konkursi p\u00ebr 320 rekrut\u00eb t\u00eb rinj"},"content":{"rendered":"<p>Prishtin\u00eb, 20 shkurt 2026 17:12<\/p>\n<p>Forca e Siguris\u00eb s\u00eb Kosov\u00ebs po i fuqizon kapacitetet e saj me nj\u00eb hap t\u00eb ri strategjik drejt modernizimit dhe zhvillimit t\u00eb vazhduesh\u00ebm t\u00eb kapaciteteve ushtarake. N\u00eb kuad\u00ebr t\u00eb k\u00ebtij angazhimi p\u00ebr siguri komb\u00ebtare dhe profesionaliz\u00ebm t\u00eb lart\u00eb, Ministria e Mbrojtjes ka shpallur konkurs p\u00ebr rekrutimin e 320 ushtar\u00ebve t\u00eb rinj, duke iu dh\u00ebn\u00eb mund\u00ebsin\u00eb t\u00eb rinjve t\u00eb vendit t\u00eb b\u00ebhen pjes\u00eb e nj\u00eb force t\u00eb integruar, moderne dhe t\u00eb gatshme p\u00ebr t\u00eb mbrojtur vendin e tyre. <\/p>\n<p>Ky \u00ebsht\u00eb nj\u00eb hap i r\u00ebnd\u00ebsish\u00ebm n\u00eb procesin e fuqizimit t\u00eb FSK-s\u00eb dhe rritjes s\u00eb kapaciteteve operative, q\u00eb pasqyron angazhimin e institucioneve p\u00ebr zhvillim profesional dhe standarde t\u00eb larta ushtarake. Aplikimet do t\u00eb jen\u00eb t\u00eb hapura nga 2 deri m\u00eb 27 mars, duke ofruar nj\u00eb mund\u00ebsi unike p\u00ebr t\u00eb gjitha motivuar shtetasit e Republik\u00ebs s\u00eb Kosov\u00ebs, n\u00eb mosh\u00ebn 18\u201325 vje\u00e7, t\u00eb cil\u00ebt kan\u00eb p\u00ebrfunduar shkollimin e mes\u00ebm dhe d\u00ebshirojn\u00eb t\u00eb kontribuojn\u00eb n\u00eb sh\u00ebrbim t\u00eb vendit. <\/p>\n<p>Kandidat\u00eb t\u00eb interesuar duhet t\u00eb ken\u00eb gjendje t\u00eb mir\u00eb fizike dhe sh\u00ebndet\u00ebsore, figur\u00eb t\u00eb past\u00ebr morale dhe ligjore, si dhe nj\u00eb q\u00ebndrim t\u00eb fort\u00eb p\u00ebr t\u00eb sh\u00ebrbyer me dinjitet, p\u00ebrgjegj\u00ebsi dhe profesionaliz\u00ebm, vlera k\u00ebto q\u00eb jan\u00eb thelb\u00ebsore p\u00ebr standardet bashk\u00ebkohore t\u00eb siguris\u00eb. <\/p>\n<p>Ky konkurs p\u00ebrforcon vizionin e FSK-s\u00eb p\u00ebr t\u00eb qen\u00eb nj\u00eb institucion i besuesh\u00ebm, i aft\u00eb dhe i pajisur p\u00ebr sfidat e shekullit, duke nd\u00ebrtuar nj\u00eb ushtri moderne q\u00eb i sh\u00ebrben paqes, stabilitetit dhe siguris\u00eb s\u00eb Republik\u00ebs s\u00eb Kosov\u00ebs. Aplikimi b\u00ebhet n\u00ebp\u00ebrmjet platform\u00ebs zyrtare t\u00eb rekrutimit: rekrutimi.fsk-ks.org<\/p>\n","protected":false},"excerpt":{"rendered":"<p>Prishtin\u00eb, 20 shkurt 2026 17:12 Forca e Siguris\u00eb s\u00eb Kosov\u00ebs po i fuqizon kapacitetet e saj me nj\u00eb hap t\u00eb ri strategjik drejt modernizimit dhe<\/p>\n","protected":false},"author":6,"featured_media":33789,"comment_status":"open","ping_status":"open","sticky":false,"template":"","format":"standard","meta":{"footnotes":""},"categories":[60],"tags":[],"class_list":["post-33788","post","type-post","status-publish","format-standard","has-post-thumbnail","hentry","category-shoqerore-sq"],"yoast_head":"<!-- This site is optimized with the Yoast SEO plugin v25.3.1 - https:\/\/yoast.com\/wordpress\/plugins\/seo\/ -->\n<title>Forca e Siguris\u00eb s\u00eb Kosov\u00ebs zgjeron radh\u00ebt, n\u00eb mars hapet konkursi p\u00ebr 320 rekrut\u00eb t\u00eb rinj -<\/title>\n<meta name=\"robots\" content=\"index, follow, max-snippet:-1, max-image-preview:large, max-video-preview:-1\" \/>\n<link rel=\"canonical\" href=\"https:\/\/veritasinfo.org\/?p=33788\" \/>\n<meta property=\"og:locale\" content=\"en_US\" \/>\n<meta property=\"og:type\" content=\"article\" \/>\n<meta property=\"og:title\" content=\"Forca e Siguris\u00eb s\u00eb Kosov\u00ebs zgjeron radh\u00ebt, n\u00eb mars hapet konkursi p\u00ebr 320 rekrut\u00eb t\u00eb rinj -\" \/>\n<meta property=\"og:description\" content=\"Prishtin\u00eb, 20 shkurt 2026 17:12 Forca e Siguris\u00eb s\u00eb Kosov\u00ebs po i fuqizon kapacitetet e saj me nj\u00eb hap t\u00eb ri strategjik drejt modernizimit dhe\" \/>\n<meta property=\"og:url\" content=\"https:\/\/veritasinfo.org\/?p=33788\" \/>\n<meta property=\"article:published_time\" content=\"2026-02-20T16:15:17+00:00\" \/>\n<meta property=\"og:image\" content=\"https:\/\/veritasinfo.org\/wp-content\/uploads\/2026\/02\/IMG-20260220-WA0002.jpg\" \/>\n\t<meta property=\"og:image:width\" content=\"1600\" \/>\n\t<meta property=\"og:image:height\" content=\"900\" \/>\n\t<meta property=\"og:image:type\" content=\"image\/jpeg\" \/>\n<meta name=\"author\" content=\"US5\" \/>\n<meta name=\"twitter:card\" content=\"summary_large_image\" \/>\n<meta name=\"twitter:label1\" content=\"Written by\" \/>\n\t<meta name=\"twitter:data1\" content=\"US5\" \/>\n<script type=\"application\/ld+json\" class=\"yoast-schema-graph\">{\"@context\":\"https:\/\/schema.org\",\"@graph\":[{\"@type\":\"WebPage\",\"@id\":\"https:\/\/veritasinfo.org\/?p=33788\",\"url\":\"https:\/\/veritasinfo.org\/?p=33788\",\"name\":\"Forca e Siguris\u00eb s\u00eb Kosov\u00ebs zgjeron radh\u00ebt, n\u00eb mars hapet konkursi p\u00ebr 320 rekrut\u00eb t\u00eb rinj -\",\"isPartOf\":{\"@id\":\"https:\/\/veritasinfo.org\/#website\"},\"primaryImageOfPage\":{\"@id\":\"https:\/\/veritasinfo.org\/?p=33788#primaryimage\"},\"image\":{\"@id\":\"https:\/\/veritasinfo.org\/?p=33788#primaryimage\"},\"thumbnailUrl\":\"https:\/\/veritasinfo.org\/wp-content\/uploads\/2026\/02\/IMG-20260220-WA0002.jpg\",\"datePublished\":\"2026-02-20T16:15:17+00:00\",\"author\":{\"@id\":\"https:\/\/veritasinfo.org\/#\/schema\/person\/bc442336e35414d04494ab8fb45db4c6\"},\"breadcrumb\":{\"@id\":\"https:\/\/veritasinfo.org\/?p=33788#breadcrumb\"},\"inLanguage\":\"en-US\",\"potentialAction\":[{\"@type\":\"ReadAction\",\"target\":[\"https:\/\/veritasinfo.org\/?p=33788\"]}]},{\"@type\":\"ImageObject\",\"inLanguage\":\"en-US\",\"@id\":\"https:\/\/veritasinfo.org\/?p=33788#primaryimage\",\"url\":\"https:\/\/veritasinfo.org\/wp-content\/uploads\/2026\/02\/IMG-20260220-WA0002.jpg\",\"contentUrl\":\"https:\/\/veritasinfo.org\/wp-content\/uploads\/2026\/02\/IMG-20260220-WA0002.jpg\",\"width\":1600,\"height\":900},{\"@type\":\"BreadcrumbList\",\"@id\":\"https:\/\/veritasinfo.org\/?p=33788#breadcrumb\",\"itemListElement\":[{\"@type\":\"ListItem\",\"position\":1,\"name\":\"Home\",\"item\":\"https:\/\/veritasinfo.org\/\"},{\"@type\":\"ListItem\",\"position\":2,\"name\":\"Forca e Siguris\u00eb s\u00eb Kosov\u00ebs zgjeron radh\u00ebt, n\u00eb mars hapet konkursi p\u00ebr 320 rekrut\u00eb t\u00eb rinj\"}]},{\"@type\":\"WebSite\",\"@id\":\"https:\/\/veritasinfo.org\/#website\",\"url\":\"https:\/\/veritasinfo.org\/\",\"name\":\"\",\"description\":\"\",\"potentialAction\":[{\"@type\":\"SearchAction\",\"target\":{\"@type\":\"EntryPoint\",\"urlTemplate\":\"https:\/\/veritasinfo.org\/?s={search_term_string}\"},\"query-input\":{\"@type\":\"PropertyValueSpecification\",\"valueRequired\":true,\"valueName\":\"search_term_string\"}}],\"inLanguage\":\"en-US\"},{\"@type\":\"Person\",\"@id\":\"https:\/\/veritasinfo.org\/#\/schema\/person\/bc442336e35414d04494ab8fb45db4c6\",\"name\":\"US5\",\"image\":{\"@type\":\"ImageObject\",\"inLanguage\":\"en-US\",\"@id\":\"https:\/\/veritasinfo.org\/#\/schema\/person\/image\/\",\"url\":\"https:\/\/secure.gravatar.com\/avatar\/16a61e7272a0c5d001121ebb9e60e925d5816e4ac1e443ed3e640d9a6ae55d0c?s=96&d=mm&r=g\",\"contentUrl\":\"https:\/\/secure.gravatar.com\/avatar\/16a61e7272a0c5d001121ebb9e60e925d5816e4ac1e443ed3e640d9a6ae55d0c?s=96&d=mm&r=g\",\"caption\":\"US5\"},\"url\":\"https:\/\/veritasinfo.org\/?author=6\"}]}<\/script>\n<!-- \/ Yoast SEO plugin. -->","yoast_head_json":{"title":"Forca e Siguris\u00eb s\u00eb Kosov\u00ebs zgjeron radh\u00ebt, n\u00eb mars hapet konkursi p\u00ebr 320 rekrut\u00eb t\u00eb rinj -","robots":{"index":"index","follow":"follow","max-snippet":"max-snippet:-1","max-image-preview":"max-image-preview:large","max-video-preview":"max-video-preview:-1"},"canonical":"https:\/\/veritasinfo.org\/?p=33788","og_locale":"en_US","og_type":"article","og_title":"Forca e Siguris\u00eb s\u00eb Kosov\u00ebs zgjeron radh\u00ebt, n\u00eb mars hapet konkursi p\u00ebr 320 rekrut\u00eb t\u00eb rinj -","og_description":"Prishtin\u00eb, 20 shkurt 2026 17:12 Forca e Siguris\u00eb s\u00eb Kosov\u00ebs po i fuqizon kapacitetet e saj me nj\u00eb hap t\u00eb ri strategjik drejt modernizimit dhe","og_url":"https:\/\/veritasinfo.org\/?p=33788","article_published_time":"2026-02-20T16:15:17+00:00","og_image":[{"width":1600,"height":900,"url":"https:\/\/veritasinfo.org\/wp-content\/uploads\/2026\/02\/IMG-20260220-WA0002.jpg","type":"image\/jpeg"}],"author":"US5","twitter_card":"summary_large_image","twitter_misc":{"Written by":"US5"},"schema":{"@context":"https:\/\/schema.org","@graph":[{"@type":"WebPage","@id":"https:\/\/veritasinfo.org\/?p=33788","url":"https:\/\/veritasinfo.org\/?p=33788","name":"Forca e Siguris\u00eb s\u00eb Kosov\u00ebs zgjeron radh\u00ebt, n\u00eb mars hapet konkursi p\u00ebr 320 rekrut\u00eb t\u00eb rinj -","isPartOf":{"@id":"https:\/\/veritasinfo.org\/#website"},"primaryImageOfPage":{"@id":"https:\/\/veritasinfo.org\/?p=33788#primaryimage"},"image":{"@id":"https:\/\/veritasinfo.org\/?p=33788#primaryimage"},"thumbnailUrl":"https:\/\/veritasinfo.org\/wp-content\/uploads\/2026\/02\/IMG-20260220-WA0002.jpg","datePublished":"2026-02-20T16:15:17+00:00","author":{"@id":"https:\/\/veritasinfo.org\/#\/schema\/person\/bc442336e35414d04494ab8fb45db4c6"},"breadcrumb":{"@id":"https:\/\/veritasinfo.org\/?p=33788#breadcrumb"},"inLanguage":"en-US","potentialAction":[{"@type":"ReadAction","target":["https:\/\/veritasinfo.org\/?p=33788"]}]},{"@type":"ImageObject","inLanguage":"en-US","@id":"https:\/\/veritasinfo.org\/?p=33788#primaryimage","url":"https:\/\/veritasinfo.org\/wp-content\/uploads\/2026\/02\/IMG-20260220-WA0002.jpg","contentUrl":"https:\/\/veritasinfo.org\/wp-content\/uploads\/2026\/02\/IMG-20260220-WA0002.jpg","width":1600,"height":900},{"@type":"BreadcrumbList","@id":"https:\/\/veritasinfo.org\/?p=33788#breadcrumb","itemListElement":[{"@type":"ListItem","position":1,"name":"Home","item":"https:\/\/veritasinfo.org\/"},{"@type":"ListItem","position":2,"name":"Forca e Siguris\u00eb s\u00eb Kosov\u00ebs zgjeron radh\u00ebt, n\u00eb mars hapet konkursi p\u00ebr 320 rekrut\u00eb t\u00eb rinj"}]},{"@type":"WebSite","@id":"https:\/\/veritasinfo.org\/#website","url":"https:\/\/veritasinfo.org\/","name":"","description":"","potentialAction":[{"@type":"SearchAction","target":{"@type":"EntryPoint","urlTemplate":"https:\/\/veritasinfo.org\/?s={search_term_string}"},"query-input":{"@type":"PropertyValueSpecification","valueRequired":true,"valueName":"search_term_string"}}],"inLanguage":"en-US"},{"@type":"Person","@id":"https:\/\/veritasinfo.org\/#\/schema\/person\/bc442336e35414d04494ab8fb45db4c6","name":"US5","image":{"@type":"ImageObject","inLanguage":"en-US","@id":"https:\/\/veritasinfo.org\/#\/schema\/person\/image\/","url":"https:\/\/secure.gravatar.com\/avatar\/16a61e7272a0c5d001121ebb9e60e925d5816e4ac1e443ed3e640d9a6ae55d0c?s=96&d=mm&r=g","contentUrl":"https:\/\/secure.gravatar.com\/avatar\/16a61e7272a0c5d001121ebb9e60e925d5816e4ac1e443ed3e640d9a6ae55d0c?s=96&d=mm&r=g","caption":"US5"},"url":"https:\/\/veritasinfo.org\/?author=6"}]}},"featured_image_urls":{"full":["https:\/\/veritasinfo.org\/wp-content\/uploads\/2026\/02\/IMG-20260220-WA0002.jpg",1600,900,false],"thumbnail":["https:\/\/veritasinfo.org\/wp-content\/uploads\/2026\/02\/IMG-20260220-WA0002-150x150.jpg",150,150,true],"medium":["https:\/\/veritasinfo.org\/wp-content\/uploads\/2026\/02\/IMG-20260220-WA0002-300x169.jpg",300,169,true],"medium_large":["https:\/\/veritasinfo.org\/wp-content\/uploads\/2026\/02\/IMG-20260220-WA0002-768x432.jpg",640,360,true],"large":["https:\/\/veritasinfo.org\/wp-content\/uploads\/2026\/02\/IMG-20260220-WA0002-1024x576.jpg",640,360,true],"1536x1536":["https:\/\/veritasinfo.org\/wp-content\/uploads\/2026\/02\/IMG-20260220-WA0002-1536x864.jpg",1536,864,true],"2048x2048":["https:\/\/veritasinfo.org\/wp-content\/uploads\/2026\/02\/IMG-20260220-WA0002.jpg",1600,900,false],"kreeti-slider-full":["https:\/\/veritasinfo.org\/wp-content\/uploads\/2026\/02\/IMG-20260220-WA0002.jpg",1280,720,false],"kreeti-featured":["https:\/\/veritasinfo.org\/wp-content\/uploads\/2026\/02\/IMG-20260220-WA0002.jpg",1024,576,false],"kreeti-medium":["https:\/\/veritasinfo.org\/wp-content\/uploads\/2026\/02\/IMG-20260220-WA0002.jpg",720,405,false],"kreeti-medium-square":["https:\/\/veritasinfo.org\/wp-content\/uploads\/2026\/02\/IMG-20260220-WA0002.jpg",350,197,false]},"author_info":{"info":["US5"]},"category_info":"<a href=\"https:\/\/veritasinfo.org\/?cat=60\" rel=\"category\">Shoq\u00ebrore<\/a>","tag_info":"Shoq\u00ebrore","comment_count":"0","_links":{"self":[{"href":"https:\/\/veritasinfo.org\/index.php?rest_route=\/wp\/v2\/posts\/33788","targetHints":{"allow":["GET"]}}],"collection":[{"href":"https:\/\/veritasinfo.org\/index.php?rest_route=\/wp\/v2\/posts"}],"about":[{"href":"https:\/\/veritasinfo.org\/index.php?rest_route=\/wp\/v2\/types\/post"}],"author":[{"embeddable":true,"href":"https:\/\/veritasinfo.org\/index.php?rest_route=\/wp\/v2\/users\/6"}],"replies":[{"embeddable":true,"href":"https:\/\/veritasinfo.org\/index.php?rest_route=%2Fwp%2Fv2%2Fcomments&post=33788"}],"version-history":[{"count":1,"href":"https:\/\/veritasinfo.org\/index.php?rest_route=\/wp\/v2\/posts\/33788\/revisions"}],"predecessor-version":[{"id":33790,"href":"https:\/\/veritasinfo.org\/index.php?rest_route=\/wp\/v2\/posts\/33788\/revisions\/33790"}],"wp:featuredmedia":[{"embeddable":true,"href":"https:\/\/veritasinfo.org\/index.php?rest_route=\/wp\/v2\/media\/33789"}],"wp:attachment":[{"href":"https:\/\/veritasinfo.org\/index.php?rest_route=%2Fwp%2Fv2%2Fmedia&parent=33788"}],"wp:term":[{"taxonomy":"category","embeddable":true,"href":"https:\/\/veritasinfo.org\/index.php?rest_route=%2Fwp%2Fv2%2Fcategories&post=33788"},{"taxonomy":"post_tag","embeddable":true,"href":"https:\/\/veritasinfo.org\/index.php?rest_route=%2Fwp%2Fv2%2Ftags&post=33788"}],"curies":[{"name":"wp","href":"https:\/\/api.w.org\/{rel}","templated":true}]}}