{"id":33776,"date":"2026-02-20T15:24:45","date_gmt":"2026-02-20T14:24:45","guid":{"rendered":"https:\/\/veritasinfo.org\/?p=33776"},"modified":"2026-02-20T15:24:45","modified_gmt":"2026-02-20T14:24:45","slug":"kurti-emeron-zevendesministrin-e-drejtesise","status":"publish","type":"post","link":"https:\/\/veritasinfo.org\/?p=33776","title":{"rendered":"Kurti em\u00ebron z\u00ebv\u00ebnd\u00ebsministrin e Drejt\u00ebsis\u00eb"},"content":{"rendered":"<p>Prishtin\u00eb 20 Shkurt 2026 15:23<\/p>\n<p>Kryeministri i Republik\u00ebs s\u00eb Kosov\u00ebs, Albin Kurti, ka em\u00ebruar Genc Nimonin n\u00eb pozit\u00ebn e z\u00ebvend\u00ebsministrit t\u00eb par\u00eb t\u00eb Drejt\u00ebsis\u00eb.<\/p>\n<p>Gjat\u00eb mandatit t\u00eb kaluar, z. Nimoni ka sh\u00ebrbyer si Shefi i Kabinetit t\u00eb ministres s\u00eb Drejt\u00ebsis\u00eb.<\/p>\n<p>Kryeministri Kurti e uroi z. Nimoni p\u00ebr detyr\u00ebn dhe i d\u00ebshiroi suksese n\u00eb p\u00ebrmbushjen e p\u00ebrgjegj\u00ebsive e tij.<\/p>\n","protected":false},"excerpt":{"rendered":"<p>Prishtin\u00eb 20 Shkurt 2026 15:23 Kryeministri i Republik\u00ebs s\u00eb Kosov\u00ebs, Albin Kurti, ka em\u00ebruar Genc Nimonin n\u00eb pozit\u00ebn e z\u00ebvend\u00ebsministrit t\u00eb par\u00eb t\u00eb Drejt\u00ebsis\u00eb. Gjat\u00eb<\/p>\n","protected":false},"author":6,"featured_media":33777,"comment_status":"open","ping_status":"open","sticky":false,"template":"","format":"standard","meta":{"footnotes":""},"categories":[60],"tags":[],"class_list":["post-33776","post","type-post","status-publish","format-standard","has-post-thumbnail","hentry","category-shoqerore-sq"],"yoast_head":"<!-- This site is optimized with the Yoast SEO plugin v25.3.1 - https:\/\/yoast.com\/wordpress\/plugins\/seo\/ -->\n<title>Kurti em\u00ebron z\u00ebv\u00ebnd\u00ebsministrin e Drejt\u00ebsis\u00eb -<\/title>\n<meta name=\"robots\" content=\"index, follow, max-snippet:-1, max-image-preview:large, max-video-preview:-1\" \/>\n<link rel=\"canonical\" href=\"https:\/\/veritasinfo.org\/?p=33776\" \/>\n<meta property=\"og:locale\" content=\"en_US\" \/>\n<meta property=\"og:type\" content=\"article\" \/>\n<meta property=\"og:title\" content=\"Kurti em\u00ebron z\u00ebv\u00ebnd\u00ebsministrin e Drejt\u00ebsis\u00eb -\" \/>\n<meta property=\"og:description\" content=\"Prishtin\u00eb 20 Shkurt 2026 15:23 Kryeministri i Republik\u00ebs s\u00eb Kosov\u00ebs, Albin Kurti, ka em\u00ebruar Genc Nimonin n\u00eb pozit\u00ebn e z\u00ebvend\u00ebsministrit t\u00eb par\u00eb t\u00eb Drejt\u00ebsis\u00eb. Gjat\u00eb\" \/>\n<meta property=\"og:url\" content=\"https:\/\/veritasinfo.org\/?p=33776\" \/>\n<meta property=\"article:published_time\" content=\"2026-02-20T14:24:45+00:00\" \/>\n<meta property=\"og:image\" content=\"https:\/\/veritasinfo.org\/wp-content\/uploads\/2026\/02\/Screenshot-2026-02-20-151334.png\" \/>\n\t<meta property=\"og:image:width\" content=\"1123\" \/>\n\t<meta property=\"og:image:height\" content=\"695\" \/>\n\t<meta property=\"og:image:type\" content=\"image\/png\" \/>\n<meta name=\"author\" content=\"US5\" \/>\n<meta name=\"twitter:card\" content=\"summary_large_image\" \/>\n<meta name=\"twitter:label1\" content=\"Written by\" \/>\n\t<meta name=\"twitter:data1\" content=\"US5\" \/>\n<script type=\"application\/ld+json\" class=\"yoast-schema-graph\">{\"@context\":\"https:\/\/schema.org\",\"@graph\":[{\"@type\":\"WebPage\",\"@id\":\"https:\/\/veritasinfo.org\/?p=33776\",\"url\":\"https:\/\/veritasinfo.org\/?p=33776\",\"name\":\"Kurti em\u00ebron z\u00ebv\u00ebnd\u00ebsministrin e Drejt\u00ebsis\u00eb -\",\"isPartOf\":{\"@id\":\"https:\/\/veritasinfo.org\/#website\"},\"primaryImageOfPage\":{\"@id\":\"https:\/\/veritasinfo.org\/?p=33776#primaryimage\"},\"image\":{\"@id\":\"https:\/\/veritasinfo.org\/?p=33776#primaryimage\"},\"thumbnailUrl\":\"https:\/\/veritasinfo.org\/wp-content\/uploads\/2026\/02\/Screenshot-2026-02-20-151334.png\",\"datePublished\":\"2026-02-20T14:24:45+00:00\",\"author\":{\"@id\":\"https:\/\/veritasinfo.org\/#\/schema\/person\/bc442336e35414d04494ab8fb45db4c6\"},\"breadcrumb\":{\"@id\":\"https:\/\/veritasinfo.org\/?p=33776#breadcrumb\"},\"inLanguage\":\"en-US\",\"potentialAction\":[{\"@type\":\"ReadAction\",\"target\":[\"https:\/\/veritasinfo.org\/?p=33776\"]}]},{\"@type\":\"ImageObject\",\"inLanguage\":\"en-US\",\"@id\":\"https:\/\/veritasinfo.org\/?p=33776#primaryimage\",\"url\":\"https:\/\/veritasinfo.org\/wp-content\/uploads\/2026\/02\/Screenshot-2026-02-20-151334.png\",\"contentUrl\":\"https:\/\/veritasinfo.org\/wp-content\/uploads\/2026\/02\/Screenshot-2026-02-20-151334.png\",\"width\":1123,\"height\":695},{\"@type\":\"BreadcrumbList\",\"@id\":\"https:\/\/veritasinfo.org\/?p=33776#breadcrumb\",\"itemListElement\":[{\"@type\":\"ListItem\",\"position\":1,\"name\":\"Home\",\"item\":\"https:\/\/veritasinfo.org\/\"},{\"@type\":\"ListItem\",\"position\":2,\"name\":\"Kurti em\u00ebron z\u00ebv\u00ebnd\u00ebsministrin e Drejt\u00ebsis\u00eb\"}]},{\"@type\":\"WebSite\",\"@id\":\"https:\/\/veritasinfo.org\/#website\",\"url\":\"https:\/\/veritasinfo.org\/\",\"name\":\"\",\"description\":\"\",\"potentialAction\":[{\"@type\":\"SearchAction\",\"target\":{\"@type\":\"EntryPoint\",\"urlTemplate\":\"https:\/\/veritasinfo.org\/?s={search_term_string}\"},\"query-input\":{\"@type\":\"PropertyValueSpecification\",\"valueRequired\":true,\"valueName\":\"search_term_string\"}}],\"inLanguage\":\"en-US\"},{\"@type\":\"Person\",\"@id\":\"https:\/\/veritasinfo.org\/#\/schema\/person\/bc442336e35414d04494ab8fb45db4c6\",\"name\":\"US5\",\"image\":{\"@type\":\"ImageObject\",\"inLanguage\":\"en-US\",\"@id\":\"https:\/\/veritasinfo.org\/#\/schema\/person\/image\/\",\"url\":\"https:\/\/secure.gravatar.com\/avatar\/16a61e7272a0c5d001121ebb9e60e925d5816e4ac1e443ed3e640d9a6ae55d0c?s=96&d=mm&r=g\",\"contentUrl\":\"https:\/\/secure.gravatar.com\/avatar\/16a61e7272a0c5d001121ebb9e60e925d5816e4ac1e443ed3e640d9a6ae55d0c?s=96&d=mm&r=g\",\"caption\":\"US5\"},\"url\":\"https:\/\/veritasinfo.org\/?author=6\"}]}<\/script>\n<!-- \/ Yoast SEO plugin. -->","yoast_head_json":{"title":"Kurti em\u00ebron z\u00ebv\u00ebnd\u00ebsministrin e Drejt\u00ebsis\u00eb -","robots":{"index":"index","follow":"follow","max-snippet":"max-snippet:-1","max-image-preview":"max-image-preview:large","max-video-preview":"max-video-preview:-1"},"canonical":"https:\/\/veritasinfo.org\/?p=33776","og_locale":"en_US","og_type":"article","og_title":"Kurti em\u00ebron z\u00ebv\u00ebnd\u00ebsministrin e Drejt\u00ebsis\u00eb -","og_description":"Prishtin\u00eb 20 Shkurt 2026 15:23 Kryeministri i Republik\u00ebs s\u00eb Kosov\u00ebs, Albin Kurti, ka em\u00ebruar Genc Nimonin n\u00eb pozit\u00ebn e z\u00ebvend\u00ebsministrit t\u00eb par\u00eb t\u00eb Drejt\u00ebsis\u00eb. Gjat\u00eb","og_url":"https:\/\/veritasinfo.org\/?p=33776","article_published_time":"2026-02-20T14:24:45+00:00","og_image":[{"width":1123,"height":695,"url":"https:\/\/veritasinfo.org\/wp-content\/uploads\/2026\/02\/Screenshot-2026-02-20-151334.png","type":"image\/png"}],"author":"US5","twitter_card":"summary_large_image","twitter_misc":{"Written by":"US5"},"schema":{"@context":"https:\/\/schema.org","@graph":[{"@type":"WebPage","@id":"https:\/\/veritasinfo.org\/?p=33776","url":"https:\/\/veritasinfo.org\/?p=33776","name":"Kurti em\u00ebron z\u00ebv\u00ebnd\u00ebsministrin e Drejt\u00ebsis\u00eb -","isPartOf":{"@id":"https:\/\/veritasinfo.org\/#website"},"primaryImageOfPage":{"@id":"https:\/\/veritasinfo.org\/?p=33776#primaryimage"},"image":{"@id":"https:\/\/veritasinfo.org\/?p=33776#primaryimage"},"thumbnailUrl":"https:\/\/veritasinfo.org\/wp-content\/uploads\/2026\/02\/Screenshot-2026-02-20-151334.png","datePublished":"2026-02-20T14:24:45+00:00","author":{"@id":"https:\/\/veritasinfo.org\/#\/schema\/person\/bc442336e35414d04494ab8fb45db4c6"},"breadcrumb":{"@id":"https:\/\/veritasinfo.org\/?p=33776#breadcrumb"},"inLanguage":"en-US","potentialAction":[{"@type":"ReadAction","target":["https:\/\/veritasinfo.org\/?p=33776"]}]},{"@type":"ImageObject","inLanguage":"en-US","@id":"https:\/\/veritasinfo.org\/?p=33776#primaryimage","url":"https:\/\/veritasinfo.org\/wp-content\/uploads\/2026\/02\/Screenshot-2026-02-20-151334.png","contentUrl":"https:\/\/veritasinfo.org\/wp-content\/uploads\/2026\/02\/Screenshot-2026-02-20-151334.png","width":1123,"height":695},{"@type":"BreadcrumbList","@id":"https:\/\/veritasinfo.org\/?p=33776#breadcrumb","itemListElement":[{"@type":"ListItem","position":1,"name":"Home","item":"https:\/\/veritasinfo.org\/"},{"@type":"ListItem","position":2,"name":"Kurti em\u00ebron z\u00ebv\u00ebnd\u00ebsministrin e Drejt\u00ebsis\u00eb"}]},{"@type":"WebSite","@id":"https:\/\/veritasinfo.org\/#website","url":"https:\/\/veritasinfo.org\/","name":"","description":"","potentialAction":[{"@type":"SearchAction","target":{"@type":"EntryPoint","urlTemplate":"https:\/\/veritasinfo.org\/?s={search_term_string}"},"query-input":{"@type":"PropertyValueSpecification","valueRequired":true,"valueName":"search_term_string"}}],"inLanguage":"en-US"},{"@type":"Person","@id":"https:\/\/veritasinfo.org\/#\/schema\/person\/bc442336e35414d04494ab8fb45db4c6","name":"US5","image":{"@type":"ImageObject","inLanguage":"en-US","@id":"https:\/\/veritasinfo.org\/#\/schema\/person\/image\/","url":"https:\/\/secure.gravatar.com\/avatar\/16a61e7272a0c5d001121ebb9e60e925d5816e4ac1e443ed3e640d9a6ae55d0c?s=96&d=mm&r=g","contentUrl":"https:\/\/secure.gravatar.com\/avatar\/16a61e7272a0c5d001121ebb9e60e925d5816e4ac1e443ed3e640d9a6ae55d0c?s=96&d=mm&r=g","caption":"US5"},"url":"https:\/\/veritasinfo.org\/?author=6"}]}},"featured_image_urls":{"full":["https:\/\/veritasinfo.org\/wp-content\/uploads\/2026\/02\/Screenshot-2026-02-20-151334.png",1123,695,false],"thumbnail":["https:\/\/veritasinfo.org\/wp-content\/uploads\/2026\/02\/Screenshot-2026-02-20-151334-150x150.png",150,150,true],"medium":["https:\/\/veritasinfo.org\/wp-content\/uploads\/2026\/02\/Screenshot-2026-02-20-151334-300x186.png",300,186,true],"medium_large":["https:\/\/veritasinfo.org\/wp-content\/uploads\/2026\/02\/Screenshot-2026-02-20-151334-768x475.png",640,396,true],"large":["https:\/\/veritasinfo.org\/wp-content\/uploads\/2026\/02\/Screenshot-2026-02-20-151334-1024x634.png",640,396,true],"1536x1536":["https:\/\/veritasinfo.org\/wp-content\/uploads\/2026\/02\/Screenshot-2026-02-20-151334.png",1123,695,false],"2048x2048":["https:\/\/veritasinfo.org\/wp-content\/uploads\/2026\/02\/Screenshot-2026-02-20-151334.png",1123,695,false],"kreeti-slider-full":["https:\/\/veritasinfo.org\/wp-content\/uploads\/2026\/02\/Screenshot-2026-02-20-151334.png",1123,695,false],"kreeti-featured":["https:\/\/veritasinfo.org\/wp-content\/uploads\/2026\/02\/Screenshot-2026-02-20-151334.png",1024,634,false],"kreeti-medium":["https:\/\/veritasinfo.org\/wp-content\/uploads\/2026\/02\/Screenshot-2026-02-20-151334.png",720,446,false],"kreeti-medium-square":["https:\/\/veritasinfo.org\/wp-content\/uploads\/2026\/02\/Screenshot-2026-02-20-151334.png",350,217,false]},"author_info":{"info":["US5"]},"category_info":"<a href=\"https:\/\/veritasinfo.org\/?cat=60\" rel=\"category\">Shoq\u00ebrore<\/a>","tag_info":"Shoq\u00ebrore","comment_count":"0","_links":{"self":[{"href":"https:\/\/veritasinfo.org\/index.php?rest_route=\/wp\/v2\/posts\/33776","targetHints":{"allow":["GET"]}}],"collection":[{"href":"https:\/\/veritasinfo.org\/index.php?rest_route=\/wp\/v2\/posts"}],"about":[{"href":"https:\/\/veritasinfo.org\/index.php?rest_route=\/wp\/v2\/types\/post"}],"author":[{"embeddable":true,"href":"https:\/\/veritasinfo.org\/index.php?rest_route=\/wp\/v2\/users\/6"}],"replies":[{"embeddable":true,"href":"https:\/\/veritasinfo.org\/index.php?rest_route=%2Fwp%2Fv2%2Fcomments&post=33776"}],"version-history":[{"count":1,"href":"https:\/\/veritasinfo.org\/index.php?rest_route=\/wp\/v2\/posts\/33776\/revisions"}],"predecessor-version":[{"id":33778,"href":"https:\/\/veritasinfo.org\/index.php?rest_route=\/wp\/v2\/posts\/33776\/revisions\/33778"}],"wp:featuredmedia":[{"embeddable":true,"href":"https:\/\/veritasinfo.org\/index.php?rest_route=\/wp\/v2\/media\/33777"}],"wp:attachment":[{"href":"https:\/\/veritasinfo.org\/index.php?rest_route=%2Fwp%2Fv2%2Fmedia&parent=33776"}],"wp:term":[{"taxonomy":"category","embeddable":true,"href":"https:\/\/veritasinfo.org\/index.php?rest_route=%2Fwp%2Fv2%2Fcategories&post=33776"},{"taxonomy":"post_tag","embeddable":true,"href":"https:\/\/veritasinfo.org\/index.php?rest_route=%2Fwp%2Fv2%2Ftags&post=33776"}],"curies":[{"name":"wp","href":"https:\/\/api.w.org\/{rel}","templated":true}]}}