{"id":3372,"date":"2025-07-10T23:36:13","date_gmt":"2025-07-10T21:36:13","guid":{"rendered":"https:\/\/veritasinfo.org\/?p=3372"},"modified":"2025-07-10T23:36:13","modified_gmt":"2025-07-10T21:36:13","slug":"i-dyshuari-per-vrasje-te-rende-bie-nga-ndertesa-ne-perpjekje-per-ti-shpetuar-arrestimit-perfundon-ne-kliniken-emergjente","status":"publish","type":"post","link":"https:\/\/veritasinfo.org\/?p=3372","title":{"rendered":"I dyshuari p\u00ebr vrasje t\u00eb r\u00ebnd\u00eb bie nga nd\u00ebrtesa n\u00eb p\u00ebrpjekje p\u00ebr t\u2019i shp\u00ebtuar arrestimit \u2013 p\u00ebrfundon n\u00eb Klinik\u00ebn Emergjente"},"content":{"rendered":"<p>I dyshuari p\u00ebr vrasje t\u00eb r\u00ebnd\u00eb bie nga nd\u00ebrtesa n\u00eb p\u00ebrpjekje p\u00ebr t\u2019i shp\u00ebtuar arrestimit \u2013 p\u00ebrfundon n\u00eb Klinik\u00ebn Emergjente<\/p>\n<p><img fetchpriority=\"high\" decoding=\"async\" class=\"alignnone size-medium wp-image-3371\" src=\"https:\/\/veritasinfo.org\/wp-content\/uploads\/2025\/07\/FB_IMG_1752182879706-300x225.jpg\" alt=\"\" width=\"300\" height=\"225\" srcset=\"https:\/\/veritasinfo.org\/wp-content\/uploads\/2025\/07\/FB_IMG_1752182879706-300x225.jpg 300w, https:\/\/veritasinfo.org\/wp-content\/uploads\/2025\/07\/FB_IMG_1752182879706-1024x768.jpg 1024w, https:\/\/veritasinfo.org\/wp-content\/uploads\/2025\/07\/FB_IMG_1752182879706-768x576.jpg 768w, https:\/\/veritasinfo.org\/wp-content\/uploads\/2025\/07\/FB_IMG_1752182879706-1536x1152.jpg 1536w, https:\/\/veritasinfo.org\/wp-content\/uploads\/2025\/07\/FB_IMG_1752182879706.jpg 1600w\" sizes=\"(max-width: 300px) 100vw, 300px\" \/><\/p>\n<p>Forca t\u00eb shumta t\u00eb Policis\u00eb s\u00eb Kosov\u00ebs jan\u00eb vendosur n\u00eb hyrje t\u00eb Klinik\u00ebs Emergjente t\u00eb QKUK-s\u00eb, ku \u00ebsht\u00eb d\u00ebrguar nj\u00eb person i dyshuar p\u00ebr vrasje t\u00eb r\u00ebnd\u00eb.<\/p>\n<p>Sipas Policis\u00eb, i dyshuari \u00ebsht\u00eb l\u00ebnduar pasi dyshohet se ka r\u00ebn\u00eb nga nj\u00eb nd\u00ebrtes\u00eb banimi n\u00eb lagjen e Spitalit n\u00eb Prishtin\u00eb, teksa po tentonte t\u2019i shmangej arrestimit.<\/p>\n<p>Ngjarja ka ndodhur mbr\u00ebmjen e s\u00eb enjtes n\u00eb rrug\u00ebn \u201cV\u00ebll\u00ebz\u00ebrit Asllani\u201d, nd\u00ebrsa n\u00eb vendin e ngjarjes kan\u00eb nd\u00ebrhyr\u00eb nj\u00ebsit\u00eb e emergjenc\u00ebs, p\u00ebrfshir\u00eb autoambulanc\u00ebn, forenzik\u00ebn dhe Policin\u00eb e Kosov\u00ebs.<\/p>\n<p>I dyshuari ndodhet n\u00eb kujdes intensiv, nd\u00ebrsa hetimet jan\u00eb n\u00eb vazhdim p\u00ebr t\u00eb zbardhur rrethanat e plota t\u00eb rastit.<\/p>\n","protected":false},"excerpt":{"rendered":"<p>I dyshuari p\u00ebr vrasje t\u00eb r\u00ebnd\u00eb bie nga nd\u00ebrtesa n\u00eb p\u00ebrpjekje p\u00ebr t\u2019i shp\u00ebtuar arrestimit \u2013 p\u00ebrfundon n\u00eb Klinik\u00ebn Emergjente Forca t\u00eb shumta t\u00eb Policis\u00eb<\/p>\n","protected":false},"author":1,"featured_media":3371,"comment_status":"open","ping_status":"open","sticky":false,"template":"","format":"standard","meta":{"footnotes":""},"categories":[60],"tags":[],"class_list":["post-3372","post","type-post","status-publish","format-standard","has-post-thumbnail","hentry","category-shoqerore-sq"],"yoast_head":"<!-- This site is optimized with the Yoast SEO plugin v25.3.1 - https:\/\/yoast.com\/wordpress\/plugins\/seo\/ -->\n<title>I dyshuari p\u00ebr vrasje t\u00eb r\u00ebnd\u00eb bie nga nd\u00ebrtesa n\u00eb p\u00ebrpjekje p\u00ebr t\u2019i shp\u00ebtuar arrestimit \u2013 p\u00ebrfundon n\u00eb Klinik\u00ebn Emergjente -<\/title>\n<meta name=\"robots\" content=\"index, follow, max-snippet:-1, max-image-preview:large, max-video-preview:-1\" \/>\n<link rel=\"canonical\" href=\"https:\/\/veritasinfo.org\/?p=3372\" \/>\n<meta property=\"og:locale\" content=\"en_US\" \/>\n<meta property=\"og:type\" content=\"article\" \/>\n<meta property=\"og:title\" content=\"I dyshuari p\u00ebr vrasje t\u00eb r\u00ebnd\u00eb bie nga nd\u00ebrtesa n\u00eb p\u00ebrpjekje p\u00ebr t\u2019i shp\u00ebtuar arrestimit \u2013 p\u00ebrfundon n\u00eb Klinik\u00ebn Emergjente -\" \/>\n<meta property=\"og:description\" content=\"I dyshuari p\u00ebr vrasje t\u00eb r\u00ebnd\u00eb bie nga nd\u00ebrtesa n\u00eb p\u00ebrpjekje p\u00ebr t\u2019i shp\u00ebtuar arrestimit \u2013 p\u00ebrfundon n\u00eb Klinik\u00ebn Emergjente Forca t\u00eb shumta t\u00eb Policis\u00eb\" \/>\n<meta property=\"og:url\" content=\"https:\/\/veritasinfo.org\/?p=3372\" \/>\n<meta property=\"article:published_time\" content=\"2025-07-10T21:36:13+00:00\" \/>\n<meta property=\"og:image\" content=\"https:\/\/veritasinfo.org\/wp-content\/uploads\/2025\/07\/FB_IMG_1752182879706.jpg\" \/>\n\t<meta property=\"og:image:width\" content=\"1600\" \/>\n\t<meta property=\"og:image:height\" content=\"1200\" \/>\n\t<meta property=\"og:image:type\" content=\"image\/jpeg\" \/>\n<meta name=\"author\" content=\"admin\" \/>\n<meta name=\"twitter:card\" content=\"summary_large_image\" \/>\n<meta name=\"twitter:label1\" content=\"Written by\" \/>\n\t<meta name=\"twitter:data1\" content=\"admin\" \/>\n\t<meta name=\"twitter:label2\" content=\"Est. reading time\" \/>\n\t<meta name=\"twitter:data2\" content=\"1 minute\" \/>\n<script type=\"application\/ld+json\" class=\"yoast-schema-graph\">{\"@context\":\"https:\/\/schema.org\",\"@graph\":[{\"@type\":\"WebPage\",\"@id\":\"https:\/\/veritasinfo.org\/?p=3372\",\"url\":\"https:\/\/veritasinfo.org\/?p=3372\",\"name\":\"I dyshuari p\u00ebr vrasje t\u00eb r\u00ebnd\u00eb bie nga nd\u00ebrtesa n\u00eb p\u00ebrpjekje p\u00ebr t\u2019i shp\u00ebtuar arrestimit \u2013 p\u00ebrfundon n\u00eb Klinik\u00ebn Emergjente -\",\"isPartOf\":{\"@id\":\"https:\/\/veritasinfo.org\/#website\"},\"primaryImageOfPage\":{\"@id\":\"https:\/\/veritasinfo.org\/?p=3372#primaryimage\"},\"image\":{\"@id\":\"https:\/\/veritasinfo.org\/?p=3372#primaryimage\"},\"thumbnailUrl\":\"https:\/\/veritasinfo.org\/wp-content\/uploads\/2025\/07\/FB_IMG_1752182879706.jpg\",\"datePublished\":\"2025-07-10T21:36:13+00:00\",\"author\":{\"@id\":\"https:\/\/veritasinfo.org\/#\/schema\/person\/7701f8c088bece422266b100a712374f\"},\"breadcrumb\":{\"@id\":\"https:\/\/veritasinfo.org\/?p=3372#breadcrumb\"},\"inLanguage\":\"en-US\",\"potentialAction\":[{\"@type\":\"ReadAction\",\"target\":[\"https:\/\/veritasinfo.org\/?p=3372\"]}]},{\"@type\":\"ImageObject\",\"inLanguage\":\"en-US\",\"@id\":\"https:\/\/veritasinfo.org\/?p=3372#primaryimage\",\"url\":\"https:\/\/veritasinfo.org\/wp-content\/uploads\/2025\/07\/FB_IMG_1752182879706.jpg\",\"contentUrl\":\"https:\/\/veritasinfo.org\/wp-content\/uploads\/2025\/07\/FB_IMG_1752182879706.jpg\",\"width\":1600,\"height\":1200},{\"@type\":\"BreadcrumbList\",\"@id\":\"https:\/\/veritasinfo.org\/?p=3372#breadcrumb\",\"itemListElement\":[{\"@type\":\"ListItem\",\"position\":1,\"name\":\"Home\",\"item\":\"https:\/\/veritasinfo.org\/\"},{\"@type\":\"ListItem\",\"position\":2,\"name\":\"I dyshuari p\u00ebr vrasje t\u00eb r\u00ebnd\u00eb bie nga nd\u00ebrtesa n\u00eb p\u00ebrpjekje p\u00ebr t\u2019i shp\u00ebtuar arrestimit \u2013 p\u00ebrfundon n\u00eb Klinik\u00ebn Emergjente\"}]},{\"@type\":\"WebSite\",\"@id\":\"https:\/\/veritasinfo.org\/#website\",\"url\":\"https:\/\/veritasinfo.org\/\",\"name\":\"\",\"description\":\"\",\"potentialAction\":[{\"@type\":\"SearchAction\",\"target\":{\"@type\":\"EntryPoint\",\"urlTemplate\":\"https:\/\/veritasinfo.org\/?s={search_term_string}\"},\"query-input\":{\"@type\":\"PropertyValueSpecification\",\"valueRequired\":true,\"valueName\":\"search_term_string\"}}],\"inLanguage\":\"en-US\"},{\"@type\":\"Person\",\"@id\":\"https:\/\/veritasinfo.org\/#\/schema\/person\/7701f8c088bece422266b100a712374f\",\"name\":\"admin\",\"image\":{\"@type\":\"ImageObject\",\"inLanguage\":\"en-US\",\"@id\":\"https:\/\/veritasinfo.org\/#\/schema\/person\/image\/\",\"url\":\"https:\/\/secure.gravatar.com\/avatar\/ea53aa3bf6c9a12d5fde8ce4deff43fef3885ae33cf60184161a50d6987cfd2f?s=96&d=mm&r=g\",\"contentUrl\":\"https:\/\/secure.gravatar.com\/avatar\/ea53aa3bf6c9a12d5fde8ce4deff43fef3885ae33cf60184161a50d6987cfd2f?s=96&d=mm&r=g\",\"caption\":\"admin\"},\"sameAs\":[\"https:\/\/veritasinfo.org\"],\"url\":\"https:\/\/veritasinfo.org\/?author=1\"}]}<\/script>\n<!-- \/ Yoast SEO plugin. -->","yoast_head_json":{"title":"I dyshuari p\u00ebr vrasje t\u00eb r\u00ebnd\u00eb bie nga nd\u00ebrtesa n\u00eb p\u00ebrpjekje p\u00ebr t\u2019i shp\u00ebtuar arrestimit \u2013 p\u00ebrfundon n\u00eb Klinik\u00ebn Emergjente -","robots":{"index":"index","follow":"follow","max-snippet":"max-snippet:-1","max-image-preview":"max-image-preview:large","max-video-preview":"max-video-preview:-1"},"canonical":"https:\/\/veritasinfo.org\/?p=3372","og_locale":"en_US","og_type":"article","og_title":"I dyshuari p\u00ebr vrasje t\u00eb r\u00ebnd\u00eb bie nga nd\u00ebrtesa n\u00eb p\u00ebrpjekje p\u00ebr t\u2019i shp\u00ebtuar arrestimit \u2013 p\u00ebrfundon n\u00eb Klinik\u00ebn Emergjente -","og_description":"I dyshuari p\u00ebr vrasje t\u00eb r\u00ebnd\u00eb bie nga nd\u00ebrtesa n\u00eb p\u00ebrpjekje p\u00ebr t\u2019i shp\u00ebtuar arrestimit \u2013 p\u00ebrfundon n\u00eb Klinik\u00ebn Emergjente Forca t\u00eb shumta t\u00eb Policis\u00eb","og_url":"https:\/\/veritasinfo.org\/?p=3372","article_published_time":"2025-07-10T21:36:13+00:00","og_image":[{"width":1600,"height":1200,"url":"https:\/\/veritasinfo.org\/wp-content\/uploads\/2025\/07\/FB_IMG_1752182879706.jpg","type":"image\/jpeg"}],"author":"admin","twitter_card":"summary_large_image","twitter_misc":{"Written by":"admin","Est. reading time":"1 minute"},"schema":{"@context":"https:\/\/schema.org","@graph":[{"@type":"WebPage","@id":"https:\/\/veritasinfo.org\/?p=3372","url":"https:\/\/veritasinfo.org\/?p=3372","name":"I dyshuari p\u00ebr vrasje t\u00eb r\u00ebnd\u00eb bie nga nd\u00ebrtesa n\u00eb p\u00ebrpjekje p\u00ebr t\u2019i shp\u00ebtuar arrestimit \u2013 p\u00ebrfundon n\u00eb Klinik\u00ebn Emergjente -","isPartOf":{"@id":"https:\/\/veritasinfo.org\/#website"},"primaryImageOfPage":{"@id":"https:\/\/veritasinfo.org\/?p=3372#primaryimage"},"image":{"@id":"https:\/\/veritasinfo.org\/?p=3372#primaryimage"},"thumbnailUrl":"https:\/\/veritasinfo.org\/wp-content\/uploads\/2025\/07\/FB_IMG_1752182879706.jpg","datePublished":"2025-07-10T21:36:13+00:00","author":{"@id":"https:\/\/veritasinfo.org\/#\/schema\/person\/7701f8c088bece422266b100a712374f"},"breadcrumb":{"@id":"https:\/\/veritasinfo.org\/?p=3372#breadcrumb"},"inLanguage":"en-US","potentialAction":[{"@type":"ReadAction","target":["https:\/\/veritasinfo.org\/?p=3372"]}]},{"@type":"ImageObject","inLanguage":"en-US","@id":"https:\/\/veritasinfo.org\/?p=3372#primaryimage","url":"https:\/\/veritasinfo.org\/wp-content\/uploads\/2025\/07\/FB_IMG_1752182879706.jpg","contentUrl":"https:\/\/veritasinfo.org\/wp-content\/uploads\/2025\/07\/FB_IMG_1752182879706.jpg","width":1600,"height":1200},{"@type":"BreadcrumbList","@id":"https:\/\/veritasinfo.org\/?p=3372#breadcrumb","itemListElement":[{"@type":"ListItem","position":1,"name":"Home","item":"https:\/\/veritasinfo.org\/"},{"@type":"ListItem","position":2,"name":"I dyshuari p\u00ebr vrasje t\u00eb r\u00ebnd\u00eb bie nga nd\u00ebrtesa n\u00eb p\u00ebrpjekje p\u00ebr t\u2019i shp\u00ebtuar arrestimit \u2013 p\u00ebrfundon n\u00eb Klinik\u00ebn Emergjente"}]},{"@type":"WebSite","@id":"https:\/\/veritasinfo.org\/#website","url":"https:\/\/veritasinfo.org\/","name":"","description":"","potentialAction":[{"@type":"SearchAction","target":{"@type":"EntryPoint","urlTemplate":"https:\/\/veritasinfo.org\/?s={search_term_string}"},"query-input":{"@type":"PropertyValueSpecification","valueRequired":true,"valueName":"search_term_string"}}],"inLanguage":"en-US"},{"@type":"Person","@id":"https:\/\/veritasinfo.org\/#\/schema\/person\/7701f8c088bece422266b100a712374f","name":"admin","image":{"@type":"ImageObject","inLanguage":"en-US","@id":"https:\/\/veritasinfo.org\/#\/schema\/person\/image\/","url":"https:\/\/secure.gravatar.com\/avatar\/ea53aa3bf6c9a12d5fde8ce4deff43fef3885ae33cf60184161a50d6987cfd2f?s=96&d=mm&r=g","contentUrl":"https:\/\/secure.gravatar.com\/avatar\/ea53aa3bf6c9a12d5fde8ce4deff43fef3885ae33cf60184161a50d6987cfd2f?s=96&d=mm&r=g","caption":"admin"},"sameAs":["https:\/\/veritasinfo.org"],"url":"https:\/\/veritasinfo.org\/?author=1"}]}},"featured_image_urls":{"full":["https:\/\/veritasinfo.org\/wp-content\/uploads\/2025\/07\/FB_IMG_1752182879706.jpg",1600,1200,false],"thumbnail":["https:\/\/veritasinfo.org\/wp-content\/uploads\/2025\/07\/FB_IMG_1752182879706-150x150.jpg",150,150,true],"medium":["https:\/\/veritasinfo.org\/wp-content\/uploads\/2025\/07\/FB_IMG_1752182879706-300x225.jpg",300,225,true],"medium_large":["https:\/\/veritasinfo.org\/wp-content\/uploads\/2025\/07\/FB_IMG_1752182879706-768x576.jpg",640,480,true],"large":["https:\/\/veritasinfo.org\/wp-content\/uploads\/2025\/07\/FB_IMG_1752182879706-1024x768.jpg",640,480,true],"1536x1536":["https:\/\/veritasinfo.org\/wp-content\/uploads\/2025\/07\/FB_IMG_1752182879706-1536x1152.jpg",1536,1152,true],"2048x2048":["https:\/\/veritasinfo.org\/wp-content\/uploads\/2025\/07\/FB_IMG_1752182879706.jpg",1600,1200,false],"kreeti-slider-full":["https:\/\/veritasinfo.org\/wp-content\/uploads\/2025\/07\/FB_IMG_1752182879706.jpg",960,720,false],"kreeti-featured":["https:\/\/veritasinfo.org\/wp-content\/uploads\/2025\/07\/FB_IMG_1752182879706.jpg",1024,768,false],"kreeti-medium":["https:\/\/veritasinfo.org\/wp-content\/uploads\/2025\/07\/FB_IMG_1752182879706.jpg",707,530,false],"kreeti-medium-square":["https:\/\/veritasinfo.org\/wp-content\/uploads\/2025\/07\/FB_IMG_1752182879706.jpg",350,263,false]},"author_info":{"info":["admin"]},"category_info":"<a href=\"https:\/\/veritasinfo.org\/?cat=60\" rel=\"category\">Shoq\u00ebrore<\/a>","tag_info":"Shoq\u00ebrore","comment_count":"0","_links":{"self":[{"href":"https:\/\/veritasinfo.org\/index.php?rest_route=\/wp\/v2\/posts\/3372","targetHints":{"allow":["GET"]}}],"collection":[{"href":"https:\/\/veritasinfo.org\/index.php?rest_route=\/wp\/v2\/posts"}],"about":[{"href":"https:\/\/veritasinfo.org\/index.php?rest_route=\/wp\/v2\/types\/post"}],"author":[{"embeddable":true,"href":"https:\/\/veritasinfo.org\/index.php?rest_route=\/wp\/v2\/users\/1"}],"replies":[{"embeddable":true,"href":"https:\/\/veritasinfo.org\/index.php?rest_route=%2Fwp%2Fv2%2Fcomments&post=3372"}],"version-history":[{"count":1,"href":"https:\/\/veritasinfo.org\/index.php?rest_route=\/wp\/v2\/posts\/3372\/revisions"}],"predecessor-version":[{"id":3373,"href":"https:\/\/veritasinfo.org\/index.php?rest_route=\/wp\/v2\/posts\/3372\/revisions\/3373"}],"wp:featuredmedia":[{"embeddable":true,"href":"https:\/\/veritasinfo.org\/index.php?rest_route=\/wp\/v2\/media\/3371"}],"wp:attachment":[{"href":"https:\/\/veritasinfo.org\/index.php?rest_route=%2Fwp%2Fv2%2Fmedia&parent=3372"}],"wp:term":[{"taxonomy":"category","embeddable":true,"href":"https:\/\/veritasinfo.org\/index.php?rest_route=%2Fwp%2Fv2%2Fcategories&post=3372"},{"taxonomy":"post_tag","embeddable":true,"href":"https:\/\/veritasinfo.org\/index.php?rest_route=%2Fwp%2Fv2%2Ftags&post=3372"}],"curies":[{"name":"wp","href":"https:\/\/api.w.org\/{rel}","templated":true}]}}