{"id":33704,"date":"2026-02-20T12:03:38","date_gmt":"2026-02-20T11:03:38","guid":{"rendered":"https:\/\/veritasinfo.org\/?p=33704"},"modified":"2026-02-20T12:03:38","modified_gmt":"2026-02-20T11:03:38","slug":"kosova-miraton-sanksionet-e-reja-ndaj-rusise-dhe-bjellorusise-shkaku-i-agresionit-ne-ukraine","status":"publish","type":"post","link":"https:\/\/veritasinfo.org\/?p=33704","title":{"rendered":"Kosova miraton sanksionet e reja ndaj Rusis\u00eb dhe Bjellorusis\u00eb, shkaku i agresionit n\u00eb Ukrain\u00eb"},"content":{"rendered":"<p>Prishtin\u00eb, 20 shkurt 2026 12:02<\/p>\n<p>Qeveria e Kosov\u00ebs ka miratuar sot pakon e 19-t\u00eb t\u00eb sanksioneve ndaj Federata Ruse dhe Bjellorusia, me q\u00ebllim t\u00eb kund\u00ebrshtimit t\u00eb agresionit rus n\u00eb Ukrain\u00eb.<\/p>\n<p>Kryeministri Albin Kurti e prezantoi vendimin duke shpjeguar se masat synojn\u00eb harmonizimin e politik\u00ebs s\u00eb Kosov\u00ebs me vendimet e Bashkimit Evropian dhe Shteteve t\u00eb Bashkuara.<\/p>\n<p>\u201cSynojm\u00eb q\u00eb t\u00eb zbatojm\u00eb vendimet e K\u00ebshillit t\u00eb BE-s\u00eb dhe SHBA-s\u00eb p\u00ebr vendosjen e sanksioneve ndaj Federat\u00ebs Ruse dhe Bjellorusis\u00eb n\u00eb raport me situat\u00ebn n\u00eb Ukrain\u00eb\u201d, tha ai, transmeton lajmi.net.<\/p>\n<p>Ministri i Jasht\u00ebm, Glauk Konjufca, dha m\u00eb shum\u00eb detaje p\u00ebr sektor\u00ebt dhe llojet e masave q\u00eb p\u00ebrfshihen n\u00eb k\u00ebt\u00eb pako.<\/p>\n<p>\u201cN\u00eb vijim t\u00eb mb\u00ebshtetjes p\u00ebr kund\u00ebrshtimin e agresionit t\u00eb Federat\u00ebs Ruse ndaj Ukrain\u00ebs, n\u00eb p\u00ebrputhje me masat dhe sanksionet e BE-s\u00eb dhe SHBA-s\u00eb, partner\u00eb strategjik\u00eb, MPJD propozon p\u00ebr shqyrtim dhe miratim vendimin p\u00ebr zbatimin e pakos s\u00eb 19-t\u00eb t\u00eb sanksioneve t\u00eb BE-s\u00eb, si dhe masave shtes\u00eb t\u00eb BE-s\u00eb ndaj Federat\u00ebs Ruse\u201d, tha Konjufca.<\/p>\n<p>Ai theksoi se sanksionet do t\u00eb prekin sektor\u00ebt ky\u00e7: energjin\u00eb, financat, kompleksin ushtarako-industrial, tregtin\u00eb dhe zinxhirin e furnizimit me mallra ushtarake dhe me p\u00ebrdorim t\u00eb dyfisht\u00eb. P\u00ebrfshihen gjithashtu sh\u00ebrbime strategjike, p\u00ebrfshir\u00eb teknologjin\u00eb dhe inteligjenc\u00ebn artificiale, si dhe masa ndaj diplomat\u00ebve rus\u00eb dhe p\u00ebrgjegj\u00ebsve p\u00ebr rr\u00ebmbimin dhe deportimin e f\u00ebmij\u00ebve ukrainas.<\/p>\n<p>Konjufca po ashtu b\u00ebri t\u00eb ditur se veprimet jan\u00eb t\u00eb harmonizuara edhe ndaj Bjellorusia dhe theksoi angazhimin e Kosov\u00ebs p\u00ebr t\u00eb q\u00ebndruar pran\u00eb partner\u00ebve strategjik\u00eb n\u00eb mbrojtjen e ligjit nd\u00ebrkomb\u00ebtar dhe t\u00eb drejtave t\u00eb Ukrain\u00ebs<\/p>\n","protected":false},"excerpt":{"rendered":"<p>Prishtin\u00eb, 20 shkurt 2026 12:02 Qeveria e Kosov\u00ebs ka miratuar sot pakon e 19-t\u00eb t\u00eb sanksioneve ndaj Federata Ruse dhe Bjellorusia, me q\u00ebllim t\u00eb kund\u00ebrshtimit<\/p>\n","protected":false},"author":7,"featured_media":33705,"comment_status":"open","ping_status":"open","sticky":false,"template":"","format":"standard","meta":{"footnotes":""},"categories":[58],"tags":[],"class_list":["post-33704","post","type-post","status-publish","format-standard","has-post-thumbnail","hentry","category-politike-sq"],"yoast_head":"<!-- This site is optimized with the Yoast SEO plugin v25.3.1 - https:\/\/yoast.com\/wordpress\/plugins\/seo\/ -->\n<title>Kosova miraton sanksionet e reja ndaj Rusis\u00eb dhe Bjellorusis\u00eb, shkaku i agresionit n\u00eb Ukrain\u00eb -<\/title>\n<meta name=\"robots\" content=\"index, follow, max-snippet:-1, max-image-preview:large, max-video-preview:-1\" \/>\n<link rel=\"canonical\" href=\"https:\/\/veritasinfo.org\/?p=33704\" \/>\n<meta property=\"og:locale\" content=\"en_US\" \/>\n<meta property=\"og:type\" content=\"article\" \/>\n<meta property=\"og:title\" content=\"Kosova miraton sanksionet e reja ndaj Rusis\u00eb dhe Bjellorusis\u00eb, shkaku i agresionit n\u00eb Ukrain\u00eb -\" \/>\n<meta property=\"og:description\" content=\"Prishtin\u00eb, 20 shkurt 2026 12:02 Qeveria e Kosov\u00ebs ka miratuar sot pakon e 19-t\u00eb t\u00eb sanksioneve ndaj Federata Ruse dhe Bjellorusia, me q\u00ebllim t\u00eb kund\u00ebrshtimit\" \/>\n<meta property=\"og:url\" content=\"https:\/\/veritasinfo.org\/?p=33704\" \/>\n<meta property=\"article:published_time\" content=\"2026-02-20T11:03:38+00:00\" \/>\n<meta property=\"og:image\" content=\"https:\/\/veritasinfo.org\/wp-content\/uploads\/2026\/02\/699703c0-099f-11f0-8334-4f7f79599abf-scaled-1-1536x863-1.jpg\" \/>\n\t<meta property=\"og:image:width\" content=\"1536\" \/>\n\t<meta property=\"og:image:height\" content=\"863\" \/>\n\t<meta property=\"og:image:type\" content=\"image\/jpeg\" \/>\n<meta name=\"author\" content=\"US6\" \/>\n<meta name=\"twitter:card\" content=\"summary_large_image\" \/>\n<meta name=\"twitter:label1\" content=\"Written by\" \/>\n\t<meta name=\"twitter:data1\" content=\"US6\" \/>\n\t<meta name=\"twitter:label2\" content=\"Est. reading time\" \/>\n\t<meta name=\"twitter:data2\" content=\"2 minutes\" \/>\n<script type=\"application\/ld+json\" class=\"yoast-schema-graph\">{\"@context\":\"https:\/\/schema.org\",\"@graph\":[{\"@type\":\"WebPage\",\"@id\":\"https:\/\/veritasinfo.org\/?p=33704\",\"url\":\"https:\/\/veritasinfo.org\/?p=33704\",\"name\":\"Kosova miraton sanksionet e reja ndaj Rusis\u00eb dhe Bjellorusis\u00eb, shkaku i agresionit n\u00eb Ukrain\u00eb -\",\"isPartOf\":{\"@id\":\"https:\/\/veritasinfo.org\/#website\"},\"primaryImageOfPage\":{\"@id\":\"https:\/\/veritasinfo.org\/?p=33704#primaryimage\"},\"image\":{\"@id\":\"https:\/\/veritasinfo.org\/?p=33704#primaryimage\"},\"thumbnailUrl\":\"https:\/\/veritasinfo.org\/wp-content\/uploads\/2026\/02\/699703c0-099f-11f0-8334-4f7f79599abf-scaled-1-1536x863-1.jpg\",\"datePublished\":\"2026-02-20T11:03:38+00:00\",\"author\":{\"@id\":\"https:\/\/veritasinfo.org\/#\/schema\/person\/fe199eede04c3937362892b7444747cc\"},\"breadcrumb\":{\"@id\":\"https:\/\/veritasinfo.org\/?p=33704#breadcrumb\"},\"inLanguage\":\"en-US\",\"potentialAction\":[{\"@type\":\"ReadAction\",\"target\":[\"https:\/\/veritasinfo.org\/?p=33704\"]}]},{\"@type\":\"ImageObject\",\"inLanguage\":\"en-US\",\"@id\":\"https:\/\/veritasinfo.org\/?p=33704#primaryimage\",\"url\":\"https:\/\/veritasinfo.org\/wp-content\/uploads\/2026\/02\/699703c0-099f-11f0-8334-4f7f79599abf-scaled-1-1536x863-1.jpg\",\"contentUrl\":\"https:\/\/veritasinfo.org\/wp-content\/uploads\/2026\/02\/699703c0-099f-11f0-8334-4f7f79599abf-scaled-1-1536x863-1.jpg\",\"width\":1536,\"height\":863},{\"@type\":\"BreadcrumbList\",\"@id\":\"https:\/\/veritasinfo.org\/?p=33704#breadcrumb\",\"itemListElement\":[{\"@type\":\"ListItem\",\"position\":1,\"name\":\"Home\",\"item\":\"https:\/\/veritasinfo.org\/\"},{\"@type\":\"ListItem\",\"position\":2,\"name\":\"Kosova miraton sanksionet e reja ndaj Rusis\u00eb dhe Bjellorusis\u00eb, shkaku i agresionit n\u00eb Ukrain\u00eb\"}]},{\"@type\":\"WebSite\",\"@id\":\"https:\/\/veritasinfo.org\/#website\",\"url\":\"https:\/\/veritasinfo.org\/\",\"name\":\"\",\"description\":\"\",\"potentialAction\":[{\"@type\":\"SearchAction\",\"target\":{\"@type\":\"EntryPoint\",\"urlTemplate\":\"https:\/\/veritasinfo.org\/?s={search_term_string}\"},\"query-input\":{\"@type\":\"PropertyValueSpecification\",\"valueRequired\":true,\"valueName\":\"search_term_string\"}}],\"inLanguage\":\"en-US\"},{\"@type\":\"Person\",\"@id\":\"https:\/\/veritasinfo.org\/#\/schema\/person\/fe199eede04c3937362892b7444747cc\",\"name\":\"US6\",\"image\":{\"@type\":\"ImageObject\",\"inLanguage\":\"en-US\",\"@id\":\"https:\/\/veritasinfo.org\/#\/schema\/person\/image\/\",\"url\":\"https:\/\/secure.gravatar.com\/avatar\/cb16c3c31c9d23b9b8c705964598220b3014e42ff51eb540ff23cefa3ae8c15f?s=96&d=mm&r=g\",\"contentUrl\":\"https:\/\/secure.gravatar.com\/avatar\/cb16c3c31c9d23b9b8c705964598220b3014e42ff51eb540ff23cefa3ae8c15f?s=96&d=mm&r=g\",\"caption\":\"US6\"},\"url\":\"https:\/\/veritasinfo.org\/?author=7\"}]}<\/script>\n<!-- \/ Yoast SEO plugin. -->","yoast_head_json":{"title":"Kosova miraton sanksionet e reja ndaj Rusis\u00eb dhe Bjellorusis\u00eb, shkaku i agresionit n\u00eb Ukrain\u00eb -","robots":{"index":"index","follow":"follow","max-snippet":"max-snippet:-1","max-image-preview":"max-image-preview:large","max-video-preview":"max-video-preview:-1"},"canonical":"https:\/\/veritasinfo.org\/?p=33704","og_locale":"en_US","og_type":"article","og_title":"Kosova miraton sanksionet e reja ndaj Rusis\u00eb dhe Bjellorusis\u00eb, shkaku i agresionit n\u00eb Ukrain\u00eb -","og_description":"Prishtin\u00eb, 20 shkurt 2026 12:02 Qeveria e Kosov\u00ebs ka miratuar sot pakon e 19-t\u00eb t\u00eb sanksioneve ndaj Federata Ruse dhe Bjellorusia, me q\u00ebllim t\u00eb kund\u00ebrshtimit","og_url":"https:\/\/veritasinfo.org\/?p=33704","article_published_time":"2026-02-20T11:03:38+00:00","og_image":[{"width":1536,"height":863,"url":"https:\/\/veritasinfo.org\/wp-content\/uploads\/2026\/02\/699703c0-099f-11f0-8334-4f7f79599abf-scaled-1-1536x863-1.jpg","type":"image\/jpeg"}],"author":"US6","twitter_card":"summary_large_image","twitter_misc":{"Written by":"US6","Est. reading time":"2 minutes"},"schema":{"@context":"https:\/\/schema.org","@graph":[{"@type":"WebPage","@id":"https:\/\/veritasinfo.org\/?p=33704","url":"https:\/\/veritasinfo.org\/?p=33704","name":"Kosova miraton sanksionet e reja ndaj Rusis\u00eb dhe Bjellorusis\u00eb, shkaku i agresionit n\u00eb Ukrain\u00eb -","isPartOf":{"@id":"https:\/\/veritasinfo.org\/#website"},"primaryImageOfPage":{"@id":"https:\/\/veritasinfo.org\/?p=33704#primaryimage"},"image":{"@id":"https:\/\/veritasinfo.org\/?p=33704#primaryimage"},"thumbnailUrl":"https:\/\/veritasinfo.org\/wp-content\/uploads\/2026\/02\/699703c0-099f-11f0-8334-4f7f79599abf-scaled-1-1536x863-1.jpg","datePublished":"2026-02-20T11:03:38+00:00","author":{"@id":"https:\/\/veritasinfo.org\/#\/schema\/person\/fe199eede04c3937362892b7444747cc"},"breadcrumb":{"@id":"https:\/\/veritasinfo.org\/?p=33704#breadcrumb"},"inLanguage":"en-US","potentialAction":[{"@type":"ReadAction","target":["https:\/\/veritasinfo.org\/?p=33704"]}]},{"@type":"ImageObject","inLanguage":"en-US","@id":"https:\/\/veritasinfo.org\/?p=33704#primaryimage","url":"https:\/\/veritasinfo.org\/wp-content\/uploads\/2026\/02\/699703c0-099f-11f0-8334-4f7f79599abf-scaled-1-1536x863-1.jpg","contentUrl":"https:\/\/veritasinfo.org\/wp-content\/uploads\/2026\/02\/699703c0-099f-11f0-8334-4f7f79599abf-scaled-1-1536x863-1.jpg","width":1536,"height":863},{"@type":"BreadcrumbList","@id":"https:\/\/veritasinfo.org\/?p=33704#breadcrumb","itemListElement":[{"@type":"ListItem","position":1,"name":"Home","item":"https:\/\/veritasinfo.org\/"},{"@type":"ListItem","position":2,"name":"Kosova miraton sanksionet e reja ndaj Rusis\u00eb dhe Bjellorusis\u00eb, shkaku i agresionit n\u00eb Ukrain\u00eb"}]},{"@type":"WebSite","@id":"https:\/\/veritasinfo.org\/#website","url":"https:\/\/veritasinfo.org\/","name":"","description":"","potentialAction":[{"@type":"SearchAction","target":{"@type":"EntryPoint","urlTemplate":"https:\/\/veritasinfo.org\/?s={search_term_string}"},"query-input":{"@type":"PropertyValueSpecification","valueRequired":true,"valueName":"search_term_string"}}],"inLanguage":"en-US"},{"@type":"Person","@id":"https:\/\/veritasinfo.org\/#\/schema\/person\/fe199eede04c3937362892b7444747cc","name":"US6","image":{"@type":"ImageObject","inLanguage":"en-US","@id":"https:\/\/veritasinfo.org\/#\/schema\/person\/image\/","url":"https:\/\/secure.gravatar.com\/avatar\/cb16c3c31c9d23b9b8c705964598220b3014e42ff51eb540ff23cefa3ae8c15f?s=96&d=mm&r=g","contentUrl":"https:\/\/secure.gravatar.com\/avatar\/cb16c3c31c9d23b9b8c705964598220b3014e42ff51eb540ff23cefa3ae8c15f?s=96&d=mm&r=g","caption":"US6"},"url":"https:\/\/veritasinfo.org\/?author=7"}]}},"featured_image_urls":{"full":["https:\/\/veritasinfo.org\/wp-content\/uploads\/2026\/02\/699703c0-099f-11f0-8334-4f7f79599abf-scaled-1-1536x863-1.jpg",1536,863,false],"thumbnail":["https:\/\/veritasinfo.org\/wp-content\/uploads\/2026\/02\/699703c0-099f-11f0-8334-4f7f79599abf-scaled-1-1536x863-1-150x150.jpg",150,150,true],"medium":["https:\/\/veritasinfo.org\/wp-content\/uploads\/2026\/02\/699703c0-099f-11f0-8334-4f7f79599abf-scaled-1-1536x863-1-300x169.jpg",300,169,true],"medium_large":["https:\/\/veritasinfo.org\/wp-content\/uploads\/2026\/02\/699703c0-099f-11f0-8334-4f7f79599abf-scaled-1-1536x863-1-768x432.jpg",640,360,true],"large":["https:\/\/veritasinfo.org\/wp-content\/uploads\/2026\/02\/699703c0-099f-11f0-8334-4f7f79599abf-scaled-1-1536x863-1-1024x575.jpg",640,359,true],"1536x1536":["https:\/\/veritasinfo.org\/wp-content\/uploads\/2026\/02\/699703c0-099f-11f0-8334-4f7f79599abf-scaled-1-1536x863-1.jpg",1536,863,false],"2048x2048":["https:\/\/veritasinfo.org\/wp-content\/uploads\/2026\/02\/699703c0-099f-11f0-8334-4f7f79599abf-scaled-1-1536x863-1.jpg",1536,863,false],"kreeti-slider-full":["https:\/\/veritasinfo.org\/wp-content\/uploads\/2026\/02\/699703c0-099f-11f0-8334-4f7f79599abf-scaled-1-1536x863-1.jpg",1280,720,false],"kreeti-featured":["https:\/\/veritasinfo.org\/wp-content\/uploads\/2026\/02\/699703c0-099f-11f0-8334-4f7f79599abf-scaled-1-1536x863-1.jpg",1024,575,false],"kreeti-medium":["https:\/\/veritasinfo.org\/wp-content\/uploads\/2026\/02\/699703c0-099f-11f0-8334-4f7f79599abf-scaled-1-1536x863-1.jpg",720,405,false],"kreeti-medium-square":["https:\/\/veritasinfo.org\/wp-content\/uploads\/2026\/02\/699703c0-099f-11f0-8334-4f7f79599abf-scaled-1-1536x863-1.jpg",350,197,false]},"author_info":{"info":["US6"]},"category_info":"<a href=\"https:\/\/veritasinfo.org\/?cat=58\" rel=\"category\">Politik\u00eb<\/a>","tag_info":"Politik\u00eb","comment_count":"0","_links":{"self":[{"href":"https:\/\/veritasinfo.org\/index.php?rest_route=\/wp\/v2\/posts\/33704","targetHints":{"allow":["GET"]}}],"collection":[{"href":"https:\/\/veritasinfo.org\/index.php?rest_route=\/wp\/v2\/posts"}],"about":[{"href":"https:\/\/veritasinfo.org\/index.php?rest_route=\/wp\/v2\/types\/post"}],"author":[{"embeddable":true,"href":"https:\/\/veritasinfo.org\/index.php?rest_route=\/wp\/v2\/users\/7"}],"replies":[{"embeddable":true,"href":"https:\/\/veritasinfo.org\/index.php?rest_route=%2Fwp%2Fv2%2Fcomments&post=33704"}],"version-history":[{"count":1,"href":"https:\/\/veritasinfo.org\/index.php?rest_route=\/wp\/v2\/posts\/33704\/revisions"}],"predecessor-version":[{"id":33706,"href":"https:\/\/veritasinfo.org\/index.php?rest_route=\/wp\/v2\/posts\/33704\/revisions\/33706"}],"wp:featuredmedia":[{"embeddable":true,"href":"https:\/\/veritasinfo.org\/index.php?rest_route=\/wp\/v2\/media\/33705"}],"wp:attachment":[{"href":"https:\/\/veritasinfo.org\/index.php?rest_route=%2Fwp%2Fv2%2Fmedia&parent=33704"}],"wp:term":[{"taxonomy":"category","embeddable":true,"href":"https:\/\/veritasinfo.org\/index.php?rest_route=%2Fwp%2Fv2%2Fcategories&post=33704"},{"taxonomy":"post_tag","embeddable":true,"href":"https:\/\/veritasinfo.org\/index.php?rest_route=%2Fwp%2Fv2%2Ftags&post=33704"}],"curies":[{"name":"wp","href":"https:\/\/api.w.org\/{rel}","templated":true}]}}