{"id":33675,"date":"2026-02-20T10:45:20","date_gmt":"2026-02-20T09:45:20","guid":{"rendered":"https:\/\/veritasinfo.org\/?p=33675"},"modified":"2026-02-20T10:45:20","modified_gmt":"2026-02-20T09:45:20","slug":"prioritet-i-qeverise-jane-keto-dy-projektligje-per-byrone-dhe-cmimet-tavan","status":"publish","type":"post","link":"https:\/\/veritasinfo.org\/?p=33675","title":{"rendered":"Prioritet i Qeveris\u00eb jan\u00eb k\u00ebto dy projektligje, p\u00ebr Byron\u00eb dhe \u00e7mimet tavan"},"content":{"rendered":"<p>Prishtin\u00eb 20 Shkurt 2026 10:43<\/p>\n<p>Kryeministri Albin Kurti, sot, n\u00eb mbledhjen e dyt\u00eb t\u00eb qeveris\u00eb, ka th\u00ebn\u00eb se jan\u00eb dy ligje q\u00eb do t\u2019i ken\u00eb prioritet.<\/p>\n<p>\u201cN\u00eb kuad\u00ebr t\u00eb agjend\u00ebs legjislative do t\u00eb prioritizojm\u00eb procedimin e Projektligjit p\u00ebr Byron\u00eb shtet\u00ebrore p\u00ebr konfiskimin e pasuris\u00eb s\u00eb pajustifikueshme dhe Projektligjin e ri p\u00ebr \u00e7mimet tavan\u201d, ka theksua Kurti n\u00eb mbledhjen e Qeveris\u00eb q\u00eb \u00ebsht\u00eb mbajtur t\u00eb premten.<\/p>\n<p>Po ashtu Qeveria miratoi edhe Projekt-rregulloren p\u00ebr fushat e p\u00ebrgjegj\u00ebsis\u00eb administrative t\u00eb ministrive si dhe Projekt-programin e vler\u00ebsimit Ex-Post t\u00eb Akteve Juridike.<\/p>\n<p>Gjithashtu Qeveria ka miratuar edhe Projektligjin p\u00ebr ratifikimin e marr\u00ebveshjes p\u00ebr qasje n\u00eb arsimin e lart\u00eb dhe pranim p\u00ebr studime n\u00eb Ballkanin Per\u00ebndimor.<\/p>\n<p>Qeveria ka miratuar edhe Projektligjin p\u00ebr ratifikimin e amendamentit Nr. 2 t\u00eb marr\u00ebveshjes financiare nd\u00ebrmjet Republik\u00ebs s\u00eb Kosov\u00ebs dhe Bashkimit Evropian, p\u00ebr Programin IPA 2017, pjesa e par\u00eb si dhe Projektligjin p\u00ebr ratifikimin e amendamentit Nr. 3 t\u00eb marr\u00ebveshjes financiare nd\u00ebrmjet Republik\u00ebs s\u00eb Kosov\u00ebs dhe Bashkimit Evropian, p\u00ebr programin IPA 2018.<\/p>\n<p>Ekzekutivi e ka miratuar edhe Projekt-rregulloren p\u00ebr procedur\u00ebn e shqyrtimit administrativ t\u00eb akteve t\u00eb komunave.<\/p>\n<p>Gjithashtu Qeveria ka marr\u00eb vendim q\u00eb t\u00eb themeloj\u00eb nd\u00ebrmarrjen publike lokale \u201cFush\u00eb-Kosova\u201d Sh. A. n\u00eb Fush\u00eb-Kosov\u00eb dhe nd\u00ebrmarrjes publike lokale \u201cEko Drenasi\u201d Sh. A., n\u00eb Drenas.<\/p>\n<p>Qeveria e Kosova gjithashtu ka miratuar pakon e 19-t\u00eb t\u00eb masave kund\u00ebr Federat\u00ebs Ruse dhe Bjellorusis\u00eb n\u00eb raport me situat\u00ebn n\u00eb Ukrain\u00eb.<\/p>\n<p>Kryeministri Albin Kurti ka th\u00ebn\u00eb se Kosova ka miratuar 18 pako paraprake t\u00eb masave kund\u00ebr k\u00ebtyre shteteve, me t\u00eb fundit t\u00eb miratuar n\u00eb shtator t\u00eb vitit 2025, duke ku theksuar se sanksionet jan\u00eb n\u00eb p\u00ebrputhje me masat e Bashkimit Evropian dhe SHBA-s\u00eb.<\/p>\n<p>Nd\u00ebrsa, ministri i Pun\u00ebve t\u00eb Jashtme, Glauk Konjufca, ka th\u00ebn\u00eb se Kosova synon promovimin e paqes, demokracis\u00eb dhe lirin\u00eb e njeriut, teksa theksoi se vendimi i Qeveris\u00eb kontribuon n\u00eb vazhdimin e bashk\u00ebpunimit t\u00eb ngusht\u00eb me BE-n\u00eb dhe SHBA-n\u00eb.<\/p>\n<p>\u201cPakoja synon sektorin e energjis\u00eb, financave, kompleksin ushtarako-industrial, tregtin\u00eb dhe zinxhir\u00ebt e furnizimet me mallra ushtarak\u00eb, sh\u00ebrbimet strategjike p\u00ebrfshir\u00eb teknologjin\u00eb dhe inteligjenc\u00ebn artificiale dhe nd\u00ebrmerr masa lidhur me kontrollin e l\u00ebvizjes s\u00eb diplomat\u00ebve rus\u00eb dhe p\u00ebrgjegj\u00ebsin\u00eb p\u00ebr rr\u00ebmbimi dhe deportimin e f\u00ebmij\u00ebve ukrainas. Masat p\u00ebrfshijn\u00eb masa ndaj Bjellorusis\u00eb\u201d, ka theksuar Konjufca.<\/p>\n","protected":false},"excerpt":{"rendered":"<p>Prishtin\u00eb 20 Shkurt 2026 10:43 Kryeministri Albin Kurti, sot, n\u00eb mbledhjen e dyt\u00eb t\u00eb qeveris\u00eb, ka th\u00ebn\u00eb se jan\u00eb dy ligje q\u00eb do t\u2019i ken\u00eb<\/p>\n","protected":false},"author":6,"featured_media":33676,"comment_status":"open","ping_status":"open","sticky":false,"template":"","format":"standard","meta":{"footnotes":""},"categories":[60],"tags":[],"class_list":["post-33675","post","type-post","status-publish","format-standard","has-post-thumbnail","hentry","category-shoqerore-sq"],"yoast_head":"<!-- This site is optimized with the Yoast SEO plugin v25.3.1 - https:\/\/yoast.com\/wordpress\/plugins\/seo\/ -->\n<title>Prioritet i Qeveris\u00eb jan\u00eb k\u00ebto dy projektligje, p\u00ebr Byron\u00eb dhe \u00e7mimet tavan -<\/title>\n<meta name=\"robots\" content=\"index, follow, max-snippet:-1, max-image-preview:large, max-video-preview:-1\" \/>\n<link rel=\"canonical\" href=\"https:\/\/veritasinfo.org\/?p=33675\" \/>\n<meta property=\"og:locale\" content=\"en_US\" \/>\n<meta property=\"og:type\" content=\"article\" \/>\n<meta property=\"og:title\" content=\"Prioritet i Qeveris\u00eb jan\u00eb k\u00ebto dy projektligje, p\u00ebr Byron\u00eb dhe \u00e7mimet tavan -\" \/>\n<meta property=\"og:description\" content=\"Prishtin\u00eb 20 Shkurt 2026 10:43 Kryeministri Albin Kurti, sot, n\u00eb mbledhjen e dyt\u00eb t\u00eb qeveris\u00eb, ka th\u00ebn\u00eb se jan\u00eb dy ligje q\u00eb do t\u2019i ken\u00eb\" \/>\n<meta property=\"og:url\" content=\"https:\/\/veritasinfo.org\/?p=33675\" \/>\n<meta property=\"article:published_time\" content=\"2026-02-20T09:45:20+00:00\" \/>\n<meta property=\"og:image\" content=\"https:\/\/veritasinfo.org\/wp-content\/uploads\/2026\/02\/images-6-1.jpeg\" \/>\n\t<meta property=\"og:image:width\" content=\"556\" \/>\n\t<meta property=\"og:image:height\" content=\"359\" \/>\n\t<meta property=\"og:image:type\" content=\"image\/jpeg\" \/>\n<meta name=\"author\" content=\"US5\" \/>\n<meta name=\"twitter:card\" content=\"summary_large_image\" \/>\n<meta name=\"twitter:label1\" content=\"Written by\" \/>\n\t<meta name=\"twitter:data1\" content=\"US5\" \/>\n<script type=\"application\/ld+json\" class=\"yoast-schema-graph\">{\"@context\":\"https:\/\/schema.org\",\"@graph\":[{\"@type\":\"WebPage\",\"@id\":\"https:\/\/veritasinfo.org\/?p=33675\",\"url\":\"https:\/\/veritasinfo.org\/?p=33675\",\"name\":\"Prioritet i Qeveris\u00eb jan\u00eb k\u00ebto dy projektligje, p\u00ebr Byron\u00eb dhe \u00e7mimet tavan -\",\"isPartOf\":{\"@id\":\"https:\/\/veritasinfo.org\/#website\"},\"primaryImageOfPage\":{\"@id\":\"https:\/\/veritasinfo.org\/?p=33675#primaryimage\"},\"image\":{\"@id\":\"https:\/\/veritasinfo.org\/?p=33675#primaryimage\"},\"thumbnailUrl\":\"https:\/\/veritasinfo.org\/wp-content\/uploads\/2026\/02\/images-6-1.jpeg\",\"datePublished\":\"2026-02-20T09:45:20+00:00\",\"author\":{\"@id\":\"https:\/\/veritasinfo.org\/#\/schema\/person\/bc442336e35414d04494ab8fb45db4c6\"},\"breadcrumb\":{\"@id\":\"https:\/\/veritasinfo.org\/?p=33675#breadcrumb\"},\"inLanguage\":\"en-US\",\"potentialAction\":[{\"@type\":\"ReadAction\",\"target\":[\"https:\/\/veritasinfo.org\/?p=33675\"]}]},{\"@type\":\"ImageObject\",\"inLanguage\":\"en-US\",\"@id\":\"https:\/\/veritasinfo.org\/?p=33675#primaryimage\",\"url\":\"https:\/\/veritasinfo.org\/wp-content\/uploads\/2026\/02\/images-6-1.jpeg\",\"contentUrl\":\"https:\/\/veritasinfo.org\/wp-content\/uploads\/2026\/02\/images-6-1.jpeg\",\"width\":556,\"height\":359},{\"@type\":\"BreadcrumbList\",\"@id\":\"https:\/\/veritasinfo.org\/?p=33675#breadcrumb\",\"itemListElement\":[{\"@type\":\"ListItem\",\"position\":1,\"name\":\"Home\",\"item\":\"https:\/\/veritasinfo.org\/\"},{\"@type\":\"ListItem\",\"position\":2,\"name\":\"Prioritet i Qeveris\u00eb jan\u00eb k\u00ebto dy projektligje, p\u00ebr Byron\u00eb dhe \u00e7mimet tavan\"}]},{\"@type\":\"WebSite\",\"@id\":\"https:\/\/veritasinfo.org\/#website\",\"url\":\"https:\/\/veritasinfo.org\/\",\"name\":\"\",\"description\":\"\",\"potentialAction\":[{\"@type\":\"SearchAction\",\"target\":{\"@type\":\"EntryPoint\",\"urlTemplate\":\"https:\/\/veritasinfo.org\/?s={search_term_string}\"},\"query-input\":{\"@type\":\"PropertyValueSpecification\",\"valueRequired\":true,\"valueName\":\"search_term_string\"}}],\"inLanguage\":\"en-US\"},{\"@type\":\"Person\",\"@id\":\"https:\/\/veritasinfo.org\/#\/schema\/person\/bc442336e35414d04494ab8fb45db4c6\",\"name\":\"US5\",\"image\":{\"@type\":\"ImageObject\",\"inLanguage\":\"en-US\",\"@id\":\"https:\/\/veritasinfo.org\/#\/schema\/person\/image\/\",\"url\":\"https:\/\/secure.gravatar.com\/avatar\/16a61e7272a0c5d001121ebb9e60e925d5816e4ac1e443ed3e640d9a6ae55d0c?s=96&d=mm&r=g\",\"contentUrl\":\"https:\/\/secure.gravatar.com\/avatar\/16a61e7272a0c5d001121ebb9e60e925d5816e4ac1e443ed3e640d9a6ae55d0c?s=96&d=mm&r=g\",\"caption\":\"US5\"},\"url\":\"https:\/\/veritasinfo.org\/?author=6\"}]}<\/script>\n<!-- \/ Yoast SEO plugin. -->","yoast_head_json":{"title":"Prioritet i Qeveris\u00eb jan\u00eb k\u00ebto dy projektligje, p\u00ebr Byron\u00eb dhe \u00e7mimet tavan -","robots":{"index":"index","follow":"follow","max-snippet":"max-snippet:-1","max-image-preview":"max-image-preview:large","max-video-preview":"max-video-preview:-1"},"canonical":"https:\/\/veritasinfo.org\/?p=33675","og_locale":"en_US","og_type":"article","og_title":"Prioritet i Qeveris\u00eb jan\u00eb k\u00ebto dy projektligje, p\u00ebr Byron\u00eb dhe \u00e7mimet tavan -","og_description":"Prishtin\u00eb 20 Shkurt 2026 10:43 Kryeministri Albin Kurti, sot, n\u00eb mbledhjen e dyt\u00eb t\u00eb qeveris\u00eb, ka th\u00ebn\u00eb se jan\u00eb dy ligje q\u00eb do t\u2019i ken\u00eb","og_url":"https:\/\/veritasinfo.org\/?p=33675","article_published_time":"2026-02-20T09:45:20+00:00","og_image":[{"width":556,"height":359,"url":"https:\/\/veritasinfo.org\/wp-content\/uploads\/2026\/02\/images-6-1.jpeg","type":"image\/jpeg"}],"author":"US5","twitter_card":"summary_large_image","twitter_misc":{"Written by":"US5"},"schema":{"@context":"https:\/\/schema.org","@graph":[{"@type":"WebPage","@id":"https:\/\/veritasinfo.org\/?p=33675","url":"https:\/\/veritasinfo.org\/?p=33675","name":"Prioritet i Qeveris\u00eb jan\u00eb k\u00ebto dy projektligje, p\u00ebr Byron\u00eb dhe \u00e7mimet tavan -","isPartOf":{"@id":"https:\/\/veritasinfo.org\/#website"},"primaryImageOfPage":{"@id":"https:\/\/veritasinfo.org\/?p=33675#primaryimage"},"image":{"@id":"https:\/\/veritasinfo.org\/?p=33675#primaryimage"},"thumbnailUrl":"https:\/\/veritasinfo.org\/wp-content\/uploads\/2026\/02\/images-6-1.jpeg","datePublished":"2026-02-20T09:45:20+00:00","author":{"@id":"https:\/\/veritasinfo.org\/#\/schema\/person\/bc442336e35414d04494ab8fb45db4c6"},"breadcrumb":{"@id":"https:\/\/veritasinfo.org\/?p=33675#breadcrumb"},"inLanguage":"en-US","potentialAction":[{"@type":"ReadAction","target":["https:\/\/veritasinfo.org\/?p=33675"]}]},{"@type":"ImageObject","inLanguage":"en-US","@id":"https:\/\/veritasinfo.org\/?p=33675#primaryimage","url":"https:\/\/veritasinfo.org\/wp-content\/uploads\/2026\/02\/images-6-1.jpeg","contentUrl":"https:\/\/veritasinfo.org\/wp-content\/uploads\/2026\/02\/images-6-1.jpeg","width":556,"height":359},{"@type":"BreadcrumbList","@id":"https:\/\/veritasinfo.org\/?p=33675#breadcrumb","itemListElement":[{"@type":"ListItem","position":1,"name":"Home","item":"https:\/\/veritasinfo.org\/"},{"@type":"ListItem","position":2,"name":"Prioritet i Qeveris\u00eb jan\u00eb k\u00ebto dy projektligje, p\u00ebr Byron\u00eb dhe \u00e7mimet tavan"}]},{"@type":"WebSite","@id":"https:\/\/veritasinfo.org\/#website","url":"https:\/\/veritasinfo.org\/","name":"","description":"","potentialAction":[{"@type":"SearchAction","target":{"@type":"EntryPoint","urlTemplate":"https:\/\/veritasinfo.org\/?s={search_term_string}"},"query-input":{"@type":"PropertyValueSpecification","valueRequired":true,"valueName":"search_term_string"}}],"inLanguage":"en-US"},{"@type":"Person","@id":"https:\/\/veritasinfo.org\/#\/schema\/person\/bc442336e35414d04494ab8fb45db4c6","name":"US5","image":{"@type":"ImageObject","inLanguage":"en-US","@id":"https:\/\/veritasinfo.org\/#\/schema\/person\/image\/","url":"https:\/\/secure.gravatar.com\/avatar\/16a61e7272a0c5d001121ebb9e60e925d5816e4ac1e443ed3e640d9a6ae55d0c?s=96&d=mm&r=g","contentUrl":"https:\/\/secure.gravatar.com\/avatar\/16a61e7272a0c5d001121ebb9e60e925d5816e4ac1e443ed3e640d9a6ae55d0c?s=96&d=mm&r=g","caption":"US5"},"url":"https:\/\/veritasinfo.org\/?author=6"}]}},"featured_image_urls":{"full":["https:\/\/veritasinfo.org\/wp-content\/uploads\/2026\/02\/images-6-1.jpeg",556,359,false],"thumbnail":["https:\/\/veritasinfo.org\/wp-content\/uploads\/2026\/02\/images-6-1-150x150.jpeg",150,150,true],"medium":["https:\/\/veritasinfo.org\/wp-content\/uploads\/2026\/02\/images-6-1-300x194.jpeg",300,194,true],"medium_large":["https:\/\/veritasinfo.org\/wp-content\/uploads\/2026\/02\/images-6-1.jpeg",556,359,false],"large":["https:\/\/veritasinfo.org\/wp-content\/uploads\/2026\/02\/images-6-1.jpeg",556,359,false],"1536x1536":["https:\/\/veritasinfo.org\/wp-content\/uploads\/2026\/02\/images-6-1.jpeg",556,359,false],"2048x2048":["https:\/\/veritasinfo.org\/wp-content\/uploads\/2026\/02\/images-6-1.jpeg",556,359,false],"kreeti-slider-full":["https:\/\/veritasinfo.org\/wp-content\/uploads\/2026\/02\/images-6-1.jpeg",556,359,false],"kreeti-featured":["https:\/\/veritasinfo.org\/wp-content\/uploads\/2026\/02\/images-6-1.jpeg",556,359,false],"kreeti-medium":["https:\/\/veritasinfo.org\/wp-content\/uploads\/2026\/02\/images-6-1.jpeg",556,359,false],"kreeti-medium-square":["https:\/\/veritasinfo.org\/wp-content\/uploads\/2026\/02\/images-6-1.jpeg",350,226,false]},"author_info":{"info":["US5"]},"category_info":"<a href=\"https:\/\/veritasinfo.org\/?cat=60\" rel=\"category\">Shoq\u00ebrore<\/a>","tag_info":"Shoq\u00ebrore","comment_count":"0","_links":{"self":[{"href":"https:\/\/veritasinfo.org\/index.php?rest_route=\/wp\/v2\/posts\/33675","targetHints":{"allow":["GET"]}}],"collection":[{"href":"https:\/\/veritasinfo.org\/index.php?rest_route=\/wp\/v2\/posts"}],"about":[{"href":"https:\/\/veritasinfo.org\/index.php?rest_route=\/wp\/v2\/types\/post"}],"author":[{"embeddable":true,"href":"https:\/\/veritasinfo.org\/index.php?rest_route=\/wp\/v2\/users\/6"}],"replies":[{"embeddable":true,"href":"https:\/\/veritasinfo.org\/index.php?rest_route=%2Fwp%2Fv2%2Fcomments&post=33675"}],"version-history":[{"count":1,"href":"https:\/\/veritasinfo.org\/index.php?rest_route=\/wp\/v2\/posts\/33675\/revisions"}],"predecessor-version":[{"id":33677,"href":"https:\/\/veritasinfo.org\/index.php?rest_route=\/wp\/v2\/posts\/33675\/revisions\/33677"}],"wp:featuredmedia":[{"embeddable":true,"href":"https:\/\/veritasinfo.org\/index.php?rest_route=\/wp\/v2\/media\/33676"}],"wp:attachment":[{"href":"https:\/\/veritasinfo.org\/index.php?rest_route=%2Fwp%2Fv2%2Fmedia&parent=33675"}],"wp:term":[{"taxonomy":"category","embeddable":true,"href":"https:\/\/veritasinfo.org\/index.php?rest_route=%2Fwp%2Fv2%2Fcategories&post=33675"},{"taxonomy":"post_tag","embeddable":true,"href":"https:\/\/veritasinfo.org\/index.php?rest_route=%2Fwp%2Fv2%2Ftags&post=33675"}],"curies":[{"name":"wp","href":"https:\/\/api.w.org\/{rel}","templated":true}]}}