{"id":33661,"date":"2026-02-20T10:07:23","date_gmt":"2026-02-20T09:07:23","guid":{"rendered":"https:\/\/veritasinfo.org\/?p=33661"},"modified":"2026-02-20T10:08:25","modified_gmt":"2026-02-20T09:08:25","slug":"themelohet-keshilli-per-28-vjetorin-e-epopese-se-uck-se-kurti-pa-56-dhe-7-marsin-nuk-behej-17-shkurti","status":"publish","type":"post","link":"https:\/\/veritasinfo.org\/?p=33661","title":{"rendered":"Themelohet K\u00ebshilli p\u00ebr 28-vjetorin e Epopes\u00eb s\u00eb U\u00c7K-s\u00eb, Kurti: Pa 5,6 dhe 7 marsin nuk b\u00ebhej 17 shkurti"},"content":{"rendered":"<p>Prishtin\u00eb, 20 shkurt 2026 10:01<\/p>\n<p>Qeveria e Kosov\u00ebs ka themeluar K\u00ebshillin Shtet\u00ebror t\u00eb Epopes\u00eb s\u00eb U\u00c7K-s\u00eb n\u00eb 28 vjetorin e saj, ku kryesues \u00ebsht\u00eb ministri i Mbrojtjes, Ejup Maqedonci, bashk\u00ebryesues, Andin Hoti, nd\u00ebrsa an\u00ebtar\u00eb, Sami Lushtaku, Saranda Bogujevci, Elbert Krasniqi, Bashkim Jashari dhe Gazmend Hoxha, gjersa presin emrin edhe nj\u00eb an\u00ebtari nga organizatat e dala nga lufta por edhe nga presidenca, kryeministria dhe Asociacioni i Komunave t\u00eb Kosov\u00ebs.<\/p>\n<p>N\u00eb adresimin e tij, kryeministri Albin Kurti tha se pa 5, 6 dhe 7 marsin nuk do t\u00eb b\u00ebhej 17 shkurti dhe pa flijimin e familjes Jashari nuk do b\u00ebhej festa shtet\u00ebrore e Republik\u00ebs.\u201cThemelimin e K\u00ebshillit Shtet\u00ebror p\u00ebr sh\u00ebnimin e 28-vjetorit t\u00eb Epopes\u00eb s\u00eb U\u00c7K, shkurti \u00ebsht\u00eb muaj feste shtet\u00ebrore dhe krenarie qytetare. Marsi \u00ebsht\u00eb muaj lavdie historike dhe nderim i sakrific\u00ebs. N\u00eb kalendar vjetor shkurti vjen para marsi, por n\u00eb kalendarin e historis\u00eb son\u00eb para shkurtit ishte marsi. Pa 5,6 dhe 7 marsin nuk b\u00ebhej 17 shkurti, pa flijimin e familjes Jashari nuk b\u00ebhej 17 shkurti. Pa flijimin e familjes Jashari nuk b\u00ebhej festa shtet\u00ebrore e Republik\u00eb. Pa luft\u00ebn e UCK p\u00ebr liri nuk b\u00ebhej parakalimi i ushtris\u00eb son\u00eb p\u00ebr liri\u201d, tha aiKurti theksoi se Epopeja e U\u00c7K-s\u00eb \u00ebsht\u00eb momenti i sakrific\u00ebs, guximit dhe besimit n\u00eb liri.\u201cEpopeja e U\u00c7K p\u00ebrfaq\u00ebson momentin kur sakrifica, besimi dhe guximi n\u00eb liri u b\u00ebn nj\u00eb me fatin e popullit ton\u00eb. Q\u00ebndresa heroike e familjes Jashari dhe luft\u00ebtar\u00ebve t\u00eb U\u00c7K u shnd\u00ebrrua n\u00eb frym\u00ebzim p\u00ebr nj\u00eb popull t\u00eb t\u00ebr\u00eb q\u00eb k\u00ebrkonte shtet dhe etnitet\u201d, deklaroi Kurti<\/p>\n","protected":false},"excerpt":{"rendered":"<p>Prishtin\u00eb, 20 shkurt 2026 10:01 Qeveria e Kosov\u00ebs ka themeluar K\u00ebshillin Shtet\u00ebror t\u00eb Epopes\u00eb s\u00eb U\u00c7K-s\u00eb n\u00eb 28 vjetorin e saj, ku kryesues \u00ebsht\u00eb ministri<\/p>\n","protected":false},"author":7,"featured_media":33662,"comment_status":"open","ping_status":"open","sticky":false,"template":"","format":"standard","meta":{"footnotes":""},"categories":[60],"tags":[],"class_list":["post-33661","post","type-post","status-publish","format-standard","has-post-thumbnail","hentry","category-shoqerore-sq"],"yoast_head":"<!-- This site is optimized with the Yoast SEO plugin v25.3.1 - https:\/\/yoast.com\/wordpress\/plugins\/seo\/ -->\n<title>Themelohet K\u00ebshilli p\u00ebr 28-vjetorin e Epopes\u00eb s\u00eb U\u00c7K-s\u00eb, Kurti: Pa 5,6 dhe 7 marsin nuk b\u00ebhej 17 shkurti -<\/title>\n<meta name=\"robots\" content=\"index, follow, max-snippet:-1, max-image-preview:large, max-video-preview:-1\" \/>\n<link rel=\"canonical\" href=\"https:\/\/veritasinfo.org\/?p=33661\" \/>\n<meta property=\"og:locale\" content=\"en_US\" \/>\n<meta property=\"og:type\" content=\"article\" \/>\n<meta property=\"og:title\" content=\"Themelohet K\u00ebshilli p\u00ebr 28-vjetorin e Epopes\u00eb s\u00eb U\u00c7K-s\u00eb, Kurti: Pa 5,6 dhe 7 marsin nuk b\u00ebhej 17 shkurti -\" \/>\n<meta property=\"og:description\" content=\"Prishtin\u00eb, 20 shkurt 2026 10:01 Qeveria e Kosov\u00ebs ka themeluar K\u00ebshillin Shtet\u00ebror t\u00eb Epopes\u00eb s\u00eb U\u00c7K-s\u00eb n\u00eb 28 vjetorin e saj, ku kryesues \u00ebsht\u00eb ministri\" \/>\n<meta property=\"og:url\" content=\"https:\/\/veritasinfo.org\/?p=33661\" \/>\n<meta property=\"article:published_time\" content=\"2026-02-20T09:07:23+00:00\" \/>\n<meta property=\"article:modified_time\" content=\"2026-02-20T09:08:25+00:00\" \/>\n<meta property=\"og:image\" content=\"https:\/\/veritasinfo.org\/wp-content\/uploads\/2026\/02\/qeveria-e-kosoves-1-1333x1000-1.jpg\" \/>\n\t<meta property=\"og:image:width\" content=\"1333\" \/>\n\t<meta property=\"og:image:height\" content=\"1000\" \/>\n\t<meta property=\"og:image:type\" content=\"image\/jpeg\" \/>\n<meta name=\"author\" content=\"US6\" \/>\n<meta name=\"twitter:card\" content=\"summary_large_image\" \/>\n<meta name=\"twitter:label1\" content=\"Written by\" \/>\n\t<meta name=\"twitter:data1\" content=\"US6\" \/>\n\t<meta name=\"twitter:label2\" content=\"Est. reading time\" \/>\n\t<meta name=\"twitter:data2\" content=\"2 minutes\" \/>\n<script type=\"application\/ld+json\" class=\"yoast-schema-graph\">{\"@context\":\"https:\/\/schema.org\",\"@graph\":[{\"@type\":\"WebPage\",\"@id\":\"https:\/\/veritasinfo.org\/?p=33661\",\"url\":\"https:\/\/veritasinfo.org\/?p=33661\",\"name\":\"Themelohet K\u00ebshilli p\u00ebr 28-vjetorin e Epopes\u00eb s\u00eb U\u00c7K-s\u00eb, Kurti: Pa 5,6 dhe 7 marsin nuk b\u00ebhej 17 shkurti -\",\"isPartOf\":{\"@id\":\"https:\/\/veritasinfo.org\/#website\"},\"primaryImageOfPage\":{\"@id\":\"https:\/\/veritasinfo.org\/?p=33661#primaryimage\"},\"image\":{\"@id\":\"https:\/\/veritasinfo.org\/?p=33661#primaryimage\"},\"thumbnailUrl\":\"https:\/\/veritasinfo.org\/wp-content\/uploads\/2026\/02\/qeveria-e-kosoves-1-1333x1000-1.jpg\",\"datePublished\":\"2026-02-20T09:07:23+00:00\",\"dateModified\":\"2026-02-20T09:08:25+00:00\",\"author\":{\"@id\":\"https:\/\/veritasinfo.org\/#\/schema\/person\/fe199eede04c3937362892b7444747cc\"},\"breadcrumb\":{\"@id\":\"https:\/\/veritasinfo.org\/?p=33661#breadcrumb\"},\"inLanguage\":\"en-US\",\"potentialAction\":[{\"@type\":\"ReadAction\",\"target\":[\"https:\/\/veritasinfo.org\/?p=33661\"]}]},{\"@type\":\"ImageObject\",\"inLanguage\":\"en-US\",\"@id\":\"https:\/\/veritasinfo.org\/?p=33661#primaryimage\",\"url\":\"https:\/\/veritasinfo.org\/wp-content\/uploads\/2026\/02\/qeveria-e-kosoves-1-1333x1000-1.jpg\",\"contentUrl\":\"https:\/\/veritasinfo.org\/wp-content\/uploads\/2026\/02\/qeveria-e-kosoves-1-1333x1000-1.jpg\",\"width\":1333,\"height\":1000},{\"@type\":\"BreadcrumbList\",\"@id\":\"https:\/\/veritasinfo.org\/?p=33661#breadcrumb\",\"itemListElement\":[{\"@type\":\"ListItem\",\"position\":1,\"name\":\"Home\",\"item\":\"https:\/\/veritasinfo.org\/\"},{\"@type\":\"ListItem\",\"position\":2,\"name\":\"Themelohet K\u00ebshilli p\u00ebr 28-vjetorin e Epopes\u00eb s\u00eb U\u00c7K-s\u00eb, Kurti: Pa 5,6 dhe 7 marsin nuk b\u00ebhej 17 shkurti\"}]},{\"@type\":\"WebSite\",\"@id\":\"https:\/\/veritasinfo.org\/#website\",\"url\":\"https:\/\/veritasinfo.org\/\",\"name\":\"\",\"description\":\"\",\"potentialAction\":[{\"@type\":\"SearchAction\",\"target\":{\"@type\":\"EntryPoint\",\"urlTemplate\":\"https:\/\/veritasinfo.org\/?s={search_term_string}\"},\"query-input\":{\"@type\":\"PropertyValueSpecification\",\"valueRequired\":true,\"valueName\":\"search_term_string\"}}],\"inLanguage\":\"en-US\"},{\"@type\":\"Person\",\"@id\":\"https:\/\/veritasinfo.org\/#\/schema\/person\/fe199eede04c3937362892b7444747cc\",\"name\":\"US6\",\"image\":{\"@type\":\"ImageObject\",\"inLanguage\":\"en-US\",\"@id\":\"https:\/\/veritasinfo.org\/#\/schema\/person\/image\/\",\"url\":\"https:\/\/secure.gravatar.com\/avatar\/cb16c3c31c9d23b9b8c705964598220b3014e42ff51eb540ff23cefa3ae8c15f?s=96&d=mm&r=g\",\"contentUrl\":\"https:\/\/secure.gravatar.com\/avatar\/cb16c3c31c9d23b9b8c705964598220b3014e42ff51eb540ff23cefa3ae8c15f?s=96&d=mm&r=g\",\"caption\":\"US6\"},\"url\":\"https:\/\/veritasinfo.org\/?author=7\"}]}<\/script>\n<!-- \/ Yoast SEO plugin. -->","yoast_head_json":{"title":"Themelohet K\u00ebshilli p\u00ebr 28-vjetorin e Epopes\u00eb s\u00eb U\u00c7K-s\u00eb, Kurti: Pa 5,6 dhe 7 marsin nuk b\u00ebhej 17 shkurti -","robots":{"index":"index","follow":"follow","max-snippet":"max-snippet:-1","max-image-preview":"max-image-preview:large","max-video-preview":"max-video-preview:-1"},"canonical":"https:\/\/veritasinfo.org\/?p=33661","og_locale":"en_US","og_type":"article","og_title":"Themelohet K\u00ebshilli p\u00ebr 28-vjetorin e Epopes\u00eb s\u00eb U\u00c7K-s\u00eb, Kurti: Pa 5,6 dhe 7 marsin nuk b\u00ebhej 17 shkurti -","og_description":"Prishtin\u00eb, 20 shkurt 2026 10:01 Qeveria e Kosov\u00ebs ka themeluar K\u00ebshillin Shtet\u00ebror t\u00eb Epopes\u00eb s\u00eb U\u00c7K-s\u00eb n\u00eb 28 vjetorin e saj, ku kryesues \u00ebsht\u00eb ministri","og_url":"https:\/\/veritasinfo.org\/?p=33661","article_published_time":"2026-02-20T09:07:23+00:00","article_modified_time":"2026-02-20T09:08:25+00:00","og_image":[{"width":1333,"height":1000,"url":"https:\/\/veritasinfo.org\/wp-content\/uploads\/2026\/02\/qeveria-e-kosoves-1-1333x1000-1.jpg","type":"image\/jpeg"}],"author":"US6","twitter_card":"summary_large_image","twitter_misc":{"Written by":"US6","Est. reading time":"2 minutes"},"schema":{"@context":"https:\/\/schema.org","@graph":[{"@type":"WebPage","@id":"https:\/\/veritasinfo.org\/?p=33661","url":"https:\/\/veritasinfo.org\/?p=33661","name":"Themelohet K\u00ebshilli p\u00ebr 28-vjetorin e Epopes\u00eb s\u00eb U\u00c7K-s\u00eb, Kurti: Pa 5,6 dhe 7 marsin nuk b\u00ebhej 17 shkurti -","isPartOf":{"@id":"https:\/\/veritasinfo.org\/#website"},"primaryImageOfPage":{"@id":"https:\/\/veritasinfo.org\/?p=33661#primaryimage"},"image":{"@id":"https:\/\/veritasinfo.org\/?p=33661#primaryimage"},"thumbnailUrl":"https:\/\/veritasinfo.org\/wp-content\/uploads\/2026\/02\/qeveria-e-kosoves-1-1333x1000-1.jpg","datePublished":"2026-02-20T09:07:23+00:00","dateModified":"2026-02-20T09:08:25+00:00","author":{"@id":"https:\/\/veritasinfo.org\/#\/schema\/person\/fe199eede04c3937362892b7444747cc"},"breadcrumb":{"@id":"https:\/\/veritasinfo.org\/?p=33661#breadcrumb"},"inLanguage":"en-US","potentialAction":[{"@type":"ReadAction","target":["https:\/\/veritasinfo.org\/?p=33661"]}]},{"@type":"ImageObject","inLanguage":"en-US","@id":"https:\/\/veritasinfo.org\/?p=33661#primaryimage","url":"https:\/\/veritasinfo.org\/wp-content\/uploads\/2026\/02\/qeveria-e-kosoves-1-1333x1000-1.jpg","contentUrl":"https:\/\/veritasinfo.org\/wp-content\/uploads\/2026\/02\/qeveria-e-kosoves-1-1333x1000-1.jpg","width":1333,"height":1000},{"@type":"BreadcrumbList","@id":"https:\/\/veritasinfo.org\/?p=33661#breadcrumb","itemListElement":[{"@type":"ListItem","position":1,"name":"Home","item":"https:\/\/veritasinfo.org\/"},{"@type":"ListItem","position":2,"name":"Themelohet K\u00ebshilli p\u00ebr 28-vjetorin e Epopes\u00eb s\u00eb U\u00c7K-s\u00eb, Kurti: Pa 5,6 dhe 7 marsin nuk b\u00ebhej 17 shkurti"}]},{"@type":"WebSite","@id":"https:\/\/veritasinfo.org\/#website","url":"https:\/\/veritasinfo.org\/","name":"","description":"","potentialAction":[{"@type":"SearchAction","target":{"@type":"EntryPoint","urlTemplate":"https:\/\/veritasinfo.org\/?s={search_term_string}"},"query-input":{"@type":"PropertyValueSpecification","valueRequired":true,"valueName":"search_term_string"}}],"inLanguage":"en-US"},{"@type":"Person","@id":"https:\/\/veritasinfo.org\/#\/schema\/person\/fe199eede04c3937362892b7444747cc","name":"US6","image":{"@type":"ImageObject","inLanguage":"en-US","@id":"https:\/\/veritasinfo.org\/#\/schema\/person\/image\/","url":"https:\/\/secure.gravatar.com\/avatar\/cb16c3c31c9d23b9b8c705964598220b3014e42ff51eb540ff23cefa3ae8c15f?s=96&d=mm&r=g","contentUrl":"https:\/\/secure.gravatar.com\/avatar\/cb16c3c31c9d23b9b8c705964598220b3014e42ff51eb540ff23cefa3ae8c15f?s=96&d=mm&r=g","caption":"US6"},"url":"https:\/\/veritasinfo.org\/?author=7"}]}},"featured_image_urls":{"full":["https:\/\/veritasinfo.org\/wp-content\/uploads\/2026\/02\/qeveria-e-kosoves-1-1333x1000-1.jpg",1333,1000,false],"thumbnail":["https:\/\/veritasinfo.org\/wp-content\/uploads\/2026\/02\/qeveria-e-kosoves-1-1333x1000-1-150x150.jpg",150,150,true],"medium":["https:\/\/veritasinfo.org\/wp-content\/uploads\/2026\/02\/qeveria-e-kosoves-1-1333x1000-1-300x225.jpg",300,225,true],"medium_large":["https:\/\/veritasinfo.org\/wp-content\/uploads\/2026\/02\/qeveria-e-kosoves-1-1333x1000-1-768x576.jpg",640,480,true],"large":["https:\/\/veritasinfo.org\/wp-content\/uploads\/2026\/02\/qeveria-e-kosoves-1-1333x1000-1-1024x768.jpg",640,480,true],"1536x1536":["https:\/\/veritasinfo.org\/wp-content\/uploads\/2026\/02\/qeveria-e-kosoves-1-1333x1000-1.jpg",1333,1000,false],"2048x2048":["https:\/\/veritasinfo.org\/wp-content\/uploads\/2026\/02\/qeveria-e-kosoves-1-1333x1000-1.jpg",1333,1000,false],"kreeti-slider-full":["https:\/\/veritasinfo.org\/wp-content\/uploads\/2026\/02\/qeveria-e-kosoves-1-1333x1000-1.jpg",960,720,false],"kreeti-featured":["https:\/\/veritasinfo.org\/wp-content\/uploads\/2026\/02\/qeveria-e-kosoves-1-1333x1000-1.jpg",1024,768,false],"kreeti-medium":["https:\/\/veritasinfo.org\/wp-content\/uploads\/2026\/02\/qeveria-e-kosoves-1-1333x1000-1.jpg",706,530,false],"kreeti-medium-square":["https:\/\/veritasinfo.org\/wp-content\/uploads\/2026\/02\/qeveria-e-kosoves-1-1333x1000-1.jpg",350,263,false]},"author_info":{"info":["US6"]},"category_info":"<a href=\"https:\/\/veritasinfo.org\/?cat=60\" rel=\"category\">Shoq\u00ebrore<\/a>","tag_info":"Shoq\u00ebrore","comment_count":"0","_links":{"self":[{"href":"https:\/\/veritasinfo.org\/index.php?rest_route=\/wp\/v2\/posts\/33661","targetHints":{"allow":["GET"]}}],"collection":[{"href":"https:\/\/veritasinfo.org\/index.php?rest_route=\/wp\/v2\/posts"}],"about":[{"href":"https:\/\/veritasinfo.org\/index.php?rest_route=\/wp\/v2\/types\/post"}],"author":[{"embeddable":true,"href":"https:\/\/veritasinfo.org\/index.php?rest_route=\/wp\/v2\/users\/7"}],"replies":[{"embeddable":true,"href":"https:\/\/veritasinfo.org\/index.php?rest_route=%2Fwp%2Fv2%2Fcomments&post=33661"}],"version-history":[{"count":2,"href":"https:\/\/veritasinfo.org\/index.php?rest_route=\/wp\/v2\/posts\/33661\/revisions"}],"predecessor-version":[{"id":33664,"href":"https:\/\/veritasinfo.org\/index.php?rest_route=\/wp\/v2\/posts\/33661\/revisions\/33664"}],"wp:featuredmedia":[{"embeddable":true,"href":"https:\/\/veritasinfo.org\/index.php?rest_route=\/wp\/v2\/media\/33662"}],"wp:attachment":[{"href":"https:\/\/veritasinfo.org\/index.php?rest_route=%2Fwp%2Fv2%2Fmedia&parent=33661"}],"wp:term":[{"taxonomy":"category","embeddable":true,"href":"https:\/\/veritasinfo.org\/index.php?rest_route=%2Fwp%2Fv2%2Fcategories&post=33661"},{"taxonomy":"post_tag","embeddable":true,"href":"https:\/\/veritasinfo.org\/index.php?rest_route=%2Fwp%2Fv2%2Ftags&post=33661"}],"curies":[{"name":"wp","href":"https:\/\/api.w.org\/{rel}","templated":true}]}}