{"id":33577,"date":"2026-02-19T19:39:20","date_gmt":"2026-02-19T18:39:20","guid":{"rendered":"https:\/\/veritasinfo.org\/?p=33577"},"modified":"2026-02-19T19:39:20","modified_gmt":"2026-02-19T18:39:20","slug":"kosova-e-shqiperia-drejt-angazhimit-ne-gaza-deklaratat-e-forta-ne-uashington","status":"publish","type":"post","link":"https:\/\/veritasinfo.org\/?p=33577","title":{"rendered":"Kosova e Shqip\u00ebria drejt angazhimit n\u00eb Gaza, deklaratat e forta n\u00eb Uashington"},"content":{"rendered":"<p>Prishtin\u00eb, 19 shkurt 2026 19:40<\/p>\n<p>Instituti amerikan i Paqes n\u00eb Uashington nisi sot takimin e par\u00eb t\u00eb Bordit t\u00eb Paqes t\u00eb krijuar nga presidenti\u00a0Donald Trump p\u00ebr zgjidhjen e krizave dhe konflikteve bot\u00ebrore.<\/p>\n<p>Kosova ishte e p\u00ebrfaq\u00ebsuar n\u00eb k\u00ebt\u00eb takim me presidenten Vjosa Osmani. Kurse Shqip\u00ebria ishte pjes\u00eb e takimit e p\u00ebrfaq\u00ebsuar nga kryeministri Edi Rama.<\/p>\n<p>Instituti amerikan i Paqes n\u00eb Uashington nisi sot takimin e par\u00eb t\u00eb Bordit t\u00eb Paqes t\u00eb krijuar nga presidenti\u00a0Donald Trump p\u00ebr zgjidhjen e krizave dhe konflikteve bot\u00ebrore.<\/p>\n<p>Kosova ishte e p\u00ebrfaq\u00ebsuar n\u00eb k\u00ebt\u00eb takim me presidenten Vjosa Osmani. Kurse Shqip\u00ebria ishte pjes\u00eb e takimit e p\u00ebrfaq\u00ebsuar nga kryeministri Edi Rama.<\/p>\n<p>I pari q\u00eb nisi fjalimin ishte presidenti Trump, i ndjekur nga Sekretari Amerikan i Shtetit, Marco Rubio, e m\u00eb pas nga personi q\u00eb Trump i ka dor\u00ebzuar \u00e7el\u00ebsat e negociatave p\u00ebr zgjidhjen e konflikteve n\u00eb bot\u00eb, Steve Witkoff.<\/p>\n<p>Presidenti i Shteteve t\u00eb Bashkuara t\u00eb Amerik\u00ebs, edhe nj\u00eb her\u00eb ka kujtua ndaljen e konfliktit n\u00eb mes Kosov\u00ebs dhe Serbis\u00eb duke th\u00ebn\u00eb se ai e ndali, derisa ka porositur presidenten Vjosa Osmani q\u00eb ta telefonoj\u00eb kur dy vendet nuk \u201cshkojn\u00eb mir\u00eb dhe do ta zgjidhin\u201d.<\/p>\n<p>\u201cKosova dhe Serbia. Un\u00eb e b\u00ebra at\u00eb. A mund t\u00eb ngriheni ju njer\u00ebz Kosova dhe Serbia. \u00c7far\u00eb pune&#8230; faleminderit shum\u00eb e vler\u00ebsojm\u00eb. Shum\u00eb\u00a0 mir\u00eb dhe po shkoni mir\u00eb. Kur nuk shkoni mir\u00eb, m\u00eb telefononi dhe do ta zgjidhim\u201d, tha ai.<\/p>\n<p>Derisa b\u00ebri t\u00eb ditur se Kosova dhe Shqip\u00ebria do t\u00eb ken\u00eb trupa n\u00eb terren p\u00ebr ta stabilizuar situat\u00ebn n\u00eb Gaza.<\/p>\n<p>\u201cDua t\u00eb fal\u00ebnderoj Indonezin\u00eb&#8230;Nj\u00eb vend i mrekulluesh\u00ebm&#8230; Maroku do t\u00eb angazhohet. Shqip\u00ebria dhe Kosova do t\u00eb ken\u00eb gjithashtu trupa n\u00eb terren p\u00ebr t\u00eb stabilizuar Gaz\u00ebn\u201d, tha ai.<\/p>\n<p>Nga takimi i Bordit t\u00eb Paqes n\u00eb Uashington, kryeministri Edi Rama konfirmoi se Shqip\u00ebria do t\u00eb jap\u00eb kontributin e saj me trupa ushtarake n\u00eb Gaza, derisa pati nj\u00eb k\u00ebrkes\u00eb nga Tramp lidhur me Gjykat\u00ebn Speciale.<\/p>\n<p>\u201cM\u00eb lejoni shum\u00eb shkurtimisht t&#8217;ju t\u00ebrheq v\u00ebmendjen te nj\u00eb tjet\u00ebr konflikt i hapur, m\u00eb pran\u00eb vendit tim, ku udh\u00ebheqja e presidentit Trump gjat\u00eb mandatit t\u00eb tij t\u00eb par\u00eb e solli Kosov\u00ebn dhe Serbin\u00eb m\u00eb pran\u00eb se kurr\u00eb nj\u00eb marr\u00ebveshjeje p\u00ebrfundimtare paqeje. Presidenti i Kosov\u00ebs q\u00eb asokohe u ndalua t\u00eb udh\u00ebtonte drejt Sht\u00ebpis\u00eb s\u00eb Bardh\u00eb n\u00eb m\u00ebnyr\u00eb brutale p\u00ebr t\u00eb n\u00ebnshkruar at\u00eb marr\u00ebveshje n\u00eb pranin\u00eb e presidentit Trump. Dhe n\u00eb fakt, kjo ishte ajo \u00e7far\u00eb u b\u00eb nga ai prokuror sikur q\u00eb p\u00ebrndoqi edhe vet\u00eb presidentin Trump dhe p\u00ebr k\u00ebt\u00eb u b\u00eb i famsh\u00ebm bot\u00ebrisht. Sot, presidenti i Kosov\u00ebs ka kaluar gjasht\u00eb vje\u00e7 n\u00eb nj\u00eb paraburgim nga nj\u00eb gjykat\u00eb e posa\u00e7me n\u00eb Hag\u00eb, e sponsorizuar nga nj\u00eb s\u00ebr\u00eb shtetesh demokratike. Disa prej tyre t\u00eb pranishme k\u00ebtu, e q\u00eb duhet t&#8217;ju vij\u00eb turp nga ajo lloj drejt\u00ebsie nd\u00ebrkomb\u00ebtare. Vet\u00ebm jav\u00ebn e kaluar, zoti president, nj\u00eb tjet\u00ebr prokuror, i financuar nga ky vend i madh e taksapaguesit e tij, k\u00ebrkoi 45 vjet burgim p\u00ebr t\u00eb. Nj\u00eb k\u00ebrkes\u00eb q\u00eb shkaktoi nj\u00eb val\u00eb trondit\u00ebse posht\u00ebrimi n\u00eb t\u00eb gjith\u00eb t\u00ebr\u00ebsin\u00eb e nj\u00eb vendi paqedash\u00ebs. Dhe n\u00eb k\u00ebt\u00eb moment, ka vet\u00ebm disa muaj q\u00eb q\u00ebndrojn\u00eb midis nj\u00eb njeriu q\u00eb u ngrit nga rezistenca ndaj spastrimit etnik p\u00ebr t&#8217;u b\u00ebr\u00eb paqeb\u00ebr\u00ebs dhe nj\u00eb rezultati shkat\u00ebrrimtar n\u00eb nj\u00eb gjykat\u00eb q\u00eb deri m\u00eb tani ka d\u00ebshtuar n\u00eb \u00e7do hap t\u00eb vetin t&#8217;iu p\u00ebrmbahet standardeve t\u00eb drejt\u00ebsis\u00eb demokratike. P\u00ebr hir t\u00eb Zotit, zoti president, le t\u00eb b\u00ebjm\u00eb di\u00e7ka p\u00ebrpara se, si\u00e7 thoni ju, gj\u00ebra shum\u00eb t\u00eb k\u00ebqija t\u00eb mund t\u00eb ndodhin s\u00ebrish\u201d, tha ai.<\/p>\n<p>Bordi, i krijuar p\u00ebr rind\u00ebrtimin \u00a0dhe zgjidhjen p\u00ebrfundimtar\u00eb t\u00eb konfliktit n\u00eb Gaza, do t\u00eb njihet edhe me njoftimin p\u00ebr 5 miliard\u00eb dollar\u00ebt q\u00eb shtetet an\u00ebtare kan\u00eb ofruar p\u00ebr k\u00ebt\u00eb q\u00ebllim.<\/p>\n<p>Rind\u00ebrtimi i Gaz\u00ebs pritet t\u00eb kushtoj\u00eb 70 miliard\u00eb dollar\u00eb, sipas vler\u00ebsimeve t\u00eb Kombeve t\u00eb Bashkuara, Bank\u00ebs Bot\u00ebrore dhe Bashkimit Evropian, pas m\u00eb shum\u00eb se dy vitesh lufte.<\/p>\n","protected":false},"excerpt":{"rendered":"<p>Prishtin\u00eb, 19 shkurt 2026 19:40 Instituti amerikan i Paqes n\u00eb Uashington nisi sot takimin e par\u00eb t\u00eb Bordit t\u00eb Paqes t\u00eb krijuar nga presidenti\u00a0Donald Trump<\/p>\n","protected":false},"author":7,"featured_media":33578,"comment_status":"open","ping_status":"open","sticky":false,"template":"","format":"standard","meta":{"footnotes":""},"categories":[58],"tags":[],"class_list":["post-33577","post","type-post","status-publish","format-standard","has-post-thumbnail","hentry","category-politike-sq"],"yoast_head":"<!-- This site is optimized with the Yoast SEO plugin v25.3.1 - https:\/\/yoast.com\/wordpress\/plugins\/seo\/ -->\n<title>Kosova e Shqip\u00ebria drejt angazhimit n\u00eb Gaza, deklaratat e forta n\u00eb Uashington -<\/title>\n<meta name=\"robots\" content=\"index, follow, max-snippet:-1, max-image-preview:large, max-video-preview:-1\" \/>\n<link rel=\"canonical\" href=\"https:\/\/veritasinfo.org\/?p=33577\" \/>\n<meta property=\"og:locale\" content=\"en_US\" \/>\n<meta property=\"og:type\" content=\"article\" \/>\n<meta property=\"og:title\" content=\"Kosova e Shqip\u00ebria drejt angazhimit n\u00eb Gaza, deklaratat e forta n\u00eb Uashington -\" \/>\n<meta property=\"og:description\" content=\"Prishtin\u00eb, 19 shkurt 2026 19:40 Instituti amerikan i Paqes n\u00eb Uashington nisi sot takimin e par\u00eb t\u00eb Bordit t\u00eb Paqes t\u00eb krijuar nga presidenti\u00a0Donald Trump\" \/>\n<meta property=\"og:url\" content=\"https:\/\/veritasinfo.org\/?p=33577\" \/>\n<meta property=\"article:published_time\" content=\"2026-02-19T18:39:20+00:00\" \/>\n<meta property=\"og:image\" content=\"https:\/\/veritasinfo.org\/wp-content\/uploads\/2026\/02\/1-87.jpg\" \/>\n\t<meta property=\"og:image:width\" content=\"762\" \/>\n\t<meta property=\"og:image:height\" content=\"398\" \/>\n\t<meta property=\"og:image:type\" content=\"image\/jpeg\" \/>\n<meta name=\"author\" content=\"US6\" \/>\n<meta name=\"twitter:card\" content=\"summary_large_image\" \/>\n<meta name=\"twitter:label1\" content=\"Written by\" \/>\n\t<meta name=\"twitter:data1\" content=\"US6\" \/>\n\t<meta name=\"twitter:label2\" content=\"Est. reading time\" \/>\n\t<meta name=\"twitter:data2\" content=\"3 minutes\" \/>\n<script type=\"application\/ld+json\" class=\"yoast-schema-graph\">{\"@context\":\"https:\/\/schema.org\",\"@graph\":[{\"@type\":\"WebPage\",\"@id\":\"https:\/\/veritasinfo.org\/?p=33577\",\"url\":\"https:\/\/veritasinfo.org\/?p=33577\",\"name\":\"Kosova e Shqip\u00ebria drejt angazhimit n\u00eb Gaza, deklaratat e forta n\u00eb Uashington -\",\"isPartOf\":{\"@id\":\"https:\/\/veritasinfo.org\/#website\"},\"primaryImageOfPage\":{\"@id\":\"https:\/\/veritasinfo.org\/?p=33577#primaryimage\"},\"image\":{\"@id\":\"https:\/\/veritasinfo.org\/?p=33577#primaryimage\"},\"thumbnailUrl\":\"https:\/\/veritasinfo.org\/wp-content\/uploads\/2026\/02\/1-87.jpg\",\"datePublished\":\"2026-02-19T18:39:20+00:00\",\"author\":{\"@id\":\"https:\/\/veritasinfo.org\/#\/schema\/person\/fe199eede04c3937362892b7444747cc\"},\"breadcrumb\":{\"@id\":\"https:\/\/veritasinfo.org\/?p=33577#breadcrumb\"},\"inLanguage\":\"en-US\",\"potentialAction\":[{\"@type\":\"ReadAction\",\"target\":[\"https:\/\/veritasinfo.org\/?p=33577\"]}]},{\"@type\":\"ImageObject\",\"inLanguage\":\"en-US\",\"@id\":\"https:\/\/veritasinfo.org\/?p=33577#primaryimage\",\"url\":\"https:\/\/veritasinfo.org\/wp-content\/uploads\/2026\/02\/1-87.jpg\",\"contentUrl\":\"https:\/\/veritasinfo.org\/wp-content\/uploads\/2026\/02\/1-87.jpg\",\"width\":762,\"height\":398},{\"@type\":\"BreadcrumbList\",\"@id\":\"https:\/\/veritasinfo.org\/?p=33577#breadcrumb\",\"itemListElement\":[{\"@type\":\"ListItem\",\"position\":1,\"name\":\"Home\",\"item\":\"https:\/\/veritasinfo.org\/\"},{\"@type\":\"ListItem\",\"position\":2,\"name\":\"Kosova e Shqip\u00ebria drejt angazhimit n\u00eb Gaza, deklaratat e forta n\u00eb Uashington\"}]},{\"@type\":\"WebSite\",\"@id\":\"https:\/\/veritasinfo.org\/#website\",\"url\":\"https:\/\/veritasinfo.org\/\",\"name\":\"\",\"description\":\"\",\"potentialAction\":[{\"@type\":\"SearchAction\",\"target\":{\"@type\":\"EntryPoint\",\"urlTemplate\":\"https:\/\/veritasinfo.org\/?s={search_term_string}\"},\"query-input\":{\"@type\":\"PropertyValueSpecification\",\"valueRequired\":true,\"valueName\":\"search_term_string\"}}],\"inLanguage\":\"en-US\"},{\"@type\":\"Person\",\"@id\":\"https:\/\/veritasinfo.org\/#\/schema\/person\/fe199eede04c3937362892b7444747cc\",\"name\":\"US6\",\"image\":{\"@type\":\"ImageObject\",\"inLanguage\":\"en-US\",\"@id\":\"https:\/\/veritasinfo.org\/#\/schema\/person\/image\/\",\"url\":\"https:\/\/secure.gravatar.com\/avatar\/cb16c3c31c9d23b9b8c705964598220b3014e42ff51eb540ff23cefa3ae8c15f?s=96&d=mm&r=g\",\"contentUrl\":\"https:\/\/secure.gravatar.com\/avatar\/cb16c3c31c9d23b9b8c705964598220b3014e42ff51eb540ff23cefa3ae8c15f?s=96&d=mm&r=g\",\"caption\":\"US6\"},\"url\":\"https:\/\/veritasinfo.org\/?author=7\"}]}<\/script>\n<!-- \/ Yoast SEO plugin. -->","yoast_head_json":{"title":"Kosova e Shqip\u00ebria drejt angazhimit n\u00eb Gaza, deklaratat e forta n\u00eb Uashington -","robots":{"index":"index","follow":"follow","max-snippet":"max-snippet:-1","max-image-preview":"max-image-preview:large","max-video-preview":"max-video-preview:-1"},"canonical":"https:\/\/veritasinfo.org\/?p=33577","og_locale":"en_US","og_type":"article","og_title":"Kosova e Shqip\u00ebria drejt angazhimit n\u00eb Gaza, deklaratat e forta n\u00eb Uashington -","og_description":"Prishtin\u00eb, 19 shkurt 2026 19:40 Instituti amerikan i Paqes n\u00eb Uashington nisi sot takimin e par\u00eb t\u00eb Bordit t\u00eb Paqes t\u00eb krijuar nga presidenti\u00a0Donald Trump","og_url":"https:\/\/veritasinfo.org\/?p=33577","article_published_time":"2026-02-19T18:39:20+00:00","og_image":[{"width":762,"height":398,"url":"https:\/\/veritasinfo.org\/wp-content\/uploads\/2026\/02\/1-87.jpg","type":"image\/jpeg"}],"author":"US6","twitter_card":"summary_large_image","twitter_misc":{"Written by":"US6","Est. reading time":"3 minutes"},"schema":{"@context":"https:\/\/schema.org","@graph":[{"@type":"WebPage","@id":"https:\/\/veritasinfo.org\/?p=33577","url":"https:\/\/veritasinfo.org\/?p=33577","name":"Kosova e Shqip\u00ebria drejt angazhimit n\u00eb Gaza, deklaratat e forta n\u00eb Uashington -","isPartOf":{"@id":"https:\/\/veritasinfo.org\/#website"},"primaryImageOfPage":{"@id":"https:\/\/veritasinfo.org\/?p=33577#primaryimage"},"image":{"@id":"https:\/\/veritasinfo.org\/?p=33577#primaryimage"},"thumbnailUrl":"https:\/\/veritasinfo.org\/wp-content\/uploads\/2026\/02\/1-87.jpg","datePublished":"2026-02-19T18:39:20+00:00","author":{"@id":"https:\/\/veritasinfo.org\/#\/schema\/person\/fe199eede04c3937362892b7444747cc"},"breadcrumb":{"@id":"https:\/\/veritasinfo.org\/?p=33577#breadcrumb"},"inLanguage":"en-US","potentialAction":[{"@type":"ReadAction","target":["https:\/\/veritasinfo.org\/?p=33577"]}]},{"@type":"ImageObject","inLanguage":"en-US","@id":"https:\/\/veritasinfo.org\/?p=33577#primaryimage","url":"https:\/\/veritasinfo.org\/wp-content\/uploads\/2026\/02\/1-87.jpg","contentUrl":"https:\/\/veritasinfo.org\/wp-content\/uploads\/2026\/02\/1-87.jpg","width":762,"height":398},{"@type":"BreadcrumbList","@id":"https:\/\/veritasinfo.org\/?p=33577#breadcrumb","itemListElement":[{"@type":"ListItem","position":1,"name":"Home","item":"https:\/\/veritasinfo.org\/"},{"@type":"ListItem","position":2,"name":"Kosova e Shqip\u00ebria drejt angazhimit n\u00eb Gaza, deklaratat e forta n\u00eb Uashington"}]},{"@type":"WebSite","@id":"https:\/\/veritasinfo.org\/#website","url":"https:\/\/veritasinfo.org\/","name":"","description":"","potentialAction":[{"@type":"SearchAction","target":{"@type":"EntryPoint","urlTemplate":"https:\/\/veritasinfo.org\/?s={search_term_string}"},"query-input":{"@type":"PropertyValueSpecification","valueRequired":true,"valueName":"search_term_string"}}],"inLanguage":"en-US"},{"@type":"Person","@id":"https:\/\/veritasinfo.org\/#\/schema\/person\/fe199eede04c3937362892b7444747cc","name":"US6","image":{"@type":"ImageObject","inLanguage":"en-US","@id":"https:\/\/veritasinfo.org\/#\/schema\/person\/image\/","url":"https:\/\/secure.gravatar.com\/avatar\/cb16c3c31c9d23b9b8c705964598220b3014e42ff51eb540ff23cefa3ae8c15f?s=96&d=mm&r=g","contentUrl":"https:\/\/secure.gravatar.com\/avatar\/cb16c3c31c9d23b9b8c705964598220b3014e42ff51eb540ff23cefa3ae8c15f?s=96&d=mm&r=g","caption":"US6"},"url":"https:\/\/veritasinfo.org\/?author=7"}]}},"featured_image_urls":{"full":["https:\/\/veritasinfo.org\/wp-content\/uploads\/2026\/02\/1-87.jpg",762,398,false],"thumbnail":["https:\/\/veritasinfo.org\/wp-content\/uploads\/2026\/02\/1-87-150x150.jpg",150,150,true],"medium":["https:\/\/veritasinfo.org\/wp-content\/uploads\/2026\/02\/1-87-300x157.jpg",300,157,true],"medium_large":["https:\/\/veritasinfo.org\/wp-content\/uploads\/2026\/02\/1-87.jpg",640,334,false],"large":["https:\/\/veritasinfo.org\/wp-content\/uploads\/2026\/02\/1-87.jpg",640,334,false],"1536x1536":["https:\/\/veritasinfo.org\/wp-content\/uploads\/2026\/02\/1-87.jpg",762,398,false],"2048x2048":["https:\/\/veritasinfo.org\/wp-content\/uploads\/2026\/02\/1-87.jpg",762,398,false],"kreeti-slider-full":["https:\/\/veritasinfo.org\/wp-content\/uploads\/2026\/02\/1-87.jpg",762,398,false],"kreeti-featured":["https:\/\/veritasinfo.org\/wp-content\/uploads\/2026\/02\/1-87.jpg",762,398,false],"kreeti-medium":["https:\/\/veritasinfo.org\/wp-content\/uploads\/2026\/02\/1-87.jpg",720,376,false],"kreeti-medium-square":["https:\/\/veritasinfo.org\/wp-content\/uploads\/2026\/02\/1-87.jpg",350,183,false]},"author_info":{"info":["US6"]},"category_info":"<a href=\"https:\/\/veritasinfo.org\/?cat=58\" rel=\"category\">Politik\u00eb<\/a>","tag_info":"Politik\u00eb","comment_count":"0","_links":{"self":[{"href":"https:\/\/veritasinfo.org\/index.php?rest_route=\/wp\/v2\/posts\/33577","targetHints":{"allow":["GET"]}}],"collection":[{"href":"https:\/\/veritasinfo.org\/index.php?rest_route=\/wp\/v2\/posts"}],"about":[{"href":"https:\/\/veritasinfo.org\/index.php?rest_route=\/wp\/v2\/types\/post"}],"author":[{"embeddable":true,"href":"https:\/\/veritasinfo.org\/index.php?rest_route=\/wp\/v2\/users\/7"}],"replies":[{"embeddable":true,"href":"https:\/\/veritasinfo.org\/index.php?rest_route=%2Fwp%2Fv2%2Fcomments&post=33577"}],"version-history":[{"count":1,"href":"https:\/\/veritasinfo.org\/index.php?rest_route=\/wp\/v2\/posts\/33577\/revisions"}],"predecessor-version":[{"id":33579,"href":"https:\/\/veritasinfo.org\/index.php?rest_route=\/wp\/v2\/posts\/33577\/revisions\/33579"}],"wp:featuredmedia":[{"embeddable":true,"href":"https:\/\/veritasinfo.org\/index.php?rest_route=\/wp\/v2\/media\/33578"}],"wp:attachment":[{"href":"https:\/\/veritasinfo.org\/index.php?rest_route=%2Fwp%2Fv2%2Fmedia&parent=33577"}],"wp:term":[{"taxonomy":"category","embeddable":true,"href":"https:\/\/veritasinfo.org\/index.php?rest_route=%2Fwp%2Fv2%2Fcategories&post=33577"},{"taxonomy":"post_tag","embeddable":true,"href":"https:\/\/veritasinfo.org\/index.php?rest_route=%2Fwp%2Fv2%2Ftags&post=33577"}],"curies":[{"name":"wp","href":"https:\/\/api.w.org\/{rel}","templated":true}]}}