{"id":33487,"date":"2026-02-19T11:38:27","date_gmt":"2026-02-19T10:38:27","guid":{"rendered":"https:\/\/veritasinfo.org\/?p=33487"},"modified":"2026-02-19T11:38:27","modified_gmt":"2026-02-19T10:38:27","slug":"kuvendi-mblidhet-neser-per-buxhetin","status":"publish","type":"post","link":"https:\/\/veritasinfo.org\/?p=33487","title":{"rendered":"Kuvendi mblidhet nes\u00ebr p\u00ebr buxhetin"},"content":{"rendered":"<p>Prishtin\u00eb, 19 shkurt 2026 11:38<\/p>\n<p>Deputet\u00ebt e Kuvendit t\u00eb Kosov\u00ebs do t\u00eb mblidhen t\u00eb premten n\u00eb nj\u00eb seanc\u00eb t\u00eb jasht\u00ebzakonshme.<\/p>\n<p>KosovaPress merr vesh se t\u00eb zgjedhurit e popullit do t\u00eb shqyrtojn\u00eb nes\u00ebr n\u00eb lexim t\u00eb dyt\u00eb projektbuxhetin p\u00ebr vitin 2026. Buxheti mes dy leximeve gjat\u00eb k\u00ebsaj jave \u00ebsht\u00eb shqyrtuar edhe n\u00eb komisione parlamentare. Jav\u00ebn e kaluar Kuvendi miratoi buxhetin n\u00eb lexim t\u00eb par\u00eb, i cili ka vler\u00eb rreth 4 milard\u00eb euro.<\/p>\n","protected":false},"excerpt":{"rendered":"<p>Prishtin\u00eb, 19 shkurt 2026 11:38 Deputet\u00ebt e Kuvendit t\u00eb Kosov\u00ebs do t\u00eb mblidhen t\u00eb premten n\u00eb nj\u00eb seanc\u00eb t\u00eb jasht\u00ebzakonshme. KosovaPress merr vesh se t\u00eb<\/p>\n","protected":false},"author":7,"featured_media":33490,"comment_status":"open","ping_status":"open","sticky":false,"template":"","format":"standard","meta":{"footnotes":""},"categories":[58],"tags":[],"class_list":["post-33487","post","type-post","status-publish","format-standard","has-post-thumbnail","hentry","category-politike-sq"],"yoast_head":"<!-- This site is optimized with the Yoast SEO plugin v25.3.1 - https:\/\/yoast.com\/wordpress\/plugins\/seo\/ -->\n<title>Kuvendi mblidhet nes\u00ebr p\u00ebr buxhetin -<\/title>\n<meta name=\"robots\" content=\"index, follow, max-snippet:-1, max-image-preview:large, max-video-preview:-1\" \/>\n<link rel=\"canonical\" href=\"https:\/\/veritasinfo.org\/?p=33487\" \/>\n<meta property=\"og:locale\" content=\"en_US\" \/>\n<meta property=\"og:type\" content=\"article\" \/>\n<meta property=\"og:title\" content=\"Kuvendi mblidhet nes\u00ebr p\u00ebr buxhetin -\" \/>\n<meta property=\"og:description\" content=\"Prishtin\u00eb, 19 shkurt 2026 11:38 Deputet\u00ebt e Kuvendit t\u00eb Kosov\u00ebs do t\u00eb mblidhen t\u00eb premten n\u00eb nj\u00eb seanc\u00eb t\u00eb jasht\u00ebzakonshme. KosovaPress merr vesh se t\u00eb\" \/>\n<meta property=\"og:url\" content=\"https:\/\/veritasinfo.org\/?p=33487\" \/>\n<meta property=\"article:published_time\" content=\"2026-02-19T10:38:27+00:00\" \/>\n<meta property=\"og:image\" content=\"https:\/\/veritasinfo.org\/wp-content\/uploads\/2026\/02\/704659_KuvendiiKosoves-4.webp\" \/>\n\t<meta property=\"og:image:width\" content=\"900\" \/>\n\t<meta property=\"og:image:height\" content=\"508\" \/>\n\t<meta property=\"og:image:type\" content=\"image\/webp\" \/>\n<meta name=\"author\" content=\"US6\" \/>\n<meta name=\"twitter:card\" content=\"summary_large_image\" \/>\n<meta name=\"twitter:label1\" content=\"Written by\" \/>\n\t<meta name=\"twitter:data1\" content=\"US6\" \/>\n\t<meta name=\"twitter:label2\" content=\"Est. reading time\" \/>\n\t<meta name=\"twitter:data2\" content=\"1 minute\" \/>\n<script type=\"application\/ld+json\" class=\"yoast-schema-graph\">{\"@context\":\"https:\/\/schema.org\",\"@graph\":[{\"@type\":\"WebPage\",\"@id\":\"https:\/\/veritasinfo.org\/?p=33487\",\"url\":\"https:\/\/veritasinfo.org\/?p=33487\",\"name\":\"Kuvendi mblidhet nes\u00ebr p\u00ebr buxhetin -\",\"isPartOf\":{\"@id\":\"https:\/\/veritasinfo.org\/#website\"},\"primaryImageOfPage\":{\"@id\":\"https:\/\/veritasinfo.org\/?p=33487#primaryimage\"},\"image\":{\"@id\":\"https:\/\/veritasinfo.org\/?p=33487#primaryimage\"},\"thumbnailUrl\":\"https:\/\/veritasinfo.org\/wp-content\/uploads\/2026\/02\/704659_KuvendiiKosoves-4.webp\",\"datePublished\":\"2026-02-19T10:38:27+00:00\",\"author\":{\"@id\":\"https:\/\/veritasinfo.org\/#\/schema\/person\/fe199eede04c3937362892b7444747cc\"},\"breadcrumb\":{\"@id\":\"https:\/\/veritasinfo.org\/?p=33487#breadcrumb\"},\"inLanguage\":\"en-US\",\"potentialAction\":[{\"@type\":\"ReadAction\",\"target\":[\"https:\/\/veritasinfo.org\/?p=33487\"]}]},{\"@type\":\"ImageObject\",\"inLanguage\":\"en-US\",\"@id\":\"https:\/\/veritasinfo.org\/?p=33487#primaryimage\",\"url\":\"https:\/\/veritasinfo.org\/wp-content\/uploads\/2026\/02\/704659_KuvendiiKosoves-4.webp\",\"contentUrl\":\"https:\/\/veritasinfo.org\/wp-content\/uploads\/2026\/02\/704659_KuvendiiKosoves-4.webp\",\"width\":900,\"height\":508},{\"@type\":\"BreadcrumbList\",\"@id\":\"https:\/\/veritasinfo.org\/?p=33487#breadcrumb\",\"itemListElement\":[{\"@type\":\"ListItem\",\"position\":1,\"name\":\"Home\",\"item\":\"https:\/\/veritasinfo.org\/\"},{\"@type\":\"ListItem\",\"position\":2,\"name\":\"Kuvendi mblidhet nes\u00ebr p\u00ebr buxhetin\"}]},{\"@type\":\"WebSite\",\"@id\":\"https:\/\/veritasinfo.org\/#website\",\"url\":\"https:\/\/veritasinfo.org\/\",\"name\":\"\",\"description\":\"\",\"potentialAction\":[{\"@type\":\"SearchAction\",\"target\":{\"@type\":\"EntryPoint\",\"urlTemplate\":\"https:\/\/veritasinfo.org\/?s={search_term_string}\"},\"query-input\":{\"@type\":\"PropertyValueSpecification\",\"valueRequired\":true,\"valueName\":\"search_term_string\"}}],\"inLanguage\":\"en-US\"},{\"@type\":\"Person\",\"@id\":\"https:\/\/veritasinfo.org\/#\/schema\/person\/fe199eede04c3937362892b7444747cc\",\"name\":\"US6\",\"image\":{\"@type\":\"ImageObject\",\"inLanguage\":\"en-US\",\"@id\":\"https:\/\/veritasinfo.org\/#\/schema\/person\/image\/\",\"url\":\"https:\/\/secure.gravatar.com\/avatar\/cb16c3c31c9d23b9b8c705964598220b3014e42ff51eb540ff23cefa3ae8c15f?s=96&d=mm&r=g\",\"contentUrl\":\"https:\/\/secure.gravatar.com\/avatar\/cb16c3c31c9d23b9b8c705964598220b3014e42ff51eb540ff23cefa3ae8c15f?s=96&d=mm&r=g\",\"caption\":\"US6\"},\"url\":\"https:\/\/veritasinfo.org\/?author=7\"}]}<\/script>\n<!-- \/ Yoast SEO plugin. -->","yoast_head_json":{"title":"Kuvendi mblidhet nes\u00ebr p\u00ebr buxhetin -","robots":{"index":"index","follow":"follow","max-snippet":"max-snippet:-1","max-image-preview":"max-image-preview:large","max-video-preview":"max-video-preview:-1"},"canonical":"https:\/\/veritasinfo.org\/?p=33487","og_locale":"en_US","og_type":"article","og_title":"Kuvendi mblidhet nes\u00ebr p\u00ebr buxhetin -","og_description":"Prishtin\u00eb, 19 shkurt 2026 11:38 Deputet\u00ebt e Kuvendit t\u00eb Kosov\u00ebs do t\u00eb mblidhen t\u00eb premten n\u00eb nj\u00eb seanc\u00eb t\u00eb jasht\u00ebzakonshme. KosovaPress merr vesh se t\u00eb","og_url":"https:\/\/veritasinfo.org\/?p=33487","article_published_time":"2026-02-19T10:38:27+00:00","og_image":[{"width":900,"height":508,"url":"https:\/\/veritasinfo.org\/wp-content\/uploads\/2026\/02\/704659_KuvendiiKosoves-4.webp","type":"image\/webp"}],"author":"US6","twitter_card":"summary_large_image","twitter_misc":{"Written by":"US6","Est. reading time":"1 minute"},"schema":{"@context":"https:\/\/schema.org","@graph":[{"@type":"WebPage","@id":"https:\/\/veritasinfo.org\/?p=33487","url":"https:\/\/veritasinfo.org\/?p=33487","name":"Kuvendi mblidhet nes\u00ebr p\u00ebr buxhetin -","isPartOf":{"@id":"https:\/\/veritasinfo.org\/#website"},"primaryImageOfPage":{"@id":"https:\/\/veritasinfo.org\/?p=33487#primaryimage"},"image":{"@id":"https:\/\/veritasinfo.org\/?p=33487#primaryimage"},"thumbnailUrl":"https:\/\/veritasinfo.org\/wp-content\/uploads\/2026\/02\/704659_KuvendiiKosoves-4.webp","datePublished":"2026-02-19T10:38:27+00:00","author":{"@id":"https:\/\/veritasinfo.org\/#\/schema\/person\/fe199eede04c3937362892b7444747cc"},"breadcrumb":{"@id":"https:\/\/veritasinfo.org\/?p=33487#breadcrumb"},"inLanguage":"en-US","potentialAction":[{"@type":"ReadAction","target":["https:\/\/veritasinfo.org\/?p=33487"]}]},{"@type":"ImageObject","inLanguage":"en-US","@id":"https:\/\/veritasinfo.org\/?p=33487#primaryimage","url":"https:\/\/veritasinfo.org\/wp-content\/uploads\/2026\/02\/704659_KuvendiiKosoves-4.webp","contentUrl":"https:\/\/veritasinfo.org\/wp-content\/uploads\/2026\/02\/704659_KuvendiiKosoves-4.webp","width":900,"height":508},{"@type":"BreadcrumbList","@id":"https:\/\/veritasinfo.org\/?p=33487#breadcrumb","itemListElement":[{"@type":"ListItem","position":1,"name":"Home","item":"https:\/\/veritasinfo.org\/"},{"@type":"ListItem","position":2,"name":"Kuvendi mblidhet nes\u00ebr p\u00ebr buxhetin"}]},{"@type":"WebSite","@id":"https:\/\/veritasinfo.org\/#website","url":"https:\/\/veritasinfo.org\/","name":"","description":"","potentialAction":[{"@type":"SearchAction","target":{"@type":"EntryPoint","urlTemplate":"https:\/\/veritasinfo.org\/?s={search_term_string}"},"query-input":{"@type":"PropertyValueSpecification","valueRequired":true,"valueName":"search_term_string"}}],"inLanguage":"en-US"},{"@type":"Person","@id":"https:\/\/veritasinfo.org\/#\/schema\/person\/fe199eede04c3937362892b7444747cc","name":"US6","image":{"@type":"ImageObject","inLanguage":"en-US","@id":"https:\/\/veritasinfo.org\/#\/schema\/person\/image\/","url":"https:\/\/secure.gravatar.com\/avatar\/cb16c3c31c9d23b9b8c705964598220b3014e42ff51eb540ff23cefa3ae8c15f?s=96&d=mm&r=g","contentUrl":"https:\/\/secure.gravatar.com\/avatar\/cb16c3c31c9d23b9b8c705964598220b3014e42ff51eb540ff23cefa3ae8c15f?s=96&d=mm&r=g","caption":"US6"},"url":"https:\/\/veritasinfo.org\/?author=7"}]}},"featured_image_urls":{"full":["https:\/\/veritasinfo.org\/wp-content\/uploads\/2026\/02\/704659_KuvendiiKosoves-4.webp",900,508,false],"thumbnail":["https:\/\/veritasinfo.org\/wp-content\/uploads\/2026\/02\/704659_KuvendiiKosoves-4-150x150.webp",150,150,true],"medium":["https:\/\/veritasinfo.org\/wp-content\/uploads\/2026\/02\/704659_KuvendiiKosoves-4-300x169.webp",300,169,true],"medium_large":["https:\/\/veritasinfo.org\/wp-content\/uploads\/2026\/02\/704659_KuvendiiKosoves-4-768x433.webp",640,361,true],"large":["https:\/\/veritasinfo.org\/wp-content\/uploads\/2026\/02\/704659_KuvendiiKosoves-4.webp",640,361,false],"1536x1536":["https:\/\/veritasinfo.org\/wp-content\/uploads\/2026\/02\/704659_KuvendiiKosoves-4.webp",900,508,false],"2048x2048":["https:\/\/veritasinfo.org\/wp-content\/uploads\/2026\/02\/704659_KuvendiiKosoves-4.webp",900,508,false],"kreeti-slider-full":["https:\/\/veritasinfo.org\/wp-content\/uploads\/2026\/02\/704659_KuvendiiKosoves-4.webp",900,508,false],"kreeti-featured":["https:\/\/veritasinfo.org\/wp-content\/uploads\/2026\/02\/704659_KuvendiiKosoves-4.webp",900,508,false],"kreeti-medium":["https:\/\/veritasinfo.org\/wp-content\/uploads\/2026\/02\/704659_KuvendiiKosoves-4.webp",720,406,false],"kreeti-medium-square":["https:\/\/veritasinfo.org\/wp-content\/uploads\/2026\/02\/704659_KuvendiiKosoves-4.webp",350,198,false]},"author_info":{"info":["US6"]},"category_info":"<a href=\"https:\/\/veritasinfo.org\/?cat=58\" rel=\"category\">Politik\u00eb<\/a>","tag_info":"Politik\u00eb","comment_count":"0","_links":{"self":[{"href":"https:\/\/veritasinfo.org\/index.php?rest_route=\/wp\/v2\/posts\/33487","targetHints":{"allow":["GET"]}}],"collection":[{"href":"https:\/\/veritasinfo.org\/index.php?rest_route=\/wp\/v2\/posts"}],"about":[{"href":"https:\/\/veritasinfo.org\/index.php?rest_route=\/wp\/v2\/types\/post"}],"author":[{"embeddable":true,"href":"https:\/\/veritasinfo.org\/index.php?rest_route=\/wp\/v2\/users\/7"}],"replies":[{"embeddable":true,"href":"https:\/\/veritasinfo.org\/index.php?rest_route=%2Fwp%2Fv2%2Fcomments&post=33487"}],"version-history":[{"count":1,"href":"https:\/\/veritasinfo.org\/index.php?rest_route=\/wp\/v2\/posts\/33487\/revisions"}],"predecessor-version":[{"id":33491,"href":"https:\/\/veritasinfo.org\/index.php?rest_route=\/wp\/v2\/posts\/33487\/revisions\/33491"}],"wp:featuredmedia":[{"embeddable":true,"href":"https:\/\/veritasinfo.org\/index.php?rest_route=\/wp\/v2\/media\/33490"}],"wp:attachment":[{"href":"https:\/\/veritasinfo.org\/index.php?rest_route=%2Fwp%2Fv2%2Fmedia&parent=33487"}],"wp:term":[{"taxonomy":"category","embeddable":true,"href":"https:\/\/veritasinfo.org\/index.php?rest_route=%2Fwp%2Fv2%2Fcategories&post=33487"},{"taxonomy":"post_tag","embeddable":true,"href":"https:\/\/veritasinfo.org\/index.php?rest_route=%2Fwp%2Fv2%2Ftags&post=33487"}],"curies":[{"name":"wp","href":"https:\/\/api.w.org\/{rel}","templated":true}]}}