{"id":33480,"date":"2026-02-19T10:58:21","date_gmt":"2026-02-19T09:58:21","guid":{"rendered":"https:\/\/veritasinfo.org\/?p=33480"},"modified":"2026-02-19T10:58:21","modified_gmt":"2026-02-19T09:58:21","slug":"matiq-ambasadoret-e-be-se-ne-serbi-jane-te-tronditur-nga-ajo-qe-po-u-ndodh-gazetareve","status":"publish","type":"post","link":"https:\/\/veritasinfo.org\/?p=33480","title":{"rendered":"Matiq: Ambasador\u00ebt e BE-s\u00eb n\u00eb Serbi jan\u00eb t\u00eb tronditur nga ajo q\u00eb po u ndodh gazetar\u00ebve"},"content":{"rendered":"<p>Prishtin\u00eb 19 Shkurt 2026 10:56<\/p>\n<p>Kryetari i Bordit Drejtues t\u00eb Shoqat\u00ebs s\u00eb Medias Elektronike t\u00eb Pavarur (ANEM), Veran Matiq, tha mbr\u00ebmjen e s\u00eb m\u00ebrkur\u00ebs se m\u00eb shum\u00eb se 20 diplomat\u00eb nga vendet e BE-s\u00eb jan\u00eb \u201ct\u00eb tronditur nga ajo q\u00eb po u ndodh gazetar\u00ebve dhe medias n\u00eb Serbi\u201d dhe se kjo po p\u00ebrkeq\u00ebsohet.<\/p>\n<p>Ai, si\u00e7 \u00ebsht\u00eb shkruar n\u00eb faqen e internetit t\u00eb ANEM-it, tha se kjo ishte \u201cp\u00ebrshtypja e p\u00ebrgjithshme\u201d nga takimi me ta dhe se diplomat\u00ebt ishin t\u00eb tronditur dhe \u201cderi n\u00eb \u00e7far\u00eb mase situata n\u00eb k\u00ebt\u00eb fush\u00eb po p\u00ebrkeq\u00ebsohet n\u00eb m\u00ebnyr\u00eb dramatike dita-dit\u00ebs, ora-or\u00ebs\u201d, raporton Danas.<\/p>\n<p>Matiq tha se u tregoi atyre \u201cnj\u00eb list\u00eb p\u00ebr eliminim\u2019 prej 45 gazetar\u00ebsh, analist\u00ebsh, profesor\u00ebsh dhe avokat\u00ebsh, t\u00eb cil\u00ebt, sipas njoftimit t\u00eb tyre, Qendra p\u00ebr Stabilitet Social do tu \u2018vizatoj\u00eb sh\u00ebnjestra n\u00eb ball\u00eb, n\u00eb video pamfletet e ardhshme plot me g\u00ebnjeshtra dhe shpifje\u201d.<\/p>\n<p>Ai p\u00ebrs\u00ebriti, se k\u00ebta gazetar\u00eb tashm\u00eb jan\u00eb t\u00eb ekspozuar ndaj lin\u00e7imit, se jetojn\u00eb dhe punojn\u00eb me k\u00ebrc\u00ebnime dhe sulme fizike q\u00eb nuk hetohen.<\/p>\n<p>Ai p\u00ebrs\u00ebriti se \u201cka nj\u00eb rritje t\u00eb papar\u00eb t\u00eb numrit t\u00eb \u00e7\u00ebshtjeve t\u00eb hapura n\u00eb prokurori dhe nj\u00eb r\u00ebnie t\u00eb papar\u00eb t\u00eb numrit t\u00eb \u00e7\u00ebshtjeve t\u00eb zgjidhura\u201d.<\/p>\n<p>\u201cMe fjal\u00eb t\u00eb tjera, kemi pothuajse nj\u00eb pand\u00ebshkueshm\u00ebri t\u00eb plot\u00eb me vet\u00ebdijen e kryesve se do t\u00eb amnistohen nga presidenti n\u00ebse rast\u00ebsisht nd\u00ebshkohen\u201d, tha Matiq.<\/p>\n<p>Ai tha se i paralajm\u00ebroi diplomat\u00ebt se jeta e disa gazetar\u00ebve\u201d t\u00eb cil\u00ebt \u00e7do dit\u00eb zbulojn\u00eb korrupsionin dhe krimin e pabesuesh\u00ebm dhe profesionalisht merren me gazetarin\u00eb hetimore, jan\u00eb n\u00eb rrezik t\u00eb v\u00ebrtet\u00eb p\u00ebr jet\u00ebn\u201c.<\/p>\n<p>Sipas tij, ai u tha atyre se nuk kishte askush p\u00ebr t\u2019i mbrojtur ata, p\u00ebrve\u00e7 solidaritetit t\u00eb nd\u00ebrsjell\u00eb gazetaresk.<\/p>\n<p>Ai gjithashtu raportoi se, kur u pyet nga diplomat\u00ebt n\u00ebse iu drejtuan policis\u00eb p\u00ebr mbrojtje, ai tha se policia s\u00eb pari ndaloi s\u2019iu p\u00ebrgjigjuri k\u00ebrkesave t\u00eb prokuror\u00ebve p\u00ebr t\u00eb mbledhur informacion dhe nuk po kryente hetime efektive.<\/p>\n<p>Matiq gjithashtu deklaroi se u tha diplomat\u00ebve se policia \u201cnuk i mbrojti kurr\u00eb gazetar\u00ebt e sulmuar edhe pse ishin t\u00eb pranish\u00ebm\u201d dhe se ata \u201cfilluan t\u2019i rrihnin vet\u00eb gazetar\u00ebt\u201d.<\/p>\n<p>Ai deklaroi se u tha diplomat\u00ebve se me list\u00ebn e 45 objektivave t\u00eb rinj, ata duhet t\u2019u tregojn\u00eb autoriteteve se k\u00ebta gazetar\u00eb t\u00eb vler\u00ebsuar dhe profesionist\u00eb jan\u00eb n\u00ebn mbrojtjen e tyre.Matiq tha se, pas transmetimit t\u00eb \u201cfilmit dokumentar t\u00eb rrem\u00eb \u201cEpoka e Keqe 2\u2032\u201d, n\u00eb t\u00eb cilin ai \u00ebsht\u00eb \u201cpersonazhi kryesor q\u00eb \u00ebsht\u00eb fajtor p\u00ebr t\u00eb gjitha t\u00eb k\u00ebqijat ndaj popullit serb, agjent i huaj, spiun, tradhtar, hajdut\u2026\u201d, e ka telefonuar kreu i Delegacionit t\u00eb BE n\u00eb Serbi, Andreas fon Bekerat.<\/p>\n<p>Ai raportoi se e pyeti se si ndihej dhe \u00e7far\u00eb mendonte p\u00ebr sulmin e fundit t\u00eb sinkronizuar me televizionet Prva, B92, Informer dhe Dokumetarna dhe se si mund t\u00eb ndihmonte.<\/p>\n<p>Matiq tha gjithashtu se i k\u00ebrkoi ambasadorit t\u00eb BE-s\u00eb t\u00eb organizonte nj\u00eb takim ku do t\u00eb ftonte ambasador\u00ebt e shteteve an\u00ebtare dhe koleg\u00eb t\u00eb tjer\u00eb q\u00eb jan\u00eb t\u00eb interesuar t\u00eb takohen me p\u00ebrfaq\u00ebsues t\u00eb shoqatave dhe organizatave t\u00eb gazetar\u00ebve dhe mediave.<\/p>\n<p>K\u00ebrkesa rezultoi n\u00eb nj\u00eb takim t\u00eb mbajtur n\u00eb Delegacionin e BE-s\u00eb m\u00eb 12 shkurt, n\u00eb t\u00eb cilin p\u00ebrfaq\u00ebsues t\u00eb NUNS, UNS, ANEM, Shoqat\u00ebs s\u00eb Medias, Shtypit Lokal dhe Fondacionit Sllavko Quruvija u takuan me m\u00eb shum\u00eb se nj\u00ebzet ambasador\u00eb dhe z\u00ebvend\u00ebsambasador\u00eb, tha ai.<\/p>\n<p>Matiq raportoi se, kur u pyet nga diplomat\u00ebt se cilat ishin kund\u00ebrshtimet m\u00eb t\u00eb m\u00ebdha p\u00ebr p\u00ebrmbajtjen e kuazi-filmit p\u00ebr t\u00eb, ai deklaroi se ishte akuzuar se punonte p\u00ebr interesat amerikane, se ishte spiun britanik, se punonte p\u00ebr interesat gjermane\u2026<\/p>\n<p>\u201cGjithashtu thash\u00eb se nj\u00eb nga motivet kryesore p\u00ebr sulmin ndaj meje \u00ebsht\u00eb fakti se un\u00eb mbroj gazetar\u00ebt dhe median \u00e7do dit\u00eb t\u00eb cil\u00ebt sulmohen rregullisht dhe se ne mbrojt\u00ebsit jemi ve\u00e7an\u00ebrisht n\u00ebn sulm\u201d, tha Matiq.<\/p>\n<p>Ai gjithashtu theksoi r\u00ebnd\u00ebsin\u00eb e mb\u00ebshtetjes s\u00eb programit Gazetar\u00ebt e Sigurt dhe linj\u00ebs SOS p\u00ebr raportimin e k\u00ebrc\u00ebnimeve dhe mb\u00ebshtetjen e gazetar\u00ebve, t\u00eb cil\u00ebt mb\u00ebshteten nga Delegacioni i BE-s\u00eb dhe Misioni i OSBE-s\u00eb n\u00eb Serbi.<\/p>\n<p>Ai tha se u p\u00ebrcolli diplomat\u00ebve se \u201cshteti ka shkat\u00ebrruar t\u00eb gjitha urat midis komunitetit mediatik dhe organizatave t\u00eb shoq\u00ebris\u00eb civile\u201d dhe se, si\u00e7 theksoi ai, \u201cnuk mund t\u00eb ndryshojm\u00eb asgj\u00eb n\u00ebse qeveria nuk d\u00ebshiron nj\u00eb kthim n\u00eb rrjedhat normale t\u00eb komunikimit\u201d.<\/p>\n<p>\u201cPresidenti (Aleksandar Vu\u00e7iq) shkat\u00ebrroi rendin kushtetues me amnisti t\u00eb paligjshme dhe duke penguar zgjedhjen ligjore t\u00eb an\u00ebtar\u00ebve t\u00eb K\u00ebshillit REM, gj\u00eb q\u00eb ai vet\u00eb e pranoi\u201d, tha Matiq.<\/p>\n<p>N\u00eb fund, si\u00e7 raportoi ai, ai tha se gazetar\u00ebt nuk do t\u00eb dor\u00ebzohen dhe se k\u00ebto sulme jan\u00eb nj\u00eb nxitje p\u00ebr rezistenc\u00eb dhe p\u00ebr nj\u00eb gazetari profesionale edhe m\u00eb t\u00eb fuqishme.<\/p>\n","protected":false},"excerpt":{"rendered":"<p>Prishtin\u00eb 19 Shkurt 2026 10:56 Kryetari i Bordit Drejtues t\u00eb Shoqat\u00ebs s\u00eb Medias Elektronike t\u00eb Pavarur (ANEM), Veran Matiq, tha mbr\u00ebmjen e s\u00eb m\u00ebrkur\u00ebs se<\/p>\n","protected":false},"author":6,"featured_media":33481,"comment_status":"open","ping_status":"open","sticky":false,"template":"","format":"standard","meta":{"footnotes":""},"categories":[60],"tags":[],"class_list":["post-33480","post","type-post","status-publish","format-standard","has-post-thumbnail","hentry","category-shoqerore-sq"],"yoast_head":"<!-- This site is optimized with the Yoast SEO plugin v25.3.1 - https:\/\/yoast.com\/wordpress\/plugins\/seo\/ -->\n<title>Matiq: Ambasador\u00ebt e BE-s\u00eb n\u00eb Serbi jan\u00eb t\u00eb tronditur nga ajo q\u00eb po u ndodh gazetar\u00ebve -<\/title>\n<meta name=\"robots\" content=\"index, follow, max-snippet:-1, max-image-preview:large, max-video-preview:-1\" \/>\n<link rel=\"canonical\" href=\"https:\/\/veritasinfo.org\/?p=33480\" \/>\n<meta property=\"og:locale\" content=\"en_US\" \/>\n<meta property=\"og:type\" content=\"article\" \/>\n<meta property=\"og:title\" content=\"Matiq: Ambasador\u00ebt e BE-s\u00eb n\u00eb Serbi jan\u00eb t\u00eb tronditur nga ajo q\u00eb po u ndodh gazetar\u00ebve -\" \/>\n<meta property=\"og:description\" content=\"Prishtin\u00eb 19 Shkurt 2026 10:56 Kryetari i Bordit Drejtues t\u00eb Shoqat\u00ebs s\u00eb Medias Elektronike t\u00eb Pavarur (ANEM), Veran Matiq, tha mbr\u00ebmjen e s\u00eb m\u00ebrkur\u00ebs se\" \/>\n<meta property=\"og:url\" content=\"https:\/\/veritasinfo.org\/?p=33480\" \/>\n<meta property=\"article:published_time\" content=\"2026-02-19T09:58:21+00:00\" \/>\n<meta property=\"og:image\" content=\"https:\/\/veritasinfo.org\/wp-content\/uploads\/2026\/02\/gazetaret-mediat-2-1-600x360-1.jpg\" \/>\n\t<meta property=\"og:image:width\" content=\"600\" \/>\n\t<meta property=\"og:image:height\" content=\"360\" \/>\n\t<meta property=\"og:image:type\" content=\"image\/jpeg\" \/>\n<meta name=\"author\" content=\"US5\" \/>\n<meta name=\"twitter:card\" content=\"summary_large_image\" \/>\n<meta name=\"twitter:label1\" content=\"Written by\" \/>\n\t<meta name=\"twitter:data1\" content=\"US5\" \/>\n\t<meta name=\"twitter:label2\" content=\"Est. reading time\" \/>\n\t<meta name=\"twitter:data2\" content=\"1 minute\" \/>\n<script type=\"application\/ld+json\" class=\"yoast-schema-graph\">{\"@context\":\"https:\/\/schema.org\",\"@graph\":[{\"@type\":\"WebPage\",\"@id\":\"https:\/\/veritasinfo.org\/?p=33480\",\"url\":\"https:\/\/veritasinfo.org\/?p=33480\",\"name\":\"Matiq: Ambasador\u00ebt e BE-s\u00eb n\u00eb Serbi jan\u00eb t\u00eb tronditur nga ajo q\u00eb po u ndodh gazetar\u00ebve -\",\"isPartOf\":{\"@id\":\"https:\/\/veritasinfo.org\/#website\"},\"primaryImageOfPage\":{\"@id\":\"https:\/\/veritasinfo.org\/?p=33480#primaryimage\"},\"image\":{\"@id\":\"https:\/\/veritasinfo.org\/?p=33480#primaryimage\"},\"thumbnailUrl\":\"https:\/\/veritasinfo.org\/wp-content\/uploads\/2026\/02\/gazetaret-mediat-2-1-600x360-1.jpg\",\"datePublished\":\"2026-02-19T09:58:21+00:00\",\"author\":{\"@id\":\"https:\/\/veritasinfo.org\/#\/schema\/person\/bc442336e35414d04494ab8fb45db4c6\"},\"breadcrumb\":{\"@id\":\"https:\/\/veritasinfo.org\/?p=33480#breadcrumb\"},\"inLanguage\":\"en-US\",\"potentialAction\":[{\"@type\":\"ReadAction\",\"target\":[\"https:\/\/veritasinfo.org\/?p=33480\"]}]},{\"@type\":\"ImageObject\",\"inLanguage\":\"en-US\",\"@id\":\"https:\/\/veritasinfo.org\/?p=33480#primaryimage\",\"url\":\"https:\/\/veritasinfo.org\/wp-content\/uploads\/2026\/02\/gazetaret-mediat-2-1-600x360-1.jpg\",\"contentUrl\":\"https:\/\/veritasinfo.org\/wp-content\/uploads\/2026\/02\/gazetaret-mediat-2-1-600x360-1.jpg\",\"width\":600,\"height\":360,\"caption\":\"TV cameras in raw\"},{\"@type\":\"BreadcrumbList\",\"@id\":\"https:\/\/veritasinfo.org\/?p=33480#breadcrumb\",\"itemListElement\":[{\"@type\":\"ListItem\",\"position\":1,\"name\":\"Home\",\"item\":\"https:\/\/veritasinfo.org\/\"},{\"@type\":\"ListItem\",\"position\":2,\"name\":\"Matiq: Ambasador\u00ebt e BE-s\u00eb n\u00eb Serbi jan\u00eb t\u00eb tronditur nga ajo q\u00eb po u ndodh gazetar\u00ebve\"}]},{\"@type\":\"WebSite\",\"@id\":\"https:\/\/veritasinfo.org\/#website\",\"url\":\"https:\/\/veritasinfo.org\/\",\"name\":\"\",\"description\":\"\",\"potentialAction\":[{\"@type\":\"SearchAction\",\"target\":{\"@type\":\"EntryPoint\",\"urlTemplate\":\"https:\/\/veritasinfo.org\/?s={search_term_string}\"},\"query-input\":{\"@type\":\"PropertyValueSpecification\",\"valueRequired\":true,\"valueName\":\"search_term_string\"}}],\"inLanguage\":\"en-US\"},{\"@type\":\"Person\",\"@id\":\"https:\/\/veritasinfo.org\/#\/schema\/person\/bc442336e35414d04494ab8fb45db4c6\",\"name\":\"US5\",\"image\":{\"@type\":\"ImageObject\",\"inLanguage\":\"en-US\",\"@id\":\"https:\/\/veritasinfo.org\/#\/schema\/person\/image\/\",\"url\":\"https:\/\/secure.gravatar.com\/avatar\/16a61e7272a0c5d001121ebb9e60e925d5816e4ac1e443ed3e640d9a6ae55d0c?s=96&d=mm&r=g\",\"contentUrl\":\"https:\/\/secure.gravatar.com\/avatar\/16a61e7272a0c5d001121ebb9e60e925d5816e4ac1e443ed3e640d9a6ae55d0c?s=96&d=mm&r=g\",\"caption\":\"US5\"},\"url\":\"https:\/\/veritasinfo.org\/?author=6\"}]}<\/script>\n<!-- \/ Yoast SEO plugin. -->","yoast_head_json":{"title":"Matiq: Ambasador\u00ebt e BE-s\u00eb n\u00eb Serbi jan\u00eb t\u00eb tronditur nga ajo q\u00eb po u ndodh gazetar\u00ebve -","robots":{"index":"index","follow":"follow","max-snippet":"max-snippet:-1","max-image-preview":"max-image-preview:large","max-video-preview":"max-video-preview:-1"},"canonical":"https:\/\/veritasinfo.org\/?p=33480","og_locale":"en_US","og_type":"article","og_title":"Matiq: Ambasador\u00ebt e BE-s\u00eb n\u00eb Serbi jan\u00eb t\u00eb tronditur nga ajo q\u00eb po u ndodh gazetar\u00ebve -","og_description":"Prishtin\u00eb 19 Shkurt 2026 10:56 Kryetari i Bordit Drejtues t\u00eb Shoqat\u00ebs s\u00eb Medias Elektronike t\u00eb Pavarur (ANEM), Veran Matiq, tha mbr\u00ebmjen e s\u00eb m\u00ebrkur\u00ebs se","og_url":"https:\/\/veritasinfo.org\/?p=33480","article_published_time":"2026-02-19T09:58:21+00:00","og_image":[{"width":600,"height":360,"url":"https:\/\/veritasinfo.org\/wp-content\/uploads\/2026\/02\/gazetaret-mediat-2-1-600x360-1.jpg","type":"image\/jpeg"}],"author":"US5","twitter_card":"summary_large_image","twitter_misc":{"Written by":"US5","Est. reading time":"1 minute"},"schema":{"@context":"https:\/\/schema.org","@graph":[{"@type":"WebPage","@id":"https:\/\/veritasinfo.org\/?p=33480","url":"https:\/\/veritasinfo.org\/?p=33480","name":"Matiq: Ambasador\u00ebt e BE-s\u00eb n\u00eb Serbi jan\u00eb t\u00eb tronditur nga ajo q\u00eb po u ndodh gazetar\u00ebve -","isPartOf":{"@id":"https:\/\/veritasinfo.org\/#website"},"primaryImageOfPage":{"@id":"https:\/\/veritasinfo.org\/?p=33480#primaryimage"},"image":{"@id":"https:\/\/veritasinfo.org\/?p=33480#primaryimage"},"thumbnailUrl":"https:\/\/veritasinfo.org\/wp-content\/uploads\/2026\/02\/gazetaret-mediat-2-1-600x360-1.jpg","datePublished":"2026-02-19T09:58:21+00:00","author":{"@id":"https:\/\/veritasinfo.org\/#\/schema\/person\/bc442336e35414d04494ab8fb45db4c6"},"breadcrumb":{"@id":"https:\/\/veritasinfo.org\/?p=33480#breadcrumb"},"inLanguage":"en-US","potentialAction":[{"@type":"ReadAction","target":["https:\/\/veritasinfo.org\/?p=33480"]}]},{"@type":"ImageObject","inLanguage":"en-US","@id":"https:\/\/veritasinfo.org\/?p=33480#primaryimage","url":"https:\/\/veritasinfo.org\/wp-content\/uploads\/2026\/02\/gazetaret-mediat-2-1-600x360-1.jpg","contentUrl":"https:\/\/veritasinfo.org\/wp-content\/uploads\/2026\/02\/gazetaret-mediat-2-1-600x360-1.jpg","width":600,"height":360,"caption":"TV cameras in raw"},{"@type":"BreadcrumbList","@id":"https:\/\/veritasinfo.org\/?p=33480#breadcrumb","itemListElement":[{"@type":"ListItem","position":1,"name":"Home","item":"https:\/\/veritasinfo.org\/"},{"@type":"ListItem","position":2,"name":"Matiq: Ambasador\u00ebt e BE-s\u00eb n\u00eb Serbi jan\u00eb t\u00eb tronditur nga ajo q\u00eb po u ndodh gazetar\u00ebve"}]},{"@type":"WebSite","@id":"https:\/\/veritasinfo.org\/#website","url":"https:\/\/veritasinfo.org\/","name":"","description":"","potentialAction":[{"@type":"SearchAction","target":{"@type":"EntryPoint","urlTemplate":"https:\/\/veritasinfo.org\/?s={search_term_string}"},"query-input":{"@type":"PropertyValueSpecification","valueRequired":true,"valueName":"search_term_string"}}],"inLanguage":"en-US"},{"@type":"Person","@id":"https:\/\/veritasinfo.org\/#\/schema\/person\/bc442336e35414d04494ab8fb45db4c6","name":"US5","image":{"@type":"ImageObject","inLanguage":"en-US","@id":"https:\/\/veritasinfo.org\/#\/schema\/person\/image\/","url":"https:\/\/secure.gravatar.com\/avatar\/16a61e7272a0c5d001121ebb9e60e925d5816e4ac1e443ed3e640d9a6ae55d0c?s=96&d=mm&r=g","contentUrl":"https:\/\/secure.gravatar.com\/avatar\/16a61e7272a0c5d001121ebb9e60e925d5816e4ac1e443ed3e640d9a6ae55d0c?s=96&d=mm&r=g","caption":"US5"},"url":"https:\/\/veritasinfo.org\/?author=6"}]}},"featured_image_urls":{"full":["https:\/\/veritasinfo.org\/wp-content\/uploads\/2026\/02\/gazetaret-mediat-2-1-600x360-1.jpg",600,360,false],"thumbnail":["https:\/\/veritasinfo.org\/wp-content\/uploads\/2026\/02\/gazetaret-mediat-2-1-600x360-1-150x150.jpg",150,150,true],"medium":["https:\/\/veritasinfo.org\/wp-content\/uploads\/2026\/02\/gazetaret-mediat-2-1-600x360-1-300x180.jpg",300,180,true],"medium_large":["https:\/\/veritasinfo.org\/wp-content\/uploads\/2026\/02\/gazetaret-mediat-2-1-600x360-1.jpg",600,360,false],"large":["https:\/\/veritasinfo.org\/wp-content\/uploads\/2026\/02\/gazetaret-mediat-2-1-600x360-1.jpg",600,360,false],"1536x1536":["https:\/\/veritasinfo.org\/wp-content\/uploads\/2026\/02\/gazetaret-mediat-2-1-600x360-1.jpg",600,360,false],"2048x2048":["https:\/\/veritasinfo.org\/wp-content\/uploads\/2026\/02\/gazetaret-mediat-2-1-600x360-1.jpg",600,360,false],"kreeti-slider-full":["https:\/\/veritasinfo.org\/wp-content\/uploads\/2026\/02\/gazetaret-mediat-2-1-600x360-1.jpg",600,360,false],"kreeti-featured":["https:\/\/veritasinfo.org\/wp-content\/uploads\/2026\/02\/gazetaret-mediat-2-1-600x360-1.jpg",600,360,false],"kreeti-medium":["https:\/\/veritasinfo.org\/wp-content\/uploads\/2026\/02\/gazetaret-mediat-2-1-600x360-1.jpg",600,360,false],"kreeti-medium-square":["https:\/\/veritasinfo.org\/wp-content\/uploads\/2026\/02\/gazetaret-mediat-2-1-600x360-1.jpg",350,210,false]},"author_info":{"info":["US5"]},"category_info":"<a href=\"https:\/\/veritasinfo.org\/?cat=60\" rel=\"category\">Shoq\u00ebrore<\/a>","tag_info":"Shoq\u00ebrore","comment_count":"0","_links":{"self":[{"href":"https:\/\/veritasinfo.org\/index.php?rest_route=\/wp\/v2\/posts\/33480","targetHints":{"allow":["GET"]}}],"collection":[{"href":"https:\/\/veritasinfo.org\/index.php?rest_route=\/wp\/v2\/posts"}],"about":[{"href":"https:\/\/veritasinfo.org\/index.php?rest_route=\/wp\/v2\/types\/post"}],"author":[{"embeddable":true,"href":"https:\/\/veritasinfo.org\/index.php?rest_route=\/wp\/v2\/users\/6"}],"replies":[{"embeddable":true,"href":"https:\/\/veritasinfo.org\/index.php?rest_route=%2Fwp%2Fv2%2Fcomments&post=33480"}],"version-history":[{"count":1,"href":"https:\/\/veritasinfo.org\/index.php?rest_route=\/wp\/v2\/posts\/33480\/revisions"}],"predecessor-version":[{"id":33482,"href":"https:\/\/veritasinfo.org\/index.php?rest_route=\/wp\/v2\/posts\/33480\/revisions\/33482"}],"wp:featuredmedia":[{"embeddable":true,"href":"https:\/\/veritasinfo.org\/index.php?rest_route=\/wp\/v2\/media\/33481"}],"wp:attachment":[{"href":"https:\/\/veritasinfo.org\/index.php?rest_route=%2Fwp%2Fv2%2Fmedia&parent=33480"}],"wp:term":[{"taxonomy":"category","embeddable":true,"href":"https:\/\/veritasinfo.org\/index.php?rest_route=%2Fwp%2Fv2%2Fcategories&post=33480"},{"taxonomy":"post_tag","embeddable":true,"href":"https:\/\/veritasinfo.org\/index.php?rest_route=%2Fwp%2Fv2%2Ftags&post=33480"}],"curies":[{"name":"wp","href":"https:\/\/api.w.org\/{rel}","templated":true}]}}