{"id":3347,"date":"2025-07-10T19:52:06","date_gmt":"2025-07-10T17:52:06","guid":{"rendered":"https:\/\/veritasinfo.org\/?p=3347"},"modified":"2025-07-10T19:52:06","modified_gmt":"2025-07-10T17:52:06","slug":"specijalno-tuzilastvo-nalozilo-istragu-projekta-mosta-u-mitrovici","status":"publish","type":"post","link":"https:\/\/veritasinfo.org\/?p=3347&lang=sr","title":{"rendered":"Specijalno tu\u017eila\u0161tvo nalo\u017eilo istragu projekta mosta u Mitrovici"},"content":{"rendered":"<p>Pri\u0161tina, 10. jul 2025.<\/p>\n<p>Specijalno tu\u017eila\u0161tvo je potvrdilo da je pokrenulo istragu o pitanju ugovora za izgradnju novih mostova preko reke Ibar u Mitrovici.<\/p>\n<p>U odgovoru KOHA, Specijalno tu\u017eila\u0161tvo je saop\u0161tilo da nema nadle\u017enost da procenjuje ili odobrava bilo koji infrastrukturni projekat, ali da ima du\u017enost da deluje kada postoji sumnja na zloupotrebu javnih sredstava.<\/p>\n<p>\u201eSpecijalno tu\u017eila\u0161tvo nema nadle\u017enost da procenjuje ili odobrava bilo koji infrastrukturni projekat, ali nagla\u0161avamo da je uloga Specijalnog tu\u017eila\u0161tva da deluje na osnovu va\u017ee\u0107ih zakona, u slu\u010dajevima kada postoji sumnja na zloupotrebu javnih sredstava. Specijalno tu\u017eila\u0161tvo, preko pet anga\u017eovanih tu\u017eilaca, trenutno obra\u0111uje skoro 2 hiljade ugovora iz jednog izvora.<br \/>\nNa osnovu ovoga, Kancelarija specijalnog tu\u017eila\u0161tva ovlastila je Kosovsku policiju da preduzme neophodne istra\u017ene radnje kako bi se pravilno utvrdilo \u010dinjeni\u010dno stanje za sve sumnje u vezi sa slu\u010dajem, u skladu sa Zakonikom o krivi\u010dnom postupku.<\/p>\n<p>Ova istraga nije povezana ni sa kakvim prigovorom na predmetni projekat, ve\u0107 sa ispunjavanjem zakonskih obaveza, u za\u0161titi javnog interesa i vladavine prava, kako bi se garantovalo pravedno i zakonito upravljanje javnim resursima\u201c, navodi se u odgovoru Tu\u017eila\u0161tva u \u010detvrtak popodne, nakon izve\u0161taja da istra\u017euje izgradnju dva nova mosta.<\/p>\n<p>1. jula postavljeni su kameni temeljci dva nova mosta koji povezuju grad Mitrovicu.<br \/>\nNjihova izgradnja je po\u010dela nakon memoranduma o saradnji za podr\u0161ku infrastrukturnim projektima izme\u0111u op\u0161tina i ministarstva.<\/p>\n<p>Novi mostovi se grade pored glavnog mosta preko Ibra, \u0161to je deo Sporazuma o slobodi kretanja postignutog u okviru dijaloga izme\u0111u Kosova i Srbije.<\/p>\n<p>Kosovska vlada je najavila otvaranje mosta za saobra\u0107aj u julu pro\u0161le godine, ali se to jo\u0161 nije dogodilo. Najava je izazvala me\u0111unarodnu reakciju.<\/p>\n","protected":false},"excerpt":{"rendered":"<p>Pri\u0161tina, 10. jul 2025. Specijalno tu\u017eila\u0161tvo je potvrdilo da je pokrenulo istragu o pitanju ugovora za izgradnju novih mostova preko reke Ibar u Mitrovici. U<\/p>\n","protected":false},"author":1,"featured_media":3345,"comment_status":"open","ping_status":"open","sticky":false,"template":"","format":"standard","meta":{"footnotes":""},"categories":[30],"tags":[],"class_list":["post-3347","post","type-post","status-publish","format-standard","has-post-thumbnail","hentry","category-drustvo"],"yoast_head":"<!-- This site is optimized with the Yoast SEO plugin v25.3.1 - https:\/\/yoast.com\/wordpress\/plugins\/seo\/ -->\n<title>Specijalno tu\u017eila\u0161tvo nalo\u017eilo istragu projekta mosta u Mitrovici -<\/title>\n<meta name=\"robots\" content=\"index, follow, max-snippet:-1, max-image-preview:large, max-video-preview:-1\" \/>\n<link rel=\"canonical\" href=\"https:\/\/veritasinfo.org\/?p=3347&lang=sr\" \/>\n<meta property=\"og:locale\" content=\"en_US\" \/>\n<meta property=\"og:type\" content=\"article\" \/>\n<meta property=\"og:title\" content=\"Specijalno tu\u017eila\u0161tvo nalo\u017eilo istragu projekta mosta u Mitrovici -\" \/>\n<meta property=\"og:description\" content=\"Pri\u0161tina, 10. jul 2025. Specijalno tu\u017eila\u0161tvo je potvrdilo da je pokrenulo istragu o pitanju ugovora za izgradnju novih mostova preko reke Ibar u Mitrovici. U\" \/>\n<meta property=\"og:url\" content=\"https:\/\/veritasinfo.org\/?p=3347&amp;lang=sr\" \/>\n<meta property=\"article:published_time\" content=\"2025-07-10T17:52:06+00:00\" \/>\n<meta property=\"og:image\" content=\"https:\/\/veritasinfo.org\/wp-content\/uploads\/2025\/07\/IMG_0950.webp\" \/>\n\t<meta property=\"og:image:width\" content=\"1360\" \/>\n\t<meta property=\"og:image:height\" content=\"870\" \/>\n\t<meta property=\"og:image:type\" content=\"image\/webp\" \/>\n<meta name=\"author\" content=\"admin\" \/>\n<meta name=\"twitter:card\" content=\"summary_large_image\" \/>\n<meta name=\"twitter:label1\" content=\"Written by\" \/>\n\t<meta name=\"twitter:data1\" content=\"admin\" \/>\n\t<meta name=\"twitter:label2\" content=\"Est. reading time\" \/>\n\t<meta name=\"twitter:data2\" content=\"2 minutes\" \/>\n<script type=\"application\/ld+json\" class=\"yoast-schema-graph\">{\"@context\":\"https:\/\/schema.org\",\"@graph\":[{\"@type\":\"WebPage\",\"@id\":\"https:\/\/veritasinfo.org\/?p=3347&lang=sr\",\"url\":\"https:\/\/veritasinfo.org\/?p=3347&lang=sr\",\"name\":\"Specijalno tu\u017eila\u0161tvo nalo\u017eilo istragu projekta mosta u Mitrovici -\",\"isPartOf\":{\"@id\":\"https:\/\/veritasinfo.org\/#website\"},\"primaryImageOfPage\":{\"@id\":\"https:\/\/veritasinfo.org\/?p=3347&lang=sr#primaryimage\"},\"image\":{\"@id\":\"https:\/\/veritasinfo.org\/?p=3347&lang=sr#primaryimage\"},\"thumbnailUrl\":\"https:\/\/veritasinfo.org\/wp-content\/uploads\/2025\/07\/IMG_0950.webp\",\"datePublished\":\"2025-07-10T17:52:06+00:00\",\"author\":{\"@id\":\"https:\/\/veritasinfo.org\/#\/schema\/person\/7701f8c088bece422266b100a712374f\"},\"breadcrumb\":{\"@id\":\"https:\/\/veritasinfo.org\/?p=3347&lang=sr#breadcrumb\"},\"inLanguage\":\"en-US\",\"potentialAction\":[{\"@type\":\"ReadAction\",\"target\":[\"https:\/\/veritasinfo.org\/?p=3347&lang=sr\"]}]},{\"@type\":\"ImageObject\",\"inLanguage\":\"en-US\",\"@id\":\"https:\/\/veritasinfo.org\/?p=3347&lang=sr#primaryimage\",\"url\":\"https:\/\/veritasinfo.org\/wp-content\/uploads\/2025\/07\/IMG_0950.webp\",\"contentUrl\":\"https:\/\/veritasinfo.org\/wp-content\/uploads\/2025\/07\/IMG_0950.webp\",\"width\":1360,\"height\":870},{\"@type\":\"BreadcrumbList\",\"@id\":\"https:\/\/veritasinfo.org\/?p=3347&lang=sr#breadcrumb\",\"itemListElement\":[{\"@type\":\"ListItem\",\"position\":1,\"name\":\"Home\",\"item\":\"https:\/\/veritasinfo.org\/\"},{\"@type\":\"ListItem\",\"position\":2,\"name\":\"Specijalno tu\u017eila\u0161tvo nalo\u017eilo istragu projekta mosta u Mitrovici\"}]},{\"@type\":\"WebSite\",\"@id\":\"https:\/\/veritasinfo.org\/#website\",\"url\":\"https:\/\/veritasinfo.org\/\",\"name\":\"\",\"description\":\"\",\"potentialAction\":[{\"@type\":\"SearchAction\",\"target\":{\"@type\":\"EntryPoint\",\"urlTemplate\":\"https:\/\/veritasinfo.org\/?s={search_term_string}\"},\"query-input\":{\"@type\":\"PropertyValueSpecification\",\"valueRequired\":true,\"valueName\":\"search_term_string\"}}],\"inLanguage\":\"en-US\"},{\"@type\":\"Person\",\"@id\":\"https:\/\/veritasinfo.org\/#\/schema\/person\/7701f8c088bece422266b100a712374f\",\"name\":\"admin\",\"image\":{\"@type\":\"ImageObject\",\"inLanguage\":\"en-US\",\"@id\":\"https:\/\/veritasinfo.org\/#\/schema\/person\/image\/\",\"url\":\"https:\/\/secure.gravatar.com\/avatar\/ea53aa3bf6c9a12d5fde8ce4deff43fef3885ae33cf60184161a50d6987cfd2f?s=96&d=mm&r=g\",\"contentUrl\":\"https:\/\/secure.gravatar.com\/avatar\/ea53aa3bf6c9a12d5fde8ce4deff43fef3885ae33cf60184161a50d6987cfd2f?s=96&d=mm&r=g\",\"caption\":\"admin\"},\"sameAs\":[\"https:\/\/veritasinfo.org\"],\"url\":\"https:\/\/veritasinfo.org\/?author=1\"}]}<\/script>\n<!-- \/ Yoast SEO plugin. -->","yoast_head_json":{"title":"Specijalno tu\u017eila\u0161tvo nalo\u017eilo istragu projekta mosta u Mitrovici -","robots":{"index":"index","follow":"follow","max-snippet":"max-snippet:-1","max-image-preview":"max-image-preview:large","max-video-preview":"max-video-preview:-1"},"canonical":"https:\/\/veritasinfo.org\/?p=3347&lang=sr","og_locale":"en_US","og_type":"article","og_title":"Specijalno tu\u017eila\u0161tvo nalo\u017eilo istragu projekta mosta u Mitrovici -","og_description":"Pri\u0161tina, 10. jul 2025. Specijalno tu\u017eila\u0161tvo je potvrdilo da je pokrenulo istragu o pitanju ugovora za izgradnju novih mostova preko reke Ibar u Mitrovici. U","og_url":"https:\/\/veritasinfo.org\/?p=3347&lang=sr","article_published_time":"2025-07-10T17:52:06+00:00","og_image":[{"width":1360,"height":870,"url":"https:\/\/veritasinfo.org\/wp-content\/uploads\/2025\/07\/IMG_0950.webp","type":"image\/webp"}],"author":"admin","twitter_card":"summary_large_image","twitter_misc":{"Written by":"admin","Est. reading time":"2 minutes"},"schema":{"@context":"https:\/\/schema.org","@graph":[{"@type":"WebPage","@id":"https:\/\/veritasinfo.org\/?p=3347&lang=sr","url":"https:\/\/veritasinfo.org\/?p=3347&lang=sr","name":"Specijalno tu\u017eila\u0161tvo nalo\u017eilo istragu projekta mosta u Mitrovici -","isPartOf":{"@id":"https:\/\/veritasinfo.org\/#website"},"primaryImageOfPage":{"@id":"https:\/\/veritasinfo.org\/?p=3347&lang=sr#primaryimage"},"image":{"@id":"https:\/\/veritasinfo.org\/?p=3347&lang=sr#primaryimage"},"thumbnailUrl":"https:\/\/veritasinfo.org\/wp-content\/uploads\/2025\/07\/IMG_0950.webp","datePublished":"2025-07-10T17:52:06+00:00","author":{"@id":"https:\/\/veritasinfo.org\/#\/schema\/person\/7701f8c088bece422266b100a712374f"},"breadcrumb":{"@id":"https:\/\/veritasinfo.org\/?p=3347&lang=sr#breadcrumb"},"inLanguage":"en-US","potentialAction":[{"@type":"ReadAction","target":["https:\/\/veritasinfo.org\/?p=3347&lang=sr"]}]},{"@type":"ImageObject","inLanguage":"en-US","@id":"https:\/\/veritasinfo.org\/?p=3347&lang=sr#primaryimage","url":"https:\/\/veritasinfo.org\/wp-content\/uploads\/2025\/07\/IMG_0950.webp","contentUrl":"https:\/\/veritasinfo.org\/wp-content\/uploads\/2025\/07\/IMG_0950.webp","width":1360,"height":870},{"@type":"BreadcrumbList","@id":"https:\/\/veritasinfo.org\/?p=3347&lang=sr#breadcrumb","itemListElement":[{"@type":"ListItem","position":1,"name":"Home","item":"https:\/\/veritasinfo.org\/"},{"@type":"ListItem","position":2,"name":"Specijalno tu\u017eila\u0161tvo nalo\u017eilo istragu projekta mosta u Mitrovici"}]},{"@type":"WebSite","@id":"https:\/\/veritasinfo.org\/#website","url":"https:\/\/veritasinfo.org\/","name":"","description":"","potentialAction":[{"@type":"SearchAction","target":{"@type":"EntryPoint","urlTemplate":"https:\/\/veritasinfo.org\/?s={search_term_string}"},"query-input":{"@type":"PropertyValueSpecification","valueRequired":true,"valueName":"search_term_string"}}],"inLanguage":"en-US"},{"@type":"Person","@id":"https:\/\/veritasinfo.org\/#\/schema\/person\/7701f8c088bece422266b100a712374f","name":"admin","image":{"@type":"ImageObject","inLanguage":"en-US","@id":"https:\/\/veritasinfo.org\/#\/schema\/person\/image\/","url":"https:\/\/secure.gravatar.com\/avatar\/ea53aa3bf6c9a12d5fde8ce4deff43fef3885ae33cf60184161a50d6987cfd2f?s=96&d=mm&r=g","contentUrl":"https:\/\/secure.gravatar.com\/avatar\/ea53aa3bf6c9a12d5fde8ce4deff43fef3885ae33cf60184161a50d6987cfd2f?s=96&d=mm&r=g","caption":"admin"},"sameAs":["https:\/\/veritasinfo.org"],"url":"https:\/\/veritasinfo.org\/?author=1"}]}},"featured_image_urls":{"full":["https:\/\/veritasinfo.org\/wp-content\/uploads\/2025\/07\/IMG_0950.webp",1360,870,false],"thumbnail":["https:\/\/veritasinfo.org\/wp-content\/uploads\/2025\/07\/IMG_0950-150x150.webp",150,150,true],"medium":["https:\/\/veritasinfo.org\/wp-content\/uploads\/2025\/07\/IMG_0950-300x192.webp",300,192,true],"medium_large":["https:\/\/veritasinfo.org\/wp-content\/uploads\/2025\/07\/IMG_0950-768x491.webp",640,409,true],"large":["https:\/\/veritasinfo.org\/wp-content\/uploads\/2025\/07\/IMG_0950-1024x655.webp",640,409,true],"1536x1536":["https:\/\/veritasinfo.org\/wp-content\/uploads\/2025\/07\/IMG_0950.webp",1360,870,false],"2048x2048":["https:\/\/veritasinfo.org\/wp-content\/uploads\/2025\/07\/IMG_0950.webp",1360,870,false],"kreeti-slider-full":["https:\/\/veritasinfo.org\/wp-content\/uploads\/2025\/07\/IMG_0950.webp",1126,720,false],"kreeti-featured":["https:\/\/veritasinfo.org\/wp-content\/uploads\/2025\/07\/IMG_0950.webp",1024,655,false],"kreeti-medium":["https:\/\/veritasinfo.org\/wp-content\/uploads\/2025\/07\/IMG_0950.webp",720,461,false],"kreeti-medium-square":["https:\/\/veritasinfo.org\/wp-content\/uploads\/2025\/07\/IMG_0950.webp",350,224,false]},"author_info":{"info":["admin"]},"category_info":"<a href=\"https:\/\/veritasinfo.org\/?cat=30&#038;lang=sr\" rel=\"category\">Dru\u0161tvo<\/a>","tag_info":"Dru\u0161tvo","comment_count":"0","_links":{"self":[{"href":"https:\/\/veritasinfo.org\/index.php?rest_route=\/wp\/v2\/posts\/3347","targetHints":{"allow":["GET"]}}],"collection":[{"href":"https:\/\/veritasinfo.org\/index.php?rest_route=\/wp\/v2\/posts"}],"about":[{"href":"https:\/\/veritasinfo.org\/index.php?rest_route=\/wp\/v2\/types\/post"}],"author":[{"embeddable":true,"href":"https:\/\/veritasinfo.org\/index.php?rest_route=\/wp\/v2\/users\/1"}],"replies":[{"embeddable":true,"href":"https:\/\/veritasinfo.org\/index.php?rest_route=%2Fwp%2Fv2%2Fcomments&post=3347"}],"version-history":[{"count":1,"href":"https:\/\/veritasinfo.org\/index.php?rest_route=\/wp\/v2\/posts\/3347\/revisions"}],"predecessor-version":[{"id":3348,"href":"https:\/\/veritasinfo.org\/index.php?rest_route=\/wp\/v2\/posts\/3347\/revisions\/3348"}],"wp:featuredmedia":[{"embeddable":true,"href":"https:\/\/veritasinfo.org\/index.php?rest_route=\/wp\/v2\/media\/3345"}],"wp:attachment":[{"href":"https:\/\/veritasinfo.org\/index.php?rest_route=%2Fwp%2Fv2%2Fmedia&parent=3347"}],"wp:term":[{"taxonomy":"category","embeddable":true,"href":"https:\/\/veritasinfo.org\/index.php?rest_route=%2Fwp%2Fv2%2Fcategories&post=3347"},{"taxonomy":"post_tag","embeddable":true,"href":"https:\/\/veritasinfo.org\/index.php?rest_route=%2Fwp%2Fv2%2Ftags&post=3347"}],"curies":[{"name":"wp","href":"https:\/\/api.w.org\/{rel}","templated":true}]}}