{"id":33468,"date":"2026-02-19T10:32:45","date_gmt":"2026-02-19T09:32:45","guid":{"rendered":"https:\/\/veritasinfo.org\/?p=33468"},"modified":"2026-02-19T10:32:45","modified_gmt":"2026-02-19T09:32:45","slug":"kosova-dhe-kroacia-drejt-thellimit-te-bashkepunimit-ekonomik","status":"publish","type":"post","link":"https:\/\/veritasinfo.org\/?p=33468","title":{"rendered":"Kosova dhe Kroacia drejt thellimit t\u00eb bashk\u00ebpunimit ekonomik"},"content":{"rendered":"<p>Prishtin\u00eb 19 Shkurt 2026 10:31<\/p>\n<p>N\u00eb Slavonski Brod jan\u00eb zhvilluar p\u00ebrgatitjet p\u00ebr Forumin Ekonomik Kosov\u00eb\u2013Kroaci, i cili pritet t\u00eb organizohet s\u00eb shpejti n\u00eb Kosov\u00eb, me synim thellimin e bashk\u00ebpunimit ekonomik dhe krijimin e mund\u00ebsive t\u00eb reja p\u00ebr investime nd\u00ebrmjet dy vendeve, transmeton albinfo.ch.<\/p>\n<p>Takimi u realizua n\u00eb bashk\u00ebpunim me Klubi i Biznesit Kroaci\u2013Kosov\u00eb, me pjes\u00ebmarrjen e znj. Ermina Lekaj Perlaskaj, k\u00ebshilltare e Ministrit t\u00eb Pun\u00ebve t\u00eb Jashtme dhe Evropiane t\u00eb Kroacis\u00eb, si dhe p\u00ebrfaq\u00ebsuesve t\u00eb Oda Ekonomike Kroate dhe Od\u00ebs s\u00eb Zejtar\u00ebve. Aktivitetet p\u00ebrgatitore po zhvillohen me mb\u00ebshtetjen e Ambasada e Republik\u00ebs s\u00eb Kosov\u00ebs n\u00eb Kroaci dhe autoriteteve lokale t\u00eb qytetit t\u00eb Slavonski Brodit.N\u00eb k\u00ebt\u00eb bashk\u00ebbisedim mori pjes\u00eb edhe ushtruesi i detyr\u00ebs s\u00eb drejtorit t\u00eb KIESA, z. Zef Dedaj, i cili prezantoi potencialet investuese t\u00eb Kosov\u00ebs, duke v\u00ebn\u00eb theksin te leht\u00ebsit\u00eb fiskale, pozicioni strategjik dhe sektor\u00ebt prioritar\u00eb p\u00ebr investime, si industria p\u00ebrpunuese, energjia e rip\u00ebrt\u00ebritshme, teknologjia e informacionit dhe bujq\u00ebsia.<\/p>\n<p>Nd\u00ebrmarr\u00ebsit nga rajoni i Sllavonis\u00eb shpreh\u00ebn interes t\u00eb lart\u00eb p\u00ebr bashk\u00ebpunim konkret me Kosov\u00ebn, duke theksuar gatishm\u00ebrin\u00eb p\u00ebr t\u00eb eksploruar partneritete t\u00eb reja, projekte t\u00eb p\u00ebrbashk\u00ebta dhe zgjerim t\u00eb aktivitetit n\u00eb tregun kosovar.<\/p>\n<p>Forumi Ekonomik Kosov\u00eb\u2013Kroaci pritet t\u00eb sh\u00ebrbej\u00eb si nj\u00eb platform\u00eb ky\u00e7e p\u00ebr konkretizimin e k\u00ebtyre interesave dhe p\u00ebr avancimin e marr\u00ebdh\u00ebnieve ekonomike n\u00eb nj\u00eb nivel t\u00eb ri bashk\u00ebpunimi strategjik. <\/p>\n","protected":false},"excerpt":{"rendered":"<p>Prishtin\u00eb 19 Shkurt 2026 10:31 N\u00eb Slavonski Brod jan\u00eb zhvilluar p\u00ebrgatitjet p\u00ebr Forumin Ekonomik Kosov\u00eb\u2013Kroaci, i cili pritet t\u00eb organizohet s\u00eb shpejti n\u00eb Kosov\u00eb, me<\/p>\n","protected":false},"author":6,"featured_media":33469,"comment_status":"open","ping_status":"open","sticky":false,"template":"","format":"standard","meta":{"footnotes":""},"categories":[60],"tags":[],"class_list":["post-33468","post","type-post","status-publish","format-standard","has-post-thumbnail","hentry","category-shoqerore-sq"],"yoast_head":"<!-- This site is optimized with the Yoast SEO plugin v25.3.1 - https:\/\/yoast.com\/wordpress\/plugins\/seo\/ -->\n<title>Kosova dhe Kroacia drejt thellimit t\u00eb bashk\u00ebpunimit ekonomik -<\/title>\n<meta name=\"robots\" content=\"index, follow, max-snippet:-1, max-image-preview:large, max-video-preview:-1\" \/>\n<link rel=\"canonical\" href=\"https:\/\/veritasinfo.org\/?p=33468\" \/>\n<meta property=\"og:locale\" content=\"en_US\" \/>\n<meta property=\"og:type\" content=\"article\" \/>\n<meta property=\"og:title\" content=\"Kosova dhe Kroacia drejt thellimit t\u00eb bashk\u00ebpunimit ekonomik -\" \/>\n<meta property=\"og:description\" content=\"Prishtin\u00eb 19 Shkurt 2026 10:31 N\u00eb Slavonski Brod jan\u00eb zhvilluar p\u00ebrgatitjet p\u00ebr Forumin Ekonomik Kosov\u00eb\u2013Kroaci, i cili pritet t\u00eb organizohet s\u00eb shpejti n\u00eb Kosov\u00eb, me\" \/>\n<meta property=\"og:url\" content=\"https:\/\/veritasinfo.org\/?p=33468\" \/>\n<meta property=\"article:published_time\" content=\"2026-02-19T09:32:45+00:00\" \/>\n<meta property=\"og:image\" content=\"https:\/\/veritasinfo.org\/wp-content\/uploads\/2026\/02\/img_7147.jpeg\" \/>\n\t<meta property=\"og:image:width\" content=\"720\" \/>\n\t<meta property=\"og:image:height\" content=\"508\" \/>\n\t<meta property=\"og:image:type\" content=\"image\/jpeg\" \/>\n<meta name=\"author\" content=\"US5\" \/>\n<meta name=\"twitter:card\" content=\"summary_large_image\" \/>\n<meta name=\"twitter:label1\" content=\"Written by\" \/>\n\t<meta name=\"twitter:data1\" content=\"US5\" \/>\n<script type=\"application\/ld+json\" class=\"yoast-schema-graph\">{\"@context\":\"https:\/\/schema.org\",\"@graph\":[{\"@type\":\"WebPage\",\"@id\":\"https:\/\/veritasinfo.org\/?p=33468\",\"url\":\"https:\/\/veritasinfo.org\/?p=33468\",\"name\":\"Kosova dhe Kroacia drejt thellimit t\u00eb bashk\u00ebpunimit ekonomik -\",\"isPartOf\":{\"@id\":\"https:\/\/veritasinfo.org\/#website\"},\"primaryImageOfPage\":{\"@id\":\"https:\/\/veritasinfo.org\/?p=33468#primaryimage\"},\"image\":{\"@id\":\"https:\/\/veritasinfo.org\/?p=33468#primaryimage\"},\"thumbnailUrl\":\"https:\/\/veritasinfo.org\/wp-content\/uploads\/2026\/02\/img_7147.jpeg\",\"datePublished\":\"2026-02-19T09:32:45+00:00\",\"author\":{\"@id\":\"https:\/\/veritasinfo.org\/#\/schema\/person\/bc442336e35414d04494ab8fb45db4c6\"},\"breadcrumb\":{\"@id\":\"https:\/\/veritasinfo.org\/?p=33468#breadcrumb\"},\"inLanguage\":\"en-US\",\"potentialAction\":[{\"@type\":\"ReadAction\",\"target\":[\"https:\/\/veritasinfo.org\/?p=33468\"]}]},{\"@type\":\"ImageObject\",\"inLanguage\":\"en-US\",\"@id\":\"https:\/\/veritasinfo.org\/?p=33468#primaryimage\",\"url\":\"https:\/\/veritasinfo.org\/wp-content\/uploads\/2026\/02\/img_7147.jpeg\",\"contentUrl\":\"https:\/\/veritasinfo.org\/wp-content\/uploads\/2026\/02\/img_7147.jpeg\",\"width\":720,\"height\":508},{\"@type\":\"BreadcrumbList\",\"@id\":\"https:\/\/veritasinfo.org\/?p=33468#breadcrumb\",\"itemListElement\":[{\"@type\":\"ListItem\",\"position\":1,\"name\":\"Home\",\"item\":\"https:\/\/veritasinfo.org\/\"},{\"@type\":\"ListItem\",\"position\":2,\"name\":\"Kosova dhe Kroacia drejt thellimit t\u00eb bashk\u00ebpunimit ekonomik\"}]},{\"@type\":\"WebSite\",\"@id\":\"https:\/\/veritasinfo.org\/#website\",\"url\":\"https:\/\/veritasinfo.org\/\",\"name\":\"\",\"description\":\"\",\"potentialAction\":[{\"@type\":\"SearchAction\",\"target\":{\"@type\":\"EntryPoint\",\"urlTemplate\":\"https:\/\/veritasinfo.org\/?s={search_term_string}\"},\"query-input\":{\"@type\":\"PropertyValueSpecification\",\"valueRequired\":true,\"valueName\":\"search_term_string\"}}],\"inLanguage\":\"en-US\"},{\"@type\":\"Person\",\"@id\":\"https:\/\/veritasinfo.org\/#\/schema\/person\/bc442336e35414d04494ab8fb45db4c6\",\"name\":\"US5\",\"image\":{\"@type\":\"ImageObject\",\"inLanguage\":\"en-US\",\"@id\":\"https:\/\/veritasinfo.org\/#\/schema\/person\/image\/\",\"url\":\"https:\/\/secure.gravatar.com\/avatar\/16a61e7272a0c5d001121ebb9e60e925d5816e4ac1e443ed3e640d9a6ae55d0c?s=96&d=mm&r=g\",\"contentUrl\":\"https:\/\/secure.gravatar.com\/avatar\/16a61e7272a0c5d001121ebb9e60e925d5816e4ac1e443ed3e640d9a6ae55d0c?s=96&d=mm&r=g\",\"caption\":\"US5\"},\"url\":\"https:\/\/veritasinfo.org\/?author=6\"}]}<\/script>\n<!-- \/ Yoast SEO plugin. -->","yoast_head_json":{"title":"Kosova dhe Kroacia drejt thellimit t\u00eb bashk\u00ebpunimit ekonomik -","robots":{"index":"index","follow":"follow","max-snippet":"max-snippet:-1","max-image-preview":"max-image-preview:large","max-video-preview":"max-video-preview:-1"},"canonical":"https:\/\/veritasinfo.org\/?p=33468","og_locale":"en_US","og_type":"article","og_title":"Kosova dhe Kroacia drejt thellimit t\u00eb bashk\u00ebpunimit ekonomik -","og_description":"Prishtin\u00eb 19 Shkurt 2026 10:31 N\u00eb Slavonski Brod jan\u00eb zhvilluar p\u00ebrgatitjet p\u00ebr Forumin Ekonomik Kosov\u00eb\u2013Kroaci, i cili pritet t\u00eb organizohet s\u00eb shpejti n\u00eb Kosov\u00eb, me","og_url":"https:\/\/veritasinfo.org\/?p=33468","article_published_time":"2026-02-19T09:32:45+00:00","og_image":[{"width":720,"height":508,"url":"https:\/\/veritasinfo.org\/wp-content\/uploads\/2026\/02\/img_7147.jpeg","type":"image\/jpeg"}],"author":"US5","twitter_card":"summary_large_image","twitter_misc":{"Written by":"US5"},"schema":{"@context":"https:\/\/schema.org","@graph":[{"@type":"WebPage","@id":"https:\/\/veritasinfo.org\/?p=33468","url":"https:\/\/veritasinfo.org\/?p=33468","name":"Kosova dhe Kroacia drejt thellimit t\u00eb bashk\u00ebpunimit ekonomik -","isPartOf":{"@id":"https:\/\/veritasinfo.org\/#website"},"primaryImageOfPage":{"@id":"https:\/\/veritasinfo.org\/?p=33468#primaryimage"},"image":{"@id":"https:\/\/veritasinfo.org\/?p=33468#primaryimage"},"thumbnailUrl":"https:\/\/veritasinfo.org\/wp-content\/uploads\/2026\/02\/img_7147.jpeg","datePublished":"2026-02-19T09:32:45+00:00","author":{"@id":"https:\/\/veritasinfo.org\/#\/schema\/person\/bc442336e35414d04494ab8fb45db4c6"},"breadcrumb":{"@id":"https:\/\/veritasinfo.org\/?p=33468#breadcrumb"},"inLanguage":"en-US","potentialAction":[{"@type":"ReadAction","target":["https:\/\/veritasinfo.org\/?p=33468"]}]},{"@type":"ImageObject","inLanguage":"en-US","@id":"https:\/\/veritasinfo.org\/?p=33468#primaryimage","url":"https:\/\/veritasinfo.org\/wp-content\/uploads\/2026\/02\/img_7147.jpeg","contentUrl":"https:\/\/veritasinfo.org\/wp-content\/uploads\/2026\/02\/img_7147.jpeg","width":720,"height":508},{"@type":"BreadcrumbList","@id":"https:\/\/veritasinfo.org\/?p=33468#breadcrumb","itemListElement":[{"@type":"ListItem","position":1,"name":"Home","item":"https:\/\/veritasinfo.org\/"},{"@type":"ListItem","position":2,"name":"Kosova dhe Kroacia drejt thellimit t\u00eb bashk\u00ebpunimit ekonomik"}]},{"@type":"WebSite","@id":"https:\/\/veritasinfo.org\/#website","url":"https:\/\/veritasinfo.org\/","name":"","description":"","potentialAction":[{"@type":"SearchAction","target":{"@type":"EntryPoint","urlTemplate":"https:\/\/veritasinfo.org\/?s={search_term_string}"},"query-input":{"@type":"PropertyValueSpecification","valueRequired":true,"valueName":"search_term_string"}}],"inLanguage":"en-US"},{"@type":"Person","@id":"https:\/\/veritasinfo.org\/#\/schema\/person\/bc442336e35414d04494ab8fb45db4c6","name":"US5","image":{"@type":"ImageObject","inLanguage":"en-US","@id":"https:\/\/veritasinfo.org\/#\/schema\/person\/image\/","url":"https:\/\/secure.gravatar.com\/avatar\/16a61e7272a0c5d001121ebb9e60e925d5816e4ac1e443ed3e640d9a6ae55d0c?s=96&d=mm&r=g","contentUrl":"https:\/\/secure.gravatar.com\/avatar\/16a61e7272a0c5d001121ebb9e60e925d5816e4ac1e443ed3e640d9a6ae55d0c?s=96&d=mm&r=g","caption":"US5"},"url":"https:\/\/veritasinfo.org\/?author=6"}]}},"featured_image_urls":{"full":["https:\/\/veritasinfo.org\/wp-content\/uploads\/2026\/02\/img_7147.jpeg",720,508,false],"thumbnail":["https:\/\/veritasinfo.org\/wp-content\/uploads\/2026\/02\/img_7147-150x150.jpeg",150,150,true],"medium":["https:\/\/veritasinfo.org\/wp-content\/uploads\/2026\/02\/img_7147-300x212.jpeg",300,212,true],"medium_large":["https:\/\/veritasinfo.org\/wp-content\/uploads\/2026\/02\/img_7147.jpeg",640,452,false],"large":["https:\/\/veritasinfo.org\/wp-content\/uploads\/2026\/02\/img_7147.jpeg",640,452,false],"1536x1536":["https:\/\/veritasinfo.org\/wp-content\/uploads\/2026\/02\/img_7147.jpeg",720,508,false],"2048x2048":["https:\/\/veritasinfo.org\/wp-content\/uploads\/2026\/02\/img_7147.jpeg",720,508,false],"kreeti-slider-full":["https:\/\/veritasinfo.org\/wp-content\/uploads\/2026\/02\/img_7147.jpeg",720,508,false],"kreeti-featured":["https:\/\/veritasinfo.org\/wp-content\/uploads\/2026\/02\/img_7147.jpeg",720,508,false],"kreeti-medium":["https:\/\/veritasinfo.org\/wp-content\/uploads\/2026\/02\/img_7147.jpeg",720,508,false],"kreeti-medium-square":["https:\/\/veritasinfo.org\/wp-content\/uploads\/2026\/02\/img_7147.jpeg",350,247,false]},"author_info":{"info":["US5"]},"category_info":"<a href=\"https:\/\/veritasinfo.org\/?cat=60\" rel=\"category\">Shoq\u00ebrore<\/a>","tag_info":"Shoq\u00ebrore","comment_count":"0","_links":{"self":[{"href":"https:\/\/veritasinfo.org\/index.php?rest_route=\/wp\/v2\/posts\/33468","targetHints":{"allow":["GET"]}}],"collection":[{"href":"https:\/\/veritasinfo.org\/index.php?rest_route=\/wp\/v2\/posts"}],"about":[{"href":"https:\/\/veritasinfo.org\/index.php?rest_route=\/wp\/v2\/types\/post"}],"author":[{"embeddable":true,"href":"https:\/\/veritasinfo.org\/index.php?rest_route=\/wp\/v2\/users\/6"}],"replies":[{"embeddable":true,"href":"https:\/\/veritasinfo.org\/index.php?rest_route=%2Fwp%2Fv2%2Fcomments&post=33468"}],"version-history":[{"count":1,"href":"https:\/\/veritasinfo.org\/index.php?rest_route=\/wp\/v2\/posts\/33468\/revisions"}],"predecessor-version":[{"id":33470,"href":"https:\/\/veritasinfo.org\/index.php?rest_route=\/wp\/v2\/posts\/33468\/revisions\/33470"}],"wp:featuredmedia":[{"embeddable":true,"href":"https:\/\/veritasinfo.org\/index.php?rest_route=\/wp\/v2\/media\/33469"}],"wp:attachment":[{"href":"https:\/\/veritasinfo.org\/index.php?rest_route=%2Fwp%2Fv2%2Fmedia&parent=33468"}],"wp:term":[{"taxonomy":"category","embeddable":true,"href":"https:\/\/veritasinfo.org\/index.php?rest_route=%2Fwp%2Fv2%2Fcategories&post=33468"},{"taxonomy":"post_tag","embeddable":true,"href":"https:\/\/veritasinfo.org\/index.php?rest_route=%2Fwp%2Fv2%2Ftags&post=33468"}],"curies":[{"name":"wp","href":"https:\/\/api.w.org\/{rel}","templated":true}]}}