{"id":33440,"date":"2026-02-19T08:37:31","date_gmt":"2026-02-19T07:37:31","guid":{"rendered":"https:\/\/veritasinfo.org\/?p=33440"},"modified":"2026-02-19T08:37:31","modified_gmt":"2026-02-19T07:37:31","slug":"sulmi-terrorist-ne-banjske-mbahet-edhe-sot-seance-gjyqesore","status":"publish","type":"post","link":"https:\/\/veritasinfo.org\/?p=33440","title":{"rendered":"Sulmi terrorist n\u00eb Banjsk\u00eb, mbahet edhe sot seanc\u00eb gjyq\u00ebsore"},"content":{"rendered":"<p>Prishtin\u00eb, 19 shkurt 2026 08:36<\/p>\n<p>N\u00eb Gjykat\u00ebn Themelore n\u00eb Prishtin\u00eb do t\u00eb mbahet sot seanc\u00eb gjyq\u00ebsore lidhur me sulmin e armatosur n\u00eb Banjsk\u00eb t\u00eb Zve\u00e7anit.<\/p>\n<p>Para trupit gjykues do t\u00eb paraqiten Blagoje Spasojeviq, Vladimir Toliq dhe Dushan Maksimoviq, t\u00eb cil\u00ebt p\u00ebrballen me akuza t\u00eb r\u00ebnda p\u00ebr p\u00ebrfshirje n\u00eb ngjarjet e 24 shtatorit 2023, n\u00eb fshatin Banjsk\u00eb t\u00eb komun\u00ebs s\u00eb Zve\u00e7anit.<\/p>\n<p>N\u00eb seanc\u00ebn e djeshme u d\u00ebgjua d\u00ebshmitari Goran Tanevski. Ai tha se dit\u00ebn kritike derisa po q\u00ebndronte me familje n\u00eb hotel, d\u00ebgjuan t\u00eb sht\u00ebna arm\u00ebsh, e pa njer\u00ebz t\u00eb uniformuar e t\u00eb armatosur p\u00ebrreth hotelit.<\/p>\n<p>&nbsp;<\/p>\n<p>D\u00ebshmitari Tanevski i cili u d\u00ebgjua p\u00ebrmes video-lidhjes, tha se n\u00eb dit\u00ebn kritike po q\u00ebndronte si turist n\u00eb hotelin \u201cRanjska Banja\u201d n\u00eb Banjsk\u00eb.<\/p>\n<p>Ai tha se dit\u00ebn kritike kishte par\u00eb persona q\u00eb nuk jan\u00eb dukur si turist\u00eb, kishte d\u00ebgjuar t\u00eb sht\u00ebna arm\u00ebsh dhe pa njer\u00ebz t\u00eb uniformuar p\u00ebrreth hotelit dhe nj\u00eb tjet\u00ebr q\u00eb q\u00ebndronte n\u00eb hotel.<\/p>\n<p>P\u00ebr personin q\u00eb kishin par\u00eb jasht\u00eb hotelit, d\u00ebshmitari tha se ai mbante uniform\u00eb, kishte municion dhe bomb\u00eb.<\/p>\n<p>&#8220;Pam\u00eb dy veta n\u00eb uniform\u00eb pa shenja, pa distiktiv dhe me arm\u00eb ushtarake, ai q\u00eb ishte n\u00eb hotel mund t\u2019ia shihnim vet\u00ebm pushk\u00ebn se uniform\u00ebn jo, sepse ne ishim posht\u00eb shkall\u00ebve. Ai po k\u00ebrkonte nj\u00eb batanije apo t\u00eb ngjashme\u201d, tha Tanevski.<\/p>\n<p>Prokuroria Speciale e Republik\u00ebs s\u00eb Kosov\u00ebs (PSRK) m\u00eb 11 shtator 2024 ka ngritur aktakuz\u00eb kund\u00ebr Milan Radoi\u00e7iqit dhe 44 t\u00eb tjer\u00ebve p\u00ebr sulmin terrorist t\u00eb 24 shtatorit 2023 n\u00eb Banjsk\u00eb t\u00eb Zve\u00e7anit. T\u00eb akuzuarit ngarkohen se p\u00ebrmes p\u00ebrdorimit t\u00eb dhun\u00ebs me armatim t\u00eb r\u00ebnd\u00eb, tentuan ta shk\u00ebpusin pjes\u00ebn veriore t\u00eb territorit t\u00eb Republik\u00ebs s\u00eb Kosov\u00ebs e t\u2019ia bashkojn\u00eb Republik\u00ebs s\u00eb Serbis\u00eb, me \u00e7\u2019rast si rezultat i dhun\u00ebs s\u00eb p\u00ebrdorur ka mbetur i vdekur zyrtari policor Afrim Bunjaku e u rrezikua jeta e zyrtar\u00ebve tjer\u00eb policor\u00eb dhe popullat\u00ebs civile.<\/p>\n<p>N\u00eb Banjsk\u00eb t\u00eb Zve\u00e7anit, n\u00eb or\u00ebt e hershme t\u00eb 24 shtatorit 2023, ishte vrar\u00eb rreshteri Afrim Bunjaku si dhe ishin plagosur dy t\u00eb tjer\u00eb.<\/p>\n<p>Pastaj, t\u00eb vrar\u00eb kishin mbetur edhe tre sulmues, kurse t\u00eb tjer\u00ebt ishin larguar pasi ishin strehuar p\u00ebr disa or\u00eb n\u00eb Manastirin e Bajnsk\u00ebs. Milan Radoi\u00e7iq e kishte marr\u00eb p\u00ebrsip\u00ebr p\u00ebrgjegj\u00ebsin\u00eb p\u00ebr sulmin terrorist.<\/p>\n","protected":false},"excerpt":{"rendered":"<p>Prishtin\u00eb, 19 shkurt 2026 08:36 N\u00eb Gjykat\u00ebn Themelore n\u00eb Prishtin\u00eb do t\u00eb mbahet sot seanc\u00eb gjyq\u00ebsore lidhur me sulmin e armatosur n\u00eb Banjsk\u00eb t\u00eb Zve\u00e7anit.<\/p>\n","protected":false},"author":7,"featured_media":33431,"comment_status":"open","ping_status":"open","sticky":false,"template":"","format":"standard","meta":{"footnotes":""},"categories":[60],"tags":[],"class_list":["post-33440","post","type-post","status-publish","format-standard","has-post-thumbnail","hentry","category-shoqerore-sq"],"yoast_head":"<!-- This site is optimized with the Yoast SEO plugin v25.3.1 - https:\/\/yoast.com\/wordpress\/plugins\/seo\/ -->\n<title>Sulmi terrorist n\u00eb Banjsk\u00eb, mbahet edhe sot seanc\u00eb gjyq\u00ebsore -<\/title>\n<meta name=\"robots\" content=\"index, follow, max-snippet:-1, max-image-preview:large, max-video-preview:-1\" \/>\n<link rel=\"canonical\" href=\"https:\/\/veritasinfo.org\/?p=33440\" \/>\n<meta property=\"og:locale\" content=\"en_US\" \/>\n<meta property=\"og:type\" content=\"article\" \/>\n<meta property=\"og:title\" content=\"Sulmi terrorist n\u00eb Banjsk\u00eb, mbahet edhe sot seanc\u00eb gjyq\u00ebsore -\" \/>\n<meta property=\"og:description\" content=\"Prishtin\u00eb, 19 shkurt 2026 08:36 N\u00eb Gjykat\u00ebn Themelore n\u00eb Prishtin\u00eb do t\u00eb mbahet sot seanc\u00eb gjyq\u00ebsore lidhur me sulmin e armatosur n\u00eb Banjsk\u00eb t\u00eb Zve\u00e7anit.\" \/>\n<meta property=\"og:url\" content=\"https:\/\/veritasinfo.org\/?p=33440\" \/>\n<meta property=\"article:published_time\" content=\"2026-02-19T07:37:31+00:00\" \/>\n<meta property=\"og:image\" content=\"https:\/\/veritasinfo.org\/wp-content\/uploads\/2026\/02\/banjska-2.jpg\" \/>\n\t<meta property=\"og:image:width\" content=\"1255\" \/>\n\t<meta property=\"og:image:height\" content=\"701\" \/>\n\t<meta property=\"og:image:type\" content=\"image\/jpeg\" \/>\n<meta name=\"author\" content=\"US6\" \/>\n<meta name=\"twitter:card\" content=\"summary_large_image\" \/>\n<meta name=\"twitter:label1\" content=\"Written by\" \/>\n\t<meta name=\"twitter:data1\" content=\"US6\" \/>\n\t<meta name=\"twitter:label2\" content=\"Est. reading time\" \/>\n\t<meta name=\"twitter:data2\" content=\"2 minutes\" \/>\n<script type=\"application\/ld+json\" class=\"yoast-schema-graph\">{\"@context\":\"https:\/\/schema.org\",\"@graph\":[{\"@type\":\"WebPage\",\"@id\":\"https:\/\/veritasinfo.org\/?p=33440\",\"url\":\"https:\/\/veritasinfo.org\/?p=33440\",\"name\":\"Sulmi terrorist n\u00eb Banjsk\u00eb, mbahet edhe sot seanc\u00eb gjyq\u00ebsore -\",\"isPartOf\":{\"@id\":\"https:\/\/veritasinfo.org\/#website\"},\"primaryImageOfPage\":{\"@id\":\"https:\/\/veritasinfo.org\/?p=33440#primaryimage\"},\"image\":{\"@id\":\"https:\/\/veritasinfo.org\/?p=33440#primaryimage\"},\"thumbnailUrl\":\"https:\/\/veritasinfo.org\/wp-content\/uploads\/2026\/02\/banjska-2.jpg\",\"datePublished\":\"2026-02-19T07:37:31+00:00\",\"author\":{\"@id\":\"https:\/\/veritasinfo.org\/#\/schema\/person\/fe199eede04c3937362892b7444747cc\"},\"breadcrumb\":{\"@id\":\"https:\/\/veritasinfo.org\/?p=33440#breadcrumb\"},\"inLanguage\":\"en-US\",\"potentialAction\":[{\"@type\":\"ReadAction\",\"target\":[\"https:\/\/veritasinfo.org\/?p=33440\"]}]},{\"@type\":\"ImageObject\",\"inLanguage\":\"en-US\",\"@id\":\"https:\/\/veritasinfo.org\/?p=33440#primaryimage\",\"url\":\"https:\/\/veritasinfo.org\/wp-content\/uploads\/2026\/02\/banjska-2.jpg\",\"contentUrl\":\"https:\/\/veritasinfo.org\/wp-content\/uploads\/2026\/02\/banjska-2.jpg\",\"width\":1255,\"height\":701},{\"@type\":\"BreadcrumbList\",\"@id\":\"https:\/\/veritasinfo.org\/?p=33440#breadcrumb\",\"itemListElement\":[{\"@type\":\"ListItem\",\"position\":1,\"name\":\"Home\",\"item\":\"https:\/\/veritasinfo.org\/\"},{\"@type\":\"ListItem\",\"position\":2,\"name\":\"Sulmi terrorist n\u00eb Banjsk\u00eb, mbahet edhe sot seanc\u00eb gjyq\u00ebsore\"}]},{\"@type\":\"WebSite\",\"@id\":\"https:\/\/veritasinfo.org\/#website\",\"url\":\"https:\/\/veritasinfo.org\/\",\"name\":\"\",\"description\":\"\",\"potentialAction\":[{\"@type\":\"SearchAction\",\"target\":{\"@type\":\"EntryPoint\",\"urlTemplate\":\"https:\/\/veritasinfo.org\/?s={search_term_string}\"},\"query-input\":{\"@type\":\"PropertyValueSpecification\",\"valueRequired\":true,\"valueName\":\"search_term_string\"}}],\"inLanguage\":\"en-US\"},{\"@type\":\"Person\",\"@id\":\"https:\/\/veritasinfo.org\/#\/schema\/person\/fe199eede04c3937362892b7444747cc\",\"name\":\"US6\",\"image\":{\"@type\":\"ImageObject\",\"inLanguage\":\"en-US\",\"@id\":\"https:\/\/veritasinfo.org\/#\/schema\/person\/image\/\",\"url\":\"https:\/\/secure.gravatar.com\/avatar\/cb16c3c31c9d23b9b8c705964598220b3014e42ff51eb540ff23cefa3ae8c15f?s=96&d=mm&r=g\",\"contentUrl\":\"https:\/\/secure.gravatar.com\/avatar\/cb16c3c31c9d23b9b8c705964598220b3014e42ff51eb540ff23cefa3ae8c15f?s=96&d=mm&r=g\",\"caption\":\"US6\"},\"url\":\"https:\/\/veritasinfo.org\/?author=7\"}]}<\/script>\n<!-- \/ Yoast SEO plugin. -->","yoast_head_json":{"title":"Sulmi terrorist n\u00eb Banjsk\u00eb, mbahet edhe sot seanc\u00eb gjyq\u00ebsore -","robots":{"index":"index","follow":"follow","max-snippet":"max-snippet:-1","max-image-preview":"max-image-preview:large","max-video-preview":"max-video-preview:-1"},"canonical":"https:\/\/veritasinfo.org\/?p=33440","og_locale":"en_US","og_type":"article","og_title":"Sulmi terrorist n\u00eb Banjsk\u00eb, mbahet edhe sot seanc\u00eb gjyq\u00ebsore -","og_description":"Prishtin\u00eb, 19 shkurt 2026 08:36 N\u00eb Gjykat\u00ebn Themelore n\u00eb Prishtin\u00eb do t\u00eb mbahet sot seanc\u00eb gjyq\u00ebsore lidhur me sulmin e armatosur n\u00eb Banjsk\u00eb t\u00eb Zve\u00e7anit.","og_url":"https:\/\/veritasinfo.org\/?p=33440","article_published_time":"2026-02-19T07:37:31+00:00","og_image":[{"width":1255,"height":701,"url":"https:\/\/veritasinfo.org\/wp-content\/uploads\/2026\/02\/banjska-2.jpg","type":"image\/jpeg"}],"author":"US6","twitter_card":"summary_large_image","twitter_misc":{"Written by":"US6","Est. reading time":"2 minutes"},"schema":{"@context":"https:\/\/schema.org","@graph":[{"@type":"WebPage","@id":"https:\/\/veritasinfo.org\/?p=33440","url":"https:\/\/veritasinfo.org\/?p=33440","name":"Sulmi terrorist n\u00eb Banjsk\u00eb, mbahet edhe sot seanc\u00eb gjyq\u00ebsore -","isPartOf":{"@id":"https:\/\/veritasinfo.org\/#website"},"primaryImageOfPage":{"@id":"https:\/\/veritasinfo.org\/?p=33440#primaryimage"},"image":{"@id":"https:\/\/veritasinfo.org\/?p=33440#primaryimage"},"thumbnailUrl":"https:\/\/veritasinfo.org\/wp-content\/uploads\/2026\/02\/banjska-2.jpg","datePublished":"2026-02-19T07:37:31+00:00","author":{"@id":"https:\/\/veritasinfo.org\/#\/schema\/person\/fe199eede04c3937362892b7444747cc"},"breadcrumb":{"@id":"https:\/\/veritasinfo.org\/?p=33440#breadcrumb"},"inLanguage":"en-US","potentialAction":[{"@type":"ReadAction","target":["https:\/\/veritasinfo.org\/?p=33440"]}]},{"@type":"ImageObject","inLanguage":"en-US","@id":"https:\/\/veritasinfo.org\/?p=33440#primaryimage","url":"https:\/\/veritasinfo.org\/wp-content\/uploads\/2026\/02\/banjska-2.jpg","contentUrl":"https:\/\/veritasinfo.org\/wp-content\/uploads\/2026\/02\/banjska-2.jpg","width":1255,"height":701},{"@type":"BreadcrumbList","@id":"https:\/\/veritasinfo.org\/?p=33440#breadcrumb","itemListElement":[{"@type":"ListItem","position":1,"name":"Home","item":"https:\/\/veritasinfo.org\/"},{"@type":"ListItem","position":2,"name":"Sulmi terrorist n\u00eb Banjsk\u00eb, mbahet edhe sot seanc\u00eb gjyq\u00ebsore"}]},{"@type":"WebSite","@id":"https:\/\/veritasinfo.org\/#website","url":"https:\/\/veritasinfo.org\/","name":"","description":"","potentialAction":[{"@type":"SearchAction","target":{"@type":"EntryPoint","urlTemplate":"https:\/\/veritasinfo.org\/?s={search_term_string}"},"query-input":{"@type":"PropertyValueSpecification","valueRequired":true,"valueName":"search_term_string"}}],"inLanguage":"en-US"},{"@type":"Person","@id":"https:\/\/veritasinfo.org\/#\/schema\/person\/fe199eede04c3937362892b7444747cc","name":"US6","image":{"@type":"ImageObject","inLanguage":"en-US","@id":"https:\/\/veritasinfo.org\/#\/schema\/person\/image\/","url":"https:\/\/secure.gravatar.com\/avatar\/cb16c3c31c9d23b9b8c705964598220b3014e42ff51eb540ff23cefa3ae8c15f?s=96&d=mm&r=g","contentUrl":"https:\/\/secure.gravatar.com\/avatar\/cb16c3c31c9d23b9b8c705964598220b3014e42ff51eb540ff23cefa3ae8c15f?s=96&d=mm&r=g","caption":"US6"},"url":"https:\/\/veritasinfo.org\/?author=7"}]}},"featured_image_urls":{"full":["https:\/\/veritasinfo.org\/wp-content\/uploads\/2026\/02\/banjska-2.jpg",1255,701,false],"thumbnail":["https:\/\/veritasinfo.org\/wp-content\/uploads\/2026\/02\/banjska-2-150x150.jpg",150,150,true],"medium":["https:\/\/veritasinfo.org\/wp-content\/uploads\/2026\/02\/banjska-2-300x168.jpg",300,168,true],"medium_large":["https:\/\/veritasinfo.org\/wp-content\/uploads\/2026\/02\/banjska-2-768x429.jpg",640,358,true],"large":["https:\/\/veritasinfo.org\/wp-content\/uploads\/2026\/02\/banjska-2-1024x572.jpg",640,358,true],"1536x1536":["https:\/\/veritasinfo.org\/wp-content\/uploads\/2026\/02\/banjska-2.jpg",1255,701,false],"2048x2048":["https:\/\/veritasinfo.org\/wp-content\/uploads\/2026\/02\/banjska-2.jpg",1255,701,false],"kreeti-slider-full":["https:\/\/veritasinfo.org\/wp-content\/uploads\/2026\/02\/banjska-2.jpg",1255,701,false],"kreeti-featured":["https:\/\/veritasinfo.org\/wp-content\/uploads\/2026\/02\/banjska-2.jpg",1024,572,false],"kreeti-medium":["https:\/\/veritasinfo.org\/wp-content\/uploads\/2026\/02\/banjska-2.jpg",720,402,false],"kreeti-medium-square":["https:\/\/veritasinfo.org\/wp-content\/uploads\/2026\/02\/banjska-2.jpg",350,195,false]},"author_info":{"info":["US6"]},"category_info":"<a href=\"https:\/\/veritasinfo.org\/?cat=60\" rel=\"category\">Shoq\u00ebrore<\/a>","tag_info":"Shoq\u00ebrore","comment_count":"0","_links":{"self":[{"href":"https:\/\/veritasinfo.org\/index.php?rest_route=\/wp\/v2\/posts\/33440","targetHints":{"allow":["GET"]}}],"collection":[{"href":"https:\/\/veritasinfo.org\/index.php?rest_route=\/wp\/v2\/posts"}],"about":[{"href":"https:\/\/veritasinfo.org\/index.php?rest_route=\/wp\/v2\/types\/post"}],"author":[{"embeddable":true,"href":"https:\/\/veritasinfo.org\/index.php?rest_route=\/wp\/v2\/users\/7"}],"replies":[{"embeddable":true,"href":"https:\/\/veritasinfo.org\/index.php?rest_route=%2Fwp%2Fv2%2Fcomments&post=33440"}],"version-history":[{"count":1,"href":"https:\/\/veritasinfo.org\/index.php?rest_route=\/wp\/v2\/posts\/33440\/revisions"}],"predecessor-version":[{"id":33441,"href":"https:\/\/veritasinfo.org\/index.php?rest_route=\/wp\/v2\/posts\/33440\/revisions\/33441"}],"wp:featuredmedia":[{"embeddable":true,"href":"https:\/\/veritasinfo.org\/index.php?rest_route=\/wp\/v2\/media\/33431"}],"wp:attachment":[{"href":"https:\/\/veritasinfo.org\/index.php?rest_route=%2Fwp%2Fv2%2Fmedia&parent=33440"}],"wp:term":[{"taxonomy":"category","embeddable":true,"href":"https:\/\/veritasinfo.org\/index.php?rest_route=%2Fwp%2Fv2%2Fcategories&post=33440"},{"taxonomy":"post_tag","embeddable":true,"href":"https:\/\/veritasinfo.org\/index.php?rest_route=%2Fwp%2Fv2%2Ftags&post=33440"}],"curies":[{"name":"wp","href":"https:\/\/api.w.org\/{rel}","templated":true}]}}