{"id":3344,"date":"2025-07-10T19:42:46","date_gmt":"2025-07-10T17:42:46","guid":{"rendered":"https:\/\/veritasinfo.org\/?p=3344"},"modified":"2025-07-10T19:42:46","modified_gmt":"2025-07-10T17:42:46","slug":"prokuroria-speciale-urdheron-hetime-per-projektin-e-urave-ne-mitrovice","status":"publish","type":"post","link":"https:\/\/veritasinfo.org\/?p=3344","title":{"rendered":"Prokuroria Speciale urdh\u00ebron hetime p\u00ebr projektin e urave n\u00eb Mitrovic\u00eb"},"content":{"rendered":"<p>Prishtin\u00eb, 10 Korrik 2025<\/p>\n<p>Prokuroria Speciale ka konfirmuar se ka nisur hetimet p\u00ebr \u00e7\u00ebshtjen e kontrat\u00ebs p\u00ebr nd\u00ebrtimin e urave t\u00eb reja mbi lumin Ib\u00ebr n\u00eb Mitrovic\u00eb.<\/p>\n<p>N\u00eb nj\u00eb p\u00ebrgjigje p\u00ebr KOH\u00cbN, Prokuroria Speciale ka th\u00ebn\u00eb se nuk ka kompetenc\u00eb t\u00eb vler\u00ebsoj\u00eb apo miratoj\u00eb ndonj\u00eb projekt infrastrukturor, por se e ka p\u00ebr detyr\u00eb t\u00eb veproj\u00eb kur ka dyshime p\u00ebr keqp\u00ebrdorim t\u00eb fondeve publike.<\/p>\n<p>\u201cProkuroria Speciale nuk e ka n\u00eb kompentenc\u00eb t\u00eb vler\u00ebsoj\u00eb apo t\u00eb aprovoj\u00eb ndonj\u00eb projekt infrastrukturor, por theksojm\u00eb se roli i PS-s\u00eb \u00ebsht\u00eb t\u00eb veproj\u00eb bazuar n\u00eb ligjet n\u00eb fuqi, n\u00eb rastet kur ekzistojn\u00eb dyshime p\u00ebr keqp\u00ebrdorim t\u00eb fondeve publike. PS-ja, n\u00ebp\u00ebrmjet pes\u00eb prokuror\u00ebve t\u00eb angazhuar, i ka aktualisht n\u00eb trajtim af\u00ebr 2 mij\u00eb kontrata nj\u00eb burimore.<\/p>\n<p>Bazuar n\u00eb k\u00ebt\u00eb, Prokuroria Speciale ka autorizuar Policin\u00eb e Kosov\u00ebs t\u00eb nd\u00ebrmarr\u00eb veprimet e nevojshme hetimore me q\u00ebllim t\u00eb konstatimit t\u00eb drejt\u00eb t\u00eb gjendjes faktike p\u00ebr t\u00eb gjitha dyshimet lidhur me rastin, n\u00eb p\u00ebrputhje me Kodin e Procedur\u00ebs Penale.<\/p>\n<p>Ky hetim nuk ka t\u00eb b\u00ebj\u00eb me ndonj\u00eb kund\u00ebrshtim ndaj projektit n\u00eb fjal\u00eb, por me p\u00ebrmbushjen e obligimeve ligjore, n\u00eb mbrojtje t\u00eb interesit publik dhe sundimit t\u00eb ligjit, n\u00eb m\u00ebnyr\u00eb q\u00eb t\u00eb garantohet nj\u00eb administrim i drejt\u00eb dhe ligjor i resurseve publike\u201d, thuhet n\u00eb p\u00ebrgjigjen e k\u00ebsaj Prokurorie t\u00eb enjten pasdite, pas raportimeve se ajo po e heton nd\u00ebrtimin e dy urave t\u00eb reja.<\/p>\n<p>M\u00eb 1 korrik, u vun\u00eb gurthemelet e dy urave t\u00eb reja q\u00eb lidhin qytetin e Mitrovic\u00ebs.<\/p>\n<p>Nd\u00ebrtimi i tyre u nis pas memorandumit t\u00eb bashk\u00ebpunimit p\u00ebr mb\u00ebshtetje t\u00eb projekteve infrastrukturore mes komunave dhe ministris\u00eb.<\/p>\n<p>Urat e reja po nd\u00ebrtohen pran\u00eb ur\u00ebs kryesore mbi Ib\u00ebr, e cila \u00ebsht\u00eb pjes\u00eb e Marr\u00ebveshjes p\u00ebr Lirin\u00eb e L\u00ebvizjes t\u00eb arritur n\u00eb kuad\u00ebr t\u00eb dialogut Kosov\u00eb-Serbi.<\/p>\n<p>Qeveria e Kosov\u00ebs kishte paralajm\u00ebruar hapjen e ur\u00ebs p\u00ebr komunikacion n\u00eb korrik t\u00eb vitit t\u00eb kaluar, por kjo nuk \u00ebsht\u00eb b\u00ebr\u00eb ende. Paralajm\u00ebrimi pati nxitur reagim nd\u00ebrkomb\u00ebtar.<\/p>\n","protected":false},"excerpt":{"rendered":"<p>Prishtin\u00eb, 10 Korrik 2025 Prokuroria Speciale ka konfirmuar se ka nisur hetimet p\u00ebr \u00e7\u00ebshtjen e kontrat\u00ebs p\u00ebr nd\u00ebrtimin e urave t\u00eb reja mbi lumin Ib\u00ebr<\/p>\n","protected":false},"author":1,"featured_media":3345,"comment_status":"open","ping_status":"open","sticky":false,"template":"","format":"standard","meta":{"footnotes":""},"categories":[60],"tags":[],"class_list":["post-3344","post","type-post","status-publish","format-standard","has-post-thumbnail","hentry","category-shoqerore-sq"],"yoast_head":"<!-- This site is optimized with the Yoast SEO plugin v25.3.1 - https:\/\/yoast.com\/wordpress\/plugins\/seo\/ -->\n<title>Prokuroria Speciale urdh\u00ebron hetime p\u00ebr projektin e urave n\u00eb Mitrovic\u00eb -<\/title>\n<meta name=\"robots\" content=\"index, follow, max-snippet:-1, max-image-preview:large, max-video-preview:-1\" \/>\n<link rel=\"canonical\" href=\"https:\/\/veritasinfo.org\/?p=3344\" \/>\n<meta property=\"og:locale\" content=\"en_US\" \/>\n<meta property=\"og:type\" content=\"article\" \/>\n<meta property=\"og:title\" content=\"Prokuroria Speciale urdh\u00ebron hetime p\u00ebr projektin e urave n\u00eb Mitrovic\u00eb -\" \/>\n<meta property=\"og:description\" content=\"Prishtin\u00eb, 10 Korrik 2025 Prokuroria Speciale ka konfirmuar se ka nisur hetimet p\u00ebr \u00e7\u00ebshtjen e kontrat\u00ebs p\u00ebr nd\u00ebrtimin e urave t\u00eb reja mbi lumin Ib\u00ebr\" \/>\n<meta property=\"og:url\" content=\"https:\/\/veritasinfo.org\/?p=3344\" \/>\n<meta property=\"article:published_time\" content=\"2025-07-10T17:42:46+00:00\" \/>\n<meta property=\"og:image\" content=\"https:\/\/veritasinfo.org\/wp-content\/uploads\/2025\/07\/IMG_0950.webp\" \/>\n\t<meta property=\"og:image:width\" content=\"1360\" \/>\n\t<meta property=\"og:image:height\" content=\"870\" \/>\n\t<meta property=\"og:image:type\" content=\"image\/webp\" \/>\n<meta name=\"author\" content=\"admin\" \/>\n<meta name=\"twitter:card\" content=\"summary_large_image\" \/>\n<meta name=\"twitter:label1\" content=\"Written by\" \/>\n\t<meta name=\"twitter:data1\" content=\"admin\" \/>\n\t<meta name=\"twitter:label2\" content=\"Est. reading time\" \/>\n\t<meta name=\"twitter:data2\" content=\"2 minutes\" \/>\n<script type=\"application\/ld+json\" class=\"yoast-schema-graph\">{\"@context\":\"https:\/\/schema.org\",\"@graph\":[{\"@type\":\"WebPage\",\"@id\":\"https:\/\/veritasinfo.org\/?p=3344\",\"url\":\"https:\/\/veritasinfo.org\/?p=3344\",\"name\":\"Prokuroria Speciale urdh\u00ebron hetime p\u00ebr projektin e urave n\u00eb Mitrovic\u00eb -\",\"isPartOf\":{\"@id\":\"https:\/\/veritasinfo.org\/#website\"},\"primaryImageOfPage\":{\"@id\":\"https:\/\/veritasinfo.org\/?p=3344#primaryimage\"},\"image\":{\"@id\":\"https:\/\/veritasinfo.org\/?p=3344#primaryimage\"},\"thumbnailUrl\":\"https:\/\/veritasinfo.org\/wp-content\/uploads\/2025\/07\/IMG_0950.webp\",\"datePublished\":\"2025-07-10T17:42:46+00:00\",\"author\":{\"@id\":\"https:\/\/veritasinfo.org\/#\/schema\/person\/7701f8c088bece422266b100a712374f\"},\"breadcrumb\":{\"@id\":\"https:\/\/veritasinfo.org\/?p=3344#breadcrumb\"},\"inLanguage\":\"en-US\",\"potentialAction\":[{\"@type\":\"ReadAction\",\"target\":[\"https:\/\/veritasinfo.org\/?p=3344\"]}]},{\"@type\":\"ImageObject\",\"inLanguage\":\"en-US\",\"@id\":\"https:\/\/veritasinfo.org\/?p=3344#primaryimage\",\"url\":\"https:\/\/veritasinfo.org\/wp-content\/uploads\/2025\/07\/IMG_0950.webp\",\"contentUrl\":\"https:\/\/veritasinfo.org\/wp-content\/uploads\/2025\/07\/IMG_0950.webp\",\"width\":1360,\"height\":870},{\"@type\":\"BreadcrumbList\",\"@id\":\"https:\/\/veritasinfo.org\/?p=3344#breadcrumb\",\"itemListElement\":[{\"@type\":\"ListItem\",\"position\":1,\"name\":\"Home\",\"item\":\"https:\/\/veritasinfo.org\/\"},{\"@type\":\"ListItem\",\"position\":2,\"name\":\"Prokuroria Speciale urdh\u00ebron hetime p\u00ebr projektin e urave n\u00eb Mitrovic\u00eb\"}]},{\"@type\":\"WebSite\",\"@id\":\"https:\/\/veritasinfo.org\/#website\",\"url\":\"https:\/\/veritasinfo.org\/\",\"name\":\"\",\"description\":\"\",\"potentialAction\":[{\"@type\":\"SearchAction\",\"target\":{\"@type\":\"EntryPoint\",\"urlTemplate\":\"https:\/\/veritasinfo.org\/?s={search_term_string}\"},\"query-input\":{\"@type\":\"PropertyValueSpecification\",\"valueRequired\":true,\"valueName\":\"search_term_string\"}}],\"inLanguage\":\"en-US\"},{\"@type\":\"Person\",\"@id\":\"https:\/\/veritasinfo.org\/#\/schema\/person\/7701f8c088bece422266b100a712374f\",\"name\":\"admin\",\"image\":{\"@type\":\"ImageObject\",\"inLanguage\":\"en-US\",\"@id\":\"https:\/\/veritasinfo.org\/#\/schema\/person\/image\/\",\"url\":\"https:\/\/secure.gravatar.com\/avatar\/ea53aa3bf6c9a12d5fde8ce4deff43fef3885ae33cf60184161a50d6987cfd2f?s=96&d=mm&r=g\",\"contentUrl\":\"https:\/\/secure.gravatar.com\/avatar\/ea53aa3bf6c9a12d5fde8ce4deff43fef3885ae33cf60184161a50d6987cfd2f?s=96&d=mm&r=g\",\"caption\":\"admin\"},\"sameAs\":[\"https:\/\/veritasinfo.org\"],\"url\":\"https:\/\/veritasinfo.org\/?author=1\"}]}<\/script>\n<!-- \/ Yoast SEO plugin. -->","yoast_head_json":{"title":"Prokuroria Speciale urdh\u00ebron hetime p\u00ebr projektin e urave n\u00eb Mitrovic\u00eb -","robots":{"index":"index","follow":"follow","max-snippet":"max-snippet:-1","max-image-preview":"max-image-preview:large","max-video-preview":"max-video-preview:-1"},"canonical":"https:\/\/veritasinfo.org\/?p=3344","og_locale":"en_US","og_type":"article","og_title":"Prokuroria Speciale urdh\u00ebron hetime p\u00ebr projektin e urave n\u00eb Mitrovic\u00eb -","og_description":"Prishtin\u00eb, 10 Korrik 2025 Prokuroria Speciale ka konfirmuar se ka nisur hetimet p\u00ebr \u00e7\u00ebshtjen e kontrat\u00ebs p\u00ebr nd\u00ebrtimin e urave t\u00eb reja mbi lumin Ib\u00ebr","og_url":"https:\/\/veritasinfo.org\/?p=3344","article_published_time":"2025-07-10T17:42:46+00:00","og_image":[{"width":1360,"height":870,"url":"https:\/\/veritasinfo.org\/wp-content\/uploads\/2025\/07\/IMG_0950.webp","type":"image\/webp"}],"author":"admin","twitter_card":"summary_large_image","twitter_misc":{"Written by":"admin","Est. reading time":"2 minutes"},"schema":{"@context":"https:\/\/schema.org","@graph":[{"@type":"WebPage","@id":"https:\/\/veritasinfo.org\/?p=3344","url":"https:\/\/veritasinfo.org\/?p=3344","name":"Prokuroria Speciale urdh\u00ebron hetime p\u00ebr projektin e urave n\u00eb Mitrovic\u00eb -","isPartOf":{"@id":"https:\/\/veritasinfo.org\/#website"},"primaryImageOfPage":{"@id":"https:\/\/veritasinfo.org\/?p=3344#primaryimage"},"image":{"@id":"https:\/\/veritasinfo.org\/?p=3344#primaryimage"},"thumbnailUrl":"https:\/\/veritasinfo.org\/wp-content\/uploads\/2025\/07\/IMG_0950.webp","datePublished":"2025-07-10T17:42:46+00:00","author":{"@id":"https:\/\/veritasinfo.org\/#\/schema\/person\/7701f8c088bece422266b100a712374f"},"breadcrumb":{"@id":"https:\/\/veritasinfo.org\/?p=3344#breadcrumb"},"inLanguage":"en-US","potentialAction":[{"@type":"ReadAction","target":["https:\/\/veritasinfo.org\/?p=3344"]}]},{"@type":"ImageObject","inLanguage":"en-US","@id":"https:\/\/veritasinfo.org\/?p=3344#primaryimage","url":"https:\/\/veritasinfo.org\/wp-content\/uploads\/2025\/07\/IMG_0950.webp","contentUrl":"https:\/\/veritasinfo.org\/wp-content\/uploads\/2025\/07\/IMG_0950.webp","width":1360,"height":870},{"@type":"BreadcrumbList","@id":"https:\/\/veritasinfo.org\/?p=3344#breadcrumb","itemListElement":[{"@type":"ListItem","position":1,"name":"Home","item":"https:\/\/veritasinfo.org\/"},{"@type":"ListItem","position":2,"name":"Prokuroria Speciale urdh\u00ebron hetime p\u00ebr projektin e urave n\u00eb Mitrovic\u00eb"}]},{"@type":"WebSite","@id":"https:\/\/veritasinfo.org\/#website","url":"https:\/\/veritasinfo.org\/","name":"","description":"","potentialAction":[{"@type":"SearchAction","target":{"@type":"EntryPoint","urlTemplate":"https:\/\/veritasinfo.org\/?s={search_term_string}"},"query-input":{"@type":"PropertyValueSpecification","valueRequired":true,"valueName":"search_term_string"}}],"inLanguage":"en-US"},{"@type":"Person","@id":"https:\/\/veritasinfo.org\/#\/schema\/person\/7701f8c088bece422266b100a712374f","name":"admin","image":{"@type":"ImageObject","inLanguage":"en-US","@id":"https:\/\/veritasinfo.org\/#\/schema\/person\/image\/","url":"https:\/\/secure.gravatar.com\/avatar\/ea53aa3bf6c9a12d5fde8ce4deff43fef3885ae33cf60184161a50d6987cfd2f?s=96&d=mm&r=g","contentUrl":"https:\/\/secure.gravatar.com\/avatar\/ea53aa3bf6c9a12d5fde8ce4deff43fef3885ae33cf60184161a50d6987cfd2f?s=96&d=mm&r=g","caption":"admin"},"sameAs":["https:\/\/veritasinfo.org"],"url":"https:\/\/veritasinfo.org\/?author=1"}]}},"featured_image_urls":{"full":["https:\/\/veritasinfo.org\/wp-content\/uploads\/2025\/07\/IMG_0950.webp",1360,870,false],"thumbnail":["https:\/\/veritasinfo.org\/wp-content\/uploads\/2025\/07\/IMG_0950-150x150.webp",150,150,true],"medium":["https:\/\/veritasinfo.org\/wp-content\/uploads\/2025\/07\/IMG_0950-300x192.webp",300,192,true],"medium_large":["https:\/\/veritasinfo.org\/wp-content\/uploads\/2025\/07\/IMG_0950-768x491.webp",640,409,true],"large":["https:\/\/veritasinfo.org\/wp-content\/uploads\/2025\/07\/IMG_0950-1024x655.webp",640,409,true],"1536x1536":["https:\/\/veritasinfo.org\/wp-content\/uploads\/2025\/07\/IMG_0950.webp",1360,870,false],"2048x2048":["https:\/\/veritasinfo.org\/wp-content\/uploads\/2025\/07\/IMG_0950.webp",1360,870,false],"kreeti-slider-full":["https:\/\/veritasinfo.org\/wp-content\/uploads\/2025\/07\/IMG_0950.webp",1126,720,false],"kreeti-featured":["https:\/\/veritasinfo.org\/wp-content\/uploads\/2025\/07\/IMG_0950.webp",1024,655,false],"kreeti-medium":["https:\/\/veritasinfo.org\/wp-content\/uploads\/2025\/07\/IMG_0950.webp",720,461,false],"kreeti-medium-square":["https:\/\/veritasinfo.org\/wp-content\/uploads\/2025\/07\/IMG_0950.webp",350,224,false]},"author_info":{"info":["admin"]},"category_info":"<a href=\"https:\/\/veritasinfo.org\/?cat=60\" rel=\"category\">Shoq\u00ebrore<\/a>","tag_info":"Shoq\u00ebrore","comment_count":"0","_links":{"self":[{"href":"https:\/\/veritasinfo.org\/index.php?rest_route=\/wp\/v2\/posts\/3344","targetHints":{"allow":["GET"]}}],"collection":[{"href":"https:\/\/veritasinfo.org\/index.php?rest_route=\/wp\/v2\/posts"}],"about":[{"href":"https:\/\/veritasinfo.org\/index.php?rest_route=\/wp\/v2\/types\/post"}],"author":[{"embeddable":true,"href":"https:\/\/veritasinfo.org\/index.php?rest_route=\/wp\/v2\/users\/1"}],"replies":[{"embeddable":true,"href":"https:\/\/veritasinfo.org\/index.php?rest_route=%2Fwp%2Fv2%2Fcomments&post=3344"}],"version-history":[{"count":1,"href":"https:\/\/veritasinfo.org\/index.php?rest_route=\/wp\/v2\/posts\/3344\/revisions"}],"predecessor-version":[{"id":3346,"href":"https:\/\/veritasinfo.org\/index.php?rest_route=\/wp\/v2\/posts\/3344\/revisions\/3346"}],"wp:featuredmedia":[{"embeddable":true,"href":"https:\/\/veritasinfo.org\/index.php?rest_route=\/wp\/v2\/media\/3345"}],"wp:attachment":[{"href":"https:\/\/veritasinfo.org\/index.php?rest_route=%2Fwp%2Fv2%2Fmedia&parent=3344"}],"wp:term":[{"taxonomy":"category","embeddable":true,"href":"https:\/\/veritasinfo.org\/index.php?rest_route=%2Fwp%2Fv2%2Fcategories&post=3344"},{"taxonomy":"post_tag","embeddable":true,"href":"https:\/\/veritasinfo.org\/index.php?rest_route=%2Fwp%2Fv2%2Ftags&post=3344"}],"curies":[{"name":"wp","href":"https:\/\/api.w.org\/{rel}","templated":true}]}}