{"id":33433,"date":"2026-02-19T08:31:38","date_gmt":"2026-02-19T07:31:38","guid":{"rendered":"https:\/\/veritasinfo.org\/?p=33433"},"modified":"2026-02-19T08:32:05","modified_gmt":"2026-02-19T07:32:05","slug":"sot-mbledhja-e-pare-e-bordit-te-paqes-kosoven-e-perfaqeson-osmani","status":"publish","type":"post","link":"https:\/\/veritasinfo.org\/?p=33433","title":{"rendered":"Sot mbledhja e par\u00eb e Bordit t\u00eb Paqes, Kosov\u00ebn e p\u00ebrfaq\u00ebson Osmani"},"content":{"rendered":"<p>Prishtin\u00eb, 19 shkurt 2026 08:30<\/p>\n<p>Presidenti amerikan, Donald Trump do t\u00eb udh\u00ebheq\u00eb sot n\u00eb Uashington mbledhjen e par\u00eb t\u00eb nj\u00eb strukture t\u00eb re nd\u00ebrkomb\u00ebtare t\u00eb quajtur Bordi i Paqes, e krijuar p\u00ebr t\u00eb zgjidhur situat\u00ebn n\u00eb Rripin e Gaz\u00ebs.<\/p>\n<p>Sipas Reuters, takimi, q\u00eb pritet t\u00eb p\u00ebrfshij\u00eb p\u00ebrfaq\u00ebsues nga mbi 45 vende plus Bashkimi Evropian, mbahet nd\u00ebrsa mbeten ende pa u zgjidhur \u00e7\u00ebshtje kryesore lidhur me paqen dhe stabilitetin n\u00eb Gaza.<\/p>\n<p>N\u00eb takim do t\u00eb jen\u00eb kryetarja e Kosov\u00ebs, Vjosa Osmani, dhe kryeministri i Shqip\u00ebris\u00eb, Edi Rama.<\/p>\n<p>N\u00eb rendin e dit\u00ebs jan\u00eb probleme t\u00eb r\u00ebnd\u00ebsishme si \u00e7armatimi i luft\u00ebtar\u00ebve t\u00eb Hamasit, madh\u00ebsia e fondit p\u00ebr rind\u00ebrtimin e zon\u00ebs dhe m\u00ebnyra e shp\u00ebrndarjes s\u00eb ndihm\u00ebs humanitare p\u00ebr popullsin\u00eb e prekur nga lufta.<\/p>\n<p>Zyrtar\u00eb amerikan\u00eb thon\u00eb se vendet pjes\u00ebmarr\u00ebse kan\u00eb mbledhur rreth 5,0 miliard\u00eb dollar\u00eb p\u00ebr fondin e rind\u00ebrtimit, por pritet q\u00eb kjo shum\u00eb t\u00eb jet\u00eb vet\u00ebm nj\u00eb fillim, pasi nevojat reale jan\u00eb duksh\u00ebm m\u00eb t\u00eb m\u00ebdha.<\/p>\n<p>N\u00eb k\u00ebt\u00eb shum\u00eb p\u00ebrfshihen, sipas zyrtar\u00ebve, edhe kontribute prej rreth 1,2 miliard\u00eb dollar\u00eb nga EBA dhe Kuvajti.<\/p>\n<p>Takimi mbahet n\u00eb objektin e ri t\u00eb rinjohur si \u201dDonald J. Trump U.S. Institute of Peace\u201d, q\u00eb Trump e ka em\u00ebruar p\u00ebr vete, dhe pritet t\u00eb sh\u00ebrbej\u00eb si platform\u00eb p\u00ebr diskutuese mbi nj\u00eb plan m\u00eb t\u00eb gjer\u00eb paqeje.<\/p>\n<p>Bordi i Paqes ka qen\u00eb objekt kritikash, pasi p\u00ebrfshin Izraelin, por nuk ka p\u00ebrfshir\u00eb p\u00ebrfaq\u00ebsues palestinez\u00eb, gj\u00eb q\u00eb ka ngjallur shqet\u00ebsime se p\u00ebrpjekja mund t\u00eb minoj\u00eb rolin e OKB-s\u00eb si instanc\u00eb kryesore p\u00ebr zgjidhjen e konflikteve.<\/p>\n<p>Gjithashtu pritet q\u00eb Trump t\u00eb njoftoj\u00eb se disa vende kan\u00eb planifikuar t\u00eb d\u00ebrgojn\u00eb mij\u00ebra trupa nd\u00ebrkomb\u00ebtar\u00eb n\u00eb nj\u00eb forc\u00eb stabilizimi p\u00ebr Gaz\u00ebn, por vendosja e tyre do t\u00eb varet nga \u00e7armatimi i Hamasit, i cili mbetet nj\u00eb pik\u00eb ky\u00e7e e pazgjidhur.<\/p>\n<p>M\u00eb shum\u00eb se 45 delegacione nga vende t\u00eb ndryshme do t\u00eb marrin pjes\u00eb, por an\u00ebtar\u00eb t\u00eb p\u00ebrhersh\u00ebm t\u00eb K\u00ebshillit t\u00eb Sigurimit t\u00eb OKB-s\u00eb si Franca, BM, Rusia dhe Kina pritet t\u00eb mos jen\u00eb t\u00eb pranishme.<\/p>\n<p>N\u00eb mesin e fol\u00ebsve t\u00eb takimit pritet t\u00eb jen\u00eb gjithashtu emra si sekretari amerikan i Shtetit, Marco Rubio, p\u00ebrfaq\u00ebsuesit e SHBA-s\u00eb dhe figura t\u00eb tjera t\u00eb huaja, p\u00ebrfshir\u00eb ish-kryeministrin britanik, Tony Blair.<\/p>\n","protected":false},"excerpt":{"rendered":"<p>Prishtin\u00eb, 19 shkurt 2026 08:30 Presidenti amerikan, Donald Trump do t\u00eb udh\u00ebheq\u00eb sot n\u00eb Uashington mbledhjen e par\u00eb t\u00eb nj\u00eb strukture t\u00eb re nd\u00ebrkomb\u00ebtare t\u00eb<\/p>\n","protected":false},"author":7,"featured_media":33437,"comment_status":"open","ping_status":"open","sticky":false,"template":"","format":"standard","meta":{"footnotes":""},"categories":[58],"tags":[],"class_list":["post-33433","post","type-post","status-publish","format-standard","has-post-thumbnail","hentry","category-politike-sq"],"yoast_head":"<!-- This site is optimized with the Yoast SEO plugin v25.3.1 - https:\/\/yoast.com\/wordpress\/plugins\/seo\/ -->\n<title>Sot mbledhja e par\u00eb e Bordit t\u00eb Paqes, Kosov\u00ebn e p\u00ebrfaq\u00ebson Osmani -<\/title>\n<meta name=\"robots\" content=\"index, follow, max-snippet:-1, max-image-preview:large, max-video-preview:-1\" \/>\n<link rel=\"canonical\" href=\"https:\/\/veritasinfo.org\/?p=33433\" \/>\n<meta property=\"og:locale\" content=\"en_US\" \/>\n<meta property=\"og:type\" content=\"article\" \/>\n<meta property=\"og:title\" content=\"Sot mbledhja e par\u00eb e Bordit t\u00eb Paqes, Kosov\u00ebn e p\u00ebrfaq\u00ebson Osmani -\" \/>\n<meta property=\"og:description\" content=\"Prishtin\u00eb, 19 shkurt 2026 08:30 Presidenti amerikan, Donald Trump do t\u00eb udh\u00ebheq\u00eb sot n\u00eb Uashington mbledhjen e par\u00eb t\u00eb nj\u00eb strukture t\u00eb re nd\u00ebrkomb\u00ebtare t\u00eb\" \/>\n<meta property=\"og:url\" content=\"https:\/\/veritasinfo.org\/?p=33433\" \/>\n<meta property=\"article:published_time\" content=\"2026-02-19T07:31:38+00:00\" \/>\n<meta property=\"article:modified_time\" content=\"2026-02-19T07:32:05+00:00\" \/>\n<meta property=\"og:image\" content=\"https:\/\/veritasinfo.org\/wp-content\/uploads\/2026\/02\/0-15.jpg\" \/>\n\t<meta property=\"og:image:width\" content=\"1600\" \/>\n\t<meta property=\"og:image:height\" content=\"1102\" \/>\n\t<meta property=\"og:image:type\" content=\"image\/jpeg\" \/>\n<meta name=\"author\" content=\"US6\" \/>\n<meta name=\"twitter:card\" content=\"summary_large_image\" \/>\n<meta name=\"twitter:label1\" content=\"Written by\" \/>\n\t<meta name=\"twitter:data1\" content=\"US6\" \/>\n\t<meta name=\"twitter:label2\" content=\"Est. reading time\" \/>\n\t<meta name=\"twitter:data2\" content=\"2 minutes\" \/>\n<script type=\"application\/ld+json\" class=\"yoast-schema-graph\">{\"@context\":\"https:\/\/schema.org\",\"@graph\":[{\"@type\":\"WebPage\",\"@id\":\"https:\/\/veritasinfo.org\/?p=33433\",\"url\":\"https:\/\/veritasinfo.org\/?p=33433\",\"name\":\"Sot mbledhja e par\u00eb e Bordit t\u00eb Paqes, Kosov\u00ebn e p\u00ebrfaq\u00ebson Osmani -\",\"isPartOf\":{\"@id\":\"https:\/\/veritasinfo.org\/#website\"},\"primaryImageOfPage\":{\"@id\":\"https:\/\/veritasinfo.org\/?p=33433#primaryimage\"},\"image\":{\"@id\":\"https:\/\/veritasinfo.org\/?p=33433#primaryimage\"},\"thumbnailUrl\":\"https:\/\/veritasinfo.org\/wp-content\/uploads\/2026\/02\/0-15.jpg\",\"datePublished\":\"2026-02-19T07:31:38+00:00\",\"dateModified\":\"2026-02-19T07:32:05+00:00\",\"author\":{\"@id\":\"https:\/\/veritasinfo.org\/#\/schema\/person\/fe199eede04c3937362892b7444747cc\"},\"breadcrumb\":{\"@id\":\"https:\/\/veritasinfo.org\/?p=33433#breadcrumb\"},\"inLanguage\":\"en-US\",\"potentialAction\":[{\"@type\":\"ReadAction\",\"target\":[\"https:\/\/veritasinfo.org\/?p=33433\"]}]},{\"@type\":\"ImageObject\",\"inLanguage\":\"en-US\",\"@id\":\"https:\/\/veritasinfo.org\/?p=33433#primaryimage\",\"url\":\"https:\/\/veritasinfo.org\/wp-content\/uploads\/2026\/02\/0-15.jpg\",\"contentUrl\":\"https:\/\/veritasinfo.org\/wp-content\/uploads\/2026\/02\/0-15.jpg\",\"width\":1600,\"height\":1102},{\"@type\":\"BreadcrumbList\",\"@id\":\"https:\/\/veritasinfo.org\/?p=33433#breadcrumb\",\"itemListElement\":[{\"@type\":\"ListItem\",\"position\":1,\"name\":\"Home\",\"item\":\"https:\/\/veritasinfo.org\/\"},{\"@type\":\"ListItem\",\"position\":2,\"name\":\"Sot mbledhja e par\u00eb e Bordit t\u00eb Paqes, Kosov\u00ebn e p\u00ebrfaq\u00ebson Osmani\"}]},{\"@type\":\"WebSite\",\"@id\":\"https:\/\/veritasinfo.org\/#website\",\"url\":\"https:\/\/veritasinfo.org\/\",\"name\":\"\",\"description\":\"\",\"potentialAction\":[{\"@type\":\"SearchAction\",\"target\":{\"@type\":\"EntryPoint\",\"urlTemplate\":\"https:\/\/veritasinfo.org\/?s={search_term_string}\"},\"query-input\":{\"@type\":\"PropertyValueSpecification\",\"valueRequired\":true,\"valueName\":\"search_term_string\"}}],\"inLanguage\":\"en-US\"},{\"@type\":\"Person\",\"@id\":\"https:\/\/veritasinfo.org\/#\/schema\/person\/fe199eede04c3937362892b7444747cc\",\"name\":\"US6\",\"image\":{\"@type\":\"ImageObject\",\"inLanguage\":\"en-US\",\"@id\":\"https:\/\/veritasinfo.org\/#\/schema\/person\/image\/\",\"url\":\"https:\/\/secure.gravatar.com\/avatar\/cb16c3c31c9d23b9b8c705964598220b3014e42ff51eb540ff23cefa3ae8c15f?s=96&d=mm&r=g\",\"contentUrl\":\"https:\/\/secure.gravatar.com\/avatar\/cb16c3c31c9d23b9b8c705964598220b3014e42ff51eb540ff23cefa3ae8c15f?s=96&d=mm&r=g\",\"caption\":\"US6\"},\"url\":\"https:\/\/veritasinfo.org\/?author=7\"}]}<\/script>\n<!-- \/ Yoast SEO plugin. -->","yoast_head_json":{"title":"Sot mbledhja e par\u00eb e Bordit t\u00eb Paqes, Kosov\u00ebn e p\u00ebrfaq\u00ebson Osmani -","robots":{"index":"index","follow":"follow","max-snippet":"max-snippet:-1","max-image-preview":"max-image-preview:large","max-video-preview":"max-video-preview:-1"},"canonical":"https:\/\/veritasinfo.org\/?p=33433","og_locale":"en_US","og_type":"article","og_title":"Sot mbledhja e par\u00eb e Bordit t\u00eb Paqes, Kosov\u00ebn e p\u00ebrfaq\u00ebson Osmani -","og_description":"Prishtin\u00eb, 19 shkurt 2026 08:30 Presidenti amerikan, Donald Trump do t\u00eb udh\u00ebheq\u00eb sot n\u00eb Uashington mbledhjen e par\u00eb t\u00eb nj\u00eb strukture t\u00eb re nd\u00ebrkomb\u00ebtare t\u00eb","og_url":"https:\/\/veritasinfo.org\/?p=33433","article_published_time":"2026-02-19T07:31:38+00:00","article_modified_time":"2026-02-19T07:32:05+00:00","og_image":[{"width":1600,"height":1102,"url":"https:\/\/veritasinfo.org\/wp-content\/uploads\/2026\/02\/0-15.jpg","type":"image\/jpeg"}],"author":"US6","twitter_card":"summary_large_image","twitter_misc":{"Written by":"US6","Est. reading time":"2 minutes"},"schema":{"@context":"https:\/\/schema.org","@graph":[{"@type":"WebPage","@id":"https:\/\/veritasinfo.org\/?p=33433","url":"https:\/\/veritasinfo.org\/?p=33433","name":"Sot mbledhja e par\u00eb e Bordit t\u00eb Paqes, Kosov\u00ebn e p\u00ebrfaq\u00ebson Osmani -","isPartOf":{"@id":"https:\/\/veritasinfo.org\/#website"},"primaryImageOfPage":{"@id":"https:\/\/veritasinfo.org\/?p=33433#primaryimage"},"image":{"@id":"https:\/\/veritasinfo.org\/?p=33433#primaryimage"},"thumbnailUrl":"https:\/\/veritasinfo.org\/wp-content\/uploads\/2026\/02\/0-15.jpg","datePublished":"2026-02-19T07:31:38+00:00","dateModified":"2026-02-19T07:32:05+00:00","author":{"@id":"https:\/\/veritasinfo.org\/#\/schema\/person\/fe199eede04c3937362892b7444747cc"},"breadcrumb":{"@id":"https:\/\/veritasinfo.org\/?p=33433#breadcrumb"},"inLanguage":"en-US","potentialAction":[{"@type":"ReadAction","target":["https:\/\/veritasinfo.org\/?p=33433"]}]},{"@type":"ImageObject","inLanguage":"en-US","@id":"https:\/\/veritasinfo.org\/?p=33433#primaryimage","url":"https:\/\/veritasinfo.org\/wp-content\/uploads\/2026\/02\/0-15.jpg","contentUrl":"https:\/\/veritasinfo.org\/wp-content\/uploads\/2026\/02\/0-15.jpg","width":1600,"height":1102},{"@type":"BreadcrumbList","@id":"https:\/\/veritasinfo.org\/?p=33433#breadcrumb","itemListElement":[{"@type":"ListItem","position":1,"name":"Home","item":"https:\/\/veritasinfo.org\/"},{"@type":"ListItem","position":2,"name":"Sot mbledhja e par\u00eb e Bordit t\u00eb Paqes, Kosov\u00ebn e p\u00ebrfaq\u00ebson Osmani"}]},{"@type":"WebSite","@id":"https:\/\/veritasinfo.org\/#website","url":"https:\/\/veritasinfo.org\/","name":"","description":"","potentialAction":[{"@type":"SearchAction","target":{"@type":"EntryPoint","urlTemplate":"https:\/\/veritasinfo.org\/?s={search_term_string}"},"query-input":{"@type":"PropertyValueSpecification","valueRequired":true,"valueName":"search_term_string"}}],"inLanguage":"en-US"},{"@type":"Person","@id":"https:\/\/veritasinfo.org\/#\/schema\/person\/fe199eede04c3937362892b7444747cc","name":"US6","image":{"@type":"ImageObject","inLanguage":"en-US","@id":"https:\/\/veritasinfo.org\/#\/schema\/person\/image\/","url":"https:\/\/secure.gravatar.com\/avatar\/cb16c3c31c9d23b9b8c705964598220b3014e42ff51eb540ff23cefa3ae8c15f?s=96&d=mm&r=g","contentUrl":"https:\/\/secure.gravatar.com\/avatar\/cb16c3c31c9d23b9b8c705964598220b3014e42ff51eb540ff23cefa3ae8c15f?s=96&d=mm&r=g","caption":"US6"},"url":"https:\/\/veritasinfo.org\/?author=7"}]}},"featured_image_urls":{"full":["https:\/\/veritasinfo.org\/wp-content\/uploads\/2026\/02\/0-15.jpg",1600,1102,false],"thumbnail":["https:\/\/veritasinfo.org\/wp-content\/uploads\/2026\/02\/0-15-150x150.jpg",150,150,true],"medium":["https:\/\/veritasinfo.org\/wp-content\/uploads\/2026\/02\/0-15-300x207.jpg",300,207,true],"medium_large":["https:\/\/veritasinfo.org\/wp-content\/uploads\/2026\/02\/0-15-768x529.jpg",640,441,true],"large":["https:\/\/veritasinfo.org\/wp-content\/uploads\/2026\/02\/0-15-1024x705.jpg",640,441,true],"1536x1536":["https:\/\/veritasinfo.org\/wp-content\/uploads\/2026\/02\/0-15-1536x1058.jpg",1536,1058,true],"2048x2048":["https:\/\/veritasinfo.org\/wp-content\/uploads\/2026\/02\/0-15.jpg",1600,1102,false],"kreeti-slider-full":["https:\/\/veritasinfo.org\/wp-content\/uploads\/2026\/02\/0-15.jpg",1045,720,false],"kreeti-featured":["https:\/\/veritasinfo.org\/wp-content\/uploads\/2026\/02\/0-15.jpg",1024,705,false],"kreeti-medium":["https:\/\/veritasinfo.org\/wp-content\/uploads\/2026\/02\/0-15.jpg",720,496,false],"kreeti-medium-square":["https:\/\/veritasinfo.org\/wp-content\/uploads\/2026\/02\/0-15.jpg",350,241,false]},"author_info":{"info":["US6"]},"category_info":"<a href=\"https:\/\/veritasinfo.org\/?cat=58\" rel=\"category\">Politik\u00eb<\/a>","tag_info":"Politik\u00eb","comment_count":"0","_links":{"self":[{"href":"https:\/\/veritasinfo.org\/index.php?rest_route=\/wp\/v2\/posts\/33433","targetHints":{"allow":["GET"]}}],"collection":[{"href":"https:\/\/veritasinfo.org\/index.php?rest_route=\/wp\/v2\/posts"}],"about":[{"href":"https:\/\/veritasinfo.org\/index.php?rest_route=\/wp\/v2\/types\/post"}],"author":[{"embeddable":true,"href":"https:\/\/veritasinfo.org\/index.php?rest_route=\/wp\/v2\/users\/7"}],"replies":[{"embeddable":true,"href":"https:\/\/veritasinfo.org\/index.php?rest_route=%2Fwp%2Fv2%2Fcomments&post=33433"}],"version-history":[{"count":1,"href":"https:\/\/veritasinfo.org\/index.php?rest_route=\/wp\/v2\/posts\/33433\/revisions"}],"predecessor-version":[{"id":33438,"href":"https:\/\/veritasinfo.org\/index.php?rest_route=\/wp\/v2\/posts\/33433\/revisions\/33438"}],"wp:featuredmedia":[{"embeddable":true,"href":"https:\/\/veritasinfo.org\/index.php?rest_route=\/wp\/v2\/media\/33437"}],"wp:attachment":[{"href":"https:\/\/veritasinfo.org\/index.php?rest_route=%2Fwp%2Fv2%2Fmedia&parent=33433"}],"wp:term":[{"taxonomy":"category","embeddable":true,"href":"https:\/\/veritasinfo.org\/index.php?rest_route=%2Fwp%2Fv2%2Fcategories&post=33433"},{"taxonomy":"post_tag","embeddable":true,"href":"https:\/\/veritasinfo.org\/index.php?rest_route=%2Fwp%2Fv2%2Ftags&post=33433"}],"curies":[{"name":"wp","href":"https:\/\/api.w.org\/{rel}","templated":true}]}}