{"id":33418,"date":"2026-02-19T08:21:06","date_gmt":"2026-02-19T07:21:06","guid":{"rendered":"https:\/\/veritasinfo.org\/?p=33418"},"modified":"2026-02-19T08:21:06","modified_gmt":"2026-02-19T07:21:06","slug":"ambasadori-rudolph-per-kosoven-lidhjet-mes-dy-vendeve-jane-te-thella-dhe-ndihen-cdo-dite","status":"publish","type":"post","link":"https:\/\/veritasinfo.org\/?p=33418","title":{"rendered":"Ambasadori Rudolph p\u00ebr Kosov\u00ebn: Lidhjet mes dy vendeve jan\u00eb t\u00eb thella dhe ndihen \u00e7do dit\u00eb"},"content":{"rendered":"<p>Prishtin\u00eb, 19 shkurt 2026 08:20<\/p>\n<p>Ambasadori i Gjermanis\u00eb n\u00eb Kosov\u00eb, Rainer Rudolph, ka dh\u00ebn\u00eb intervist\u00ebn e tij t\u00eb par\u00eb ekskluzive n\u00eb emisionin \u201cPolitiko\u201d n\u00eb Kanal 10, ku ka folur p\u00ebr p\u00ebrshtypjet e para nga q\u00ebndrimi i tij n\u00eb Kosov\u00eb dhe raportet mes dy vendeve.<\/p>\n<p>Rudolph ka b\u00ebr\u00eb t\u00eb ditur se ka ardhur n\u00eb Kosov\u00eb n\u00eb muajin tetor dhe se jav\u00ebt e para i kan\u00eb l\u00ebn\u00eb p\u00ebrshtypje shum\u00eb pozitive. Ai theksoi se kishte fatin t\u00eb ishte i pranish\u00ebm edhe n\u00eb sh\u00ebnimin e p\u00ebrvjetorit t\u00eb pavar\u00ebsis\u00eb s\u00eb Kosov\u00ebs, t\u00eb cilin e p\u00ebrshkroi si nj\u00eb p\u00ebrvoj\u00eb t\u00eb ve\u00e7ant\u00eb.<\/p>\n<p>\u201cN\u00eb nivel personal, ky \u00ebsht\u00eb vendi m\u00eb i mir\u00eb n\u00eb bot\u00eb p\u00ebr nj\u00eb diplomat gjerman p\u00ebr t\u00eb punuar, sepse \u00e7do dit\u00eb e ndiej thell\u00eb lidhjen e fort\u00eb mes dy vendeve tona. K\u00ebt\u00eb e p\u00ebrjetoj n\u00eb takimet e mia t\u00eb p\u00ebrditshme n\u00eb Prishtin\u00eb, por edhe anemban\u00eb vendit. K\u00ebto lidhje shkojn\u00eb p\u00ebrtej sken\u00ebs politike \u2013 jan\u00eb lidhje t\u00eb thella mes popujve tan\u00eb q\u00eb datojn\u00eb prej koh\u00ebsh dhe i p\u00ebrjetoj \u00e7do dit\u00eb\u201d, ka deklaruar ambasadori.<\/p>\n<p>&nbsp;<\/p>\n","protected":false},"excerpt":{"rendered":"<p>Prishtin\u00eb, 19 shkurt 2026 08:20 Ambasadori i Gjermanis\u00eb n\u00eb Kosov\u00eb, Rainer Rudolph, ka dh\u00ebn\u00eb intervist\u00ebn e tij t\u00eb par\u00eb ekskluzive n\u00eb emisionin \u201cPolitiko\u201d n\u00eb Kanal<\/p>\n","protected":false},"author":7,"featured_media":33419,"comment_status":"open","ping_status":"open","sticky":false,"template":"","format":"standard","meta":{"footnotes":""},"categories":[58],"tags":[],"class_list":["post-33418","post","type-post","status-publish","format-standard","has-post-thumbnail","hentry","category-politike-sq"],"yoast_head":"<!-- This site is optimized with the Yoast SEO plugin v25.3.1 - https:\/\/yoast.com\/wordpress\/plugins\/seo\/ -->\n<title>Ambasadori Rudolph p\u00ebr Kosov\u00ebn: Lidhjet mes dy vendeve jan\u00eb t\u00eb thella dhe ndihen \u00e7do dit\u00eb -<\/title>\n<meta name=\"robots\" content=\"index, follow, max-snippet:-1, max-image-preview:large, max-video-preview:-1\" \/>\n<link rel=\"canonical\" href=\"https:\/\/veritasinfo.org\/?p=33418\" \/>\n<meta property=\"og:locale\" content=\"en_US\" \/>\n<meta property=\"og:type\" content=\"article\" \/>\n<meta property=\"og:title\" content=\"Ambasadori Rudolph p\u00ebr Kosov\u00ebn: Lidhjet mes dy vendeve jan\u00eb t\u00eb thella dhe ndihen \u00e7do dit\u00eb -\" \/>\n<meta property=\"og:description\" content=\"Prishtin\u00eb, 19 shkurt 2026 08:20 Ambasadori i Gjermanis\u00eb n\u00eb Kosov\u00eb, Rainer Rudolph, ka dh\u00ebn\u00eb intervist\u00ebn e tij t\u00eb par\u00eb ekskluzive n\u00eb emisionin \u201cPolitiko\u201d n\u00eb Kanal\" \/>\n<meta property=\"og:url\" content=\"https:\/\/veritasinfo.org\/?p=33418\" \/>\n<meta property=\"article:published_time\" content=\"2026-02-19T07:21:06+00:00\" \/>\n<meta property=\"og:image\" content=\"https:\/\/veritasinfo.org\/wp-content\/uploads\/2026\/02\/4yrfhf.jpg\" \/>\n\t<meta property=\"og:image:width\" content=\"679\" \/>\n\t<meta property=\"og:image:height\" content=\"602\" \/>\n\t<meta property=\"og:image:type\" content=\"image\/jpeg\" \/>\n<meta name=\"author\" content=\"US6\" \/>\n<meta name=\"twitter:card\" content=\"summary_large_image\" \/>\n<meta name=\"twitter:label1\" content=\"Written by\" \/>\n\t<meta name=\"twitter:data1\" content=\"US6\" \/>\n\t<meta name=\"twitter:label2\" content=\"Est. reading time\" \/>\n\t<meta name=\"twitter:data2\" content=\"1 minute\" \/>\n<script type=\"application\/ld+json\" class=\"yoast-schema-graph\">{\"@context\":\"https:\/\/schema.org\",\"@graph\":[{\"@type\":\"WebPage\",\"@id\":\"https:\/\/veritasinfo.org\/?p=33418\",\"url\":\"https:\/\/veritasinfo.org\/?p=33418\",\"name\":\"Ambasadori Rudolph p\u00ebr Kosov\u00ebn: Lidhjet mes dy vendeve jan\u00eb t\u00eb thella dhe ndihen \u00e7do dit\u00eb -\",\"isPartOf\":{\"@id\":\"https:\/\/veritasinfo.org\/#website\"},\"primaryImageOfPage\":{\"@id\":\"https:\/\/veritasinfo.org\/?p=33418#primaryimage\"},\"image\":{\"@id\":\"https:\/\/veritasinfo.org\/?p=33418#primaryimage\"},\"thumbnailUrl\":\"https:\/\/veritasinfo.org\/wp-content\/uploads\/2026\/02\/4yrfhf.jpg\",\"datePublished\":\"2026-02-19T07:21:06+00:00\",\"author\":{\"@id\":\"https:\/\/veritasinfo.org\/#\/schema\/person\/fe199eede04c3937362892b7444747cc\"},\"breadcrumb\":{\"@id\":\"https:\/\/veritasinfo.org\/?p=33418#breadcrumb\"},\"inLanguage\":\"en-US\",\"potentialAction\":[{\"@type\":\"ReadAction\",\"target\":[\"https:\/\/veritasinfo.org\/?p=33418\"]}]},{\"@type\":\"ImageObject\",\"inLanguage\":\"en-US\",\"@id\":\"https:\/\/veritasinfo.org\/?p=33418#primaryimage\",\"url\":\"https:\/\/veritasinfo.org\/wp-content\/uploads\/2026\/02\/4yrfhf.jpg\",\"contentUrl\":\"https:\/\/veritasinfo.org\/wp-content\/uploads\/2026\/02\/4yrfhf.jpg\",\"width\":679,\"height\":602},{\"@type\":\"BreadcrumbList\",\"@id\":\"https:\/\/veritasinfo.org\/?p=33418#breadcrumb\",\"itemListElement\":[{\"@type\":\"ListItem\",\"position\":1,\"name\":\"Home\",\"item\":\"https:\/\/veritasinfo.org\/\"},{\"@type\":\"ListItem\",\"position\":2,\"name\":\"Ambasadori Rudolph p\u00ebr Kosov\u00ebn: Lidhjet mes dy vendeve jan\u00eb t\u00eb thella dhe ndihen \u00e7do dit\u00eb\"}]},{\"@type\":\"WebSite\",\"@id\":\"https:\/\/veritasinfo.org\/#website\",\"url\":\"https:\/\/veritasinfo.org\/\",\"name\":\"\",\"description\":\"\",\"potentialAction\":[{\"@type\":\"SearchAction\",\"target\":{\"@type\":\"EntryPoint\",\"urlTemplate\":\"https:\/\/veritasinfo.org\/?s={search_term_string}\"},\"query-input\":{\"@type\":\"PropertyValueSpecification\",\"valueRequired\":true,\"valueName\":\"search_term_string\"}}],\"inLanguage\":\"en-US\"},{\"@type\":\"Person\",\"@id\":\"https:\/\/veritasinfo.org\/#\/schema\/person\/fe199eede04c3937362892b7444747cc\",\"name\":\"US6\",\"image\":{\"@type\":\"ImageObject\",\"inLanguage\":\"en-US\",\"@id\":\"https:\/\/veritasinfo.org\/#\/schema\/person\/image\/\",\"url\":\"https:\/\/secure.gravatar.com\/avatar\/cb16c3c31c9d23b9b8c705964598220b3014e42ff51eb540ff23cefa3ae8c15f?s=96&d=mm&r=g\",\"contentUrl\":\"https:\/\/secure.gravatar.com\/avatar\/cb16c3c31c9d23b9b8c705964598220b3014e42ff51eb540ff23cefa3ae8c15f?s=96&d=mm&r=g\",\"caption\":\"US6\"},\"url\":\"https:\/\/veritasinfo.org\/?author=7\"}]}<\/script>\n<!-- \/ Yoast SEO plugin. -->","yoast_head_json":{"title":"Ambasadori Rudolph p\u00ebr Kosov\u00ebn: Lidhjet mes dy vendeve jan\u00eb t\u00eb thella dhe ndihen \u00e7do dit\u00eb -","robots":{"index":"index","follow":"follow","max-snippet":"max-snippet:-1","max-image-preview":"max-image-preview:large","max-video-preview":"max-video-preview:-1"},"canonical":"https:\/\/veritasinfo.org\/?p=33418","og_locale":"en_US","og_type":"article","og_title":"Ambasadori Rudolph p\u00ebr Kosov\u00ebn: Lidhjet mes dy vendeve jan\u00eb t\u00eb thella dhe ndihen \u00e7do dit\u00eb -","og_description":"Prishtin\u00eb, 19 shkurt 2026 08:20 Ambasadori i Gjermanis\u00eb n\u00eb Kosov\u00eb, Rainer Rudolph, ka dh\u00ebn\u00eb intervist\u00ebn e tij t\u00eb par\u00eb ekskluzive n\u00eb emisionin \u201cPolitiko\u201d n\u00eb Kanal","og_url":"https:\/\/veritasinfo.org\/?p=33418","article_published_time":"2026-02-19T07:21:06+00:00","og_image":[{"width":679,"height":602,"url":"https:\/\/veritasinfo.org\/wp-content\/uploads\/2026\/02\/4yrfhf.jpg","type":"image\/jpeg"}],"author":"US6","twitter_card":"summary_large_image","twitter_misc":{"Written by":"US6","Est. reading time":"1 minute"},"schema":{"@context":"https:\/\/schema.org","@graph":[{"@type":"WebPage","@id":"https:\/\/veritasinfo.org\/?p=33418","url":"https:\/\/veritasinfo.org\/?p=33418","name":"Ambasadori Rudolph p\u00ebr Kosov\u00ebn: Lidhjet mes dy vendeve jan\u00eb t\u00eb thella dhe ndihen \u00e7do dit\u00eb -","isPartOf":{"@id":"https:\/\/veritasinfo.org\/#website"},"primaryImageOfPage":{"@id":"https:\/\/veritasinfo.org\/?p=33418#primaryimage"},"image":{"@id":"https:\/\/veritasinfo.org\/?p=33418#primaryimage"},"thumbnailUrl":"https:\/\/veritasinfo.org\/wp-content\/uploads\/2026\/02\/4yrfhf.jpg","datePublished":"2026-02-19T07:21:06+00:00","author":{"@id":"https:\/\/veritasinfo.org\/#\/schema\/person\/fe199eede04c3937362892b7444747cc"},"breadcrumb":{"@id":"https:\/\/veritasinfo.org\/?p=33418#breadcrumb"},"inLanguage":"en-US","potentialAction":[{"@type":"ReadAction","target":["https:\/\/veritasinfo.org\/?p=33418"]}]},{"@type":"ImageObject","inLanguage":"en-US","@id":"https:\/\/veritasinfo.org\/?p=33418#primaryimage","url":"https:\/\/veritasinfo.org\/wp-content\/uploads\/2026\/02\/4yrfhf.jpg","contentUrl":"https:\/\/veritasinfo.org\/wp-content\/uploads\/2026\/02\/4yrfhf.jpg","width":679,"height":602},{"@type":"BreadcrumbList","@id":"https:\/\/veritasinfo.org\/?p=33418#breadcrumb","itemListElement":[{"@type":"ListItem","position":1,"name":"Home","item":"https:\/\/veritasinfo.org\/"},{"@type":"ListItem","position":2,"name":"Ambasadori Rudolph p\u00ebr Kosov\u00ebn: Lidhjet mes dy vendeve jan\u00eb t\u00eb thella dhe ndihen \u00e7do dit\u00eb"}]},{"@type":"WebSite","@id":"https:\/\/veritasinfo.org\/#website","url":"https:\/\/veritasinfo.org\/","name":"","description":"","potentialAction":[{"@type":"SearchAction","target":{"@type":"EntryPoint","urlTemplate":"https:\/\/veritasinfo.org\/?s={search_term_string}"},"query-input":{"@type":"PropertyValueSpecification","valueRequired":true,"valueName":"search_term_string"}}],"inLanguage":"en-US"},{"@type":"Person","@id":"https:\/\/veritasinfo.org\/#\/schema\/person\/fe199eede04c3937362892b7444747cc","name":"US6","image":{"@type":"ImageObject","inLanguage":"en-US","@id":"https:\/\/veritasinfo.org\/#\/schema\/person\/image\/","url":"https:\/\/secure.gravatar.com\/avatar\/cb16c3c31c9d23b9b8c705964598220b3014e42ff51eb540ff23cefa3ae8c15f?s=96&d=mm&r=g","contentUrl":"https:\/\/secure.gravatar.com\/avatar\/cb16c3c31c9d23b9b8c705964598220b3014e42ff51eb540ff23cefa3ae8c15f?s=96&d=mm&r=g","caption":"US6"},"url":"https:\/\/veritasinfo.org\/?author=7"}]}},"featured_image_urls":{"full":["https:\/\/veritasinfo.org\/wp-content\/uploads\/2026\/02\/4yrfhf.jpg",679,602,false],"thumbnail":["https:\/\/veritasinfo.org\/wp-content\/uploads\/2026\/02\/4yrfhf-150x150.jpg",150,150,true],"medium":["https:\/\/veritasinfo.org\/wp-content\/uploads\/2026\/02\/4yrfhf-300x266.jpg",300,266,true],"medium_large":["https:\/\/veritasinfo.org\/wp-content\/uploads\/2026\/02\/4yrfhf.jpg",640,567,false],"large":["https:\/\/veritasinfo.org\/wp-content\/uploads\/2026\/02\/4yrfhf.jpg",640,567,false],"1536x1536":["https:\/\/veritasinfo.org\/wp-content\/uploads\/2026\/02\/4yrfhf.jpg",679,602,false],"2048x2048":["https:\/\/veritasinfo.org\/wp-content\/uploads\/2026\/02\/4yrfhf.jpg",679,602,false],"kreeti-slider-full":["https:\/\/veritasinfo.org\/wp-content\/uploads\/2026\/02\/4yrfhf.jpg",679,602,false],"kreeti-featured":["https:\/\/veritasinfo.org\/wp-content\/uploads\/2026\/02\/4yrfhf.jpg",679,602,false],"kreeti-medium":["https:\/\/veritasinfo.org\/wp-content\/uploads\/2026\/02\/4yrfhf.jpg",598,530,false],"kreeti-medium-square":["https:\/\/veritasinfo.org\/wp-content\/uploads\/2026\/02\/4yrfhf.jpg",350,310,false]},"author_info":{"info":["US6"]},"category_info":"<a href=\"https:\/\/veritasinfo.org\/?cat=58\" rel=\"category\">Politik\u00eb<\/a>","tag_info":"Politik\u00eb","comment_count":"0","_links":{"self":[{"href":"https:\/\/veritasinfo.org\/index.php?rest_route=\/wp\/v2\/posts\/33418","targetHints":{"allow":["GET"]}}],"collection":[{"href":"https:\/\/veritasinfo.org\/index.php?rest_route=\/wp\/v2\/posts"}],"about":[{"href":"https:\/\/veritasinfo.org\/index.php?rest_route=\/wp\/v2\/types\/post"}],"author":[{"embeddable":true,"href":"https:\/\/veritasinfo.org\/index.php?rest_route=\/wp\/v2\/users\/7"}],"replies":[{"embeddable":true,"href":"https:\/\/veritasinfo.org\/index.php?rest_route=%2Fwp%2Fv2%2Fcomments&post=33418"}],"version-history":[{"count":1,"href":"https:\/\/veritasinfo.org\/index.php?rest_route=\/wp\/v2\/posts\/33418\/revisions"}],"predecessor-version":[{"id":33420,"href":"https:\/\/veritasinfo.org\/index.php?rest_route=\/wp\/v2\/posts\/33418\/revisions\/33420"}],"wp:featuredmedia":[{"embeddable":true,"href":"https:\/\/veritasinfo.org\/index.php?rest_route=\/wp\/v2\/media\/33419"}],"wp:attachment":[{"href":"https:\/\/veritasinfo.org\/index.php?rest_route=%2Fwp%2Fv2%2Fmedia&parent=33418"}],"wp:term":[{"taxonomy":"category","embeddable":true,"href":"https:\/\/veritasinfo.org\/index.php?rest_route=%2Fwp%2Fv2%2Fcategories&post=33418"},{"taxonomy":"post_tag","embeddable":true,"href":"https:\/\/veritasinfo.org\/index.php?rest_route=%2Fwp%2Fv2%2Ftags&post=33418"}],"curies":[{"name":"wp","href":"https:\/\/api.w.org\/{rel}","templated":true}]}}