{"id":3341,"date":"2025-07-10T18:48:58","date_gmt":"2025-07-10T16:48:58","guid":{"rendered":"https:\/\/veritasinfo.org\/?p=3341"},"modified":"2025-07-10T18:48:58","modified_gmt":"2025-07-10T16:48:58","slug":"euobserver-politika-eu-prema-vucicu-ugrozava-ceo-balkan","status":"publish","type":"post","link":"https:\/\/veritasinfo.org\/?p=3341&lang=sr","title":{"rendered":"EUobserver: Politika EU prema Vu\u010dic\u0301u ugro\u017eava ceo Balkan"},"content":{"rendered":"<p>10. jul 2025.<\/p>\n<p>Tokom meseci narodnih protesta protiv srpskog re\u017eima, Evropska unija je tvrdoglavo podr\u017eavala predsednika Aleksandra Vu\u010dic\u0301a. Ali sada, Vu\u010dic\u0301evo sve brutalnije suzbijanje mirnih protesta dovelo je politiku EU na prekretnicu: nastaviti sa transakcionim umirivanjem Vu\u010dic\u0301a ili prihvatiti neizvesnost \u2013 ali sa njom i moguc\u0301nost stvarnog napretka.<\/p>\n<p>Autori: Kurt Basiner i Tobi Vogel<\/p>\n<p>Sudec\u0301i po nedostatku odgovora Pariza, Berlina i Evropske komisije, EU c\u0301e poku\u0161ati da ostane neutralna koliko god mo\u017ee.<\/p>\n<p>Ali ubrzanje doga\u0111aja na terenu bi uskoro moglo da primora EU da zauzme stav.<\/p>\n<p>Na kraju velikog protesta u Beogradu 28. juna, koji je okupio preko 100.000 ljudi, govornici su objavili da je studentski pokret sada \u0161iri gra\u0111anski pokret i pozvali na gra\u0111ansku neposlu\u0161nost.<\/p>\n<p>Protestni skup je prac\u0301en sukobima i nasilnom policijskom represijom u Beogradu \u2013 a ubrzo nakon toga i blokadama saobrac\u0301aja \u0161irom Srbije.<\/p>\n<p>U nedelji koja je usledila, policija i njihove pomoc\u0301ne snage u policijskim uniformama i maskama (uklju\u010dujuc\u0301i, prema re\u010dima o\u010devidaca, osoblje iz Republike srpske u susednoj Bosni i Hercegovini) bili su ume\u0161ani u brutalna prebijanja i rasterivanje demonstranata, \u0161to je izazvalo narodni bes zbog nasilja, poja\u010dan \u010dinjenicom da je Vu\u010dic\u0301 izjavio da je \u201ezadovoljan\u201c policijom.<\/p>\n<p>Uprkos dr\u017eavnom nasilju, blokade i protesti ne pokazuju znake jenjavanja.<\/p>\n<p>Ono \u0161to je po\u010delo kao studentski protest protiv korumpiranog sistema, izazvan uru\u0161avanjem nadstre\u0161nice \u017eelezni\u010dke stanice u Novom Sadu u kojem je poginulo 16 ljudi, sada se razvilo u \u0161iroko rasprostranjeni narodni pokret.<\/p>\n<p>Studentske delegacije su biciklima vozile do Strazbura i tr\u010dale ultramaraton u Briselu u aprilu i maju kako bi izvr\u0161ile pritisak na EU da rekalibrira svoju politiku prema Srbiji.<\/p>\n<p>Zvani\u010dnici EU su izbegavali bicikliste, dok su se komesari za pro\u0161irenje, Marta Kos, i za mlade i kulturu, Glen Mikalef, sastali sa trka\u010dima u maju.<\/p>\n<p>Samo retori\u010dki pomak<\/p>\n<p>Kos je napravio retori\u010dki pomak, prepoznajuc\u0301i ciljeve i vrednosti studentskog pokreta za promene u Srbiji kao potpuno u skladu sa proklamovanim vrednostima EU i zahtevima pravnih tekovina EU.<\/p>\n<p>Ali ovo se vec\u0301ini Srba i posmatra\u010da \u010dinilo slabo. Komesari nisu ni\u0161ta postigli \u2013 a politika EU ostaje neizgra\u0111ena.<\/p>\n<p>Vu\u010dic\u0301 je prkosio javnim ukorima visokih zvani\u010dnika EU tako \u0161to nije prisustvovao Putinovoj paradi povodom Dana pobede 9. maja u Moskvi.<\/p>\n<p>Njegov prkos je nagra\u0111en nekoliko dana kasnije posetom Beogradu od strane predsednika Evropskog saveta Antonija Koste, a odmah zatim i \u0161efice spoljnih poslova EU Kaje Kalas.<\/p>\n<p>Kalas, koja je pozvala Srbiju da napravi \u201estrate\u0161ki izbor\u201c o svojoj geopoliti\u010dkoj orijentaciji, u\u010dinila je svoje nezadovoljstvo vidljivim \u2013 ali same dve posete projektovale su dinamiku moc\u0301i u kojoj je Brisel molilac.<\/p>\n<p>Do sada nije bilo politi\u010dkih posledica Vu\u010dic\u0301eve geopoliti\u010dke arbitra\u017ee niti dokaza da Komisija redefini\u0161e svoju politiku prema Srbiji, \u0161to je zna\u010dajan izuzetak me\u0111u zemljama Zapadnog Balkana koje se trude da postanu \u010dlanice EU, sa uskla\u0111eno\u0161c\u0301u Zajedni\u010dke spoljne i bezbednosne politike koja se krec\u0301e oko 50-60 procenata.<\/p>\n<p>Koordinacija izme\u0111u Beograda i Moskve?<\/p>\n<p>Krajem juna, nakon o\u0161trih javnih kritika ruske obave\u0161tajne slu\u017ebe, SVR, zbog \u201eizdaje\u201c Srbije u prodaji oru\u017eja Ukrajini preko trec\u0301ih zemalja, Vu\u010dic\u0301 je najavio obustavu prodaje oru\u017eja inostranstvu, uklju\u010dujuc\u0301i i Ukrajinu.<\/p>\n<p>Povec\u0301avajuc\u0301i pritisak na odbranu Ukrajine, ameri\u010dke isporuke raketa Patriot i artiljerijskih granata kalibra 155 mm (tako\u0111e proizvedenih u Srbiji) obustavljene su po\u010detkom jula.<\/p>\n<p>Vredi razmotriti moguc\u0301nost da su ovi potezi koordinisani.<\/p>\n<p>Dok je Vu\u010dic\u0301 prisustvovao samitu Ukrajina-Jugoisto\u010dna Evropa u Odesi 11. juna, odbio je da potpi\u0161e deklaraciju kojom se osu\u0111uje ruska agresija, kasnije poku\u0161avajuc\u0301i da tvrdi da ne \u201eizdaje Rusiju\u201c. Me\u0111utim, Komisija je pohvalila njegovo u\u010de\u0161c\u0301e.<\/p>\n<p>Pro\u0161le nedelje, predsednica Evropske komisije Ursula fon der Lajen razgovarala je bilateralno sa Vu\u010dic\u0301em pola sata \u2013 \u0161to je retkost.<\/p>\n<p>Sadr\u017eaj njihovog sastanka nije jasan. Ali da li je bio zami\u0161ljen kao ukor ili opomena nakon nasilja 28. juna, svakako nije imao nikakvog uticaja. \u0160to du\u017ee politika EU ostane ista, to c\u0301e vi\u0161e Srba zaklju\u010diti da je ona zapravo licencirala Vu\u010dic\u0301evu represiju.<\/p>\n<p>Komisija (uz o\u010diglednu podr\u0161ku vec\u0301ine zemalja \u010dlanica) izgleda veruje da transakcionalizam, sa finansijskim podsticajima i ostavljanjem po strani te\u0161kih pitanja vrednosti, mo\u017ee osigurati interese EU u Srbiji \u2013 i samim tim, na Zapadnom Balkanu u celini.<\/p>\n<p>Ova tendencija da se politi\u010dki problem prepusti komunikacijskom pitanju postala je neodr\u017eiva i ubrzava pad popularnosti EU me\u0111u obi\u010dnim Srbima. Ovo pozicionira EU kao da efikasno radi u dosluhu sa Vu\u010dic\u0301em, koji je kroz medijsku dominaciju nastojao da smanji valenciju EU me\u0111u Srbima (i povec\u0301a onu Rusije i Kine).<\/p>\n<p>Jo\u0161 \u0161tetnija je \u010dinjenica da je stidljiva poruka EU zapravo podstakla Vu\u010dic\u0301a da povec\u0301a svoju represiju. Pustio je nasilne nasilnike na demonstrante i pokrenuo neumoljivu medijsku kampanju osu\u0111ujuc\u0301i studente kao \u201eteroriste\u201c koje plac\u0301aju neprijatelji Srbije (tj. zapadne vlade) da svrgnu vladu \u2013 \u201eobojenu revoluciju\u201c usmerenu na \u201epromenu re\u017eima\u201c.<\/p>\n<p>Vu\u010dic\u0301 jasno tuma\u010di popuste EU kao dozvolu za odr\u017eavanje, pa \u010dak i ja\u010danje veza sa Moskvom.<\/p>\n<p>Vu\u010dic\u0301eva sve brutalnija represija trebalo bi kona\u010dno da podstakne redefiniciju politike EU zasnovane na vrednostima. Ali \u010dak i ograni\u010dena na transakcionalizam, postoji jak razlog za promenu politike. Ako je \u201egeopoliti\u010dka unija\u201c pokazala spremnost da pove\u017ee put pro\u0161irenja Srbije sa obezbe\u0111ivanjem kratkoro\u010dnih strate\u0161kih i bezbednosnih koristi, onda bi logi\u010dno trebalo da sledi da Vu\u010dic\u0301evi aktivni napori da potkopa ove interese treba da dovedu do odgovarajuc\u0301e destruktivnog politi\u010dkog odgovora.<\/p>\n<p><strong>Dansko predsedavanje?<\/strong><\/p>\n<p>S obzirom na dugotrajnu institucionalnu inerciju EU, dr\u017eave \u010dlanice su najkredibilniji agenti promena.<\/p>\n<p>Dansko predsedavanje bi kona\u010dno trebalo da zapo\u010dne dugo o\u010dekivanu rekalibraciju autopilota politike EU prema Srbiji i regionu, tako da ona bude ne samo strate\u0161ki ispravna, vec\u0301 i u skladu sa demokratskim vrednostima Unije.<\/p>\n<p>Ovo je izvodljivo samo ako se razvije koalicija me\u0111u ostalim dr\u017eavama \u010dlanicama. To bi po\u010delo sa jasnoc\u0301om o tome \u0161ta Danska i druge istomi\u0161ljenike o\u010dekuju od vlada kandidata, uklju\u010dujuc\u0301i ne samo harmonizaciju spoljne politike vec\u0301 i istinsku posvec\u0301enost svim obavezama iz Kopenhagena. Neophodno je pokazati podr\u0161ku onima u Srbiji koji preuzimaju rizike u ime osnovnih vrednosti EU.<\/p>\n<p>&nbsp;<\/p>\n<p>Rizik za EU \u200b\u200b\u2013 ne samo u Srbiji, vec\u0301 na celom Zapadnom Balkanu \u2013 je ozbiljan.<\/p>\n<p>Umesto da pobedi Srbiju, politika Unije da stoji uz Vu\u010dic\u0301a mogla bi je izgubiti za jo\u0161 jednu generaciju, bez obzira na to da li c\u0301e protesti na kraju uspeti ili ne. Budimo jasni: izbor \u201estabilnosti\u201c EU u ovom trenutku zna\u010di de fakto podr\u0161ku nasilnoj represiji u Srbiji. Stoga politika izdaje i fundamentalne demokratske vrednosti EU i njene interese, kratkoro\u010dne i dugoro\u010dne, u vreme kada se oni dovode u pitanje sa Istoka, Zapada i iznutra.<\/p>\n<p>Da bismo koristili trampizam, EU ima karte u rukama. Mora malo da se poigra.<\/p>\n<p>&nbsp;<\/p>\n","protected":false},"excerpt":{"rendered":"<p>10. jul 2025. Tokom meseci narodnih protesta protiv srpskog re\u017eima, Evropska unija je tvrdoglavo podr\u017eavala predsednika Aleksandra Vu\u010dic\u0301a. Ali sada, Vu\u010dic\u0301evo sve brutalnije suzbijanje mirnih<\/p>\n","protected":false},"author":1,"featured_media":3338,"comment_status":"open","ping_status":"open","sticky":false,"template":"","format":"standard","meta":{"footnotes":""},"categories":[28],"tags":[],"class_list":["post-3341","post","type-post","status-publish","format-standard","has-post-thumbnail","hentry","category-politika"],"yoast_head":"<!-- This site is optimized with the Yoast SEO plugin v25.3.1 - https:\/\/yoast.com\/wordpress\/plugins\/seo\/ -->\n<title>EUobserver: Politika EU prema Vu\u010dic\u0301u ugro\u017eava ceo Balkan -<\/title>\n<meta name=\"robots\" content=\"index, follow, max-snippet:-1, max-image-preview:large, max-video-preview:-1\" \/>\n<link rel=\"canonical\" href=\"https:\/\/veritasinfo.org\/?p=3341&lang=sr\" \/>\n<meta property=\"og:locale\" content=\"en_US\" \/>\n<meta property=\"og:type\" content=\"article\" \/>\n<meta property=\"og:title\" content=\"EUobserver: Politika EU prema Vu\u010dic\u0301u ugro\u017eava ceo Balkan -\" \/>\n<meta property=\"og:description\" content=\"10. jul 2025. Tokom meseci narodnih protesta protiv srpskog re\u017eima, Evropska unija je tvrdoglavo podr\u017eavala predsednika Aleksandra Vu\u010dic\u0301a. Ali sada, Vu\u010dic\u0301evo sve brutalnije suzbijanje mirnih\" \/>\n<meta property=\"og:url\" content=\"https:\/\/veritasinfo.org\/?p=3341&amp;lang=sr\" \/>\n<meta property=\"article:published_time\" content=\"2025-07-10T16:48:58+00:00\" \/>\n<meta property=\"og:image\" content=\"https:\/\/veritasinfo.org\/wp-content\/uploads\/2025\/07\/IMG_0948.png\" \/>\n\t<meta property=\"og:image:width\" content=\"600\" \/>\n\t<meta property=\"og:image:height\" content=\"360\" \/>\n\t<meta property=\"og:image:type\" content=\"image\/png\" \/>\n<meta name=\"author\" content=\"admin\" \/>\n<meta name=\"twitter:card\" content=\"summary_large_image\" \/>\n<meta name=\"twitter:label1\" content=\"Written by\" \/>\n\t<meta name=\"twitter:data1\" content=\"admin\" \/>\n\t<meta name=\"twitter:label2\" content=\"Est. reading time\" \/>\n\t<meta name=\"twitter:data2\" content=\"5 minutes\" \/>\n<script type=\"application\/ld+json\" class=\"yoast-schema-graph\">{\"@context\":\"https:\/\/schema.org\",\"@graph\":[{\"@type\":\"WebPage\",\"@id\":\"https:\/\/veritasinfo.org\/?p=3341&lang=sr\",\"url\":\"https:\/\/veritasinfo.org\/?p=3341&lang=sr\",\"name\":\"EUobserver: Politika EU prema Vu\u010dic\u0301u ugro\u017eava ceo Balkan -\",\"isPartOf\":{\"@id\":\"https:\/\/veritasinfo.org\/#website\"},\"primaryImageOfPage\":{\"@id\":\"https:\/\/veritasinfo.org\/?p=3341&lang=sr#primaryimage\"},\"image\":{\"@id\":\"https:\/\/veritasinfo.org\/?p=3341&lang=sr#primaryimage\"},\"thumbnailUrl\":\"https:\/\/veritasinfo.org\/wp-content\/uploads\/2025\/07\/IMG_0948.png\",\"datePublished\":\"2025-07-10T16:48:58+00:00\",\"author\":{\"@id\":\"https:\/\/veritasinfo.org\/#\/schema\/person\/7701f8c088bece422266b100a712374f\"},\"breadcrumb\":{\"@id\":\"https:\/\/veritasinfo.org\/?p=3341&lang=sr#breadcrumb\"},\"inLanguage\":\"en-US\",\"potentialAction\":[{\"@type\":\"ReadAction\",\"target\":[\"https:\/\/veritasinfo.org\/?p=3341&lang=sr\"]}]},{\"@type\":\"ImageObject\",\"inLanguage\":\"en-US\",\"@id\":\"https:\/\/veritasinfo.org\/?p=3341&lang=sr#primaryimage\",\"url\":\"https:\/\/veritasinfo.org\/wp-content\/uploads\/2025\/07\/IMG_0948.png\",\"contentUrl\":\"https:\/\/veritasinfo.org\/wp-content\/uploads\/2025\/07\/IMG_0948.png\",\"width\":600,\"height\":360},{\"@type\":\"BreadcrumbList\",\"@id\":\"https:\/\/veritasinfo.org\/?p=3341&lang=sr#breadcrumb\",\"itemListElement\":[{\"@type\":\"ListItem\",\"position\":1,\"name\":\"Home\",\"item\":\"https:\/\/veritasinfo.org\/\"},{\"@type\":\"ListItem\",\"position\":2,\"name\":\"EUobserver: Politika EU prema Vu\u010dic\u0301u ugro\u017eava ceo Balkan\"}]},{\"@type\":\"WebSite\",\"@id\":\"https:\/\/veritasinfo.org\/#website\",\"url\":\"https:\/\/veritasinfo.org\/\",\"name\":\"\",\"description\":\"\",\"potentialAction\":[{\"@type\":\"SearchAction\",\"target\":{\"@type\":\"EntryPoint\",\"urlTemplate\":\"https:\/\/veritasinfo.org\/?s={search_term_string}\"},\"query-input\":{\"@type\":\"PropertyValueSpecification\",\"valueRequired\":true,\"valueName\":\"search_term_string\"}}],\"inLanguage\":\"en-US\"},{\"@type\":\"Person\",\"@id\":\"https:\/\/veritasinfo.org\/#\/schema\/person\/7701f8c088bece422266b100a712374f\",\"name\":\"admin\",\"image\":{\"@type\":\"ImageObject\",\"inLanguage\":\"en-US\",\"@id\":\"https:\/\/veritasinfo.org\/#\/schema\/person\/image\/\",\"url\":\"https:\/\/secure.gravatar.com\/avatar\/ea53aa3bf6c9a12d5fde8ce4deff43fef3885ae33cf60184161a50d6987cfd2f?s=96&d=mm&r=g\",\"contentUrl\":\"https:\/\/secure.gravatar.com\/avatar\/ea53aa3bf6c9a12d5fde8ce4deff43fef3885ae33cf60184161a50d6987cfd2f?s=96&d=mm&r=g\",\"caption\":\"admin\"},\"sameAs\":[\"https:\/\/veritasinfo.org\"],\"url\":\"https:\/\/veritasinfo.org\/?author=1\"}]}<\/script>\n<!-- \/ Yoast SEO plugin. -->","yoast_head_json":{"title":"EUobserver: Politika EU prema Vu\u010dic\u0301u ugro\u017eava ceo Balkan -","robots":{"index":"index","follow":"follow","max-snippet":"max-snippet:-1","max-image-preview":"max-image-preview:large","max-video-preview":"max-video-preview:-1"},"canonical":"https:\/\/veritasinfo.org\/?p=3341&lang=sr","og_locale":"en_US","og_type":"article","og_title":"EUobserver: Politika EU prema Vu\u010dic\u0301u ugro\u017eava ceo Balkan -","og_description":"10. jul 2025. Tokom meseci narodnih protesta protiv srpskog re\u017eima, Evropska unija je tvrdoglavo podr\u017eavala predsednika Aleksandra Vu\u010dic\u0301a. Ali sada, Vu\u010dic\u0301evo sve brutalnije suzbijanje mirnih","og_url":"https:\/\/veritasinfo.org\/?p=3341&lang=sr","article_published_time":"2025-07-10T16:48:58+00:00","og_image":[{"width":600,"height":360,"url":"https:\/\/veritasinfo.org\/wp-content\/uploads\/2025\/07\/IMG_0948.png","type":"image\/png"}],"author":"admin","twitter_card":"summary_large_image","twitter_misc":{"Written by":"admin","Est. reading time":"5 minutes"},"schema":{"@context":"https:\/\/schema.org","@graph":[{"@type":"WebPage","@id":"https:\/\/veritasinfo.org\/?p=3341&lang=sr","url":"https:\/\/veritasinfo.org\/?p=3341&lang=sr","name":"EUobserver: Politika EU prema Vu\u010dic\u0301u ugro\u017eava ceo Balkan -","isPartOf":{"@id":"https:\/\/veritasinfo.org\/#website"},"primaryImageOfPage":{"@id":"https:\/\/veritasinfo.org\/?p=3341&lang=sr#primaryimage"},"image":{"@id":"https:\/\/veritasinfo.org\/?p=3341&lang=sr#primaryimage"},"thumbnailUrl":"https:\/\/veritasinfo.org\/wp-content\/uploads\/2025\/07\/IMG_0948.png","datePublished":"2025-07-10T16:48:58+00:00","author":{"@id":"https:\/\/veritasinfo.org\/#\/schema\/person\/7701f8c088bece422266b100a712374f"},"breadcrumb":{"@id":"https:\/\/veritasinfo.org\/?p=3341&lang=sr#breadcrumb"},"inLanguage":"en-US","potentialAction":[{"@type":"ReadAction","target":["https:\/\/veritasinfo.org\/?p=3341&lang=sr"]}]},{"@type":"ImageObject","inLanguage":"en-US","@id":"https:\/\/veritasinfo.org\/?p=3341&lang=sr#primaryimage","url":"https:\/\/veritasinfo.org\/wp-content\/uploads\/2025\/07\/IMG_0948.png","contentUrl":"https:\/\/veritasinfo.org\/wp-content\/uploads\/2025\/07\/IMG_0948.png","width":600,"height":360},{"@type":"BreadcrumbList","@id":"https:\/\/veritasinfo.org\/?p=3341&lang=sr#breadcrumb","itemListElement":[{"@type":"ListItem","position":1,"name":"Home","item":"https:\/\/veritasinfo.org\/"},{"@type":"ListItem","position":2,"name":"EUobserver: Politika EU prema Vu\u010dic\u0301u ugro\u017eava ceo Balkan"}]},{"@type":"WebSite","@id":"https:\/\/veritasinfo.org\/#website","url":"https:\/\/veritasinfo.org\/","name":"","description":"","potentialAction":[{"@type":"SearchAction","target":{"@type":"EntryPoint","urlTemplate":"https:\/\/veritasinfo.org\/?s={search_term_string}"},"query-input":{"@type":"PropertyValueSpecification","valueRequired":true,"valueName":"search_term_string"}}],"inLanguage":"en-US"},{"@type":"Person","@id":"https:\/\/veritasinfo.org\/#\/schema\/person\/7701f8c088bece422266b100a712374f","name":"admin","image":{"@type":"ImageObject","inLanguage":"en-US","@id":"https:\/\/veritasinfo.org\/#\/schema\/person\/image\/","url":"https:\/\/secure.gravatar.com\/avatar\/ea53aa3bf6c9a12d5fde8ce4deff43fef3885ae33cf60184161a50d6987cfd2f?s=96&d=mm&r=g","contentUrl":"https:\/\/secure.gravatar.com\/avatar\/ea53aa3bf6c9a12d5fde8ce4deff43fef3885ae33cf60184161a50d6987cfd2f?s=96&d=mm&r=g","caption":"admin"},"sameAs":["https:\/\/veritasinfo.org"],"url":"https:\/\/veritasinfo.org\/?author=1"}]}},"featured_image_urls":{"full":["https:\/\/veritasinfo.org\/wp-content\/uploads\/2025\/07\/IMG_0948.png",600,360,false],"thumbnail":["https:\/\/veritasinfo.org\/wp-content\/uploads\/2025\/07\/IMG_0948-150x150.png",150,150,true],"medium":["https:\/\/veritasinfo.org\/wp-content\/uploads\/2025\/07\/IMG_0948-300x180.png",300,180,true],"medium_large":["https:\/\/veritasinfo.org\/wp-content\/uploads\/2025\/07\/IMG_0948.png",600,360,false],"large":["https:\/\/veritasinfo.org\/wp-content\/uploads\/2025\/07\/IMG_0948.png",600,360,false],"1536x1536":["https:\/\/veritasinfo.org\/wp-content\/uploads\/2025\/07\/IMG_0948.png",600,360,false],"2048x2048":["https:\/\/veritasinfo.org\/wp-content\/uploads\/2025\/07\/IMG_0948.png",600,360,false],"kreeti-slider-full":["https:\/\/veritasinfo.org\/wp-content\/uploads\/2025\/07\/IMG_0948.png",600,360,false],"kreeti-featured":["https:\/\/veritasinfo.org\/wp-content\/uploads\/2025\/07\/IMG_0948.png",600,360,false],"kreeti-medium":["https:\/\/veritasinfo.org\/wp-content\/uploads\/2025\/07\/IMG_0948.png",600,360,false],"kreeti-medium-square":["https:\/\/veritasinfo.org\/wp-content\/uploads\/2025\/07\/IMG_0948.png",350,210,false]},"author_info":{"info":["admin"]},"category_info":"<a href=\"https:\/\/veritasinfo.org\/?cat=28&#038;lang=sr\" rel=\"category\">Politika<\/a>","tag_info":"Politika","comment_count":"0","_links":{"self":[{"href":"https:\/\/veritasinfo.org\/index.php?rest_route=\/wp\/v2\/posts\/3341","targetHints":{"allow":["GET"]}}],"collection":[{"href":"https:\/\/veritasinfo.org\/index.php?rest_route=\/wp\/v2\/posts"}],"about":[{"href":"https:\/\/veritasinfo.org\/index.php?rest_route=\/wp\/v2\/types\/post"}],"author":[{"embeddable":true,"href":"https:\/\/veritasinfo.org\/index.php?rest_route=\/wp\/v2\/users\/1"}],"replies":[{"embeddable":true,"href":"https:\/\/veritasinfo.org\/index.php?rest_route=%2Fwp%2Fv2%2Fcomments&post=3341"}],"version-history":[{"count":1,"href":"https:\/\/veritasinfo.org\/index.php?rest_route=\/wp\/v2\/posts\/3341\/revisions"}],"predecessor-version":[{"id":3342,"href":"https:\/\/veritasinfo.org\/index.php?rest_route=\/wp\/v2\/posts\/3341\/revisions\/3342"}],"wp:featuredmedia":[{"embeddable":true,"href":"https:\/\/veritasinfo.org\/index.php?rest_route=\/wp\/v2\/media\/3338"}],"wp:attachment":[{"href":"https:\/\/veritasinfo.org\/index.php?rest_route=%2Fwp%2Fv2%2Fmedia&parent=3341"}],"wp:term":[{"taxonomy":"category","embeddable":true,"href":"https:\/\/veritasinfo.org\/index.php?rest_route=%2Fwp%2Fv2%2Fcategories&post=3341"},{"taxonomy":"post_tag","embeddable":true,"href":"https:\/\/veritasinfo.org\/index.php?rest_route=%2Fwp%2Fv2%2Ftags&post=3341"}],"curies":[{"name":"wp","href":"https:\/\/api.w.org\/{rel}","templated":true}]}}