{"id":33409,"date":"2026-02-19T08:14:54","date_gmt":"2026-02-19T07:14:54","guid":{"rendered":"https:\/\/veritasinfo.org\/?p=33409"},"modified":"2026-02-19T08:14:54","modified_gmt":"2026-02-19T07:14:54","slug":"takimi-inaugurues-i-bordit-te-paqes-nis-sot-ne-washington-merr-pjese-edhe-presidentja-osmani","status":"publish","type":"post","link":"https:\/\/veritasinfo.org\/?p=33409","title":{"rendered":"Takimi inaugurues i Bordit t\u00eb Paqes nis sot n\u00eb Washington, merr pjes\u00eb edhe presidentja Osmani"},"content":{"rendered":"<p>Prishtin\u00eb 19 Shkurt 2026 08:14<\/p>\n<p>Presidentja Vjosa Osmani, me ftes\u00eb t\u00eb Presidentit t\u00eb ShBA-s\u00eb, Donald Trump ka udh\u00ebtuar p\u00ebr n\u00eb Washington D.C. p\u00ebr t\u00eb marr\u00eb pjes\u00eb n\u00eb Takimin Inaugurues t\u00eb Bordit t\u00eb Paqes, krahas disa lider\u00ebve bot\u00ebror\u00eb.<\/p>\n<p>Sot, pritet t\u00eb mbahet takimi inagurues i Bordit t\u00eb Paqes, me pjes\u00ebmarrjen e disa vendeve, por q\u00eb Kosova dhe Shqip\u00ebria tashm\u00eb kan\u00eb konfirmuar prezenc\u00ebn e tyre.<\/p>\n<p>Osmani e ka vler\u00ebsuar p\u00ebrfshirjen e Kosov\u00ebs n\u00eb Bordin e Paqes, si vend an\u00ebtar dhe bashk\u00ebthemelues, si nj\u00eb nga zhvillimet m\u00eb t\u00eb r\u00ebnd\u00ebsishme t\u00eb politik\u00ebs s\u00eb jashtme t\u00eb vendit n\u00eb vitet e fundit, duke theksuar se ky hap e fuqizon drejtp\u00ebrdrejt subjektivitetin nd\u00ebrkomb\u00ebtar t\u00eb Kosov\u00ebs.<\/p>\n<p>\u201cRepublika e Kosov\u00ebs mbetet e p\u00ebrkushtuar t\u00eb punoj\u00eb ngusht\u00eb me aleatin ton\u00eb kryesor, SHBA-t\u00eb, dhe me Bordin e Paqes p\u00ebr t\u00eb sjell\u00eb rezultate konkrete, p\u00ebr t\u00eb mb\u00ebshtetur paqen dhe stabilitetin n\u00eb rajonet e prekura nga konfliktet dhe p\u00ebr t\u00eb promovuar nj\u00eb t\u00eb ardhme t\u00eb bazuar n\u00eb bashk\u00ebpunim, siguri dhe prosperitet t\u00eb p\u00ebrbashk\u00ebt\u201d, ka theksuar e para e shtetit t\u00eb Kosov\u00ebs.<\/p>\n","protected":false},"excerpt":{"rendered":"<p>Prishtin\u00eb 19 Shkurt 2026 08:14 Presidentja Vjosa Osmani, me ftes\u00eb t\u00eb Presidentit t\u00eb ShBA-s\u00eb, Donald Trump ka udh\u00ebtuar p\u00ebr n\u00eb Washington D.C. p\u00ebr t\u00eb marr\u00eb<\/p>\n","protected":false},"author":6,"featured_media":33412,"comment_status":"open","ping_status":"open","sticky":false,"template":"","format":"standard","meta":{"footnotes":""},"categories":[58],"tags":[],"class_list":["post-33409","post","type-post","status-publish","format-standard","has-post-thumbnail","hentry","category-politike-sq"],"yoast_head":"<!-- This site is optimized with the Yoast SEO plugin v25.3.1 - https:\/\/yoast.com\/wordpress\/plugins\/seo\/ -->\n<title>Takimi inaugurues i Bordit t\u00eb Paqes nis sot n\u00eb Washington, merr pjes\u00eb edhe presidentja Osmani -<\/title>\n<meta name=\"robots\" content=\"index, follow, max-snippet:-1, max-image-preview:large, max-video-preview:-1\" \/>\n<link rel=\"canonical\" href=\"https:\/\/veritasinfo.org\/?p=33409\" \/>\n<meta property=\"og:locale\" content=\"en_US\" \/>\n<meta property=\"og:type\" content=\"article\" \/>\n<meta property=\"og:title\" content=\"Takimi inaugurues i Bordit t\u00eb Paqes nis sot n\u00eb Washington, merr pjes\u00eb edhe presidentja Osmani -\" \/>\n<meta property=\"og:description\" content=\"Prishtin\u00eb 19 Shkurt 2026 08:14 Presidentja Vjosa Osmani, me ftes\u00eb t\u00eb Presidentit t\u00eb ShBA-s\u00eb, Donald Trump ka udh\u00ebtuar p\u00ebr n\u00eb Washington D.C. p\u00ebr t\u00eb marr\u00eb\" \/>\n<meta property=\"og:url\" content=\"https:\/\/veritasinfo.org\/?p=33409\" \/>\n<meta property=\"article:published_time\" content=\"2026-02-19T07:14:54+00:00\" \/>\n<meta property=\"og:image\" content=\"https:\/\/veritasinfo.org\/wp-content\/uploads\/2026\/02\/voc.jpg\" \/>\n\t<meta property=\"og:image:width\" content=\"972\" \/>\n\t<meta property=\"og:image:height\" content=\"546\" \/>\n\t<meta property=\"og:image:type\" content=\"image\/jpeg\" \/>\n<meta name=\"author\" content=\"US5\" \/>\n<meta name=\"twitter:card\" content=\"summary_large_image\" \/>\n<meta name=\"twitter:label1\" content=\"Written by\" \/>\n\t<meta name=\"twitter:data1\" content=\"US5\" \/>\n<script type=\"application\/ld+json\" class=\"yoast-schema-graph\">{\"@context\":\"https:\/\/schema.org\",\"@graph\":[{\"@type\":\"WebPage\",\"@id\":\"https:\/\/veritasinfo.org\/?p=33409\",\"url\":\"https:\/\/veritasinfo.org\/?p=33409\",\"name\":\"Takimi inaugurues i Bordit t\u00eb Paqes nis sot n\u00eb Washington, merr pjes\u00eb edhe presidentja Osmani -\",\"isPartOf\":{\"@id\":\"https:\/\/veritasinfo.org\/#website\"},\"primaryImageOfPage\":{\"@id\":\"https:\/\/veritasinfo.org\/?p=33409#primaryimage\"},\"image\":{\"@id\":\"https:\/\/veritasinfo.org\/?p=33409#primaryimage\"},\"thumbnailUrl\":\"https:\/\/veritasinfo.org\/wp-content\/uploads\/2026\/02\/voc.jpg\",\"datePublished\":\"2026-02-19T07:14:54+00:00\",\"author\":{\"@id\":\"https:\/\/veritasinfo.org\/#\/schema\/person\/bc442336e35414d04494ab8fb45db4c6\"},\"breadcrumb\":{\"@id\":\"https:\/\/veritasinfo.org\/?p=33409#breadcrumb\"},\"inLanguage\":\"en-US\",\"potentialAction\":[{\"@type\":\"ReadAction\",\"target\":[\"https:\/\/veritasinfo.org\/?p=33409\"]}]},{\"@type\":\"ImageObject\",\"inLanguage\":\"en-US\",\"@id\":\"https:\/\/veritasinfo.org\/?p=33409#primaryimage\",\"url\":\"https:\/\/veritasinfo.org\/wp-content\/uploads\/2026\/02\/voc.jpg\",\"contentUrl\":\"https:\/\/veritasinfo.org\/wp-content\/uploads\/2026\/02\/voc.jpg\",\"width\":972,\"height\":546},{\"@type\":\"BreadcrumbList\",\"@id\":\"https:\/\/veritasinfo.org\/?p=33409#breadcrumb\",\"itemListElement\":[{\"@type\":\"ListItem\",\"position\":1,\"name\":\"Home\",\"item\":\"https:\/\/veritasinfo.org\/\"},{\"@type\":\"ListItem\",\"position\":2,\"name\":\"Takimi inaugurues i Bordit t\u00eb Paqes nis sot n\u00eb Washington, merr pjes\u00eb edhe presidentja Osmani\"}]},{\"@type\":\"WebSite\",\"@id\":\"https:\/\/veritasinfo.org\/#website\",\"url\":\"https:\/\/veritasinfo.org\/\",\"name\":\"\",\"description\":\"\",\"potentialAction\":[{\"@type\":\"SearchAction\",\"target\":{\"@type\":\"EntryPoint\",\"urlTemplate\":\"https:\/\/veritasinfo.org\/?s={search_term_string}\"},\"query-input\":{\"@type\":\"PropertyValueSpecification\",\"valueRequired\":true,\"valueName\":\"search_term_string\"}}],\"inLanguage\":\"en-US\"},{\"@type\":\"Person\",\"@id\":\"https:\/\/veritasinfo.org\/#\/schema\/person\/bc442336e35414d04494ab8fb45db4c6\",\"name\":\"US5\",\"image\":{\"@type\":\"ImageObject\",\"inLanguage\":\"en-US\",\"@id\":\"https:\/\/veritasinfo.org\/#\/schema\/person\/image\/\",\"url\":\"https:\/\/secure.gravatar.com\/avatar\/16a61e7272a0c5d001121ebb9e60e925d5816e4ac1e443ed3e640d9a6ae55d0c?s=96&d=mm&r=g\",\"contentUrl\":\"https:\/\/secure.gravatar.com\/avatar\/16a61e7272a0c5d001121ebb9e60e925d5816e4ac1e443ed3e640d9a6ae55d0c?s=96&d=mm&r=g\",\"caption\":\"US5\"},\"url\":\"https:\/\/veritasinfo.org\/?author=6\"}]}<\/script>\n<!-- \/ Yoast SEO plugin. -->","yoast_head_json":{"title":"Takimi inaugurues i Bordit t\u00eb Paqes nis sot n\u00eb Washington, merr pjes\u00eb edhe presidentja Osmani -","robots":{"index":"index","follow":"follow","max-snippet":"max-snippet:-1","max-image-preview":"max-image-preview:large","max-video-preview":"max-video-preview:-1"},"canonical":"https:\/\/veritasinfo.org\/?p=33409","og_locale":"en_US","og_type":"article","og_title":"Takimi inaugurues i Bordit t\u00eb Paqes nis sot n\u00eb Washington, merr pjes\u00eb edhe presidentja Osmani -","og_description":"Prishtin\u00eb 19 Shkurt 2026 08:14 Presidentja Vjosa Osmani, me ftes\u00eb t\u00eb Presidentit t\u00eb ShBA-s\u00eb, Donald Trump ka udh\u00ebtuar p\u00ebr n\u00eb Washington D.C. p\u00ebr t\u00eb marr\u00eb","og_url":"https:\/\/veritasinfo.org\/?p=33409","article_published_time":"2026-02-19T07:14:54+00:00","og_image":[{"width":972,"height":546,"url":"https:\/\/veritasinfo.org\/wp-content\/uploads\/2026\/02\/voc.jpg","type":"image\/jpeg"}],"author":"US5","twitter_card":"summary_large_image","twitter_misc":{"Written by":"US5"},"schema":{"@context":"https:\/\/schema.org","@graph":[{"@type":"WebPage","@id":"https:\/\/veritasinfo.org\/?p=33409","url":"https:\/\/veritasinfo.org\/?p=33409","name":"Takimi inaugurues i Bordit t\u00eb Paqes nis sot n\u00eb Washington, merr pjes\u00eb edhe presidentja Osmani -","isPartOf":{"@id":"https:\/\/veritasinfo.org\/#website"},"primaryImageOfPage":{"@id":"https:\/\/veritasinfo.org\/?p=33409#primaryimage"},"image":{"@id":"https:\/\/veritasinfo.org\/?p=33409#primaryimage"},"thumbnailUrl":"https:\/\/veritasinfo.org\/wp-content\/uploads\/2026\/02\/voc.jpg","datePublished":"2026-02-19T07:14:54+00:00","author":{"@id":"https:\/\/veritasinfo.org\/#\/schema\/person\/bc442336e35414d04494ab8fb45db4c6"},"breadcrumb":{"@id":"https:\/\/veritasinfo.org\/?p=33409#breadcrumb"},"inLanguage":"en-US","potentialAction":[{"@type":"ReadAction","target":["https:\/\/veritasinfo.org\/?p=33409"]}]},{"@type":"ImageObject","inLanguage":"en-US","@id":"https:\/\/veritasinfo.org\/?p=33409#primaryimage","url":"https:\/\/veritasinfo.org\/wp-content\/uploads\/2026\/02\/voc.jpg","contentUrl":"https:\/\/veritasinfo.org\/wp-content\/uploads\/2026\/02\/voc.jpg","width":972,"height":546},{"@type":"BreadcrumbList","@id":"https:\/\/veritasinfo.org\/?p=33409#breadcrumb","itemListElement":[{"@type":"ListItem","position":1,"name":"Home","item":"https:\/\/veritasinfo.org\/"},{"@type":"ListItem","position":2,"name":"Takimi inaugurues i Bordit t\u00eb Paqes nis sot n\u00eb Washington, merr pjes\u00eb edhe presidentja Osmani"}]},{"@type":"WebSite","@id":"https:\/\/veritasinfo.org\/#website","url":"https:\/\/veritasinfo.org\/","name":"","description":"","potentialAction":[{"@type":"SearchAction","target":{"@type":"EntryPoint","urlTemplate":"https:\/\/veritasinfo.org\/?s={search_term_string}"},"query-input":{"@type":"PropertyValueSpecification","valueRequired":true,"valueName":"search_term_string"}}],"inLanguage":"en-US"},{"@type":"Person","@id":"https:\/\/veritasinfo.org\/#\/schema\/person\/bc442336e35414d04494ab8fb45db4c6","name":"US5","image":{"@type":"ImageObject","inLanguage":"en-US","@id":"https:\/\/veritasinfo.org\/#\/schema\/person\/image\/","url":"https:\/\/secure.gravatar.com\/avatar\/16a61e7272a0c5d001121ebb9e60e925d5816e4ac1e443ed3e640d9a6ae55d0c?s=96&d=mm&r=g","contentUrl":"https:\/\/secure.gravatar.com\/avatar\/16a61e7272a0c5d001121ebb9e60e925d5816e4ac1e443ed3e640d9a6ae55d0c?s=96&d=mm&r=g","caption":"US5"},"url":"https:\/\/veritasinfo.org\/?author=6"}]}},"featured_image_urls":{"full":["https:\/\/veritasinfo.org\/wp-content\/uploads\/2026\/02\/voc.jpg",972,546,false],"thumbnail":["https:\/\/veritasinfo.org\/wp-content\/uploads\/2026\/02\/voc-150x150.jpg",150,150,true],"medium":["https:\/\/veritasinfo.org\/wp-content\/uploads\/2026\/02\/voc-300x169.jpg",300,169,true],"medium_large":["https:\/\/veritasinfo.org\/wp-content\/uploads\/2026\/02\/voc-768x431.jpg",640,359,true],"large":["https:\/\/veritasinfo.org\/wp-content\/uploads\/2026\/02\/voc.jpg",640,360,false],"1536x1536":["https:\/\/veritasinfo.org\/wp-content\/uploads\/2026\/02\/voc.jpg",972,546,false],"2048x2048":["https:\/\/veritasinfo.org\/wp-content\/uploads\/2026\/02\/voc.jpg",972,546,false],"kreeti-slider-full":["https:\/\/veritasinfo.org\/wp-content\/uploads\/2026\/02\/voc.jpg",972,546,false],"kreeti-featured":["https:\/\/veritasinfo.org\/wp-content\/uploads\/2026\/02\/voc.jpg",972,546,false],"kreeti-medium":["https:\/\/veritasinfo.org\/wp-content\/uploads\/2026\/02\/voc.jpg",720,404,false],"kreeti-medium-square":["https:\/\/veritasinfo.org\/wp-content\/uploads\/2026\/02\/voc.jpg",350,197,false]},"author_info":{"info":["US5"]},"category_info":"<a href=\"https:\/\/veritasinfo.org\/?cat=58\" rel=\"category\">Politik\u00eb<\/a>","tag_info":"Politik\u00eb","comment_count":"0","_links":{"self":[{"href":"https:\/\/veritasinfo.org\/index.php?rest_route=\/wp\/v2\/posts\/33409","targetHints":{"allow":["GET"]}}],"collection":[{"href":"https:\/\/veritasinfo.org\/index.php?rest_route=\/wp\/v2\/posts"}],"about":[{"href":"https:\/\/veritasinfo.org\/index.php?rest_route=\/wp\/v2\/types\/post"}],"author":[{"embeddable":true,"href":"https:\/\/veritasinfo.org\/index.php?rest_route=\/wp\/v2\/users\/6"}],"replies":[{"embeddable":true,"href":"https:\/\/veritasinfo.org\/index.php?rest_route=%2Fwp%2Fv2%2Fcomments&post=33409"}],"version-history":[{"count":1,"href":"https:\/\/veritasinfo.org\/index.php?rest_route=\/wp\/v2\/posts\/33409\/revisions"}],"predecessor-version":[{"id":33413,"href":"https:\/\/veritasinfo.org\/index.php?rest_route=\/wp\/v2\/posts\/33409\/revisions\/33413"}],"wp:featuredmedia":[{"embeddable":true,"href":"https:\/\/veritasinfo.org\/index.php?rest_route=\/wp\/v2\/media\/33412"}],"wp:attachment":[{"href":"https:\/\/veritasinfo.org\/index.php?rest_route=%2Fwp%2Fv2%2Fmedia&parent=33409"}],"wp:term":[{"taxonomy":"category","embeddable":true,"href":"https:\/\/veritasinfo.org\/index.php?rest_route=%2Fwp%2Fv2%2Fcategories&post=33409"},{"taxonomy":"post_tag","embeddable":true,"href":"https:\/\/veritasinfo.org\/index.php?rest_route=%2Fwp%2Fv2%2Ftags&post=33409"}],"curies":[{"name":"wp","href":"https:\/\/api.w.org\/{rel}","templated":true}]}}