{"id":33378,"date":"2026-02-18T19:01:32","date_gmt":"2026-02-18T18:01:32","guid":{"rendered":"https:\/\/veritasinfo.org\/?p=33378"},"modified":"2026-02-18T19:01:32","modified_gmt":"2026-02-18T18:01:32","slug":"komuna-e-obiliqit-dhe-kek-u-nenshkruajne-memorandum-mirekuptimi-per-zhvillimin-e-zones","status":"publish","type":"post","link":"https:\/\/veritasinfo.org\/?p=33378","title":{"rendered":"Komuna e Obiliqit dhe KEK-u n\u00ebnshkruajn\u00eb memorandum mir\u00ebkuptimi p\u00ebr zhvillimin e zon\u00ebs"},"content":{"rendered":"<p>Obiliq, 18 shkurt 2026 19:00<\/p>\n<p>Komuna e Obiliqit dhe Korporata Energjetike e Kosov\u00ebs (KEK) kan\u00eb n\u00ebnshkruar sot nj\u00eb memorandum mir\u00ebkuptimi p\u00ebr zhvillimin n\u00eb zon\u00ebn e komun\u00ebs.<\/p>\n<p>P\u00ebrmes k\u00ebsaj marr\u00ebveshjeje, institucionet synojn\u00eb bashk\u00ebpunimin e nd\u00ebrsjell\u00ebt n\u00eb funksionin e p\u00ebrmir\u00ebsimit t\u00eb mir\u00ebqenies s\u00eb Obiliqit, dhe ushtrimin e veprimtaris\u00eb ekonomike t\u00eb KEK n\u00eb zon\u00ebn e komun\u00ebs, ve\u00e7an\u00ebrisht p\u00ebr projektin e Parkut Solar 100M\u00cb dhe p\u00ebrmir\u00ebsimin e infrastruktur\u00ebs e mjedisit n\u00eb dobi t\u00eb komunitetit, raporton KosovaPress. Kryetari i Komun\u00ebs s\u00eb Obiliqit, Halil Tha\u00e7i theksoi se \u00ebsht\u00eb nj\u00eb bashk\u00ebpunim i drejtp\u00ebrdrejt\u00eb operativ, duke deklaruar se ky memorandum nuk \u00ebsht\u00eb vet\u00ebm nj\u00eb dokument formal, por nj\u00eb plan veprimi p\u00ebr &#8220;pun\u00eb t\u00eb p\u00ebrbashk\u00ebta&#8221; q\u00eb do t\u00eb realizohen n\u00eb terren mes Komun\u00ebs dhe KEK-ut.<\/p>\n<p>&#8220;K\u00ebt\u00eb memorandum bashk\u00ebpunimi, kemi planifikuar edhe pun\u00eb t\u00eb p\u00ebrbashk\u00ebta q\u00eb do t&#8217;i b\u00ebj\u00eb komuna e Obiliqit s\u00eb bashku me KEK-u&#8221;, tha Tha\u00e7i.<\/p>\n<p>Kryeshefi Ekzekutiv i Korporat\u00ebs Energjetike t\u00eb Kosov\u00ebs (KEK),Gramos Hashani, ka b\u00ebr\u00eb t\u00eb ditur n\u00ebnshkrimin e nj\u00eb memorandumi mir\u00ebkuptimi me Komun\u00ebn e Obiliqit, i cili synon rritjen e mb\u00ebshtetjes p\u00ebr komunitetin ku operon korporata.<\/p>\n<p>&#8220;Ne si Korporat\u00eb Energjetike e Kosov\u00ebs kemi p\u00ebrgjegj\u00ebsin\u00eb sociale ndaj komunitetit n\u00eb t\u00eb cilin edhe ne kemi operimet tona. N\u00ebnshkruam memorandum mir\u00ebkuptimi p\u00ebr t\u00eb bashk\u00ebpunuar n\u00eb fusha t\u00eb ndryshme q\u00eb lidhen kryesisht me \u00e7\u00ebshtje administrative dhe me \u00e7\u00ebshtje t\u00eb ndihmesave dhe leht\u00ebsirave q\u00eb do t\u00eb ket\u00eb komuna e Obiliqit. Dhe mbi t\u00eb gjitha, p\u00ebrkrahjen q\u00eb komuna e Obiliqit do ta ket\u00eb nga Korporata Energjetike e Kosov\u00ebs n\u00eb projektet q\u00eb lidhen m\u00eb s\u00eb shumti me ambientin&#8230;shpresojm\u00eb q\u00eb t\u00eb kemi nj\u00eb bashk\u00ebpunim sa m\u00eb t\u00eb mir\u00eb dhe sa m\u00eb t\u00eb favorsh\u00ebm p\u00ebr qytetar\u00ebt e komun\u00ebs s\u00eb Obiliqit&#8221;, theksoi Hashani.<\/p>\n<p>&nbsp;<\/p>\n","protected":false},"excerpt":{"rendered":"<p>Obiliq, 18 shkurt 2026 19:00 Komuna e Obiliqit dhe Korporata Energjetike e Kosov\u00ebs (KEK) kan\u00eb n\u00ebnshkruar sot nj\u00eb memorandum mir\u00ebkuptimi p\u00ebr zhvillimin n\u00eb zon\u00ebn e<\/p>\n","protected":false},"author":7,"featured_media":33379,"comment_status":"open","ping_status":"open","sticky":false,"template":"","format":"standard","meta":{"footnotes":""},"categories":[60],"tags":[],"class_list":["post-33378","post","type-post","status-publish","format-standard","has-post-thumbnail","hentry","category-shoqerore-sq"],"yoast_head":"<!-- This site is optimized with the Yoast SEO plugin v25.3.1 - https:\/\/yoast.com\/wordpress\/plugins\/seo\/ -->\n<title>Komuna e Obiliqit dhe KEK-u n\u00ebnshkruajn\u00eb memorandum mir\u00ebkuptimi p\u00ebr zhvillimin e zon\u00ebs -<\/title>\n<meta name=\"robots\" content=\"index, follow, max-snippet:-1, max-image-preview:large, max-video-preview:-1\" \/>\n<link rel=\"canonical\" href=\"https:\/\/veritasinfo.org\/?p=33378\" \/>\n<meta property=\"og:locale\" content=\"en_US\" \/>\n<meta property=\"og:type\" content=\"article\" \/>\n<meta property=\"og:title\" content=\"Komuna e Obiliqit dhe KEK-u n\u00ebnshkruajn\u00eb memorandum mir\u00ebkuptimi p\u00ebr zhvillimin e zon\u00ebs -\" \/>\n<meta property=\"og:description\" content=\"Obiliq, 18 shkurt 2026 19:00 Komuna e Obiliqit dhe Korporata Energjetike e Kosov\u00ebs (KEK) kan\u00eb n\u00ebnshkruar sot nj\u00eb memorandum mir\u00ebkuptimi p\u00ebr zhvillimin n\u00eb zon\u00ebn e\" \/>\n<meta property=\"og:url\" content=\"https:\/\/veritasinfo.org\/?p=33378\" \/>\n<meta property=\"article:published_time\" content=\"2026-02-18T18:01:32+00:00\" \/>\n<meta property=\"og:image\" content=\"https:\/\/veritasinfo.org\/wp-content\/uploads\/2026\/02\/1-83.jpg\" \/>\n\t<meta property=\"og:image:width\" content=\"745\" \/>\n\t<meta property=\"og:image:height\" content=\"508\" \/>\n\t<meta property=\"og:image:type\" content=\"image\/jpeg\" \/>\n<meta name=\"author\" content=\"US6\" \/>\n<meta name=\"twitter:card\" content=\"summary_large_image\" \/>\n<meta name=\"twitter:label1\" content=\"Written by\" \/>\n\t<meta name=\"twitter:data1\" content=\"US6\" \/>\n\t<meta name=\"twitter:label2\" content=\"Est. reading time\" \/>\n\t<meta name=\"twitter:data2\" content=\"2 minutes\" \/>\n<script type=\"application\/ld+json\" class=\"yoast-schema-graph\">{\"@context\":\"https:\/\/schema.org\",\"@graph\":[{\"@type\":\"WebPage\",\"@id\":\"https:\/\/veritasinfo.org\/?p=33378\",\"url\":\"https:\/\/veritasinfo.org\/?p=33378\",\"name\":\"Komuna e Obiliqit dhe KEK-u n\u00ebnshkruajn\u00eb memorandum mir\u00ebkuptimi p\u00ebr zhvillimin e zon\u00ebs -\",\"isPartOf\":{\"@id\":\"https:\/\/veritasinfo.org\/#website\"},\"primaryImageOfPage\":{\"@id\":\"https:\/\/veritasinfo.org\/?p=33378#primaryimage\"},\"image\":{\"@id\":\"https:\/\/veritasinfo.org\/?p=33378#primaryimage\"},\"thumbnailUrl\":\"https:\/\/veritasinfo.org\/wp-content\/uploads\/2026\/02\/1-83.jpg\",\"datePublished\":\"2026-02-18T18:01:32+00:00\",\"author\":{\"@id\":\"https:\/\/veritasinfo.org\/#\/schema\/person\/fe199eede04c3937362892b7444747cc\"},\"breadcrumb\":{\"@id\":\"https:\/\/veritasinfo.org\/?p=33378#breadcrumb\"},\"inLanguage\":\"en-US\",\"potentialAction\":[{\"@type\":\"ReadAction\",\"target\":[\"https:\/\/veritasinfo.org\/?p=33378\"]}]},{\"@type\":\"ImageObject\",\"inLanguage\":\"en-US\",\"@id\":\"https:\/\/veritasinfo.org\/?p=33378#primaryimage\",\"url\":\"https:\/\/veritasinfo.org\/wp-content\/uploads\/2026\/02\/1-83.jpg\",\"contentUrl\":\"https:\/\/veritasinfo.org\/wp-content\/uploads\/2026\/02\/1-83.jpg\",\"width\":745,\"height\":508},{\"@type\":\"BreadcrumbList\",\"@id\":\"https:\/\/veritasinfo.org\/?p=33378#breadcrumb\",\"itemListElement\":[{\"@type\":\"ListItem\",\"position\":1,\"name\":\"Home\",\"item\":\"https:\/\/veritasinfo.org\/\"},{\"@type\":\"ListItem\",\"position\":2,\"name\":\"Komuna e Obiliqit dhe KEK-u n\u00ebnshkruajn\u00eb memorandum mir\u00ebkuptimi p\u00ebr zhvillimin e zon\u00ebs\"}]},{\"@type\":\"WebSite\",\"@id\":\"https:\/\/veritasinfo.org\/#website\",\"url\":\"https:\/\/veritasinfo.org\/\",\"name\":\"\",\"description\":\"\",\"potentialAction\":[{\"@type\":\"SearchAction\",\"target\":{\"@type\":\"EntryPoint\",\"urlTemplate\":\"https:\/\/veritasinfo.org\/?s={search_term_string}\"},\"query-input\":{\"@type\":\"PropertyValueSpecification\",\"valueRequired\":true,\"valueName\":\"search_term_string\"}}],\"inLanguage\":\"en-US\"},{\"@type\":\"Person\",\"@id\":\"https:\/\/veritasinfo.org\/#\/schema\/person\/fe199eede04c3937362892b7444747cc\",\"name\":\"US6\",\"image\":{\"@type\":\"ImageObject\",\"inLanguage\":\"en-US\",\"@id\":\"https:\/\/veritasinfo.org\/#\/schema\/person\/image\/\",\"url\":\"https:\/\/secure.gravatar.com\/avatar\/cb16c3c31c9d23b9b8c705964598220b3014e42ff51eb540ff23cefa3ae8c15f?s=96&d=mm&r=g\",\"contentUrl\":\"https:\/\/secure.gravatar.com\/avatar\/cb16c3c31c9d23b9b8c705964598220b3014e42ff51eb540ff23cefa3ae8c15f?s=96&d=mm&r=g\",\"caption\":\"US6\"},\"url\":\"https:\/\/veritasinfo.org\/?author=7\"}]}<\/script>\n<!-- \/ Yoast SEO plugin. -->","yoast_head_json":{"title":"Komuna e Obiliqit dhe KEK-u n\u00ebnshkruajn\u00eb memorandum mir\u00ebkuptimi p\u00ebr zhvillimin e zon\u00ebs -","robots":{"index":"index","follow":"follow","max-snippet":"max-snippet:-1","max-image-preview":"max-image-preview:large","max-video-preview":"max-video-preview:-1"},"canonical":"https:\/\/veritasinfo.org\/?p=33378","og_locale":"en_US","og_type":"article","og_title":"Komuna e Obiliqit dhe KEK-u n\u00ebnshkruajn\u00eb memorandum mir\u00ebkuptimi p\u00ebr zhvillimin e zon\u00ebs -","og_description":"Obiliq, 18 shkurt 2026 19:00 Komuna e Obiliqit dhe Korporata Energjetike e Kosov\u00ebs (KEK) kan\u00eb n\u00ebnshkruar sot nj\u00eb memorandum mir\u00ebkuptimi p\u00ebr zhvillimin n\u00eb zon\u00ebn e","og_url":"https:\/\/veritasinfo.org\/?p=33378","article_published_time":"2026-02-18T18:01:32+00:00","og_image":[{"width":745,"height":508,"url":"https:\/\/veritasinfo.org\/wp-content\/uploads\/2026\/02\/1-83.jpg","type":"image\/jpeg"}],"author":"US6","twitter_card":"summary_large_image","twitter_misc":{"Written by":"US6","Est. reading time":"2 minutes"},"schema":{"@context":"https:\/\/schema.org","@graph":[{"@type":"WebPage","@id":"https:\/\/veritasinfo.org\/?p=33378","url":"https:\/\/veritasinfo.org\/?p=33378","name":"Komuna e Obiliqit dhe KEK-u n\u00ebnshkruajn\u00eb memorandum mir\u00ebkuptimi p\u00ebr zhvillimin e zon\u00ebs -","isPartOf":{"@id":"https:\/\/veritasinfo.org\/#website"},"primaryImageOfPage":{"@id":"https:\/\/veritasinfo.org\/?p=33378#primaryimage"},"image":{"@id":"https:\/\/veritasinfo.org\/?p=33378#primaryimage"},"thumbnailUrl":"https:\/\/veritasinfo.org\/wp-content\/uploads\/2026\/02\/1-83.jpg","datePublished":"2026-02-18T18:01:32+00:00","author":{"@id":"https:\/\/veritasinfo.org\/#\/schema\/person\/fe199eede04c3937362892b7444747cc"},"breadcrumb":{"@id":"https:\/\/veritasinfo.org\/?p=33378#breadcrumb"},"inLanguage":"en-US","potentialAction":[{"@type":"ReadAction","target":["https:\/\/veritasinfo.org\/?p=33378"]}]},{"@type":"ImageObject","inLanguage":"en-US","@id":"https:\/\/veritasinfo.org\/?p=33378#primaryimage","url":"https:\/\/veritasinfo.org\/wp-content\/uploads\/2026\/02\/1-83.jpg","contentUrl":"https:\/\/veritasinfo.org\/wp-content\/uploads\/2026\/02\/1-83.jpg","width":745,"height":508},{"@type":"BreadcrumbList","@id":"https:\/\/veritasinfo.org\/?p=33378#breadcrumb","itemListElement":[{"@type":"ListItem","position":1,"name":"Home","item":"https:\/\/veritasinfo.org\/"},{"@type":"ListItem","position":2,"name":"Komuna e Obiliqit dhe KEK-u n\u00ebnshkruajn\u00eb memorandum mir\u00ebkuptimi p\u00ebr zhvillimin e zon\u00ebs"}]},{"@type":"WebSite","@id":"https:\/\/veritasinfo.org\/#website","url":"https:\/\/veritasinfo.org\/","name":"","description":"","potentialAction":[{"@type":"SearchAction","target":{"@type":"EntryPoint","urlTemplate":"https:\/\/veritasinfo.org\/?s={search_term_string}"},"query-input":{"@type":"PropertyValueSpecification","valueRequired":true,"valueName":"search_term_string"}}],"inLanguage":"en-US"},{"@type":"Person","@id":"https:\/\/veritasinfo.org\/#\/schema\/person\/fe199eede04c3937362892b7444747cc","name":"US6","image":{"@type":"ImageObject","inLanguage":"en-US","@id":"https:\/\/veritasinfo.org\/#\/schema\/person\/image\/","url":"https:\/\/secure.gravatar.com\/avatar\/cb16c3c31c9d23b9b8c705964598220b3014e42ff51eb540ff23cefa3ae8c15f?s=96&d=mm&r=g","contentUrl":"https:\/\/secure.gravatar.com\/avatar\/cb16c3c31c9d23b9b8c705964598220b3014e42ff51eb540ff23cefa3ae8c15f?s=96&d=mm&r=g","caption":"US6"},"url":"https:\/\/veritasinfo.org\/?author=7"}]}},"featured_image_urls":{"full":["https:\/\/veritasinfo.org\/wp-content\/uploads\/2026\/02\/1-83.jpg",745,508,false],"thumbnail":["https:\/\/veritasinfo.org\/wp-content\/uploads\/2026\/02\/1-83-150x150.jpg",150,150,true],"medium":["https:\/\/veritasinfo.org\/wp-content\/uploads\/2026\/02\/1-83-300x205.jpg",300,205,true],"medium_large":["https:\/\/veritasinfo.org\/wp-content\/uploads\/2026\/02\/1-83.jpg",640,436,false],"large":["https:\/\/veritasinfo.org\/wp-content\/uploads\/2026\/02\/1-83.jpg",640,436,false],"1536x1536":["https:\/\/veritasinfo.org\/wp-content\/uploads\/2026\/02\/1-83.jpg",745,508,false],"2048x2048":["https:\/\/veritasinfo.org\/wp-content\/uploads\/2026\/02\/1-83.jpg",745,508,false],"kreeti-slider-full":["https:\/\/veritasinfo.org\/wp-content\/uploads\/2026\/02\/1-83.jpg",745,508,false],"kreeti-featured":["https:\/\/veritasinfo.org\/wp-content\/uploads\/2026\/02\/1-83.jpg",745,508,false],"kreeti-medium":["https:\/\/veritasinfo.org\/wp-content\/uploads\/2026\/02\/1-83.jpg",720,491,false],"kreeti-medium-square":["https:\/\/veritasinfo.org\/wp-content\/uploads\/2026\/02\/1-83.jpg",350,239,false]},"author_info":{"info":["US6"]},"category_info":"<a href=\"https:\/\/veritasinfo.org\/?cat=60\" rel=\"category\">Shoq\u00ebrore<\/a>","tag_info":"Shoq\u00ebrore","comment_count":"0","_links":{"self":[{"href":"https:\/\/veritasinfo.org\/index.php?rest_route=\/wp\/v2\/posts\/33378","targetHints":{"allow":["GET"]}}],"collection":[{"href":"https:\/\/veritasinfo.org\/index.php?rest_route=\/wp\/v2\/posts"}],"about":[{"href":"https:\/\/veritasinfo.org\/index.php?rest_route=\/wp\/v2\/types\/post"}],"author":[{"embeddable":true,"href":"https:\/\/veritasinfo.org\/index.php?rest_route=\/wp\/v2\/users\/7"}],"replies":[{"embeddable":true,"href":"https:\/\/veritasinfo.org\/index.php?rest_route=%2Fwp%2Fv2%2Fcomments&post=33378"}],"version-history":[{"count":1,"href":"https:\/\/veritasinfo.org\/index.php?rest_route=\/wp\/v2\/posts\/33378\/revisions"}],"predecessor-version":[{"id":33380,"href":"https:\/\/veritasinfo.org\/index.php?rest_route=\/wp\/v2\/posts\/33378\/revisions\/33380"}],"wp:featuredmedia":[{"embeddable":true,"href":"https:\/\/veritasinfo.org\/index.php?rest_route=\/wp\/v2\/media\/33379"}],"wp:attachment":[{"href":"https:\/\/veritasinfo.org\/index.php?rest_route=%2Fwp%2Fv2%2Fmedia&parent=33378"}],"wp:term":[{"taxonomy":"category","embeddable":true,"href":"https:\/\/veritasinfo.org\/index.php?rest_route=%2Fwp%2Fv2%2Fcategories&post=33378"},{"taxonomy":"post_tag","embeddable":true,"href":"https:\/\/veritasinfo.org\/index.php?rest_route=%2Fwp%2Fv2%2Ftags&post=33378"}],"curies":[{"name":"wp","href":"https:\/\/api.w.org\/{rel}","templated":true}]}}