{"id":3337,"date":"2025-07-10T18:26:35","date_gmt":"2025-07-10T16:26:35","guid":{"rendered":"https:\/\/veritasinfo.org\/?p=3337"},"modified":"2025-07-10T18:26:35","modified_gmt":"2025-07-10T16:26:35","slug":"euobserver-politika-e-be-se-ndaj-vuciqit-rrezikon-gjithe-ballkanin","status":"publish","type":"post","link":"https:\/\/veritasinfo.org\/?p=3337","title":{"rendered":"EUobserver: Politika e BE-s\u00eb ndaj Vu\u00e7iqit rrezikon gjith\u00eb Ballkanin"},"content":{"rendered":"<p>10 Korrik 2025<\/p>\n<p>Gjat\u00eb muajve t\u00eb protestave popullore kund\u00ebr regjimit serb, Bashkimi Europian e ka mb\u00ebshtetur me kok\u00ebfort\u00ebsi presidentin Aleksandar Vu\u00e7iq. Por tani, shtypja gjithnj\u00eb e m\u00eb brutale e protestave paq\u00ebsore nga Vu\u00e7iq e ka v\u00ebn\u00eb politik\u00ebn e BE-s\u00eb n\u00eb nj\u00eb pik\u00eb kthese: t\u00eb vazhdoj\u00eb t\u00eb k\u00ebnaq\u00eb Vu\u00e7iqin n\u00eb m\u00ebnyr\u00eb transaksionale, ose t\u00eb p\u00ebrqafoj\u00eb pasigurin\u00eb \u2013 por me t\u00eb, edhe progres t\u00eb mundsh\u00ebm real.<\/p>\n<p><strong><em>Shkruajn\u00eb: Kurt Bassuener dhe Toby Vogel<\/em><\/strong><\/p>\n<p>Duke gjykuar nga mungesa e p\u00ebrgjigjes nga Parisi, Berlini dhe Komisioni Europian, BE-ja do t\u00eb p\u00ebrpiqet t\u00eb q\u00ebndroj\u00eb t\u00eb mos marr\u00eb an\u00eb p\u00ebr aq koh\u00eb sa t\u00eb mundet.<\/p>\n<p>Por p\u00ebrshpejtimi i ngjarjeve n\u00eb terren mund ta detyroj\u00eb s\u00eb shpejti BE-n\u00eb t\u00eb marr\u00eb nj\u00eb q\u00ebndrim.<\/p>\n<div class=\"mandeta-ad mandeta-ad-tag_inarticle2\">\n<div><\/div>\n<\/div>\n<p>N\u00eb mbyllje t\u00eb nj\u00eb proteste t\u00eb madhe n\u00eb Beograd m\u00eb 28 qershor, e cila mblodhi mbi 100,000 njer\u00ebz, fol\u00ebsit njoftuan se l\u00ebvizja studentore tani ishte nj\u00eb l\u00ebvizje m\u00eb e gjer\u00eb qytetare dhe b\u00ebn\u00eb thirrje p\u00ebr mosbindje civile.<\/p>\n<p>Mbledhja protestuese u pasua nga p\u00ebrleshje dhe shtypje e dhunshme policore n\u00eb Beograd \u2013 dhe menj\u00ebher\u00eb pas k\u00ebsaj, nga bllokada trafiku n\u00eb t\u00eb gjith\u00eb Serbin\u00eb.<\/p>\n<p>Gjat\u00eb jav\u00ebs q\u00eb nga ajo koh\u00eb, policia dhe ndihm\u00ebsit e saj me uniforma dhe maska \u200b\u200bpolicie (p\u00ebrfshir\u00eb, sipas d\u00ebshmitar\u00ebve okular\u00eb, personel nga Republika Srpska n\u00eb Bosnj\u00ebn dhe Hercegovin\u00ebn fqinje) u p\u00ebrfshin\u00eb n\u00eb rrahje brutale dhe operacione p\u00ebr shp\u00ebrndarje t\u00eb protestuesve, duke shkaktuar zem\u00ebrim popullor ndaj dhun\u00ebs, i amplifikuar nga fakti q\u00eb Vu\u00e7iq e shpalli veten \u201ct\u00eb k\u00ebnaqur\u201d me policin\u00eb.<\/p>\n<p>Pavar\u00ebsisht dhun\u00ebs shtet\u00ebrore, bllokadat dhe protestat nuk tregojn\u00eb shenja leht\u00ebsimi.<\/p>\n<p>Ajo q\u00eb filloi si nj\u00eb protest\u00eb studentore kund\u00ebr nj\u00eb sistemi t\u00eb korruptuar, e shkaktuar nga shembja e nj\u00eb tend\u00eb stacioni hekurudhor n\u00eb Novi Sad q\u00eb la t\u00eb vdekur 16 persona, tani \u00ebsht\u00eb zhvilluar n\u00eb nj\u00eb l\u00ebvizje t\u00eb p\u00ebrhapur popullore.<\/p>\n<p>Delegacionet studentore udh\u00ebtuan me bi\u00e7ikleta n\u00eb Strasburg dhe vrapuan n\u00eb nj\u00eb ultramaraton\u00eb n\u00eb Bruksel, n\u00eb prill dhe maj, p\u00ebr t\u00eb ushtruar presion mbi BE-n\u00eb q\u00eb t\u00eb rikalibronte politik\u00ebn e saj ndaj Serbis\u00eb.<\/p>\n<p>Zyrtar\u00ebt e BE-s\u00eb shmang\u00ebn \u00e7iklist\u00ebt, nd\u00ebrsa komisionar\u00ebt, ajo p\u00ebr zgjerimin, Marta Kos, si ai p\u00ebr t\u00eb rinjt\u00eb dhe kultur\u00ebn, Glen Micallef, u takuan me vrapuesit n\u00eb maj.<\/p>\n<p><strong>Vet\u00ebm nj\u00eb ndryshim retorik<\/strong><\/p>\n<p>Kos ka b\u00ebr\u00eb nj\u00eb ndryshim retorik, duke njohur q\u00ebllimet dhe vlerat e l\u00ebvizjes s\u00eb udh\u00ebhequr nga student\u00ebt p\u00ebr ndryshim n\u00eb Serbi si plot\u00ebsisht n\u00eb p\u00ebrputhje me vlerat e shpallura t\u00eb BE-s\u00eb dhe k\u00ebrkesat e acquis.<\/p>\n<p>Por kjo u duk e dob\u00ebt p\u00ebr shumic\u00ebn e serb\u00ebve dhe v\u00ebzhguesve. Komisioner\u00ebt nuk kryen asgj\u00eb \u2013 dhe politika e BE-s\u00eb mbetet e parind\u00ebrtuar.<\/p>\n<p>Vu\u00e7iq sfidoi qortimet publike nga zyrtar\u00ebt e lart\u00eb t\u00eb BE-s\u00eb p\u00ebr t\u00eb mos marr\u00eb pjes\u00eb n\u00eb parad\u00ebn e Dit\u00ebs s\u00eb Fitores t\u00eb Putinit m\u00eb 9 maj n\u00eb Mosk\u00eb.<\/p>\n<p>Sfida e tij u shp\u00ebrblye disa dit\u00eb m\u00eb von\u00eb me nj\u00eb vizit\u00eb n\u00eb Beograd nga presidenti i K\u00ebshillit Europian Antonio Costa, e ndjekur menj\u00ebher\u00eb nga shefja e pun\u00ebve t\u00eb jashtme t\u00eb BE-s\u00eb Kaja Kallas.<\/p>\n<p>Kallas, e cila i b\u00ebri thirrje Serbis\u00eb t\u00eb b\u00ebnte nj\u00eb \u201czgjedhje strategjike\u201d mbi orientimin e saj gjeopolitik, e b\u00ebri t\u00eb dukshme pak\u00ebnaq\u00ebsin\u00eb e saj \u2013 por vet\u00ebm dy vizitat projektuan nj\u00eb dinamik\u00eb pushteti n\u00eb t\u00eb cil\u00ebn Brukseli \u00ebsht\u00eb lut\u00ebsi.<\/p>\n<p>Deri m\u00eb tani, nuk ka pasur pasoja politike p\u00ebr arbitrazhin gjeopolitik t\u00eb Vu\u00e7iqit dhe nuk ka prova q\u00eb Komisioni po e rip\u00ebrcakton politik\u00ebn e tij ndaj Serbis\u00eb, e cila \u00ebsht\u00eb nj\u00eb p\u00ebrjashtim i duksh\u00ebm midis vendeve aspirante t\u00eb Ballkanit Per\u00ebndimor p\u00ebr n\u00eb BE, me nj\u00eb p\u00ebrputhshm\u00ebri me Politik\u00ebn e P\u00ebrbashk\u00ebt t\u00eb Jashtme dhe t\u00eb Siguris\u00eb q\u00eb luhatet rreth 50-60 p\u00ebrqind.<\/p>\n<p><strong>Koordinim midis Beogradit dhe Mosk\u00ebs?<\/strong><\/p>\n<p>N\u00eb fund t\u00eb qershorit, pas kritikave t\u00eb ashpra publike nga sh\u00ebrbimi i inteligjenc\u00ebs s\u00eb jashtme t\u00eb Rusis\u00eb, SVR, p\u00ebr \u201ctradhtin\u00eb\u201d e Serbis\u00eb p\u00ebr shitjen e arm\u00ebve n\u00ebp\u00ebrmjet vendeve t\u00eb treta n\u00eb Ukrain\u00eb, Vu\u00e7iq njoftoi pezullimin e shitjeve t\u00eb arm\u00ebve t\u00eb huaja, p\u00ebrfshir\u00eb Ukrain\u00ebn.<\/p>\n<p>Duke shtuar presionin mbi mbrojtjen e Ukrain\u00ebs, d\u00ebrgesat amerikane t\u00eb raketave Patriot dhe predhave t\u00eb artileris\u00eb 155 mm (gjithashtu t\u00eb prodhuara n\u00eb Serbi) u ndaluan n\u00eb fillim t\u00eb korrikut.<\/p>\n<p>Vlen t\u00eb merret n\u00eb konsiderat\u00eb mund\u00ebsia q\u00eb k\u00ebto l\u00ebvizje t\u00eb jen\u00eb t\u00eb koordinuara.<\/p>\n<p>Nd\u00ebrsa Vu\u00e7iq mori pjes\u00eb n\u00eb samitin Ukrain\u00eb-Europ\u00eb Juglindore n\u00eb Odesa m\u00eb 11 qershor, ai refuzoi t\u00eb n\u00ebnshkruante deklarat\u00ebn q\u00eb denonconte agresionin rus, duke u munduar m\u00eb pas t\u00eb deklaronte se nuk e \u201ctradhtonte Rusin\u00eb\u201d. Megjithat\u00eb, Komisioni vler\u00ebsoi pjes\u00ebmarrjen e tij.<\/p>\n<p>Jav\u00ebn e kaluar presidentja e Komisionit t\u00eb BE-s\u00eb, Ursula von der Leyen, foli n\u00eb m\u00ebnyr\u00eb bilaterale me Vu\u00e7iqin p\u00ebr gjysm\u00eb ore \u2013 nj\u00eb gj\u00eb e rrall\u00eb.<\/p>\n<p>P\u00ebrmbajtja e takimit t\u00eb tyre \u00ebsht\u00eb e paqart\u00eb. Por n\u00ebse kishte p\u00ebr q\u00ebllim t\u00eb ishte nj\u00eb qortim ose v\u00ebrejtje pas dhun\u00ebs s\u00eb 28 qershorit, padyshim q\u00eb nuk pati ndikim. Sa m\u00eb gjat\u00eb q\u00eb politika e BE-s\u00eb t\u00eb mbetet e nj\u00ebjt\u00eb, aq m\u00eb shum\u00eb serb\u00eb do t\u00eb arrijn\u00eb n\u00eb p\u00ebrfundimin se ajo n\u00eb fakt e ka licencuar shtypjen e Vu\u00e7iqit.<\/p>\n<p>Komisioni (me mb\u00ebshtetjen e dukshme t\u00eb shumic\u00ebs s\u00eb shteteve an\u00ebtare) duket se beson se transaksionalizmi, me nxitje financiare dhe l\u00ebnien m\u00ebnjan\u00eb t\u00eb \u00e7\u00ebshtjeve t\u00eb v\u00ebshtira t\u00eb vlerave, mund t\u00eb siguroj\u00eb interesat e BE-s\u00eb n\u00eb Serbi \u2013 dhe si rrjedhoj\u00eb, n\u00eb Ballkanin Per\u00ebndimor n\u00eb t\u00ebr\u00ebsi.<\/p>\n<p>Kjo prirje p\u00ebr ta l\u00ebn\u00eb problemin e saj politik n\u00eb nj\u00eb \u00e7\u00ebshtje komunikimi \u00ebsht\u00eb b\u00ebr\u00eb e paq\u00ebndrueshme dhe po p\u00ebrshpejton r\u00ebnien e popullaritetit t\u00eb BE-s\u00eb midis serb\u00ebve t\u00eb r\u00ebndomt\u00eb. Kjo e pozicionon BE-n\u00eb si nj\u00eb person q\u00eb punon n\u00eb m\u00ebnyr\u00eb efektive n\u00eb bashk\u00ebpunim me Vu\u00e7iqin, i cili ka synuar n\u00ebp\u00ebrmjet dominimit t\u00eb medias t\u00eb zvog\u00ebloj\u00eb valenc\u00ebn e BE-s\u00eb midis serb\u00ebve (dhe t\u00eb rris\u00eb at\u00eb t\u00eb Rusis\u00eb dhe Kin\u00ebs).<\/p>\n<p>Edhe m\u00eb d\u00ebmtues \u00ebsht\u00eb fakti se mesazhet e ndrojtura t\u00eb BE-s\u00eb n\u00eb fakt e kan\u00eb inkurajuar Vu\u00e7iqin t\u00eb rris\u00eb shtypjen e tij. Ai l\u00ebshoi \u200b\u200bbandit\u00eb t\u00eb dhunsh\u00ebm mbi protestuesit dhe nisi nj\u00eb fushat\u00eb t\u00eb pam\u00ebshirshme mediatike duke denoncuar student\u00ebt si \u201cterrorist\u00eb\u201d t\u00eb paguar nga armiqt\u00eb e Serbis\u00eb (p.sh. qeverit\u00eb per\u00ebndimore) p\u00ebr t\u00eb rr\u00ebzuar qeverin\u00eb \u2013 nj\u00eb \u201crevolucion me ngjyra\u201d q\u00eb synon \u201cndryshimin e regjimit\u201d.<\/p>\n<p>Vu\u00e7iq i lexon qart\u00eb indulgjencat e BE-s\u00eb si nj\u00eb licenc\u00eb p\u00ebr t\u00eb ruajtur dhe madje p\u00ebr t\u00eb forcuar lidhjet e tij me Mosk\u00ebn.<\/p>\n<p>Represioni gjithnj\u00eb e m\u00eb brutal i Vu\u00e7iqit duhet t\u00eb nxis\u00eb m\u00eb n\u00eb fund nj\u00eb rip\u00ebrcaktim t\u00eb politik\u00ebs s\u00eb BE-s\u00eb n\u00eb baz\u00eb t\u00eb vlerave. Por edhe i kufizuar n\u00eb transaksionaliz\u00ebm, ekziston nj\u00eb arsyetim i fuqish\u00ebm p\u00ebr ndryshimin e politikave. N\u00ebse nj\u00eb \u201cUnion gjeopolitik\u201d ka treguar gatishm\u00ebri p\u00ebr t\u00eb lidhur rrug\u00ebn e zgjerimit t\u00eb Serbis\u00eb me ofrimin e p\u00ebrfitimeve strategjike dhe t\u00eb siguris\u00eb afatshkurtra, at\u00ebher\u00eb logjikisht duhet t\u00eb rrjedh\u00eb q\u00eb p\u00ebrpjekjet aktive t\u00eb Vu\u00e7iqit p\u00ebr t\u00eb d\u00ebmtuar k\u00ebto interesa duhet t\u00eb sjellin nj\u00eb p\u00ebrgjigje politike p\u00ebrkat\u00ebsisht shkat\u00ebrruese.<\/p>\n<p><strong>Presidenca daneze?<\/strong><\/p>\n<p>Duke pasur parasysh inercin\u00eb e zgjatur institucionale t\u00eb BE-s\u00eb, shtetet an\u00ebtare jan\u00eb agjent\u00ebt m\u00eb t\u00eb besuesh\u00ebm t\u00eb ndryshimit.<\/p>\n<p>Presidenca daneze duhet t\u00eb filloj\u00eb m\u00eb n\u00eb fund rikalibrimin e vonuar t\u00eb autopilotit t\u00eb politik\u00ebs s\u00eb BE-s\u00eb ndaj Serbis\u00eb dhe rajonit, n\u00eb m\u00ebnyr\u00eb q\u00eb ajo t\u00eb jet\u00eb jo vet\u00ebm strategjikisht e sh\u00ebndosh\u00eb, por edhe n\u00eb p\u00ebrputhje me vlerat demokratike t\u00eb Unionit.<\/p>\n<p>Kjo \u00ebsht\u00eb e realizueshme vet\u00ebm n\u00ebse zhvillon nj\u00eb koalicion midis shteteve t\u00eb tjera an\u00ebtare. Kjo do t\u00eb fillonte me qart\u00ebsi mbi at\u00eb q\u00eb Danimarka dhe an\u00ebtar\u00ebt e tjer\u00eb me t\u00eb nj\u00ebjtat ide presin nga qeverit\u00eb kandidate, duke p\u00ebrfshir\u00eb jo vet\u00ebm harmonizimin e politik\u00ebs s\u00eb jashtme, por edhe angazhimin e v\u00ebrtet\u00eb ndaj t\u00eb gjith\u00eb grupit t\u00eb detyrimeve t\u00eb Kopenhagenit. \u00cbsht\u00eb thelb\u00ebsore t\u00eb demonstrohet mb\u00ebshtetje p\u00ebr ata n\u00eb Serbi q\u00eb marrin rreziqe n\u00eb em\u00ebr t\u00eb vlerave themelore t\u00eb BE-s\u00eb.<\/p>\n<p>Rreziku p\u00ebr BE-n\u00eb \u2013 jo vet\u00ebm n\u00eb Serbi, por n\u00eb t\u00eb gjith\u00eb Ballkanin Per\u00ebndimor \u2013 \u00ebsht\u00eb serioz.<\/p>\n<p>N\u00eb vend q\u00eb t\u00eb fitoj\u00eb Serbin\u00eb, politika e Unionit p\u00ebr t\u00eb q\u00ebndruar pran\u00eb Vu\u00e7iqit mund ta humbas\u00eb at\u00eb p\u00ebr nj\u00eb brez tjet\u00ebr, pavar\u00ebsisht n\u00ebse protestat n\u00eb fund t\u00eb fundit do t\u00eb ken\u00eb sukses apo do t\u00eb d\u00ebshtojn\u00eb. Le t\u00eb jemi t\u00eb qart\u00eb: zgjedhja e \u201cstabilitetit\u201d nga BE-ja n\u00eb momentin aktual do t\u00eb thot\u00eb miratim de facto i shtypjes s\u00eb dhunshme n\u00eb Serbi. Prandaj, politika tradhton si vlerat themelore demokratike t\u00eb BE-s\u00eb ashtu edhe interesat e saj, afatshkurtra dhe afatgjata, n\u00eb nj\u00eb koh\u00eb kur ato po sfidohen nga lindja, per\u00ebndimi dhe nga brenda.<\/p>\n<p>P\u00ebr t\u00eb p\u00ebrdorur nj\u00eb Trumpiz\u00ebm, BE-ja i ka letrat n\u00eb dor\u00eb. Duhet t\u00eb luaj\u00eb pak.<\/p>\n","protected":false},"excerpt":{"rendered":"<p>10 Korrik 2025 Gjat\u00eb muajve t\u00eb protestave popullore kund\u00ebr regjimit serb, Bashkimi Europian e ka mb\u00ebshtetur me kok\u00ebfort\u00ebsi presidentin Aleksandar Vu\u00e7iq. Por tani, shtypja gjithnj\u00eb<\/p>\n","protected":false},"author":1,"featured_media":3338,"comment_status":"open","ping_status":"open","sticky":false,"template":"","format":"standard","meta":{"footnotes":""},"categories":[58],"tags":[],"class_list":["post-3337","post","type-post","status-publish","format-standard","has-post-thumbnail","hentry","category-politike-sq"],"yoast_head":"<!-- This site is optimized with the Yoast SEO plugin v25.3.1 - https:\/\/yoast.com\/wordpress\/plugins\/seo\/ -->\n<title>EUobserver: Politika e BE-s\u00eb ndaj Vu\u00e7iqit rrezikon gjith\u00eb Ballkanin -<\/title>\n<meta name=\"robots\" content=\"index, follow, max-snippet:-1, max-image-preview:large, max-video-preview:-1\" \/>\n<link rel=\"canonical\" href=\"https:\/\/veritasinfo.org\/?p=3337\" \/>\n<meta property=\"og:locale\" content=\"en_US\" \/>\n<meta property=\"og:type\" content=\"article\" \/>\n<meta property=\"og:title\" content=\"EUobserver: Politika e BE-s\u00eb ndaj Vu\u00e7iqit rrezikon gjith\u00eb Ballkanin -\" \/>\n<meta property=\"og:description\" content=\"10 Korrik 2025 Gjat\u00eb muajve t\u00eb protestave popullore kund\u00ebr regjimit serb, Bashkimi Europian e ka mb\u00ebshtetur me kok\u00ebfort\u00ebsi presidentin Aleksandar Vu\u00e7iq. Por tani, shtypja gjithnj\u00eb\" \/>\n<meta property=\"og:url\" content=\"https:\/\/veritasinfo.org\/?p=3337\" \/>\n<meta property=\"article:published_time\" content=\"2025-07-10T16:26:35+00:00\" \/>\n<meta property=\"og:image\" content=\"https:\/\/veritasinfo.org\/wp-content\/uploads\/2025\/07\/IMG_0948.png\" \/>\n\t<meta property=\"og:image:width\" content=\"600\" \/>\n\t<meta property=\"og:image:height\" content=\"360\" \/>\n\t<meta property=\"og:image:type\" content=\"image\/png\" \/>\n<meta name=\"author\" content=\"admin\" \/>\n<meta name=\"twitter:card\" content=\"summary_large_image\" \/>\n<meta name=\"twitter:label1\" content=\"Written by\" \/>\n\t<meta name=\"twitter:data1\" content=\"admin\" \/>\n\t<meta name=\"twitter:label2\" content=\"Est. reading time\" \/>\n\t<meta name=\"twitter:data2\" content=\"6 minutes\" \/>\n<script type=\"application\/ld+json\" class=\"yoast-schema-graph\">{\"@context\":\"https:\/\/schema.org\",\"@graph\":[{\"@type\":\"WebPage\",\"@id\":\"https:\/\/veritasinfo.org\/?p=3337\",\"url\":\"https:\/\/veritasinfo.org\/?p=3337\",\"name\":\"EUobserver: Politika e BE-s\u00eb ndaj Vu\u00e7iqit rrezikon gjith\u00eb Ballkanin -\",\"isPartOf\":{\"@id\":\"https:\/\/veritasinfo.org\/#website\"},\"primaryImageOfPage\":{\"@id\":\"https:\/\/veritasinfo.org\/?p=3337#primaryimage\"},\"image\":{\"@id\":\"https:\/\/veritasinfo.org\/?p=3337#primaryimage\"},\"thumbnailUrl\":\"https:\/\/veritasinfo.org\/wp-content\/uploads\/2025\/07\/IMG_0948.png\",\"datePublished\":\"2025-07-10T16:26:35+00:00\",\"author\":{\"@id\":\"https:\/\/veritasinfo.org\/#\/schema\/person\/7701f8c088bece422266b100a712374f\"},\"breadcrumb\":{\"@id\":\"https:\/\/veritasinfo.org\/?p=3337#breadcrumb\"},\"inLanguage\":\"en-US\",\"potentialAction\":[{\"@type\":\"ReadAction\",\"target\":[\"https:\/\/veritasinfo.org\/?p=3337\"]}]},{\"@type\":\"ImageObject\",\"inLanguage\":\"en-US\",\"@id\":\"https:\/\/veritasinfo.org\/?p=3337#primaryimage\",\"url\":\"https:\/\/veritasinfo.org\/wp-content\/uploads\/2025\/07\/IMG_0948.png\",\"contentUrl\":\"https:\/\/veritasinfo.org\/wp-content\/uploads\/2025\/07\/IMG_0948.png\",\"width\":600,\"height\":360},{\"@type\":\"BreadcrumbList\",\"@id\":\"https:\/\/veritasinfo.org\/?p=3337#breadcrumb\",\"itemListElement\":[{\"@type\":\"ListItem\",\"position\":1,\"name\":\"Home\",\"item\":\"https:\/\/veritasinfo.org\/\"},{\"@type\":\"ListItem\",\"position\":2,\"name\":\"EUobserver: Politika e BE-s\u00eb ndaj Vu\u00e7iqit rrezikon gjith\u00eb Ballkanin\"}]},{\"@type\":\"WebSite\",\"@id\":\"https:\/\/veritasinfo.org\/#website\",\"url\":\"https:\/\/veritasinfo.org\/\",\"name\":\"\",\"description\":\"\",\"potentialAction\":[{\"@type\":\"SearchAction\",\"target\":{\"@type\":\"EntryPoint\",\"urlTemplate\":\"https:\/\/veritasinfo.org\/?s={search_term_string}\"},\"query-input\":{\"@type\":\"PropertyValueSpecification\",\"valueRequired\":true,\"valueName\":\"search_term_string\"}}],\"inLanguage\":\"en-US\"},{\"@type\":\"Person\",\"@id\":\"https:\/\/veritasinfo.org\/#\/schema\/person\/7701f8c088bece422266b100a712374f\",\"name\":\"admin\",\"image\":{\"@type\":\"ImageObject\",\"inLanguage\":\"en-US\",\"@id\":\"https:\/\/veritasinfo.org\/#\/schema\/person\/image\/\",\"url\":\"https:\/\/secure.gravatar.com\/avatar\/ea53aa3bf6c9a12d5fde8ce4deff43fef3885ae33cf60184161a50d6987cfd2f?s=96&d=mm&r=g\",\"contentUrl\":\"https:\/\/secure.gravatar.com\/avatar\/ea53aa3bf6c9a12d5fde8ce4deff43fef3885ae33cf60184161a50d6987cfd2f?s=96&d=mm&r=g\",\"caption\":\"admin\"},\"sameAs\":[\"https:\/\/veritasinfo.org\"],\"url\":\"https:\/\/veritasinfo.org\/?author=1\"}]}<\/script>\n<!-- \/ Yoast SEO plugin. -->","yoast_head_json":{"title":"EUobserver: Politika e BE-s\u00eb ndaj Vu\u00e7iqit rrezikon gjith\u00eb Ballkanin -","robots":{"index":"index","follow":"follow","max-snippet":"max-snippet:-1","max-image-preview":"max-image-preview:large","max-video-preview":"max-video-preview:-1"},"canonical":"https:\/\/veritasinfo.org\/?p=3337","og_locale":"en_US","og_type":"article","og_title":"EUobserver: Politika e BE-s\u00eb ndaj Vu\u00e7iqit rrezikon gjith\u00eb Ballkanin -","og_description":"10 Korrik 2025 Gjat\u00eb muajve t\u00eb protestave popullore kund\u00ebr regjimit serb, Bashkimi Europian e ka mb\u00ebshtetur me kok\u00ebfort\u00ebsi presidentin Aleksandar Vu\u00e7iq. Por tani, shtypja gjithnj\u00eb","og_url":"https:\/\/veritasinfo.org\/?p=3337","article_published_time":"2025-07-10T16:26:35+00:00","og_image":[{"width":600,"height":360,"url":"https:\/\/veritasinfo.org\/wp-content\/uploads\/2025\/07\/IMG_0948.png","type":"image\/png"}],"author":"admin","twitter_card":"summary_large_image","twitter_misc":{"Written by":"admin","Est. reading time":"6 minutes"},"schema":{"@context":"https:\/\/schema.org","@graph":[{"@type":"WebPage","@id":"https:\/\/veritasinfo.org\/?p=3337","url":"https:\/\/veritasinfo.org\/?p=3337","name":"EUobserver: Politika e BE-s\u00eb ndaj Vu\u00e7iqit rrezikon gjith\u00eb Ballkanin -","isPartOf":{"@id":"https:\/\/veritasinfo.org\/#website"},"primaryImageOfPage":{"@id":"https:\/\/veritasinfo.org\/?p=3337#primaryimage"},"image":{"@id":"https:\/\/veritasinfo.org\/?p=3337#primaryimage"},"thumbnailUrl":"https:\/\/veritasinfo.org\/wp-content\/uploads\/2025\/07\/IMG_0948.png","datePublished":"2025-07-10T16:26:35+00:00","author":{"@id":"https:\/\/veritasinfo.org\/#\/schema\/person\/7701f8c088bece422266b100a712374f"},"breadcrumb":{"@id":"https:\/\/veritasinfo.org\/?p=3337#breadcrumb"},"inLanguage":"en-US","potentialAction":[{"@type":"ReadAction","target":["https:\/\/veritasinfo.org\/?p=3337"]}]},{"@type":"ImageObject","inLanguage":"en-US","@id":"https:\/\/veritasinfo.org\/?p=3337#primaryimage","url":"https:\/\/veritasinfo.org\/wp-content\/uploads\/2025\/07\/IMG_0948.png","contentUrl":"https:\/\/veritasinfo.org\/wp-content\/uploads\/2025\/07\/IMG_0948.png","width":600,"height":360},{"@type":"BreadcrumbList","@id":"https:\/\/veritasinfo.org\/?p=3337#breadcrumb","itemListElement":[{"@type":"ListItem","position":1,"name":"Home","item":"https:\/\/veritasinfo.org\/"},{"@type":"ListItem","position":2,"name":"EUobserver: Politika e BE-s\u00eb ndaj Vu\u00e7iqit rrezikon gjith\u00eb Ballkanin"}]},{"@type":"WebSite","@id":"https:\/\/veritasinfo.org\/#website","url":"https:\/\/veritasinfo.org\/","name":"","description":"","potentialAction":[{"@type":"SearchAction","target":{"@type":"EntryPoint","urlTemplate":"https:\/\/veritasinfo.org\/?s={search_term_string}"},"query-input":{"@type":"PropertyValueSpecification","valueRequired":true,"valueName":"search_term_string"}}],"inLanguage":"en-US"},{"@type":"Person","@id":"https:\/\/veritasinfo.org\/#\/schema\/person\/7701f8c088bece422266b100a712374f","name":"admin","image":{"@type":"ImageObject","inLanguage":"en-US","@id":"https:\/\/veritasinfo.org\/#\/schema\/person\/image\/","url":"https:\/\/secure.gravatar.com\/avatar\/ea53aa3bf6c9a12d5fde8ce4deff43fef3885ae33cf60184161a50d6987cfd2f?s=96&d=mm&r=g","contentUrl":"https:\/\/secure.gravatar.com\/avatar\/ea53aa3bf6c9a12d5fde8ce4deff43fef3885ae33cf60184161a50d6987cfd2f?s=96&d=mm&r=g","caption":"admin"},"sameAs":["https:\/\/veritasinfo.org"],"url":"https:\/\/veritasinfo.org\/?author=1"}]}},"featured_image_urls":{"full":["https:\/\/veritasinfo.org\/wp-content\/uploads\/2025\/07\/IMG_0948.png",600,360,false],"thumbnail":["https:\/\/veritasinfo.org\/wp-content\/uploads\/2025\/07\/IMG_0948-150x150.png",150,150,true],"medium":["https:\/\/veritasinfo.org\/wp-content\/uploads\/2025\/07\/IMG_0948-300x180.png",300,180,true],"medium_large":["https:\/\/veritasinfo.org\/wp-content\/uploads\/2025\/07\/IMG_0948.png",600,360,false],"large":["https:\/\/veritasinfo.org\/wp-content\/uploads\/2025\/07\/IMG_0948.png",600,360,false],"1536x1536":["https:\/\/veritasinfo.org\/wp-content\/uploads\/2025\/07\/IMG_0948.png",600,360,false],"2048x2048":["https:\/\/veritasinfo.org\/wp-content\/uploads\/2025\/07\/IMG_0948.png",600,360,false],"kreeti-slider-full":["https:\/\/veritasinfo.org\/wp-content\/uploads\/2025\/07\/IMG_0948.png",600,360,false],"kreeti-featured":["https:\/\/veritasinfo.org\/wp-content\/uploads\/2025\/07\/IMG_0948.png",600,360,false],"kreeti-medium":["https:\/\/veritasinfo.org\/wp-content\/uploads\/2025\/07\/IMG_0948.png",600,360,false],"kreeti-medium-square":["https:\/\/veritasinfo.org\/wp-content\/uploads\/2025\/07\/IMG_0948.png",350,210,false]},"author_info":{"info":["admin"]},"category_info":"<a href=\"https:\/\/veritasinfo.org\/?cat=58\" rel=\"category\">Politik\u00eb<\/a>","tag_info":"Politik\u00eb","comment_count":"0","_links":{"self":[{"href":"https:\/\/veritasinfo.org\/index.php?rest_route=\/wp\/v2\/posts\/3337","targetHints":{"allow":["GET"]}}],"collection":[{"href":"https:\/\/veritasinfo.org\/index.php?rest_route=\/wp\/v2\/posts"}],"about":[{"href":"https:\/\/veritasinfo.org\/index.php?rest_route=\/wp\/v2\/types\/post"}],"author":[{"embeddable":true,"href":"https:\/\/veritasinfo.org\/index.php?rest_route=\/wp\/v2\/users\/1"}],"replies":[{"embeddable":true,"href":"https:\/\/veritasinfo.org\/index.php?rest_route=%2Fwp%2Fv2%2Fcomments&post=3337"}],"version-history":[{"count":1,"href":"https:\/\/veritasinfo.org\/index.php?rest_route=\/wp\/v2\/posts\/3337\/revisions"}],"predecessor-version":[{"id":3339,"href":"https:\/\/veritasinfo.org\/index.php?rest_route=\/wp\/v2\/posts\/3337\/revisions\/3339"}],"wp:featuredmedia":[{"embeddable":true,"href":"https:\/\/veritasinfo.org\/index.php?rest_route=\/wp\/v2\/media\/3338"}],"wp:attachment":[{"href":"https:\/\/veritasinfo.org\/index.php?rest_route=%2Fwp%2Fv2%2Fmedia&parent=3337"}],"wp:term":[{"taxonomy":"category","embeddable":true,"href":"https:\/\/veritasinfo.org\/index.php?rest_route=%2Fwp%2Fv2%2Fcategories&post=3337"},{"taxonomy":"post_tag","embeddable":true,"href":"https:\/\/veritasinfo.org\/index.php?rest_route=%2Fwp%2Fv2%2Ftags&post=3337"}],"curies":[{"name":"wp","href":"https:\/\/api.w.org\/{rel}","templated":true}]}}