{"id":33338,"date":"2026-02-18T15:37:50","date_gmt":"2026-02-18T14:37:50","guid":{"rendered":"https:\/\/veritasinfo.org\/?p=33338"},"modified":"2026-02-18T15:37:50","modified_gmt":"2026-02-18T14:37:50","slug":"gjenerali-i-gardes-se-iowa-s-leter-urimi-presidentes-osmani","status":"publish","type":"post","link":"https:\/\/veritasinfo.org\/?p=33338","title":{"rendered":"Gjenerali i Gard\u00ebs s\u00eb Iowa-s let\u00ebr urimi presidentes Osmani"},"content":{"rendered":"<p>Prishtin\u00eb 18 Shkurt 2026 15:25<\/p>\n<p>Gjenerali i Gard\u00ebs Komb\u00ebtare t\u00eb Iowa-s, Stephen Osborn i ka p\u00ebrcjell\u00eb nj\u00eb let\u00ebr urimi presidentes s\u00eb shtetit, Vjosa Osmani n\u00eb p\u00ebrvjetorin e 18-t\u00eb t\u00eb Pavar\u00ebsis\u00eb s\u00eb Kosov\u00ebs.<\/p>\n<p>Presidenca thot\u00eb se Osborn n\u00eb k\u00ebt\u00eb let\u00ebr ka vler\u00ebsuar rrug\u00ebtimin shtetformues t\u00eb Kosov\u00ebs dhe p\u00ebrparimin e arritur nd\u00ebr vite.<\/p>\n<p>\u201cAi ka shprehur vler\u00ebsim t\u00eb ve\u00e7ant\u00eb p\u00ebr partneritetin e q\u00ebndruesh\u00ebm nd\u00ebrmjet Kosov\u00ebs dhe Shteteve t\u00eb Bashkuara t\u00eb Amerik\u00ebs, duke theksuar bashk\u00ebpunimin e ngusht\u00eb n\u00eb fush\u00ebn e siguris\u00eb, me theks t\u00eb posa\u00e7\u00ebm n\u00eb avancimin dhe modernizimin e Forc\u00ebs s\u00eb Siguris\u00eb s\u00eb Kosov\u00ebs (FSK). Sipas tij, zhvillimi profesional dhe rritja e kapaciteteve nd\u00ebrvepruese n\u00eb kuad\u00ebr t\u00eb planit t\u00eb tranzicionit p\u00ebrb\u00ebjn\u00eb nj\u00eb kontribut t\u00eb r\u00ebnd\u00ebsish\u00ebm p\u00ebr t\u00eb ardhmen e sigurt t\u00eb Kosov\u00ebs dhe stabilitetin rajonal\u201d, thot\u00eb Presidenca e Kosov\u00ebs.<\/p>\n<p>P\u00ebrmes letr\u00ebs, zyra presidenciale thot\u00eb se gjenerali Osborn ka rikonfirmuar mb\u00ebshtetjen e pal\u00ebkundur t\u00eb Gard\u00ebs Komb\u00ebtare t\u00eb Iowa-s p\u00ebr zhvillimin e m\u00ebtejm\u00eb t\u00eb Kosov\u00ebs, duke i p\u00ebrcjell\u00eb Presidentes dhe qytetar\u00ebve urimet m\u00eb t\u00eb mira me rastin e k\u00ebsaj dite t\u00eb sh\u00ebnuar shtet\u00ebrore. <\/p>\n","protected":false},"excerpt":{"rendered":"<p>Prishtin\u00eb 18 Shkurt 2026 15:25 Gjenerali i Gard\u00ebs Komb\u00ebtare t\u00eb Iowa-s, Stephen Osborn i ka p\u00ebrcjell\u00eb nj\u00eb let\u00ebr urimi presidentes s\u00eb shtetit, Vjosa Osmani n\u00eb<\/p>\n","protected":false},"author":6,"featured_media":33339,"comment_status":"open","ping_status":"open","sticky":false,"template":"","format":"standard","meta":{"footnotes":""},"categories":[60],"tags":[],"class_list":["post-33338","post","type-post","status-publish","format-standard","has-post-thumbnail","hentry","category-shoqerore-sq"],"yoast_head":"<!-- This site is optimized with the Yoast SEO plugin v25.3.1 - https:\/\/yoast.com\/wordpress\/plugins\/seo\/ -->\n<title>Gjenerali i Gard\u00ebs s\u00eb Iowa-s let\u00ebr urimi presidentes Osmani -<\/title>\n<meta name=\"robots\" content=\"index, follow, max-snippet:-1, max-image-preview:large, max-video-preview:-1\" \/>\n<link rel=\"canonical\" href=\"https:\/\/veritasinfo.org\/?p=33338\" \/>\n<meta property=\"og:locale\" content=\"en_US\" \/>\n<meta property=\"og:type\" content=\"article\" \/>\n<meta property=\"og:title\" content=\"Gjenerali i Gard\u00ebs s\u00eb Iowa-s let\u00ebr urimi presidentes Osmani -\" \/>\n<meta property=\"og:description\" content=\"Prishtin\u00eb 18 Shkurt 2026 15:25 Gjenerali i Gard\u00ebs Komb\u00ebtare t\u00eb Iowa-s, Stephen Osborn i ka p\u00ebrcjell\u00eb nj\u00eb let\u00ebr urimi presidentes s\u00eb shtetit, Vjosa Osmani n\u00eb\" \/>\n<meta property=\"og:url\" content=\"https:\/\/veritasinfo.org\/?p=33338\" \/>\n<meta property=\"article:published_time\" content=\"2026-02-18T14:37:50+00:00\" \/>\n<meta property=\"og:image\" content=\"https:\/\/veritasinfo.org\/wp-content\/uploads\/2026\/02\/717540-6VFxSH8Bpd.jpg\" \/>\n\t<meta property=\"og:image:width\" content=\"780\" \/>\n\t<meta property=\"og:image:height\" content=\"500\" \/>\n\t<meta property=\"og:image:type\" content=\"image\/jpeg\" \/>\n<meta name=\"author\" content=\"US5\" \/>\n<meta name=\"twitter:card\" content=\"summary_large_image\" \/>\n<meta name=\"twitter:label1\" content=\"Written by\" \/>\n\t<meta name=\"twitter:data1\" content=\"US5\" \/>\n\t<meta name=\"twitter:label2\" content=\"Est. reading time\" \/>\n\t<meta name=\"twitter:data2\" content=\"1 minute\" \/>\n<script type=\"application\/ld+json\" class=\"yoast-schema-graph\">{\"@context\":\"https:\/\/schema.org\",\"@graph\":[{\"@type\":\"WebPage\",\"@id\":\"https:\/\/veritasinfo.org\/?p=33338\",\"url\":\"https:\/\/veritasinfo.org\/?p=33338\",\"name\":\"Gjenerali i Gard\u00ebs s\u00eb Iowa-s let\u00ebr urimi presidentes Osmani -\",\"isPartOf\":{\"@id\":\"https:\/\/veritasinfo.org\/#website\"},\"primaryImageOfPage\":{\"@id\":\"https:\/\/veritasinfo.org\/?p=33338#primaryimage\"},\"image\":{\"@id\":\"https:\/\/veritasinfo.org\/?p=33338#primaryimage\"},\"thumbnailUrl\":\"https:\/\/veritasinfo.org\/wp-content\/uploads\/2026\/02\/717540-6VFxSH8Bpd.jpg\",\"datePublished\":\"2026-02-18T14:37:50+00:00\",\"author\":{\"@id\":\"https:\/\/veritasinfo.org\/#\/schema\/person\/bc442336e35414d04494ab8fb45db4c6\"},\"breadcrumb\":{\"@id\":\"https:\/\/veritasinfo.org\/?p=33338#breadcrumb\"},\"inLanguage\":\"en-US\",\"potentialAction\":[{\"@type\":\"ReadAction\",\"target\":[\"https:\/\/veritasinfo.org\/?p=33338\"]}]},{\"@type\":\"ImageObject\",\"inLanguage\":\"en-US\",\"@id\":\"https:\/\/veritasinfo.org\/?p=33338#primaryimage\",\"url\":\"https:\/\/veritasinfo.org\/wp-content\/uploads\/2026\/02\/717540-6VFxSH8Bpd.jpg\",\"contentUrl\":\"https:\/\/veritasinfo.org\/wp-content\/uploads\/2026\/02\/717540-6VFxSH8Bpd.jpg\",\"width\":780,\"height\":500},{\"@type\":\"BreadcrumbList\",\"@id\":\"https:\/\/veritasinfo.org\/?p=33338#breadcrumb\",\"itemListElement\":[{\"@type\":\"ListItem\",\"position\":1,\"name\":\"Home\",\"item\":\"https:\/\/veritasinfo.org\/\"},{\"@type\":\"ListItem\",\"position\":2,\"name\":\"Gjenerali i Gard\u00ebs s\u00eb Iowa-s let\u00ebr urimi presidentes Osmani\"}]},{\"@type\":\"WebSite\",\"@id\":\"https:\/\/veritasinfo.org\/#website\",\"url\":\"https:\/\/veritasinfo.org\/\",\"name\":\"\",\"description\":\"\",\"potentialAction\":[{\"@type\":\"SearchAction\",\"target\":{\"@type\":\"EntryPoint\",\"urlTemplate\":\"https:\/\/veritasinfo.org\/?s={search_term_string}\"},\"query-input\":{\"@type\":\"PropertyValueSpecification\",\"valueRequired\":true,\"valueName\":\"search_term_string\"}}],\"inLanguage\":\"en-US\"},{\"@type\":\"Person\",\"@id\":\"https:\/\/veritasinfo.org\/#\/schema\/person\/bc442336e35414d04494ab8fb45db4c6\",\"name\":\"US5\",\"image\":{\"@type\":\"ImageObject\",\"inLanguage\":\"en-US\",\"@id\":\"https:\/\/veritasinfo.org\/#\/schema\/person\/image\/\",\"url\":\"https:\/\/secure.gravatar.com\/avatar\/16a61e7272a0c5d001121ebb9e60e925d5816e4ac1e443ed3e640d9a6ae55d0c?s=96&d=mm&r=g\",\"contentUrl\":\"https:\/\/secure.gravatar.com\/avatar\/16a61e7272a0c5d001121ebb9e60e925d5816e4ac1e443ed3e640d9a6ae55d0c?s=96&d=mm&r=g\",\"caption\":\"US5\"},\"url\":\"https:\/\/veritasinfo.org\/?author=6\"}]}<\/script>\n<!-- \/ Yoast SEO plugin. -->","yoast_head_json":{"title":"Gjenerali i Gard\u00ebs s\u00eb Iowa-s let\u00ebr urimi presidentes Osmani -","robots":{"index":"index","follow":"follow","max-snippet":"max-snippet:-1","max-image-preview":"max-image-preview:large","max-video-preview":"max-video-preview:-1"},"canonical":"https:\/\/veritasinfo.org\/?p=33338","og_locale":"en_US","og_type":"article","og_title":"Gjenerali i Gard\u00ebs s\u00eb Iowa-s let\u00ebr urimi presidentes Osmani -","og_description":"Prishtin\u00eb 18 Shkurt 2026 15:25 Gjenerali i Gard\u00ebs Komb\u00ebtare t\u00eb Iowa-s, Stephen Osborn i ka p\u00ebrcjell\u00eb nj\u00eb let\u00ebr urimi presidentes s\u00eb shtetit, Vjosa Osmani n\u00eb","og_url":"https:\/\/veritasinfo.org\/?p=33338","article_published_time":"2026-02-18T14:37:50+00:00","og_image":[{"width":780,"height":500,"url":"https:\/\/veritasinfo.org\/wp-content\/uploads\/2026\/02\/717540-6VFxSH8Bpd.jpg","type":"image\/jpeg"}],"author":"US5","twitter_card":"summary_large_image","twitter_misc":{"Written by":"US5","Est. reading time":"1 minute"},"schema":{"@context":"https:\/\/schema.org","@graph":[{"@type":"WebPage","@id":"https:\/\/veritasinfo.org\/?p=33338","url":"https:\/\/veritasinfo.org\/?p=33338","name":"Gjenerali i Gard\u00ebs s\u00eb Iowa-s let\u00ebr urimi presidentes Osmani -","isPartOf":{"@id":"https:\/\/veritasinfo.org\/#website"},"primaryImageOfPage":{"@id":"https:\/\/veritasinfo.org\/?p=33338#primaryimage"},"image":{"@id":"https:\/\/veritasinfo.org\/?p=33338#primaryimage"},"thumbnailUrl":"https:\/\/veritasinfo.org\/wp-content\/uploads\/2026\/02\/717540-6VFxSH8Bpd.jpg","datePublished":"2026-02-18T14:37:50+00:00","author":{"@id":"https:\/\/veritasinfo.org\/#\/schema\/person\/bc442336e35414d04494ab8fb45db4c6"},"breadcrumb":{"@id":"https:\/\/veritasinfo.org\/?p=33338#breadcrumb"},"inLanguage":"en-US","potentialAction":[{"@type":"ReadAction","target":["https:\/\/veritasinfo.org\/?p=33338"]}]},{"@type":"ImageObject","inLanguage":"en-US","@id":"https:\/\/veritasinfo.org\/?p=33338#primaryimage","url":"https:\/\/veritasinfo.org\/wp-content\/uploads\/2026\/02\/717540-6VFxSH8Bpd.jpg","contentUrl":"https:\/\/veritasinfo.org\/wp-content\/uploads\/2026\/02\/717540-6VFxSH8Bpd.jpg","width":780,"height":500},{"@type":"BreadcrumbList","@id":"https:\/\/veritasinfo.org\/?p=33338#breadcrumb","itemListElement":[{"@type":"ListItem","position":1,"name":"Home","item":"https:\/\/veritasinfo.org\/"},{"@type":"ListItem","position":2,"name":"Gjenerali i Gard\u00ebs s\u00eb Iowa-s let\u00ebr urimi presidentes Osmani"}]},{"@type":"WebSite","@id":"https:\/\/veritasinfo.org\/#website","url":"https:\/\/veritasinfo.org\/","name":"","description":"","potentialAction":[{"@type":"SearchAction","target":{"@type":"EntryPoint","urlTemplate":"https:\/\/veritasinfo.org\/?s={search_term_string}"},"query-input":{"@type":"PropertyValueSpecification","valueRequired":true,"valueName":"search_term_string"}}],"inLanguage":"en-US"},{"@type":"Person","@id":"https:\/\/veritasinfo.org\/#\/schema\/person\/bc442336e35414d04494ab8fb45db4c6","name":"US5","image":{"@type":"ImageObject","inLanguage":"en-US","@id":"https:\/\/veritasinfo.org\/#\/schema\/person\/image\/","url":"https:\/\/secure.gravatar.com\/avatar\/16a61e7272a0c5d001121ebb9e60e925d5816e4ac1e443ed3e640d9a6ae55d0c?s=96&d=mm&r=g","contentUrl":"https:\/\/secure.gravatar.com\/avatar\/16a61e7272a0c5d001121ebb9e60e925d5816e4ac1e443ed3e640d9a6ae55d0c?s=96&d=mm&r=g","caption":"US5"},"url":"https:\/\/veritasinfo.org\/?author=6"}]}},"featured_image_urls":{"full":["https:\/\/veritasinfo.org\/wp-content\/uploads\/2026\/02\/717540-6VFxSH8Bpd.jpg",780,500,false],"thumbnail":["https:\/\/veritasinfo.org\/wp-content\/uploads\/2026\/02\/717540-6VFxSH8Bpd-150x150.jpg",150,150,true],"medium":["https:\/\/veritasinfo.org\/wp-content\/uploads\/2026\/02\/717540-6VFxSH8Bpd-300x192.jpg",300,192,true],"medium_large":["https:\/\/veritasinfo.org\/wp-content\/uploads\/2026\/02\/717540-6VFxSH8Bpd-768x492.jpg",640,410,true],"large":["https:\/\/veritasinfo.org\/wp-content\/uploads\/2026\/02\/717540-6VFxSH8Bpd.jpg",640,410,false],"1536x1536":["https:\/\/veritasinfo.org\/wp-content\/uploads\/2026\/02\/717540-6VFxSH8Bpd.jpg",780,500,false],"2048x2048":["https:\/\/veritasinfo.org\/wp-content\/uploads\/2026\/02\/717540-6VFxSH8Bpd.jpg",780,500,false],"kreeti-slider-full":["https:\/\/veritasinfo.org\/wp-content\/uploads\/2026\/02\/717540-6VFxSH8Bpd.jpg",780,500,false],"kreeti-featured":["https:\/\/veritasinfo.org\/wp-content\/uploads\/2026\/02\/717540-6VFxSH8Bpd.jpg",780,500,false],"kreeti-medium":["https:\/\/veritasinfo.org\/wp-content\/uploads\/2026\/02\/717540-6VFxSH8Bpd.jpg",720,462,false],"kreeti-medium-square":["https:\/\/veritasinfo.org\/wp-content\/uploads\/2026\/02\/717540-6VFxSH8Bpd.jpg",350,224,false]},"author_info":{"info":["US5"]},"category_info":"<a href=\"https:\/\/veritasinfo.org\/?cat=60\" rel=\"category\">Shoq\u00ebrore<\/a>","tag_info":"Shoq\u00ebrore","comment_count":"0","_links":{"self":[{"href":"https:\/\/veritasinfo.org\/index.php?rest_route=\/wp\/v2\/posts\/33338","targetHints":{"allow":["GET"]}}],"collection":[{"href":"https:\/\/veritasinfo.org\/index.php?rest_route=\/wp\/v2\/posts"}],"about":[{"href":"https:\/\/veritasinfo.org\/index.php?rest_route=\/wp\/v2\/types\/post"}],"author":[{"embeddable":true,"href":"https:\/\/veritasinfo.org\/index.php?rest_route=\/wp\/v2\/users\/6"}],"replies":[{"embeddable":true,"href":"https:\/\/veritasinfo.org\/index.php?rest_route=%2Fwp%2Fv2%2Fcomments&post=33338"}],"version-history":[{"count":1,"href":"https:\/\/veritasinfo.org\/index.php?rest_route=\/wp\/v2\/posts\/33338\/revisions"}],"predecessor-version":[{"id":33340,"href":"https:\/\/veritasinfo.org\/index.php?rest_route=\/wp\/v2\/posts\/33338\/revisions\/33340"}],"wp:featuredmedia":[{"embeddable":true,"href":"https:\/\/veritasinfo.org\/index.php?rest_route=\/wp\/v2\/media\/33339"}],"wp:attachment":[{"href":"https:\/\/veritasinfo.org\/index.php?rest_route=%2Fwp%2Fv2%2Fmedia&parent=33338"}],"wp:term":[{"taxonomy":"category","embeddable":true,"href":"https:\/\/veritasinfo.org\/index.php?rest_route=%2Fwp%2Fv2%2Fcategories&post=33338"},{"taxonomy":"post_tag","embeddable":true,"href":"https:\/\/veritasinfo.org\/index.php?rest_route=%2Fwp%2Fv2%2Ftags&post=33338"}],"curies":[{"name":"wp","href":"https:\/\/api.w.org\/{rel}","templated":true}]}}