{"id":33300,"date":"2026-02-18T13:40:18","date_gmt":"2026-02-18T12:40:18","guid":{"rendered":"https:\/\/veritasinfo.org\/?p=33300"},"modified":"2026-02-18T13:40:18","modified_gmt":"2026-02-18T12:40:18","slug":"bashke-per-kosoven-konjufca-i-aferm-me-familjen-e-kadri-veselit","status":"publish","type":"post","link":"https:\/\/veritasinfo.org\/?p=33300","title":{"rendered":"Bashk\u00eb p\u00ebr Kosov\u00ebn, Konjufca i af\u00ebrm me familjen e Kadri Veselit"},"content":{"rendered":"<p>Prishtin\u00eb 18 Shkurt 2026 13:39<\/p>\n<p>Ministri i Pun\u00ebve t\u00eb Jashtme dhe Diaspor\u00ebs, Glauk Konjufca, po q\u00ebndron n\u00eb Hag\u00eb, p\u00ebr t\u00eb p\u00ebrcjell\u00eb procesin gjyq\u00ebsor ndaj ish-krer\u00ebve t\u00eb U\u00c7K-s\u00eb.<\/p>\n<p>Derisa sot po thuhen fjal\u00ebt p\u00ebrfundimtare, Konjufca u pa i afruar me familjet e \u00e7lirimtar\u00ebve, me t\u00eb cil\u00ebt bisedoi mbi bindjen p\u00ebr pafaj\u00ebsin\u00eb e tyre, shkruan IndeksOnline.<\/p>\n<p>Duke biseduar me familjen e Kadri Veselit, Konjufca u shpreh se e kupton se sa e madhe ka qen\u00eb sakrifica e tyre k\u00ebto koh\u00eb.<\/p>\n<p>Ai uroi q\u00eb t\u00eb gjith\u00eb t\u00eb dalin faqebardh\u00eb nga kjo sfid\u00eb.<\/p>\n","protected":false},"excerpt":{"rendered":"<p>Prishtin\u00eb 18 Shkurt 2026 13:39 Ministri i Pun\u00ebve t\u00eb Jashtme dhe Diaspor\u00ebs, Glauk Konjufca, po q\u00ebndron n\u00eb Hag\u00eb, p\u00ebr t\u00eb p\u00ebrcjell\u00eb procesin gjyq\u00ebsor ndaj ish-krer\u00ebve<\/p>\n","protected":false},"author":6,"featured_media":33301,"comment_status":"open","ping_status":"open","sticky":false,"template":"","format":"standard","meta":{"footnotes":""},"categories":[60],"tags":[],"class_list":["post-33300","post","type-post","status-publish","format-standard","has-post-thumbnail","hentry","category-shoqerore-sq"],"yoast_head":"<!-- This site is optimized with the Yoast SEO plugin v25.3.1 - https:\/\/yoast.com\/wordpress\/plugins\/seo\/ -->\n<title>Bashk\u00eb p\u00ebr Kosov\u00ebn, Konjufca i af\u00ebrm me familjen e Kadri Veselit -<\/title>\n<meta name=\"robots\" content=\"index, follow, max-snippet:-1, max-image-preview:large, max-video-preview:-1\" \/>\n<link rel=\"canonical\" href=\"https:\/\/veritasinfo.org\/?p=33300\" \/>\n<meta property=\"og:locale\" content=\"en_US\" \/>\n<meta property=\"og:type\" content=\"article\" \/>\n<meta property=\"og:title\" content=\"Bashk\u00eb p\u00ebr Kosov\u00ebn, Konjufca i af\u00ebrm me familjen e Kadri Veselit -\" \/>\n<meta property=\"og:description\" content=\"Prishtin\u00eb 18 Shkurt 2026 13:39 Ministri i Pun\u00ebve t\u00eb Jashtme dhe Diaspor\u00ebs, Glauk Konjufca, po q\u00ebndron n\u00eb Hag\u00eb, p\u00ebr t\u00eb p\u00ebrcjell\u00eb procesin gjyq\u00ebsor ndaj ish-krer\u00ebve\" \/>\n<meta property=\"og:url\" content=\"https:\/\/veritasinfo.org\/?p=33300\" \/>\n<meta property=\"article:published_time\" content=\"2026-02-18T12:40:18+00:00\" \/>\n<meta property=\"og:image\" content=\"https:\/\/veritasinfo.org\/wp-content\/uploads\/2026\/02\/Screenshot_12-4.jpg\" \/>\n\t<meta property=\"og:image:width\" content=\"850\" \/>\n\t<meta property=\"og:image:height\" content=\"423\" \/>\n\t<meta property=\"og:image:type\" content=\"image\/jpeg\" \/>\n<meta name=\"author\" content=\"US5\" \/>\n<meta name=\"twitter:card\" content=\"summary_large_image\" \/>\n<meta name=\"twitter:label1\" content=\"Written by\" \/>\n\t<meta name=\"twitter:data1\" content=\"US5\" \/>\n<script type=\"application\/ld+json\" class=\"yoast-schema-graph\">{\"@context\":\"https:\/\/schema.org\",\"@graph\":[{\"@type\":\"WebPage\",\"@id\":\"https:\/\/veritasinfo.org\/?p=33300\",\"url\":\"https:\/\/veritasinfo.org\/?p=33300\",\"name\":\"Bashk\u00eb p\u00ebr Kosov\u00ebn, Konjufca i af\u00ebrm me familjen e Kadri Veselit -\",\"isPartOf\":{\"@id\":\"https:\/\/veritasinfo.org\/#website\"},\"primaryImageOfPage\":{\"@id\":\"https:\/\/veritasinfo.org\/?p=33300#primaryimage\"},\"image\":{\"@id\":\"https:\/\/veritasinfo.org\/?p=33300#primaryimage\"},\"thumbnailUrl\":\"https:\/\/veritasinfo.org\/wp-content\/uploads\/2026\/02\/Screenshot_12-4.jpg\",\"datePublished\":\"2026-02-18T12:40:18+00:00\",\"author\":{\"@id\":\"https:\/\/veritasinfo.org\/#\/schema\/person\/bc442336e35414d04494ab8fb45db4c6\"},\"breadcrumb\":{\"@id\":\"https:\/\/veritasinfo.org\/?p=33300#breadcrumb\"},\"inLanguage\":\"en-US\",\"potentialAction\":[{\"@type\":\"ReadAction\",\"target\":[\"https:\/\/veritasinfo.org\/?p=33300\"]}]},{\"@type\":\"ImageObject\",\"inLanguage\":\"en-US\",\"@id\":\"https:\/\/veritasinfo.org\/?p=33300#primaryimage\",\"url\":\"https:\/\/veritasinfo.org\/wp-content\/uploads\/2026\/02\/Screenshot_12-4.jpg\",\"contentUrl\":\"https:\/\/veritasinfo.org\/wp-content\/uploads\/2026\/02\/Screenshot_12-4.jpg\",\"width\":850,\"height\":423},{\"@type\":\"BreadcrumbList\",\"@id\":\"https:\/\/veritasinfo.org\/?p=33300#breadcrumb\",\"itemListElement\":[{\"@type\":\"ListItem\",\"position\":1,\"name\":\"Home\",\"item\":\"https:\/\/veritasinfo.org\/\"},{\"@type\":\"ListItem\",\"position\":2,\"name\":\"Bashk\u00eb p\u00ebr Kosov\u00ebn, Konjufca i af\u00ebrm me familjen e Kadri Veselit\"}]},{\"@type\":\"WebSite\",\"@id\":\"https:\/\/veritasinfo.org\/#website\",\"url\":\"https:\/\/veritasinfo.org\/\",\"name\":\"\",\"description\":\"\",\"potentialAction\":[{\"@type\":\"SearchAction\",\"target\":{\"@type\":\"EntryPoint\",\"urlTemplate\":\"https:\/\/veritasinfo.org\/?s={search_term_string}\"},\"query-input\":{\"@type\":\"PropertyValueSpecification\",\"valueRequired\":true,\"valueName\":\"search_term_string\"}}],\"inLanguage\":\"en-US\"},{\"@type\":\"Person\",\"@id\":\"https:\/\/veritasinfo.org\/#\/schema\/person\/bc442336e35414d04494ab8fb45db4c6\",\"name\":\"US5\",\"image\":{\"@type\":\"ImageObject\",\"inLanguage\":\"en-US\",\"@id\":\"https:\/\/veritasinfo.org\/#\/schema\/person\/image\/\",\"url\":\"https:\/\/secure.gravatar.com\/avatar\/16a61e7272a0c5d001121ebb9e60e925d5816e4ac1e443ed3e640d9a6ae55d0c?s=96&d=mm&r=g\",\"contentUrl\":\"https:\/\/secure.gravatar.com\/avatar\/16a61e7272a0c5d001121ebb9e60e925d5816e4ac1e443ed3e640d9a6ae55d0c?s=96&d=mm&r=g\",\"caption\":\"US5\"},\"url\":\"https:\/\/veritasinfo.org\/?author=6\"}]}<\/script>\n<!-- \/ Yoast SEO plugin. -->","yoast_head_json":{"title":"Bashk\u00eb p\u00ebr Kosov\u00ebn, Konjufca i af\u00ebrm me familjen e Kadri Veselit -","robots":{"index":"index","follow":"follow","max-snippet":"max-snippet:-1","max-image-preview":"max-image-preview:large","max-video-preview":"max-video-preview:-1"},"canonical":"https:\/\/veritasinfo.org\/?p=33300","og_locale":"en_US","og_type":"article","og_title":"Bashk\u00eb p\u00ebr Kosov\u00ebn, Konjufca i af\u00ebrm me familjen e Kadri Veselit -","og_description":"Prishtin\u00eb 18 Shkurt 2026 13:39 Ministri i Pun\u00ebve t\u00eb Jashtme dhe Diaspor\u00ebs, Glauk Konjufca, po q\u00ebndron n\u00eb Hag\u00eb, p\u00ebr t\u00eb p\u00ebrcjell\u00eb procesin gjyq\u00ebsor ndaj ish-krer\u00ebve","og_url":"https:\/\/veritasinfo.org\/?p=33300","article_published_time":"2026-02-18T12:40:18+00:00","og_image":[{"width":850,"height":423,"url":"https:\/\/veritasinfo.org\/wp-content\/uploads\/2026\/02\/Screenshot_12-4.jpg","type":"image\/jpeg"}],"author":"US5","twitter_card":"summary_large_image","twitter_misc":{"Written by":"US5"},"schema":{"@context":"https:\/\/schema.org","@graph":[{"@type":"WebPage","@id":"https:\/\/veritasinfo.org\/?p=33300","url":"https:\/\/veritasinfo.org\/?p=33300","name":"Bashk\u00eb p\u00ebr Kosov\u00ebn, Konjufca i af\u00ebrm me familjen e Kadri Veselit -","isPartOf":{"@id":"https:\/\/veritasinfo.org\/#website"},"primaryImageOfPage":{"@id":"https:\/\/veritasinfo.org\/?p=33300#primaryimage"},"image":{"@id":"https:\/\/veritasinfo.org\/?p=33300#primaryimage"},"thumbnailUrl":"https:\/\/veritasinfo.org\/wp-content\/uploads\/2026\/02\/Screenshot_12-4.jpg","datePublished":"2026-02-18T12:40:18+00:00","author":{"@id":"https:\/\/veritasinfo.org\/#\/schema\/person\/bc442336e35414d04494ab8fb45db4c6"},"breadcrumb":{"@id":"https:\/\/veritasinfo.org\/?p=33300#breadcrumb"},"inLanguage":"en-US","potentialAction":[{"@type":"ReadAction","target":["https:\/\/veritasinfo.org\/?p=33300"]}]},{"@type":"ImageObject","inLanguage":"en-US","@id":"https:\/\/veritasinfo.org\/?p=33300#primaryimage","url":"https:\/\/veritasinfo.org\/wp-content\/uploads\/2026\/02\/Screenshot_12-4.jpg","contentUrl":"https:\/\/veritasinfo.org\/wp-content\/uploads\/2026\/02\/Screenshot_12-4.jpg","width":850,"height":423},{"@type":"BreadcrumbList","@id":"https:\/\/veritasinfo.org\/?p=33300#breadcrumb","itemListElement":[{"@type":"ListItem","position":1,"name":"Home","item":"https:\/\/veritasinfo.org\/"},{"@type":"ListItem","position":2,"name":"Bashk\u00eb p\u00ebr Kosov\u00ebn, Konjufca i af\u00ebrm me familjen e Kadri Veselit"}]},{"@type":"WebSite","@id":"https:\/\/veritasinfo.org\/#website","url":"https:\/\/veritasinfo.org\/","name":"","description":"","potentialAction":[{"@type":"SearchAction","target":{"@type":"EntryPoint","urlTemplate":"https:\/\/veritasinfo.org\/?s={search_term_string}"},"query-input":{"@type":"PropertyValueSpecification","valueRequired":true,"valueName":"search_term_string"}}],"inLanguage":"en-US"},{"@type":"Person","@id":"https:\/\/veritasinfo.org\/#\/schema\/person\/bc442336e35414d04494ab8fb45db4c6","name":"US5","image":{"@type":"ImageObject","inLanguage":"en-US","@id":"https:\/\/veritasinfo.org\/#\/schema\/person\/image\/","url":"https:\/\/secure.gravatar.com\/avatar\/16a61e7272a0c5d001121ebb9e60e925d5816e4ac1e443ed3e640d9a6ae55d0c?s=96&d=mm&r=g","contentUrl":"https:\/\/secure.gravatar.com\/avatar\/16a61e7272a0c5d001121ebb9e60e925d5816e4ac1e443ed3e640d9a6ae55d0c?s=96&d=mm&r=g","caption":"US5"},"url":"https:\/\/veritasinfo.org\/?author=6"}]}},"featured_image_urls":{"full":["https:\/\/veritasinfo.org\/wp-content\/uploads\/2026\/02\/Screenshot_12-4.jpg",850,423,false],"thumbnail":["https:\/\/veritasinfo.org\/wp-content\/uploads\/2026\/02\/Screenshot_12-4-150x150.jpg",150,150,true],"medium":["https:\/\/veritasinfo.org\/wp-content\/uploads\/2026\/02\/Screenshot_12-4-300x149.jpg",300,149,true],"medium_large":["https:\/\/veritasinfo.org\/wp-content\/uploads\/2026\/02\/Screenshot_12-4-768x382.jpg",640,318,true],"large":["https:\/\/veritasinfo.org\/wp-content\/uploads\/2026\/02\/Screenshot_12-4.jpg",640,318,false],"1536x1536":["https:\/\/veritasinfo.org\/wp-content\/uploads\/2026\/02\/Screenshot_12-4.jpg",850,423,false],"2048x2048":["https:\/\/veritasinfo.org\/wp-content\/uploads\/2026\/02\/Screenshot_12-4.jpg",850,423,false],"kreeti-slider-full":["https:\/\/veritasinfo.org\/wp-content\/uploads\/2026\/02\/Screenshot_12-4.jpg",850,423,false],"kreeti-featured":["https:\/\/veritasinfo.org\/wp-content\/uploads\/2026\/02\/Screenshot_12-4.jpg",850,423,false],"kreeti-medium":["https:\/\/veritasinfo.org\/wp-content\/uploads\/2026\/02\/Screenshot_12-4.jpg",720,358,false],"kreeti-medium-square":["https:\/\/veritasinfo.org\/wp-content\/uploads\/2026\/02\/Screenshot_12-4.jpg",350,174,false]},"author_info":{"info":["US5"]},"category_info":"<a href=\"https:\/\/veritasinfo.org\/?cat=60\" rel=\"category\">Shoq\u00ebrore<\/a>","tag_info":"Shoq\u00ebrore","comment_count":"0","_links":{"self":[{"href":"https:\/\/veritasinfo.org\/index.php?rest_route=\/wp\/v2\/posts\/33300","targetHints":{"allow":["GET"]}}],"collection":[{"href":"https:\/\/veritasinfo.org\/index.php?rest_route=\/wp\/v2\/posts"}],"about":[{"href":"https:\/\/veritasinfo.org\/index.php?rest_route=\/wp\/v2\/types\/post"}],"author":[{"embeddable":true,"href":"https:\/\/veritasinfo.org\/index.php?rest_route=\/wp\/v2\/users\/6"}],"replies":[{"embeddable":true,"href":"https:\/\/veritasinfo.org\/index.php?rest_route=%2Fwp%2Fv2%2Fcomments&post=33300"}],"version-history":[{"count":1,"href":"https:\/\/veritasinfo.org\/index.php?rest_route=\/wp\/v2\/posts\/33300\/revisions"}],"predecessor-version":[{"id":33302,"href":"https:\/\/veritasinfo.org\/index.php?rest_route=\/wp\/v2\/posts\/33300\/revisions\/33302"}],"wp:featuredmedia":[{"embeddable":true,"href":"https:\/\/veritasinfo.org\/index.php?rest_route=\/wp\/v2\/media\/33301"}],"wp:attachment":[{"href":"https:\/\/veritasinfo.org\/index.php?rest_route=%2Fwp%2Fv2%2Fmedia&parent=33300"}],"wp:term":[{"taxonomy":"category","embeddable":true,"href":"https:\/\/veritasinfo.org\/index.php?rest_route=%2Fwp%2Fv2%2Fcategories&post=33300"},{"taxonomy":"post_tag","embeddable":true,"href":"https:\/\/veritasinfo.org\/index.php?rest_route=%2Fwp%2Fv2%2Ftags&post=33300"}],"curies":[{"name":"wp","href":"https:\/\/api.w.org\/{rel}","templated":true}]}}