{"id":33282,"date":"2026-02-18T11:43:17","date_gmt":"2026-02-18T10:43:17","guid":{"rendered":"https:\/\/veritasinfo.org\/?p=33282"},"modified":"2026-02-18T11:43:17","modified_gmt":"2026-02-18T10:43:17","slug":"te-uniformuar-dhe-te-armatosur-zbulohet-urdhri-qe-terroristet-serbe-u-dhane-mysafireve-ne-hotelin-rajska-banjska-diten-kritike","status":"publish","type":"post","link":"https:\/\/veritasinfo.org\/?p=33282","title":{"rendered":"T\u00eb uniformuar dhe t\u00eb armatosur, zbulohet urdhri q\u00eb terrorist\u00ebt serb\u00eb u dhan\u00eb mysafir\u00ebve n\u00eb hotelin \u201cRajska Banjska\u201d dit\u00ebn kritike"},"content":{"rendered":"<p>Prishtin\u00eb 18 Shkurt 2026 11:42<\/p>\n<p>N\u00eb Gjykat\u00ebn Themelore n\u00eb Prishtin\u00eb vazhdon t\u00eb d\u00ebshmoj\u00eb shtetasi maqedonas i cili dit\u00ebn kur ndodhi sulmi n\u00eb Banjsk\u00eb, ndodhej n\u00eb hotel \u201cRajska Banjska\u201d.<\/p>\n<p>D\u00ebshmitari maqedonas, Goran Taneski, ka b\u00ebr\u00eb me dije se personat e armatosur u kishin dh\u00ebn\u00eb urdh\u00ebr mysafir\u00ebve q\u00eb t\u00eb mos dilnin nga hoteli gjat\u00eb sulmit t\u00eb armatosur n\u00eb Banjsk\u00eb.<\/p>\n<p>Sipas d\u00ebshmis\u00eb s\u00eb tij, t\u00eb pranishmit n\u00eb hotel ishin t\u00eb frik\u00ebsuar, nd\u00ebrsa personat e uniformuar kontrollonin ambientet dhe l\u00ebvizjet e tyre, duke u k\u00ebrkuar q\u00eb t\u00eb q\u00ebndronin brenda p\u00ebr arsye sigurie.<\/p>\n<p>Ai po ashtu ka b\u00ebr\u00eb me dije se, nga frika, jan\u00eb fshehur n\u00eb podrumin e hotelit, p\u00ebr disa or\u00eb.<\/p>\n","protected":false},"excerpt":{"rendered":"<p>Prishtin\u00eb 18 Shkurt 2026 11:42 N\u00eb Gjykat\u00ebn Themelore n\u00eb Prishtin\u00eb vazhdon t\u00eb d\u00ebshmoj\u00eb shtetasi maqedonas i cili dit\u00ebn kur ndodhi sulmi n\u00eb Banjsk\u00eb, ndodhej n\u00eb<\/p>\n","protected":false},"author":6,"featured_media":33283,"comment_status":"open","ping_status":"open","sticky":false,"template":"","format":"standard","meta":{"footnotes":""},"categories":[15],"tags":[],"class_list":["post-33282","post","type-post","status-publish","format-standard","has-post-thumbnail","hentry","category-uncategorized-sq"],"yoast_head":"<!-- This site is optimized with the Yoast SEO plugin v25.3.1 - https:\/\/yoast.com\/wordpress\/plugins\/seo\/ -->\n<title>T\u00eb uniformuar dhe t\u00eb armatosur, zbulohet urdhri q\u00eb terrorist\u00ebt serb\u00eb u dhan\u00eb mysafir\u00ebve n\u00eb hotelin \u201cRajska Banjska\u201d dit\u00ebn kritike -<\/title>\n<meta name=\"robots\" content=\"index, follow, max-snippet:-1, max-image-preview:large, max-video-preview:-1\" \/>\n<link rel=\"canonical\" href=\"https:\/\/veritasinfo.org\/?p=33282\" \/>\n<meta property=\"og:locale\" content=\"en_US\" \/>\n<meta property=\"og:type\" content=\"article\" \/>\n<meta property=\"og:title\" content=\"T\u00eb uniformuar dhe t\u00eb armatosur, zbulohet urdhri q\u00eb terrorist\u00ebt serb\u00eb u dhan\u00eb mysafir\u00ebve n\u00eb hotelin \u201cRajska Banjska\u201d dit\u00ebn kritike -\" \/>\n<meta property=\"og:description\" content=\"Prishtin\u00eb 18 Shkurt 2026 11:42 N\u00eb Gjykat\u00ebn Themelore n\u00eb Prishtin\u00eb vazhdon t\u00eb d\u00ebshmoj\u00eb shtetasi maqedonas i cili dit\u00ebn kur ndodhi sulmi n\u00eb Banjsk\u00eb, ndodhej n\u00eb\" \/>\n<meta property=\"og:url\" content=\"https:\/\/veritasinfo.org\/?p=33282\" \/>\n<meta property=\"article:published_time\" content=\"2026-02-18T10:43:17+00:00\" \/>\n<meta property=\"og:image\" content=\"https:\/\/veritasinfo.org\/wp-content\/uploads\/2026\/02\/Screenshot_9-8.jpg\" \/>\n\t<meta property=\"og:image:width\" content=\"822\" \/>\n\t<meta property=\"og:image:height\" content=\"546\" \/>\n\t<meta property=\"og:image:type\" content=\"image\/jpeg\" \/>\n<meta name=\"author\" content=\"US5\" \/>\n<meta name=\"twitter:card\" content=\"summary_large_image\" \/>\n<meta name=\"twitter:label1\" content=\"Written by\" \/>\n\t<meta name=\"twitter:data1\" content=\"US5\" \/>\n<script type=\"application\/ld+json\" class=\"yoast-schema-graph\">{\"@context\":\"https:\/\/schema.org\",\"@graph\":[{\"@type\":\"WebPage\",\"@id\":\"https:\/\/veritasinfo.org\/?p=33282\",\"url\":\"https:\/\/veritasinfo.org\/?p=33282\",\"name\":\"T\u00eb uniformuar dhe t\u00eb armatosur, zbulohet urdhri q\u00eb terrorist\u00ebt serb\u00eb u dhan\u00eb mysafir\u00ebve n\u00eb hotelin \u201cRajska Banjska\u201d dit\u00ebn kritike -\",\"isPartOf\":{\"@id\":\"https:\/\/veritasinfo.org\/#website\"},\"primaryImageOfPage\":{\"@id\":\"https:\/\/veritasinfo.org\/?p=33282#primaryimage\"},\"image\":{\"@id\":\"https:\/\/veritasinfo.org\/?p=33282#primaryimage\"},\"thumbnailUrl\":\"https:\/\/veritasinfo.org\/wp-content\/uploads\/2026\/02\/Screenshot_9-8.jpg\",\"datePublished\":\"2026-02-18T10:43:17+00:00\",\"author\":{\"@id\":\"https:\/\/veritasinfo.org\/#\/schema\/person\/bc442336e35414d04494ab8fb45db4c6\"},\"breadcrumb\":{\"@id\":\"https:\/\/veritasinfo.org\/?p=33282#breadcrumb\"},\"inLanguage\":\"en-US\",\"potentialAction\":[{\"@type\":\"ReadAction\",\"target\":[\"https:\/\/veritasinfo.org\/?p=33282\"]}]},{\"@type\":\"ImageObject\",\"inLanguage\":\"en-US\",\"@id\":\"https:\/\/veritasinfo.org\/?p=33282#primaryimage\",\"url\":\"https:\/\/veritasinfo.org\/wp-content\/uploads\/2026\/02\/Screenshot_9-8.jpg\",\"contentUrl\":\"https:\/\/veritasinfo.org\/wp-content\/uploads\/2026\/02\/Screenshot_9-8.jpg\",\"width\":822,\"height\":546},{\"@type\":\"BreadcrumbList\",\"@id\":\"https:\/\/veritasinfo.org\/?p=33282#breadcrumb\",\"itemListElement\":[{\"@type\":\"ListItem\",\"position\":1,\"name\":\"Home\",\"item\":\"https:\/\/veritasinfo.org\/\"},{\"@type\":\"ListItem\",\"position\":2,\"name\":\"T\u00eb uniformuar dhe t\u00eb armatosur, zbulohet urdhri q\u00eb terrorist\u00ebt serb\u00eb u dhan\u00eb mysafir\u00ebve n\u00eb hotelin \u201cRajska Banjska\u201d dit\u00ebn kritike\"}]},{\"@type\":\"WebSite\",\"@id\":\"https:\/\/veritasinfo.org\/#website\",\"url\":\"https:\/\/veritasinfo.org\/\",\"name\":\"\",\"description\":\"\",\"potentialAction\":[{\"@type\":\"SearchAction\",\"target\":{\"@type\":\"EntryPoint\",\"urlTemplate\":\"https:\/\/veritasinfo.org\/?s={search_term_string}\"},\"query-input\":{\"@type\":\"PropertyValueSpecification\",\"valueRequired\":true,\"valueName\":\"search_term_string\"}}],\"inLanguage\":\"en-US\"},{\"@type\":\"Person\",\"@id\":\"https:\/\/veritasinfo.org\/#\/schema\/person\/bc442336e35414d04494ab8fb45db4c6\",\"name\":\"US5\",\"image\":{\"@type\":\"ImageObject\",\"inLanguage\":\"en-US\",\"@id\":\"https:\/\/veritasinfo.org\/#\/schema\/person\/image\/\",\"url\":\"https:\/\/secure.gravatar.com\/avatar\/16a61e7272a0c5d001121ebb9e60e925d5816e4ac1e443ed3e640d9a6ae55d0c?s=96&d=mm&r=g\",\"contentUrl\":\"https:\/\/secure.gravatar.com\/avatar\/16a61e7272a0c5d001121ebb9e60e925d5816e4ac1e443ed3e640d9a6ae55d0c?s=96&d=mm&r=g\",\"caption\":\"US5\"},\"url\":\"https:\/\/veritasinfo.org\/?author=6\"}]}<\/script>\n<!-- \/ Yoast SEO plugin. -->","yoast_head_json":{"title":"T\u00eb uniformuar dhe t\u00eb armatosur, zbulohet urdhri q\u00eb terrorist\u00ebt serb\u00eb u dhan\u00eb mysafir\u00ebve n\u00eb hotelin \u201cRajska Banjska\u201d dit\u00ebn kritike -","robots":{"index":"index","follow":"follow","max-snippet":"max-snippet:-1","max-image-preview":"max-image-preview:large","max-video-preview":"max-video-preview:-1"},"canonical":"https:\/\/veritasinfo.org\/?p=33282","og_locale":"en_US","og_type":"article","og_title":"T\u00eb uniformuar dhe t\u00eb armatosur, zbulohet urdhri q\u00eb terrorist\u00ebt serb\u00eb u dhan\u00eb mysafir\u00ebve n\u00eb hotelin \u201cRajska Banjska\u201d dit\u00ebn kritike -","og_description":"Prishtin\u00eb 18 Shkurt 2026 11:42 N\u00eb Gjykat\u00ebn Themelore n\u00eb Prishtin\u00eb vazhdon t\u00eb d\u00ebshmoj\u00eb shtetasi maqedonas i cili dit\u00ebn kur ndodhi sulmi n\u00eb Banjsk\u00eb, ndodhej n\u00eb","og_url":"https:\/\/veritasinfo.org\/?p=33282","article_published_time":"2026-02-18T10:43:17+00:00","og_image":[{"width":822,"height":546,"url":"https:\/\/veritasinfo.org\/wp-content\/uploads\/2026\/02\/Screenshot_9-8.jpg","type":"image\/jpeg"}],"author":"US5","twitter_card":"summary_large_image","twitter_misc":{"Written by":"US5"},"schema":{"@context":"https:\/\/schema.org","@graph":[{"@type":"WebPage","@id":"https:\/\/veritasinfo.org\/?p=33282","url":"https:\/\/veritasinfo.org\/?p=33282","name":"T\u00eb uniformuar dhe t\u00eb armatosur, zbulohet urdhri q\u00eb terrorist\u00ebt serb\u00eb u dhan\u00eb mysafir\u00ebve n\u00eb hotelin \u201cRajska Banjska\u201d dit\u00ebn kritike -","isPartOf":{"@id":"https:\/\/veritasinfo.org\/#website"},"primaryImageOfPage":{"@id":"https:\/\/veritasinfo.org\/?p=33282#primaryimage"},"image":{"@id":"https:\/\/veritasinfo.org\/?p=33282#primaryimage"},"thumbnailUrl":"https:\/\/veritasinfo.org\/wp-content\/uploads\/2026\/02\/Screenshot_9-8.jpg","datePublished":"2026-02-18T10:43:17+00:00","author":{"@id":"https:\/\/veritasinfo.org\/#\/schema\/person\/bc442336e35414d04494ab8fb45db4c6"},"breadcrumb":{"@id":"https:\/\/veritasinfo.org\/?p=33282#breadcrumb"},"inLanguage":"en-US","potentialAction":[{"@type":"ReadAction","target":["https:\/\/veritasinfo.org\/?p=33282"]}]},{"@type":"ImageObject","inLanguage":"en-US","@id":"https:\/\/veritasinfo.org\/?p=33282#primaryimage","url":"https:\/\/veritasinfo.org\/wp-content\/uploads\/2026\/02\/Screenshot_9-8.jpg","contentUrl":"https:\/\/veritasinfo.org\/wp-content\/uploads\/2026\/02\/Screenshot_9-8.jpg","width":822,"height":546},{"@type":"BreadcrumbList","@id":"https:\/\/veritasinfo.org\/?p=33282#breadcrumb","itemListElement":[{"@type":"ListItem","position":1,"name":"Home","item":"https:\/\/veritasinfo.org\/"},{"@type":"ListItem","position":2,"name":"T\u00eb uniformuar dhe t\u00eb armatosur, zbulohet urdhri q\u00eb terrorist\u00ebt serb\u00eb u dhan\u00eb mysafir\u00ebve n\u00eb hotelin \u201cRajska Banjska\u201d dit\u00ebn kritike"}]},{"@type":"WebSite","@id":"https:\/\/veritasinfo.org\/#website","url":"https:\/\/veritasinfo.org\/","name":"","description":"","potentialAction":[{"@type":"SearchAction","target":{"@type":"EntryPoint","urlTemplate":"https:\/\/veritasinfo.org\/?s={search_term_string}"},"query-input":{"@type":"PropertyValueSpecification","valueRequired":true,"valueName":"search_term_string"}}],"inLanguage":"en-US"},{"@type":"Person","@id":"https:\/\/veritasinfo.org\/#\/schema\/person\/bc442336e35414d04494ab8fb45db4c6","name":"US5","image":{"@type":"ImageObject","inLanguage":"en-US","@id":"https:\/\/veritasinfo.org\/#\/schema\/person\/image\/","url":"https:\/\/secure.gravatar.com\/avatar\/16a61e7272a0c5d001121ebb9e60e925d5816e4ac1e443ed3e640d9a6ae55d0c?s=96&d=mm&r=g","contentUrl":"https:\/\/secure.gravatar.com\/avatar\/16a61e7272a0c5d001121ebb9e60e925d5816e4ac1e443ed3e640d9a6ae55d0c?s=96&d=mm&r=g","caption":"US5"},"url":"https:\/\/veritasinfo.org\/?author=6"}]}},"featured_image_urls":{"full":["https:\/\/veritasinfo.org\/wp-content\/uploads\/2026\/02\/Screenshot_9-8.jpg",822,546,false],"thumbnail":["https:\/\/veritasinfo.org\/wp-content\/uploads\/2026\/02\/Screenshot_9-8-150x150.jpg",150,150,true],"medium":["https:\/\/veritasinfo.org\/wp-content\/uploads\/2026\/02\/Screenshot_9-8-300x199.jpg",300,199,true],"medium_large":["https:\/\/veritasinfo.org\/wp-content\/uploads\/2026\/02\/Screenshot_9-8-768x510.jpg",640,425,true],"large":["https:\/\/veritasinfo.org\/wp-content\/uploads\/2026\/02\/Screenshot_9-8.jpg",640,425,false],"1536x1536":["https:\/\/veritasinfo.org\/wp-content\/uploads\/2026\/02\/Screenshot_9-8.jpg",822,546,false],"2048x2048":["https:\/\/veritasinfo.org\/wp-content\/uploads\/2026\/02\/Screenshot_9-8.jpg",822,546,false],"kreeti-slider-full":["https:\/\/veritasinfo.org\/wp-content\/uploads\/2026\/02\/Screenshot_9-8.jpg",822,546,false],"kreeti-featured":["https:\/\/veritasinfo.org\/wp-content\/uploads\/2026\/02\/Screenshot_9-8.jpg",822,546,false],"kreeti-medium":["https:\/\/veritasinfo.org\/wp-content\/uploads\/2026\/02\/Screenshot_9-8.jpg",720,478,false],"kreeti-medium-square":["https:\/\/veritasinfo.org\/wp-content\/uploads\/2026\/02\/Screenshot_9-8.jpg",350,232,false]},"author_info":{"info":["US5"]},"category_info":"<a href=\"https:\/\/veritasinfo.org\/?cat=15\" rel=\"category\">Uncategorized<\/a>","tag_info":"Uncategorized","comment_count":"0","_links":{"self":[{"href":"https:\/\/veritasinfo.org\/index.php?rest_route=\/wp\/v2\/posts\/33282","targetHints":{"allow":["GET"]}}],"collection":[{"href":"https:\/\/veritasinfo.org\/index.php?rest_route=\/wp\/v2\/posts"}],"about":[{"href":"https:\/\/veritasinfo.org\/index.php?rest_route=\/wp\/v2\/types\/post"}],"author":[{"embeddable":true,"href":"https:\/\/veritasinfo.org\/index.php?rest_route=\/wp\/v2\/users\/6"}],"replies":[{"embeddable":true,"href":"https:\/\/veritasinfo.org\/index.php?rest_route=%2Fwp%2Fv2%2Fcomments&post=33282"}],"version-history":[{"count":1,"href":"https:\/\/veritasinfo.org\/index.php?rest_route=\/wp\/v2\/posts\/33282\/revisions"}],"predecessor-version":[{"id":33284,"href":"https:\/\/veritasinfo.org\/index.php?rest_route=\/wp\/v2\/posts\/33282\/revisions\/33284"}],"wp:featuredmedia":[{"embeddable":true,"href":"https:\/\/veritasinfo.org\/index.php?rest_route=\/wp\/v2\/media\/33283"}],"wp:attachment":[{"href":"https:\/\/veritasinfo.org\/index.php?rest_route=%2Fwp%2Fv2%2Fmedia&parent=33282"}],"wp:term":[{"taxonomy":"category","embeddable":true,"href":"https:\/\/veritasinfo.org\/index.php?rest_route=%2Fwp%2Fv2%2Fcategories&post=33282"},{"taxonomy":"post_tag","embeddable":true,"href":"https:\/\/veritasinfo.org\/index.php?rest_route=%2Fwp%2Fv2%2Ftags&post=33282"}],"curies":[{"name":"wp","href":"https:\/\/api.w.org\/{rel}","templated":true}]}}