{"id":3328,"date":"2025-07-10T17:02:26","date_gmt":"2025-07-10T15:02:26","guid":{"rendered":"https:\/\/veritasinfo.org\/?p=3328"},"modified":"2025-07-10T17:02:26","modified_gmt":"2025-07-10T15:02:26","slug":"ustavni-sud-odobrava-novu-penzionu-semu-nema-krsenja-ustava","status":"publish","type":"post","link":"https:\/\/veritasinfo.org\/?p=3328&lang=sr","title":{"rendered":"Ustavni sud odobrava novu penzionu \u0161emu \u2013 nema kr\u0161enja Ustava"},"content":{"rendered":"<p data-start=\"52\" data-end=\"204\"><strong>Ustavni sud odobrava novu penzionu \u0161emu \u2013 nema kr\u0161enja Ustava<\/strong><\/p>\n<p data-start=\"52\" data-end=\"204\">Ustavni sud Kosova je odlu\u010dio da izmene i dopune Zakona o dr\u017eavnim penzijskim \u0161emama <strong data-start=\"137\" data-end=\"159\">nisu protivustavne<\/strong>, iako su bile osporene od strane Ombudsmana.<\/p>\n<p data-start=\"206\" data-end=\"427\"><strong data-start=\"206\" data-end=\"236\">Glavni razlog osporavanja:<\/strong> Ombudsman je tvrdio da zakon stvara <strong data-start=\"273\" data-end=\"312\">nepravedan tretman i diskriminaciju<\/strong> za one koji nisu mogli ostvariti 15 godina radnog sta\u017ea zbog <strong data-start=\"374\" data-end=\"398\">prisilnog otpu\u0161tanja<\/strong> tokom represije (1989\u20131999).<\/p>\n<p data-start=\"429\" data-end=\"463\"><strong data-start=\"429\" data-end=\"463\">Nova odredba zakona omogu\u0107ava:<\/strong><\/p>\n<ul data-start=\"464\" data-end=\"789\">\n<li data-start=\"464\" data-end=\"595\">\n<p data-start=\"466\" data-end=\"595\">Osobama koje su <strong data-start=\"482\" data-end=\"518\">otpu\u0161tene usled represivnih mera<\/strong> i nemaju puni radni sta\u017e, da ipak ostvare <strong data-start=\"561\" data-end=\"594\">parcijalnu doprinosnu penziju<\/strong>.<\/p>\n<\/li>\n<li data-start=\"596\" data-end=\"789\">\n<p data-start=\"598\" data-end=\"789\">Potrebno je da imaju <strong data-start=\"619\" data-end=\"643\">dr\u017eavljanstvo Kosova<\/strong>, da su <strong data-start=\"651\" data-end=\"673\">napunili 65 godina<\/strong>, da doka\u017eu <strong data-start=\"685\" data-end=\"723\">pla\u0107ene doprinose pre 1999. godine<\/strong>, i da je zbir radnog i neaktivnog perioda <strong data-start=\"766\" data-end=\"788\">najmanje 15 godina<\/strong>.<\/p>\n<\/li>\n<\/ul>\n<p data-start=\"791\" data-end=\"945\"><strong data-start=\"791\" data-end=\"812\">Sud je zaklju\u010dio:<\/strong> Ova \u0161ema uklju\u010duje sve kategorije bez diskriminacije i predstavlja <strong data-start=\"880\" data-end=\"899\">pravedan balans<\/strong> izme\u0111u javnog interesa i individualnih prava.<\/p>\n<p data-start=\"947\" data-end=\"1065\"><strong data-start=\"947\" data-end=\"976\">O\u010dekivani broj korisnika:<\/strong> oko <strong data-start=\"981\" data-end=\"997\">70.000 osoba<\/strong><br data-start=\"997\" data-end=\"1000\" \/><strong data-start=\"1000\" data-end=\"1041\">Procenjeni godi\u0161nji tro\u0161ak za bud\u017eet:<\/strong> oko <strong data-start=\"1046\" data-end=\"1065\">60 miliona evra<\/strong><\/p>\n<p data-start=\"1067\" data-end=\"1181\" data-is-last-node=\"\" data-is-only-node=\"\">Zakon je u skladu sa Ustavom i omogu\u0107ava ispravljanje prethodnih nepravdi prema otpu\u0161tenim radnicima.<\/p>\n","protected":false},"excerpt":{"rendered":"<p>Ustavni sud odobrava novu penzionu \u0161emu \u2013 nema kr\u0161enja Ustava Ustavni sud Kosova je odlu\u010dio da izmene i dopune Zakona o dr\u017eavnim penzijskim \u0161emama nisu<\/p>\n","protected":false},"author":1,"featured_media":3326,"comment_status":"open","ping_status":"open","sticky":false,"template":"","format":"standard","meta":{"footnotes":""},"categories":[30],"tags":[],"class_list":["post-3328","post","type-post","status-publish","format-standard","has-post-thumbnail","hentry","category-drustvo"],"yoast_head":"<!-- This site is optimized with the Yoast SEO plugin v25.3.1 - https:\/\/yoast.com\/wordpress\/plugins\/seo\/ -->\n<title>Ustavni sud odobrava novu penzionu \u0161emu \u2013 nema kr\u0161enja Ustava -<\/title>\n<meta name=\"robots\" content=\"index, follow, max-snippet:-1, max-image-preview:large, max-video-preview:-1\" \/>\n<link rel=\"canonical\" href=\"https:\/\/veritasinfo.org\/?p=3328&lang=sr\" \/>\n<meta property=\"og:locale\" content=\"en_US\" \/>\n<meta property=\"og:type\" content=\"article\" \/>\n<meta property=\"og:title\" content=\"Ustavni sud odobrava novu penzionu \u0161emu \u2013 nema kr\u0161enja Ustava -\" \/>\n<meta property=\"og:description\" content=\"Ustavni sud odobrava novu penzionu \u0161emu \u2013 nema kr\u0161enja Ustava Ustavni sud Kosova je odlu\u010dio da izmene i dopune Zakona o dr\u017eavnim penzijskim \u0161emama nisu\" \/>\n<meta property=\"og:url\" content=\"https:\/\/veritasinfo.org\/?p=3328&amp;lang=sr\" \/>\n<meta property=\"article:published_time\" content=\"2025-07-10T15:02:26+00:00\" \/>\n<meta property=\"og:image\" content=\"https:\/\/veritasinfo.org\/wp-content\/uploads\/2025\/07\/gjykata-kushtetuese-1.jpg\" \/>\n\t<meta property=\"og:image:width\" content=\"1597\" \/>\n\t<meta property=\"og:image:height\" content=\"898\" \/>\n\t<meta property=\"og:image:type\" content=\"image\/jpeg\" \/>\n<meta name=\"author\" content=\"admin\" \/>\n<meta name=\"twitter:card\" content=\"summary_large_image\" \/>\n<meta name=\"twitter:label1\" content=\"Written by\" \/>\n\t<meta name=\"twitter:data1\" content=\"admin\" \/>\n\t<meta name=\"twitter:label2\" content=\"Est. reading time\" \/>\n\t<meta name=\"twitter:data2\" content=\"1 minute\" \/>\n<script type=\"application\/ld+json\" class=\"yoast-schema-graph\">{\"@context\":\"https:\/\/schema.org\",\"@graph\":[{\"@type\":\"WebPage\",\"@id\":\"https:\/\/veritasinfo.org\/?p=3328&lang=sr\",\"url\":\"https:\/\/veritasinfo.org\/?p=3328&lang=sr\",\"name\":\"Ustavni sud odobrava novu penzionu \u0161emu \u2013 nema kr\u0161enja Ustava -\",\"isPartOf\":{\"@id\":\"https:\/\/veritasinfo.org\/#website\"},\"primaryImageOfPage\":{\"@id\":\"https:\/\/veritasinfo.org\/?p=3328&lang=sr#primaryimage\"},\"image\":{\"@id\":\"https:\/\/veritasinfo.org\/?p=3328&lang=sr#primaryimage\"},\"thumbnailUrl\":\"https:\/\/veritasinfo.org\/wp-content\/uploads\/2025\/07\/gjykata-kushtetuese-1.jpg\",\"datePublished\":\"2025-07-10T15:02:26+00:00\",\"author\":{\"@id\":\"https:\/\/veritasinfo.org\/#\/schema\/person\/7701f8c088bece422266b100a712374f\"},\"breadcrumb\":{\"@id\":\"https:\/\/veritasinfo.org\/?p=3328&lang=sr#breadcrumb\"},\"inLanguage\":\"en-US\",\"potentialAction\":[{\"@type\":\"ReadAction\",\"target\":[\"https:\/\/veritasinfo.org\/?p=3328&lang=sr\"]}]},{\"@type\":\"ImageObject\",\"inLanguage\":\"en-US\",\"@id\":\"https:\/\/veritasinfo.org\/?p=3328&lang=sr#primaryimage\",\"url\":\"https:\/\/veritasinfo.org\/wp-content\/uploads\/2025\/07\/gjykata-kushtetuese-1.jpg\",\"contentUrl\":\"https:\/\/veritasinfo.org\/wp-content\/uploads\/2025\/07\/gjykata-kushtetuese-1.jpg\",\"width\":1597,\"height\":898},{\"@type\":\"BreadcrumbList\",\"@id\":\"https:\/\/veritasinfo.org\/?p=3328&lang=sr#breadcrumb\",\"itemListElement\":[{\"@type\":\"ListItem\",\"position\":1,\"name\":\"Home\",\"item\":\"https:\/\/veritasinfo.org\/\"},{\"@type\":\"ListItem\",\"position\":2,\"name\":\"Ustavni sud odobrava novu penzionu \u0161emu \u2013 nema kr\u0161enja Ustava\"}]},{\"@type\":\"WebSite\",\"@id\":\"https:\/\/veritasinfo.org\/#website\",\"url\":\"https:\/\/veritasinfo.org\/\",\"name\":\"\",\"description\":\"\",\"potentialAction\":[{\"@type\":\"SearchAction\",\"target\":{\"@type\":\"EntryPoint\",\"urlTemplate\":\"https:\/\/veritasinfo.org\/?s={search_term_string}\"},\"query-input\":{\"@type\":\"PropertyValueSpecification\",\"valueRequired\":true,\"valueName\":\"search_term_string\"}}],\"inLanguage\":\"en-US\"},{\"@type\":\"Person\",\"@id\":\"https:\/\/veritasinfo.org\/#\/schema\/person\/7701f8c088bece422266b100a712374f\",\"name\":\"admin\",\"image\":{\"@type\":\"ImageObject\",\"inLanguage\":\"en-US\",\"@id\":\"https:\/\/veritasinfo.org\/#\/schema\/person\/image\/\",\"url\":\"https:\/\/secure.gravatar.com\/avatar\/ea53aa3bf6c9a12d5fde8ce4deff43fef3885ae33cf60184161a50d6987cfd2f?s=96&d=mm&r=g\",\"contentUrl\":\"https:\/\/secure.gravatar.com\/avatar\/ea53aa3bf6c9a12d5fde8ce4deff43fef3885ae33cf60184161a50d6987cfd2f?s=96&d=mm&r=g\",\"caption\":\"admin\"},\"sameAs\":[\"https:\/\/veritasinfo.org\"],\"url\":\"https:\/\/veritasinfo.org\/?author=1\"}]}<\/script>\n<!-- \/ Yoast SEO plugin. -->","yoast_head_json":{"title":"Ustavni sud odobrava novu penzionu \u0161emu \u2013 nema kr\u0161enja Ustava -","robots":{"index":"index","follow":"follow","max-snippet":"max-snippet:-1","max-image-preview":"max-image-preview:large","max-video-preview":"max-video-preview:-1"},"canonical":"https:\/\/veritasinfo.org\/?p=3328&lang=sr","og_locale":"en_US","og_type":"article","og_title":"Ustavni sud odobrava novu penzionu \u0161emu \u2013 nema kr\u0161enja Ustava -","og_description":"Ustavni sud odobrava novu penzionu \u0161emu \u2013 nema kr\u0161enja Ustava Ustavni sud Kosova je odlu\u010dio da izmene i dopune Zakona o dr\u017eavnim penzijskim \u0161emama nisu","og_url":"https:\/\/veritasinfo.org\/?p=3328&lang=sr","article_published_time":"2025-07-10T15:02:26+00:00","og_image":[{"width":1597,"height":898,"url":"https:\/\/veritasinfo.org\/wp-content\/uploads\/2025\/07\/gjykata-kushtetuese-1.jpg","type":"image\/jpeg"}],"author":"admin","twitter_card":"summary_large_image","twitter_misc":{"Written by":"admin","Est. reading time":"1 minute"},"schema":{"@context":"https:\/\/schema.org","@graph":[{"@type":"WebPage","@id":"https:\/\/veritasinfo.org\/?p=3328&lang=sr","url":"https:\/\/veritasinfo.org\/?p=3328&lang=sr","name":"Ustavni sud odobrava novu penzionu \u0161emu \u2013 nema kr\u0161enja Ustava -","isPartOf":{"@id":"https:\/\/veritasinfo.org\/#website"},"primaryImageOfPage":{"@id":"https:\/\/veritasinfo.org\/?p=3328&lang=sr#primaryimage"},"image":{"@id":"https:\/\/veritasinfo.org\/?p=3328&lang=sr#primaryimage"},"thumbnailUrl":"https:\/\/veritasinfo.org\/wp-content\/uploads\/2025\/07\/gjykata-kushtetuese-1.jpg","datePublished":"2025-07-10T15:02:26+00:00","author":{"@id":"https:\/\/veritasinfo.org\/#\/schema\/person\/7701f8c088bece422266b100a712374f"},"breadcrumb":{"@id":"https:\/\/veritasinfo.org\/?p=3328&lang=sr#breadcrumb"},"inLanguage":"en-US","potentialAction":[{"@type":"ReadAction","target":["https:\/\/veritasinfo.org\/?p=3328&lang=sr"]}]},{"@type":"ImageObject","inLanguage":"en-US","@id":"https:\/\/veritasinfo.org\/?p=3328&lang=sr#primaryimage","url":"https:\/\/veritasinfo.org\/wp-content\/uploads\/2025\/07\/gjykata-kushtetuese-1.jpg","contentUrl":"https:\/\/veritasinfo.org\/wp-content\/uploads\/2025\/07\/gjykata-kushtetuese-1.jpg","width":1597,"height":898},{"@type":"BreadcrumbList","@id":"https:\/\/veritasinfo.org\/?p=3328&lang=sr#breadcrumb","itemListElement":[{"@type":"ListItem","position":1,"name":"Home","item":"https:\/\/veritasinfo.org\/"},{"@type":"ListItem","position":2,"name":"Ustavni sud odobrava novu penzionu \u0161emu \u2013 nema kr\u0161enja Ustava"}]},{"@type":"WebSite","@id":"https:\/\/veritasinfo.org\/#website","url":"https:\/\/veritasinfo.org\/","name":"","description":"","potentialAction":[{"@type":"SearchAction","target":{"@type":"EntryPoint","urlTemplate":"https:\/\/veritasinfo.org\/?s={search_term_string}"},"query-input":{"@type":"PropertyValueSpecification","valueRequired":true,"valueName":"search_term_string"}}],"inLanguage":"en-US"},{"@type":"Person","@id":"https:\/\/veritasinfo.org\/#\/schema\/person\/7701f8c088bece422266b100a712374f","name":"admin","image":{"@type":"ImageObject","inLanguage":"en-US","@id":"https:\/\/veritasinfo.org\/#\/schema\/person\/image\/","url":"https:\/\/secure.gravatar.com\/avatar\/ea53aa3bf6c9a12d5fde8ce4deff43fef3885ae33cf60184161a50d6987cfd2f?s=96&d=mm&r=g","contentUrl":"https:\/\/secure.gravatar.com\/avatar\/ea53aa3bf6c9a12d5fde8ce4deff43fef3885ae33cf60184161a50d6987cfd2f?s=96&d=mm&r=g","caption":"admin"},"sameAs":["https:\/\/veritasinfo.org"],"url":"https:\/\/veritasinfo.org\/?author=1"}]}},"featured_image_urls":{"full":["https:\/\/veritasinfo.org\/wp-content\/uploads\/2025\/07\/gjykata-kushtetuese-1.jpg",1597,898,false],"thumbnail":["https:\/\/veritasinfo.org\/wp-content\/uploads\/2025\/07\/gjykata-kushtetuese-1-150x150.jpg",150,150,true],"medium":["https:\/\/veritasinfo.org\/wp-content\/uploads\/2025\/07\/gjykata-kushtetuese-1-300x169.jpg",300,169,true],"medium_large":["https:\/\/veritasinfo.org\/wp-content\/uploads\/2025\/07\/gjykata-kushtetuese-1-768x432.jpg",640,360,true],"large":["https:\/\/veritasinfo.org\/wp-content\/uploads\/2025\/07\/gjykata-kushtetuese-1-1024x576.jpg",640,360,true],"1536x1536":["https:\/\/veritasinfo.org\/wp-content\/uploads\/2025\/07\/gjykata-kushtetuese-1-1536x864.jpg",1536,864,true],"2048x2048":["https:\/\/veritasinfo.org\/wp-content\/uploads\/2025\/07\/gjykata-kushtetuese-1.jpg",1597,898,false],"kreeti-slider-full":["https:\/\/veritasinfo.org\/wp-content\/uploads\/2025\/07\/gjykata-kushtetuese-1.jpg",1280,720,false],"kreeti-featured":["https:\/\/veritasinfo.org\/wp-content\/uploads\/2025\/07\/gjykata-kushtetuese-1.jpg",1024,576,false],"kreeti-medium":["https:\/\/veritasinfo.org\/wp-content\/uploads\/2025\/07\/gjykata-kushtetuese-1.jpg",720,405,false],"kreeti-medium-square":["https:\/\/veritasinfo.org\/wp-content\/uploads\/2025\/07\/gjykata-kushtetuese-1.jpg",350,197,false]},"author_info":{"info":["admin"]},"category_info":"<a href=\"https:\/\/veritasinfo.org\/?cat=30&#038;lang=sr\" rel=\"category\">Dru\u0161tvo<\/a>","tag_info":"Dru\u0161tvo","comment_count":"0","_links":{"self":[{"href":"https:\/\/veritasinfo.org\/index.php?rest_route=\/wp\/v2\/posts\/3328","targetHints":{"allow":["GET"]}}],"collection":[{"href":"https:\/\/veritasinfo.org\/index.php?rest_route=\/wp\/v2\/posts"}],"about":[{"href":"https:\/\/veritasinfo.org\/index.php?rest_route=\/wp\/v2\/types\/post"}],"author":[{"embeddable":true,"href":"https:\/\/veritasinfo.org\/index.php?rest_route=\/wp\/v2\/users\/1"}],"replies":[{"embeddable":true,"href":"https:\/\/veritasinfo.org\/index.php?rest_route=%2Fwp%2Fv2%2Fcomments&post=3328"}],"version-history":[{"count":1,"href":"https:\/\/veritasinfo.org\/index.php?rest_route=\/wp\/v2\/posts\/3328\/revisions"}],"predecessor-version":[{"id":3329,"href":"https:\/\/veritasinfo.org\/index.php?rest_route=\/wp\/v2\/posts\/3328\/revisions\/3329"}],"wp:featuredmedia":[{"embeddable":true,"href":"https:\/\/veritasinfo.org\/index.php?rest_route=\/wp\/v2\/media\/3326"}],"wp:attachment":[{"href":"https:\/\/veritasinfo.org\/index.php?rest_route=%2Fwp%2Fv2%2Fmedia&parent=3328"}],"wp:term":[{"taxonomy":"category","embeddable":true,"href":"https:\/\/veritasinfo.org\/index.php?rest_route=%2Fwp%2Fv2%2Fcategories&post=3328"},{"taxonomy":"post_tag","embeddable":true,"href":"https:\/\/veritasinfo.org\/index.php?rest_route=%2Fwp%2Fv2%2Ftags&post=3328"}],"curies":[{"name":"wp","href":"https:\/\/api.w.org\/{rel}","templated":true}]}}