{"id":3325,"date":"2025-07-10T16:58:58","date_gmt":"2025-07-10T14:58:58","guid":{"rendered":"https:\/\/veritasinfo.org\/?p=3325"},"modified":"2025-07-10T16:58:58","modified_gmt":"2025-07-10T14:58:58","slug":"gjykata-kushtetuese-e-miraton-skemen-e-re-pensionale-nuk-ka-shkelje-te-kushtetutes","status":"publish","type":"post","link":"https:\/\/veritasinfo.org\/?p=3325","title":{"rendered":"Gjykata Kushtetuese e miraton skem\u00ebn e re pensionale \u2013 nuk ka shkelje t\u00eb Kushtetut\u00ebs"},"content":{"rendered":"<p><strong>Gjykata Kushtetuese e miraton skem\u00ebn e re pensionale \u2013 nuk ka shkelje t\u00eb Kushtetut\u00ebs<\/strong><\/p>\n<p data-start=\"46\" data-end=\"254\">Gjykata Kushtetuese e Kosov\u00ebs ka vendosur se <strong data-start=\"91\" data-end=\"203\">ndryshimi dhe plot\u00ebsimi i Ligjit p\u00ebr Skemat Pensionale t\u00eb financuara nga shteti nuk bie ndesh me Kushtetut\u00ebn<\/strong>, edhe pse ishte kontestuar nga Avokati i Popullit.<\/p>\n<p data-start=\"256\" data-end=\"305\"><strong data-start=\"256\" data-end=\"303\">\u00c7\u00ebshtjet e ngritura nga Avokati i Popullit:<\/strong><\/p>\n<ul data-start=\"306\" data-end=\"557\">\n<li data-start=\"306\" data-end=\"367\">\n<p data-start=\"308\" data-end=\"367\">Dyshohej p\u00ebr <strong data-start=\"321\" data-end=\"364\">trajtimin e pabarabart\u00eb dhe diskriminim<\/strong>,<\/p>\n<\/li>\n<li data-start=\"368\" data-end=\"501\">\n<p data-start=\"370\" data-end=\"501\">p\u00ebrjashtimin e personave q\u00eb nuk kan\u00eb arritur 15 vjet stazh p\u00ebr shkak t\u00eb <strong data-start=\"442\" data-end=\"498\">largimit t\u00eb dhunsh\u00ebm nga puna gjat\u00eb viteve 1989\u20131999<\/strong>,<\/p>\n<\/li>\n<li data-start=\"502\" data-end=\"557\">\n<p data-start=\"504\" data-end=\"557\">si dhe p\u00ebr krijimin e nj\u00eb <strong data-start=\"530\" data-end=\"556\">skeme t\u00eb re pensionale<\/strong>.<\/p>\n<\/li>\n<\/ul>\n<p data-start=\"559\" data-end=\"608\"><strong data-start=\"559\" data-end=\"591\">\u00c7far\u00eb parashikon ligji i ri:<\/strong><br data-start=\"591\" data-end=\"594\" \/>Personat q\u00eb:<\/p>\n<ul data-start=\"609\" data-end=\"980\">\n<li data-start=\"609\" data-end=\"641\">\n<p data-start=\"611\" data-end=\"641\">jan\u00eb <strong data-start=\"616\" data-end=\"638\">shtetas t\u00eb Kosov\u00ebs<\/strong>,<\/p>\n<\/li>\n<li data-start=\"642\" data-end=\"678\">\n<p data-start=\"644\" data-end=\"678\">kan\u00eb <strong data-start=\"649\" data-end=\"675\">mbushur mosh\u00ebn 65 vje\u00e7<\/strong>,<\/p>\n<\/li>\n<li data-start=\"679\" data-end=\"746\">\n<p data-start=\"681\" data-end=\"746\">kan\u00eb <strong data-start=\"686\" data-end=\"743\">d\u00ebshmi p\u00ebr pages\u00ebn e kontributeve para 1 janarit 1999<\/strong>,<\/p>\n<\/li>\n<li data-start=\"747\" data-end=\"980\">\n<p data-start=\"749\" data-end=\"980\">dhe jan\u00eb <strong data-start=\"758\" data-end=\"829\">larguar nga puna pas 1 janarit 1989 p\u00ebr shkak t\u00eb masave t\u00eb dhunshme<\/strong>,<br data-start=\"830\" data-end=\"833\" \/>mund t\u00eb p\u00ebrfitojn\u00eb <strong data-start=\"852\" data-end=\"890\">pensionin parcial kontribut-pagues<\/strong>, n\u00ebse periudha e kontributeve s\u00eb bashku me periudh\u00ebn e pas largimit arrin n\u00eb <strong data-start=\"968\" data-end=\"979\">15 vjet<\/strong>.<\/p>\n<\/li>\n<\/ul>\n<p data-start=\"982\" data-end=\"1184\"><strong data-start=\"982\" data-end=\"1005\">Vendimi i Gjykat\u00ebs:<\/strong> Ligji <strong data-start=\"1012\" data-end=\"1031\">nuk diskriminon<\/strong>, p\u00ebrfshin t\u00eb gjith\u00eb t\u00eb larguarit dhunsh\u00ebm nga puna dhe p\u00ebrfaq\u00ebson <strong data-start=\"1098\" data-end=\"1123\">nj\u00eb balanc\u00eb t\u00eb drejt\u00eb<\/strong> mes interesit publik dhe t\u00eb drejtave themelore t\u00eb individit.<\/p>\n<p data-start=\"1186\" data-end=\"1337\"><strong data-start=\"1186\" data-end=\"1248\">Pritet q\u00eb nga kjo skem\u00eb t\u00eb p\u00ebrfitojn\u00eb rreth 70,000 persona<\/strong>, nd\u00ebrsa <strong data-start=\"1257\" data-end=\"1289\">kostoja vjetore p\u00ebr buxhetin<\/strong> parashikohet t\u00eb jet\u00eb rreth <strong data-start=\"1317\" data-end=\"1336\">60 milion\u00eb euro<\/strong>.<\/p>\n<p data-start=\"1339\" data-end=\"1479\" data-is-last-node=\"\" data-is-only-node=\"\">Skema e re synon t\u00eb <strong data-start=\"1372\" data-end=\"1399\">korrigjoj\u00eb padrejt\u00ebsit\u00eb<\/strong> ndaj atyre q\u00eb jan\u00eb p\u00ebrjashtuar padrejt\u00ebsisht nga sistemi i m\u00ebparsh\u00ebm pensional.<\/p>\n","protected":false},"excerpt":{"rendered":"<p>Gjykata Kushtetuese e miraton skem\u00ebn e re pensionale \u2013 nuk ka shkelje t\u00eb Kushtetut\u00ebs Gjykata Kushtetuese e Kosov\u00ebs ka vendosur se ndryshimi dhe plot\u00ebsimi i<\/p>\n","protected":false},"author":1,"featured_media":3326,"comment_status":"open","ping_status":"open","sticky":false,"template":"","format":"standard","meta":{"footnotes":""},"categories":[60],"tags":[],"class_list":["post-3325","post","type-post","status-publish","format-standard","has-post-thumbnail","hentry","category-shoqerore-sq"],"yoast_head":"<!-- This site is optimized with the Yoast SEO plugin v25.3.1 - https:\/\/yoast.com\/wordpress\/plugins\/seo\/ -->\n<title>Gjykata Kushtetuese e miraton skem\u00ebn e re pensionale \u2013 nuk ka shkelje t\u00eb Kushtetut\u00ebs -<\/title>\n<meta name=\"robots\" content=\"index, follow, max-snippet:-1, max-image-preview:large, max-video-preview:-1\" \/>\n<link rel=\"canonical\" href=\"https:\/\/veritasinfo.org\/?p=3325\" \/>\n<meta property=\"og:locale\" content=\"en_US\" \/>\n<meta property=\"og:type\" content=\"article\" \/>\n<meta property=\"og:title\" content=\"Gjykata Kushtetuese e miraton skem\u00ebn e re pensionale \u2013 nuk ka shkelje t\u00eb Kushtetut\u00ebs -\" \/>\n<meta property=\"og:description\" content=\"Gjykata Kushtetuese e miraton skem\u00ebn e re pensionale \u2013 nuk ka shkelje t\u00eb Kushtetut\u00ebs Gjykata Kushtetuese e Kosov\u00ebs ka vendosur se ndryshimi dhe plot\u00ebsimi i\" \/>\n<meta property=\"og:url\" content=\"https:\/\/veritasinfo.org\/?p=3325\" \/>\n<meta property=\"article:published_time\" content=\"2025-07-10T14:58:58+00:00\" \/>\n<meta property=\"og:image\" content=\"https:\/\/veritasinfo.org\/wp-content\/uploads\/2025\/07\/gjykata-kushtetuese-1.jpg\" \/>\n\t<meta property=\"og:image:width\" content=\"1597\" \/>\n\t<meta property=\"og:image:height\" content=\"898\" \/>\n\t<meta property=\"og:image:type\" content=\"image\/jpeg\" \/>\n<meta name=\"author\" content=\"admin\" \/>\n<meta name=\"twitter:card\" content=\"summary_large_image\" \/>\n<meta name=\"twitter:label1\" content=\"Written by\" \/>\n\t<meta name=\"twitter:data1\" content=\"admin\" \/>\n\t<meta name=\"twitter:label2\" content=\"Est. reading time\" \/>\n\t<meta name=\"twitter:data2\" content=\"2 minutes\" \/>\n<script type=\"application\/ld+json\" class=\"yoast-schema-graph\">{\"@context\":\"https:\/\/schema.org\",\"@graph\":[{\"@type\":\"WebPage\",\"@id\":\"https:\/\/veritasinfo.org\/?p=3325\",\"url\":\"https:\/\/veritasinfo.org\/?p=3325\",\"name\":\"Gjykata Kushtetuese e miraton skem\u00ebn e re pensionale \u2013 nuk ka shkelje t\u00eb Kushtetut\u00ebs -\",\"isPartOf\":{\"@id\":\"https:\/\/veritasinfo.org\/#website\"},\"primaryImageOfPage\":{\"@id\":\"https:\/\/veritasinfo.org\/?p=3325#primaryimage\"},\"image\":{\"@id\":\"https:\/\/veritasinfo.org\/?p=3325#primaryimage\"},\"thumbnailUrl\":\"https:\/\/veritasinfo.org\/wp-content\/uploads\/2025\/07\/gjykata-kushtetuese-1.jpg\",\"datePublished\":\"2025-07-10T14:58:58+00:00\",\"author\":{\"@id\":\"https:\/\/veritasinfo.org\/#\/schema\/person\/7701f8c088bece422266b100a712374f\"},\"breadcrumb\":{\"@id\":\"https:\/\/veritasinfo.org\/?p=3325#breadcrumb\"},\"inLanguage\":\"en-US\",\"potentialAction\":[{\"@type\":\"ReadAction\",\"target\":[\"https:\/\/veritasinfo.org\/?p=3325\"]}]},{\"@type\":\"ImageObject\",\"inLanguage\":\"en-US\",\"@id\":\"https:\/\/veritasinfo.org\/?p=3325#primaryimage\",\"url\":\"https:\/\/veritasinfo.org\/wp-content\/uploads\/2025\/07\/gjykata-kushtetuese-1.jpg\",\"contentUrl\":\"https:\/\/veritasinfo.org\/wp-content\/uploads\/2025\/07\/gjykata-kushtetuese-1.jpg\",\"width\":1597,\"height\":898},{\"@type\":\"BreadcrumbList\",\"@id\":\"https:\/\/veritasinfo.org\/?p=3325#breadcrumb\",\"itemListElement\":[{\"@type\":\"ListItem\",\"position\":1,\"name\":\"Home\",\"item\":\"https:\/\/veritasinfo.org\/\"},{\"@type\":\"ListItem\",\"position\":2,\"name\":\"Gjykata Kushtetuese e miraton skem\u00ebn e re pensionale \u2013 nuk ka shkelje t\u00eb Kushtetut\u00ebs\"}]},{\"@type\":\"WebSite\",\"@id\":\"https:\/\/veritasinfo.org\/#website\",\"url\":\"https:\/\/veritasinfo.org\/\",\"name\":\"\",\"description\":\"\",\"potentialAction\":[{\"@type\":\"SearchAction\",\"target\":{\"@type\":\"EntryPoint\",\"urlTemplate\":\"https:\/\/veritasinfo.org\/?s={search_term_string}\"},\"query-input\":{\"@type\":\"PropertyValueSpecification\",\"valueRequired\":true,\"valueName\":\"search_term_string\"}}],\"inLanguage\":\"en-US\"},{\"@type\":\"Person\",\"@id\":\"https:\/\/veritasinfo.org\/#\/schema\/person\/7701f8c088bece422266b100a712374f\",\"name\":\"admin\",\"image\":{\"@type\":\"ImageObject\",\"inLanguage\":\"en-US\",\"@id\":\"https:\/\/veritasinfo.org\/#\/schema\/person\/image\/\",\"url\":\"https:\/\/secure.gravatar.com\/avatar\/ea53aa3bf6c9a12d5fde8ce4deff43fef3885ae33cf60184161a50d6987cfd2f?s=96&d=mm&r=g\",\"contentUrl\":\"https:\/\/secure.gravatar.com\/avatar\/ea53aa3bf6c9a12d5fde8ce4deff43fef3885ae33cf60184161a50d6987cfd2f?s=96&d=mm&r=g\",\"caption\":\"admin\"},\"sameAs\":[\"https:\/\/veritasinfo.org\"],\"url\":\"https:\/\/veritasinfo.org\/?author=1\"}]}<\/script>\n<!-- \/ Yoast SEO plugin. -->","yoast_head_json":{"title":"Gjykata Kushtetuese e miraton skem\u00ebn e re pensionale \u2013 nuk ka shkelje t\u00eb Kushtetut\u00ebs -","robots":{"index":"index","follow":"follow","max-snippet":"max-snippet:-1","max-image-preview":"max-image-preview:large","max-video-preview":"max-video-preview:-1"},"canonical":"https:\/\/veritasinfo.org\/?p=3325","og_locale":"en_US","og_type":"article","og_title":"Gjykata Kushtetuese e miraton skem\u00ebn e re pensionale \u2013 nuk ka shkelje t\u00eb Kushtetut\u00ebs -","og_description":"Gjykata Kushtetuese e miraton skem\u00ebn e re pensionale \u2013 nuk ka shkelje t\u00eb Kushtetut\u00ebs Gjykata Kushtetuese e Kosov\u00ebs ka vendosur se ndryshimi dhe plot\u00ebsimi i","og_url":"https:\/\/veritasinfo.org\/?p=3325","article_published_time":"2025-07-10T14:58:58+00:00","og_image":[{"width":1597,"height":898,"url":"https:\/\/veritasinfo.org\/wp-content\/uploads\/2025\/07\/gjykata-kushtetuese-1.jpg","type":"image\/jpeg"}],"author":"admin","twitter_card":"summary_large_image","twitter_misc":{"Written by":"admin","Est. reading time":"2 minutes"},"schema":{"@context":"https:\/\/schema.org","@graph":[{"@type":"WebPage","@id":"https:\/\/veritasinfo.org\/?p=3325","url":"https:\/\/veritasinfo.org\/?p=3325","name":"Gjykata Kushtetuese e miraton skem\u00ebn e re pensionale \u2013 nuk ka shkelje t\u00eb Kushtetut\u00ebs -","isPartOf":{"@id":"https:\/\/veritasinfo.org\/#website"},"primaryImageOfPage":{"@id":"https:\/\/veritasinfo.org\/?p=3325#primaryimage"},"image":{"@id":"https:\/\/veritasinfo.org\/?p=3325#primaryimage"},"thumbnailUrl":"https:\/\/veritasinfo.org\/wp-content\/uploads\/2025\/07\/gjykata-kushtetuese-1.jpg","datePublished":"2025-07-10T14:58:58+00:00","author":{"@id":"https:\/\/veritasinfo.org\/#\/schema\/person\/7701f8c088bece422266b100a712374f"},"breadcrumb":{"@id":"https:\/\/veritasinfo.org\/?p=3325#breadcrumb"},"inLanguage":"en-US","potentialAction":[{"@type":"ReadAction","target":["https:\/\/veritasinfo.org\/?p=3325"]}]},{"@type":"ImageObject","inLanguage":"en-US","@id":"https:\/\/veritasinfo.org\/?p=3325#primaryimage","url":"https:\/\/veritasinfo.org\/wp-content\/uploads\/2025\/07\/gjykata-kushtetuese-1.jpg","contentUrl":"https:\/\/veritasinfo.org\/wp-content\/uploads\/2025\/07\/gjykata-kushtetuese-1.jpg","width":1597,"height":898},{"@type":"BreadcrumbList","@id":"https:\/\/veritasinfo.org\/?p=3325#breadcrumb","itemListElement":[{"@type":"ListItem","position":1,"name":"Home","item":"https:\/\/veritasinfo.org\/"},{"@type":"ListItem","position":2,"name":"Gjykata Kushtetuese e miraton skem\u00ebn e re pensionale \u2013 nuk ka shkelje t\u00eb Kushtetut\u00ebs"}]},{"@type":"WebSite","@id":"https:\/\/veritasinfo.org\/#website","url":"https:\/\/veritasinfo.org\/","name":"","description":"","potentialAction":[{"@type":"SearchAction","target":{"@type":"EntryPoint","urlTemplate":"https:\/\/veritasinfo.org\/?s={search_term_string}"},"query-input":{"@type":"PropertyValueSpecification","valueRequired":true,"valueName":"search_term_string"}}],"inLanguage":"en-US"},{"@type":"Person","@id":"https:\/\/veritasinfo.org\/#\/schema\/person\/7701f8c088bece422266b100a712374f","name":"admin","image":{"@type":"ImageObject","inLanguage":"en-US","@id":"https:\/\/veritasinfo.org\/#\/schema\/person\/image\/","url":"https:\/\/secure.gravatar.com\/avatar\/ea53aa3bf6c9a12d5fde8ce4deff43fef3885ae33cf60184161a50d6987cfd2f?s=96&d=mm&r=g","contentUrl":"https:\/\/secure.gravatar.com\/avatar\/ea53aa3bf6c9a12d5fde8ce4deff43fef3885ae33cf60184161a50d6987cfd2f?s=96&d=mm&r=g","caption":"admin"},"sameAs":["https:\/\/veritasinfo.org"],"url":"https:\/\/veritasinfo.org\/?author=1"}]}},"featured_image_urls":{"full":["https:\/\/veritasinfo.org\/wp-content\/uploads\/2025\/07\/gjykata-kushtetuese-1.jpg",1597,898,false],"thumbnail":["https:\/\/veritasinfo.org\/wp-content\/uploads\/2025\/07\/gjykata-kushtetuese-1-150x150.jpg",150,150,true],"medium":["https:\/\/veritasinfo.org\/wp-content\/uploads\/2025\/07\/gjykata-kushtetuese-1-300x169.jpg",300,169,true],"medium_large":["https:\/\/veritasinfo.org\/wp-content\/uploads\/2025\/07\/gjykata-kushtetuese-1-768x432.jpg",640,360,true],"large":["https:\/\/veritasinfo.org\/wp-content\/uploads\/2025\/07\/gjykata-kushtetuese-1-1024x576.jpg",640,360,true],"1536x1536":["https:\/\/veritasinfo.org\/wp-content\/uploads\/2025\/07\/gjykata-kushtetuese-1-1536x864.jpg",1536,864,true],"2048x2048":["https:\/\/veritasinfo.org\/wp-content\/uploads\/2025\/07\/gjykata-kushtetuese-1.jpg",1597,898,false],"kreeti-slider-full":["https:\/\/veritasinfo.org\/wp-content\/uploads\/2025\/07\/gjykata-kushtetuese-1.jpg",1280,720,false],"kreeti-featured":["https:\/\/veritasinfo.org\/wp-content\/uploads\/2025\/07\/gjykata-kushtetuese-1.jpg",1024,576,false],"kreeti-medium":["https:\/\/veritasinfo.org\/wp-content\/uploads\/2025\/07\/gjykata-kushtetuese-1.jpg",720,405,false],"kreeti-medium-square":["https:\/\/veritasinfo.org\/wp-content\/uploads\/2025\/07\/gjykata-kushtetuese-1.jpg",350,197,false]},"author_info":{"info":["admin"]},"category_info":"<a href=\"https:\/\/veritasinfo.org\/?cat=60\" rel=\"category\">Shoq\u00ebrore<\/a>","tag_info":"Shoq\u00ebrore","comment_count":"0","_links":{"self":[{"href":"https:\/\/veritasinfo.org\/index.php?rest_route=\/wp\/v2\/posts\/3325","targetHints":{"allow":["GET"]}}],"collection":[{"href":"https:\/\/veritasinfo.org\/index.php?rest_route=\/wp\/v2\/posts"}],"about":[{"href":"https:\/\/veritasinfo.org\/index.php?rest_route=\/wp\/v2\/types\/post"}],"author":[{"embeddable":true,"href":"https:\/\/veritasinfo.org\/index.php?rest_route=\/wp\/v2\/users\/1"}],"replies":[{"embeddable":true,"href":"https:\/\/veritasinfo.org\/index.php?rest_route=%2Fwp%2Fv2%2Fcomments&post=3325"}],"version-history":[{"count":1,"href":"https:\/\/veritasinfo.org\/index.php?rest_route=\/wp\/v2\/posts\/3325\/revisions"}],"predecessor-version":[{"id":3327,"href":"https:\/\/veritasinfo.org\/index.php?rest_route=\/wp\/v2\/posts\/3325\/revisions\/3327"}],"wp:featuredmedia":[{"embeddable":true,"href":"https:\/\/veritasinfo.org\/index.php?rest_route=\/wp\/v2\/media\/3326"}],"wp:attachment":[{"href":"https:\/\/veritasinfo.org\/index.php?rest_route=%2Fwp%2Fv2%2Fmedia&parent=3325"}],"wp:term":[{"taxonomy":"category","embeddable":true,"href":"https:\/\/veritasinfo.org\/index.php?rest_route=%2Fwp%2Fv2%2Fcategories&post=3325"},{"taxonomy":"post_tag","embeddable":true,"href":"https:\/\/veritasinfo.org\/index.php?rest_route=%2Fwp%2Fv2%2Ftags&post=3325"}],"curies":[{"name":"wp","href":"https:\/\/api.w.org\/{rel}","templated":true}]}}