{"id":3323,"date":"2025-07-11T12:50:35","date_gmt":"2025-07-11T10:50:35","guid":{"rendered":"https:\/\/veritasinfo.org\/?p=3323"},"modified":"2025-07-11T12:50:35","modified_gmt":"2025-07-11T10:50:35","slug":"dokufest-po-vjen-ne-prizren-festivali-qe-nuk-hesht","status":"publish","type":"post","link":"https:\/\/veritasinfo.org\/?p=3323","title":{"rendered":"DokuFest po vjen n\u00eb Prizren \u2013 festivali q\u00eb nuk hesht"},"content":{"rendered":"<p data-start=\"67\" data-end=\"147\">\ud83c\udfac <strong data-start=\"70\" data-end=\"147\">DokuFest 2025 po vjen n\u00eb Prizren \u2013 arti si protest\u00eb, filmi si rezistenc\u00eb!<\/strong><\/p>\n<p data-start=\"166\" data-end=\"382\">Nga <strong data-start=\"170\" data-end=\"191\">1 deri m\u00eb 9 gusht<\/strong>, qyteti i vjet\u00ebr i Prizrenit do t\u00eb shnd\u00ebrrohet s\u00ebrish n\u00eb epiqendr\u00ebn e artit dhe kultur\u00ebs \u2013 me edicionin e 24-t\u00eb t\u00eb <strong data-start=\"307\" data-end=\"381\">Festivalit Nd\u00ebrkomb\u00ebtar t\u00eb Filmit Dokumentar dhe t\u00eb Shkurt\u00ebr, DokuFest<\/strong>.<\/p>\n<p data-start=\"384\" data-end=\"588\">Tema e k\u00ebtij viti mban nj\u00eb mesazh t\u00eb fuqish\u00ebm:<br data-start=\"430\" data-end=\"433\" \/><strong data-start=\"433\" data-end=\"469\">\u201cLakmi, Pafund \u00c7mendi, Boshll\u00ebk\u201d<\/strong> \u2013 jo vet\u00ebm nj\u00eb slogan, por nj\u00eb gjendje e shpirtit, nj\u00eb thirrje p\u00ebr vet\u00ebdije dhe nj\u00eb protest\u00eb kund\u00ebr apatis\u00eb kolektive.<\/p>\n<p data-start=\"590\" data-end=\"847\">\ud83d\udcfd\ufe0f N\u00eb program do t\u00eb shfaqen <strong data-start=\"619\" data-end=\"658\">99 filma n\u00eb shtat\u00eb kategori garuese<\/strong>, nd\u00ebrsa festivali sjell edhe aktivitete t\u00eb shumta shoq\u00ebruese: diskutime me autor\u00eb, panele, performanca muzikore, pun\u00ebtori dhe net\u00ebt e njohura \u201cDokuNights\u201d n\u00ebn qiellin e hapur t\u00eb Prizrenit.<\/p>\n<p data-start=\"849\" data-end=\"1014\">\u2728 DokuFest 2025 nuk \u00ebsht\u00eb vet\u00ebm nj\u00eb festival filmi \u2013 \u00ebsht\u00eb nj\u00eb hap\u00ebsir\u00eb e bashk\u00ebbisedimit, ndjeshm\u00ebris\u00eb dhe rezistenc\u00ebs. N\u00eb koh\u00eb krize, arti flet m\u00eb z\u00ebsh\u00ebm se kurr\u00eb.<\/p>\n<p data-start=\"1016\" data-end=\"1080\">\ud83c\udf9f\ufe0f Prizreni po t\u00eb pret. B\u00ebhu pjes\u00eb e nj\u00eb historie q\u00eb nuk hesht.<\/p>\n","protected":false},"excerpt":{"rendered":"<p>\ud83c\udfac DokuFest 2025 po vjen n\u00eb Prizren \u2013 arti si protest\u00eb, filmi si rezistenc\u00eb! Nga 1 deri m\u00eb 9 gusht, qyteti i vjet\u00ebr i Prizrenit<\/p>\n","protected":false},"author":1,"featured_media":3321,"comment_status":"open","ping_status":"open","sticky":false,"template":"","format":"standard","meta":{"footnotes":""},"categories":[54],"tags":[],"class_list":["post-3323","post","type-post","status-publish","format-standard","has-post-thumbnail","hentry","category-kulture-sq"],"yoast_head":"<!-- This site is optimized with the Yoast SEO plugin v25.3.1 - https:\/\/yoast.com\/wordpress\/plugins\/seo\/ -->\n<title>DokuFest po vjen n\u00eb Prizren \u2013 festivali q\u00eb nuk hesht -<\/title>\n<meta name=\"robots\" content=\"index, follow, max-snippet:-1, max-image-preview:large, max-video-preview:-1\" \/>\n<link rel=\"canonical\" href=\"https:\/\/veritasinfo.org\/?p=3323\" \/>\n<meta property=\"og:locale\" content=\"en_US\" \/>\n<meta property=\"og:type\" content=\"article\" \/>\n<meta property=\"og:title\" content=\"DokuFest po vjen n\u00eb Prizren \u2013 festivali q\u00eb nuk hesht -\" \/>\n<meta property=\"og:description\" content=\"\ud83c\udfac DokuFest 2025 po vjen n\u00eb Prizren \u2013 arti si protest\u00eb, filmi si rezistenc\u00eb! Nga 1 deri m\u00eb 9 gusht, qyteti i vjet\u00ebr i Prizrenit\" \/>\n<meta property=\"og:url\" content=\"https:\/\/veritasinfo.org\/?p=3323\" \/>\n<meta property=\"article:published_time\" content=\"2025-07-11T10:50:35+00:00\" \/>\n<meta property=\"og:image\" content=\"https:\/\/veritasinfo.org\/wp-content\/uploads\/2025\/07\/Untitled-2.jpg123123_.jpg\" \/>\n\t<meta property=\"og:image:width\" content=\"1400\" \/>\n\t<meta property=\"og:image:height\" content=\"700\" \/>\n\t<meta property=\"og:image:type\" content=\"image\/jpeg\" \/>\n<meta name=\"author\" content=\"admin\" \/>\n<meta name=\"twitter:card\" content=\"summary_large_image\" \/>\n<meta name=\"twitter:label1\" content=\"Written by\" \/>\n\t<meta name=\"twitter:data1\" content=\"admin\" \/>\n\t<meta name=\"twitter:label2\" content=\"Est. reading time\" \/>\n\t<meta name=\"twitter:data2\" content=\"1 minute\" \/>\n<script type=\"application\/ld+json\" class=\"yoast-schema-graph\">{\"@context\":\"https:\/\/schema.org\",\"@graph\":[{\"@type\":\"WebPage\",\"@id\":\"https:\/\/veritasinfo.org\/?p=3323\",\"url\":\"https:\/\/veritasinfo.org\/?p=3323\",\"name\":\"DokuFest po vjen n\u00eb Prizren \u2013 festivali q\u00eb nuk hesht -\",\"isPartOf\":{\"@id\":\"https:\/\/veritasinfo.org\/#website\"},\"primaryImageOfPage\":{\"@id\":\"https:\/\/veritasinfo.org\/?p=3323#primaryimage\"},\"image\":{\"@id\":\"https:\/\/veritasinfo.org\/?p=3323#primaryimage\"},\"thumbnailUrl\":\"https:\/\/veritasinfo.org\/wp-content\/uploads\/2025\/07\/Untitled-2.jpg123123_.jpg\",\"datePublished\":\"2025-07-11T10:50:35+00:00\",\"author\":{\"@id\":\"https:\/\/veritasinfo.org\/#\/schema\/person\/7701f8c088bece422266b100a712374f\"},\"breadcrumb\":{\"@id\":\"https:\/\/veritasinfo.org\/?p=3323#breadcrumb\"},\"inLanguage\":\"en-US\",\"potentialAction\":[{\"@type\":\"ReadAction\",\"target\":[\"https:\/\/veritasinfo.org\/?p=3323\"]}]},{\"@type\":\"ImageObject\",\"inLanguage\":\"en-US\",\"@id\":\"https:\/\/veritasinfo.org\/?p=3323#primaryimage\",\"url\":\"https:\/\/veritasinfo.org\/wp-content\/uploads\/2025\/07\/Untitled-2.jpg123123_.jpg\",\"contentUrl\":\"https:\/\/veritasinfo.org\/wp-content\/uploads\/2025\/07\/Untitled-2.jpg123123_.jpg\",\"width\":1400,\"height\":700},{\"@type\":\"BreadcrumbList\",\"@id\":\"https:\/\/veritasinfo.org\/?p=3323#breadcrumb\",\"itemListElement\":[{\"@type\":\"ListItem\",\"position\":1,\"name\":\"Home\",\"item\":\"https:\/\/veritasinfo.org\/\"},{\"@type\":\"ListItem\",\"position\":2,\"name\":\"DokuFest po vjen n\u00eb Prizren \u2013 festivali q\u00eb nuk hesht\"}]},{\"@type\":\"WebSite\",\"@id\":\"https:\/\/veritasinfo.org\/#website\",\"url\":\"https:\/\/veritasinfo.org\/\",\"name\":\"\",\"description\":\"\",\"potentialAction\":[{\"@type\":\"SearchAction\",\"target\":{\"@type\":\"EntryPoint\",\"urlTemplate\":\"https:\/\/veritasinfo.org\/?s={search_term_string}\"},\"query-input\":{\"@type\":\"PropertyValueSpecification\",\"valueRequired\":true,\"valueName\":\"search_term_string\"}}],\"inLanguage\":\"en-US\"},{\"@type\":\"Person\",\"@id\":\"https:\/\/veritasinfo.org\/#\/schema\/person\/7701f8c088bece422266b100a712374f\",\"name\":\"admin\",\"image\":{\"@type\":\"ImageObject\",\"inLanguage\":\"en-US\",\"@id\":\"https:\/\/veritasinfo.org\/#\/schema\/person\/image\/\",\"url\":\"https:\/\/secure.gravatar.com\/avatar\/ea53aa3bf6c9a12d5fde8ce4deff43fef3885ae33cf60184161a50d6987cfd2f?s=96&d=mm&r=g\",\"contentUrl\":\"https:\/\/secure.gravatar.com\/avatar\/ea53aa3bf6c9a12d5fde8ce4deff43fef3885ae33cf60184161a50d6987cfd2f?s=96&d=mm&r=g\",\"caption\":\"admin\"},\"sameAs\":[\"https:\/\/veritasinfo.org\"],\"url\":\"https:\/\/veritasinfo.org\/?author=1\"}]}<\/script>\n<!-- \/ Yoast SEO plugin. -->","yoast_head_json":{"title":"DokuFest po vjen n\u00eb Prizren \u2013 festivali q\u00eb nuk hesht -","robots":{"index":"index","follow":"follow","max-snippet":"max-snippet:-1","max-image-preview":"max-image-preview:large","max-video-preview":"max-video-preview:-1"},"canonical":"https:\/\/veritasinfo.org\/?p=3323","og_locale":"en_US","og_type":"article","og_title":"DokuFest po vjen n\u00eb Prizren \u2013 festivali q\u00eb nuk hesht -","og_description":"\ud83c\udfac DokuFest 2025 po vjen n\u00eb Prizren \u2013 arti si protest\u00eb, filmi si rezistenc\u00eb! Nga 1 deri m\u00eb 9 gusht, qyteti i vjet\u00ebr i Prizrenit","og_url":"https:\/\/veritasinfo.org\/?p=3323","article_published_time":"2025-07-11T10:50:35+00:00","og_image":[{"width":1400,"height":700,"url":"https:\/\/veritasinfo.org\/wp-content\/uploads\/2025\/07\/Untitled-2.jpg123123_.jpg","type":"image\/jpeg"}],"author":"admin","twitter_card":"summary_large_image","twitter_misc":{"Written by":"admin","Est. reading time":"1 minute"},"schema":{"@context":"https:\/\/schema.org","@graph":[{"@type":"WebPage","@id":"https:\/\/veritasinfo.org\/?p=3323","url":"https:\/\/veritasinfo.org\/?p=3323","name":"DokuFest po vjen n\u00eb Prizren \u2013 festivali q\u00eb nuk hesht -","isPartOf":{"@id":"https:\/\/veritasinfo.org\/#website"},"primaryImageOfPage":{"@id":"https:\/\/veritasinfo.org\/?p=3323#primaryimage"},"image":{"@id":"https:\/\/veritasinfo.org\/?p=3323#primaryimage"},"thumbnailUrl":"https:\/\/veritasinfo.org\/wp-content\/uploads\/2025\/07\/Untitled-2.jpg123123_.jpg","datePublished":"2025-07-11T10:50:35+00:00","author":{"@id":"https:\/\/veritasinfo.org\/#\/schema\/person\/7701f8c088bece422266b100a712374f"},"breadcrumb":{"@id":"https:\/\/veritasinfo.org\/?p=3323#breadcrumb"},"inLanguage":"en-US","potentialAction":[{"@type":"ReadAction","target":["https:\/\/veritasinfo.org\/?p=3323"]}]},{"@type":"ImageObject","inLanguage":"en-US","@id":"https:\/\/veritasinfo.org\/?p=3323#primaryimage","url":"https:\/\/veritasinfo.org\/wp-content\/uploads\/2025\/07\/Untitled-2.jpg123123_.jpg","contentUrl":"https:\/\/veritasinfo.org\/wp-content\/uploads\/2025\/07\/Untitled-2.jpg123123_.jpg","width":1400,"height":700},{"@type":"BreadcrumbList","@id":"https:\/\/veritasinfo.org\/?p=3323#breadcrumb","itemListElement":[{"@type":"ListItem","position":1,"name":"Home","item":"https:\/\/veritasinfo.org\/"},{"@type":"ListItem","position":2,"name":"DokuFest po vjen n\u00eb Prizren \u2013 festivali q\u00eb nuk hesht"}]},{"@type":"WebSite","@id":"https:\/\/veritasinfo.org\/#website","url":"https:\/\/veritasinfo.org\/","name":"","description":"","potentialAction":[{"@type":"SearchAction","target":{"@type":"EntryPoint","urlTemplate":"https:\/\/veritasinfo.org\/?s={search_term_string}"},"query-input":{"@type":"PropertyValueSpecification","valueRequired":true,"valueName":"search_term_string"}}],"inLanguage":"en-US"},{"@type":"Person","@id":"https:\/\/veritasinfo.org\/#\/schema\/person\/7701f8c088bece422266b100a712374f","name":"admin","image":{"@type":"ImageObject","inLanguage":"en-US","@id":"https:\/\/veritasinfo.org\/#\/schema\/person\/image\/","url":"https:\/\/secure.gravatar.com\/avatar\/ea53aa3bf6c9a12d5fde8ce4deff43fef3885ae33cf60184161a50d6987cfd2f?s=96&d=mm&r=g","contentUrl":"https:\/\/secure.gravatar.com\/avatar\/ea53aa3bf6c9a12d5fde8ce4deff43fef3885ae33cf60184161a50d6987cfd2f?s=96&d=mm&r=g","caption":"admin"},"sameAs":["https:\/\/veritasinfo.org"],"url":"https:\/\/veritasinfo.org\/?author=1"}]}},"featured_image_urls":{"full":["https:\/\/veritasinfo.org\/wp-content\/uploads\/2025\/07\/Untitled-2.jpg123123_.jpg",1400,700,false],"thumbnail":["https:\/\/veritasinfo.org\/wp-content\/uploads\/2025\/07\/Untitled-2.jpg123123_-150x150.jpg",150,150,true],"medium":["https:\/\/veritasinfo.org\/wp-content\/uploads\/2025\/07\/Untitled-2.jpg123123_-300x150.jpg",300,150,true],"medium_large":["https:\/\/veritasinfo.org\/wp-content\/uploads\/2025\/07\/Untitled-2.jpg123123_-768x384.jpg",640,320,true],"large":["https:\/\/veritasinfo.org\/wp-content\/uploads\/2025\/07\/Untitled-2.jpg123123_-1024x512.jpg",640,320,true],"1536x1536":["https:\/\/veritasinfo.org\/wp-content\/uploads\/2025\/07\/Untitled-2.jpg123123_.jpg",1400,700,false],"2048x2048":["https:\/\/veritasinfo.org\/wp-content\/uploads\/2025\/07\/Untitled-2.jpg123123_.jpg",1400,700,false],"kreeti-slider-full":["https:\/\/veritasinfo.org\/wp-content\/uploads\/2025\/07\/Untitled-2.jpg123123_.jpg",1280,640,false],"kreeti-featured":["https:\/\/veritasinfo.org\/wp-content\/uploads\/2025\/07\/Untitled-2.jpg123123_.jpg",1024,512,false],"kreeti-medium":["https:\/\/veritasinfo.org\/wp-content\/uploads\/2025\/07\/Untitled-2.jpg123123_.jpg",720,360,false],"kreeti-medium-square":["https:\/\/veritasinfo.org\/wp-content\/uploads\/2025\/07\/Untitled-2.jpg123123_.jpg",350,175,false]},"author_info":{"info":["admin"]},"category_info":"<a href=\"https:\/\/veritasinfo.org\/?cat=54\" rel=\"category\">Kultur\u00eb<\/a>","tag_info":"Kultur\u00eb","comment_count":"0","_links":{"self":[{"href":"https:\/\/veritasinfo.org\/index.php?rest_route=\/wp\/v2\/posts\/3323","targetHints":{"allow":["GET"]}}],"collection":[{"href":"https:\/\/veritasinfo.org\/index.php?rest_route=\/wp\/v2\/posts"}],"about":[{"href":"https:\/\/veritasinfo.org\/index.php?rest_route=\/wp\/v2\/types\/post"}],"author":[{"embeddable":true,"href":"https:\/\/veritasinfo.org\/index.php?rest_route=\/wp\/v2\/users\/1"}],"replies":[{"embeddable":true,"href":"https:\/\/veritasinfo.org\/index.php?rest_route=%2Fwp%2Fv2%2Fcomments&post=3323"}],"version-history":[{"count":1,"href":"https:\/\/veritasinfo.org\/index.php?rest_route=\/wp\/v2\/posts\/3323\/revisions"}],"predecessor-version":[{"id":3324,"href":"https:\/\/veritasinfo.org\/index.php?rest_route=\/wp\/v2\/posts\/3323\/revisions\/3324"}],"wp:featuredmedia":[{"embeddable":true,"href":"https:\/\/veritasinfo.org\/index.php?rest_route=\/wp\/v2\/media\/3321"}],"wp:attachment":[{"href":"https:\/\/veritasinfo.org\/index.php?rest_route=%2Fwp%2Fv2%2Fmedia&parent=3323"}],"wp:term":[{"taxonomy":"category","embeddable":true,"href":"https:\/\/veritasinfo.org\/index.php?rest_route=%2Fwp%2Fv2%2Fcategories&post=3323"},{"taxonomy":"post_tag","embeddable":true,"href":"https:\/\/veritasinfo.org\/index.php?rest_route=%2Fwp%2Fv2%2Ftags&post=3323"}],"curies":[{"name":"wp","href":"https:\/\/api.w.org\/{rel}","templated":true}]}}