{"id":33197,"date":"2026-02-17T20:49:16","date_gmt":"2026-02-17T19:49:16","guid":{"rendered":"https:\/\/veritasinfo.org\/?p=33197"},"modified":"2026-02-17T20:49:16","modified_gmt":"2026-02-17T19:49:16","slug":"hapet-konferenca-shkencore-per-traumen-e-luftes-ne-kosove-kurti-dokumentimi-i-se-vertetes-forcon-shtetin","status":"publish","type":"post","link":"https:\/\/veritasinfo.org\/?p=33197","title":{"rendered":"Hapet konferenca shkencore p\u00ebr traum\u00ebn e luft\u00ebs n\u00eb Kosov\u00eb, Kurti: Dokumentimi i s\u00eb v\u00ebrtet\u00ebs forcon shtetin"},"content":{"rendered":"<p>Prishtin\u00eb, 17 shkurt 2026 20:46<\/p>\n<p>Instituti i Krimeve t\u00eb Kryera gjat\u00eb Luft\u00ebs n\u00eb Kosov\u00eb ka hapur konferenc\u00ebn e dyt\u00eb shkencore, me titull \u201cFrom War to Recovery: A Multidisciplinary Approach to Kosovo\u2019s War Trauma\u201d. N\u00eb konferenc\u00eb u theksua nevoja p\u00ebr dokumentim t\u00eb q\u00ebndruesh\u00ebm shkencor t\u00eb krimeve t\u00eb luft\u00ebs.<\/p>\n<p>Kryeministri Kurti tha se p\u00ebrballja me t\u00eb kaluar\u00ebn dhe dokumentimi i s\u00eb v\u00ebrtet\u00ebs jan\u00eb themel p\u00ebr drejt\u00ebsi dhe p\u00ebr forcimin e shtetit.<\/p>\n<p>Ai p\u00ebrmendi gjithashtu narrativat e krijuara nga Serbia me q\u00ebllim t\u00eb d\u00ebmtimit t\u00eb luft\u00ebs s\u00eb U\u00c7K-s\u00eb.<\/p>\n<p>\u201cNa ka gjetur n\u00eb nj\u00eb dit\u00eb t\u00eb sh\u00ebnuar p\u00ebr shtetin ton\u00eb, n\u00eb p\u00ebrmbyllje t\u00eb punimeve t\u00eb Konferenc\u00ebs Nd\u00ebrkomb\u00ebtare \u2018T\u00eb Drejtat e Njeriut n\u00eb koh\u00eb krizash\u2019. Nuk ka simbolik\u00eb m\u00eb t\u00eb fuqishme sesa ta lidhim Dit\u00ebn e Pavar\u00ebsis\u00eb me pozicionimin ton\u00eb p\u00ebr t\u00eb drejt\u00ebn sot dhe t\u00eb ardhmen nes\u00ebr, si dhe me nj\u00eb fjal\u00eb ky\u00e7e: rrug\u00ebn e demokratizimit.<\/p>\n<p>P\u00ebrtej nj\u00eb aktiviteti akademik, kjo konferenc\u00eb \u00ebsht\u00eb pjes\u00eb e procesit t\u00eb gjer\u00eb shtet\u00ebror dhe shoq\u00ebror p\u00ebr p\u00ebrballje me t\u00eb kaluar\u00ebn, p\u00ebr dokumentim t\u00eb s\u00eb v\u00ebrtet\u00ebs dhe drejt\u00ebsi. Sepse pavar\u00ebsia jon\u00eb, krahas se \u00ebsht\u00eb nj\u00eb akt politik demokratik, \u00ebsht\u00eb edhe obligim moral kujtese ndaj t\u00eb dashurve q\u00eb na i vran\u00eb dhe p\u00ebrgjegj\u00ebsi ndaj brezave q\u00eb do t\u00eb vijn\u00eb.<\/p>\n<p>N\u00eb k\u00ebt\u00eb kontekst nuk mund t\u00eb mos p\u00ebrmend edhe seancat gjyq\u00ebsore q\u00eb po zhvillohen aktualisht n\u00eb Hag\u00eb, n\u00eb kuad\u00ebr t\u00eb Dhomave t\u00eb Specializuara, n\u00eb nj\u00eb proces gjyq\u00ebsor q\u00eb \u00ebsht\u00eb ende n\u00eb zhvillim e sip\u00ebr dhe q\u00eb do t\u00eb ndjek\u00eb rrug\u00ebn e vet ligjore deri n\u00eb p\u00ebrfundim. Por, pavar\u00ebsisht k\u00ebsaj, ai nuk mund dhe nuk do ta ndryshoj\u00eb nj\u00eb t\u00eb v\u00ebrtet\u00eb themelore historike: se lufta e Ushtris\u00eb \u00c7lirimtare t\u00eb Kosov\u00ebs ishte nj\u00eb luft\u00eb e drejt\u00eb dhe e domosdoshme p\u00ebr liri dhe p\u00ebr mbijetes\u00eb, jo nga d\u00ebshira p\u00ebr dhun\u00eb apo pushtet.<\/p>\n<p>Ajo ishte p\u00ebrgjigje ndaj nj\u00eb regjimi shtyp\u00ebs, ndaj represionit sistematik deri n\u00eb aparteid dhe mohimit t\u00eb t\u00eb drejtave themelore t\u00eb popullit ton\u00eb deri n\u00eb gjenocid. Ky proces nuk mund ta v\u00eb n\u00eb dyshim karakterin \u00e7lirimtar e antikolonialist t\u00eb luft\u00ebs son\u00eb, as aspirat\u00ebn legjitime t\u00eb Kosov\u00ebs p\u00ebr liri, barazi dhe dinjitet njer\u00ebzor.<\/p>\n<p>E ashtuquajtura \u2018Sht\u00ebpi e Verdh\u00eb\u2019 n\u00eb Shqip\u00ebri nuk ka ekzistuar kurr\u00eb si vend p\u00ebr trafikimin e organeve nga pjes\u00ebtar\u00ebt e U\u00c7K-s\u00eb, por \u00ebsht\u00eb pjes\u00eb e narrativ\u00ebs hibride t\u00eb Serbis\u00eb kund\u00ebr U\u00c7K-s\u00eb dhe Shqip\u00ebris\u00eb. E iniciuar nga deputeti rus Konstantin Kosa\u00e7ev m\u00eb 15 prill 2008, pra vet\u00ebm dy muaj pas shpalljes s\u00eb pavar\u00ebsis\u00eb s\u00eb Kosov\u00ebs.<\/p>\n<p>Sht\u00ebpi t\u00eb verdh\u00eb nuk ka. Por ka gjithnj\u00eb e m\u00eb shum\u00eb informacione, d\u00ebshmi e fakte se ka pasur \u2018Sarajevo Safari\u2019, ku rol thuhet t\u00eb ket\u00eb pasur edhe presidenti i Serbis\u00eb, Aleksandar Vu\u00e7iq. Me \u00e7\u2019rast, p\u00ebr nj\u00eb shum\u00eb t\u00eb hollash, nga kodrat p\u00ebrreth Sarajev\u00ebs, mund t\u00eb q\u00eblloheshin civil\u00eb boshnjak\u00eb me snajper n\u00eb qytetin e rrethuar n\u00eb fillim t\u00eb viteve \u201990. P\u00ebr t\u00eb hetuar e gjykuar krimet e \u2018Sarajevo Safari\u2019 do t\u00eb duhej t\u00eb angazhohej nj\u00eb gjykat\u00eb speciale nd\u00ebrkomb\u00ebtare.<\/p>\n<p>&#8220;T\u00eb dashur familjar\u00eb, t\u00eb cil\u00ebve gjat\u00eb luft\u00ebs ju jan\u00eb vrar\u00eb m\u00eb t\u00eb dashurit tuaj,<\/p>\n<p>Shteti yn\u00eb ju d\u00ebgjon, ju sheh dhe ua njeh dhimbjen. Vuajtja juaj \u00ebsht\u00eb pjes\u00eb e historis\u00eb son\u00eb shtet\u00ebrore dhe e nd\u00ebrgjegjes son\u00eb komb\u00ebtare. Dokumentimi \u00ebsht\u00eb akt respekti ndaj jet\u00ebs s\u00eb secilit q\u00eb u vra, u zhduk apo u torturua gjat\u00eb luft\u00ebs.<\/p>\n<p>Instituti i Krimeve t\u00eb Kryera gjat\u00eb Luft\u00ebs n\u00eb Kosov\u00eb ka forcuar ndjesh\u00ebm kapacitetet e tij dokumentuese dhe arkivore. Jan\u00eb standardizuar procedurat e verifikimit, jan\u00eb nd\u00ebrtuar baza t\u00eb reja t\u00eb t\u00eb dh\u00ebnave dhe \u00ebsht\u00eb avancuar puna p\u00ebr regjistrimin e viktimave dhe d\u00ebmeve t\u00eb luft\u00ebs. K\u00ebta hapa mund t\u00eb ting\u00ebllojn\u00eb teknik\u00eb, por jan\u00eb thelb\u00ebsor\u00eb p\u00ebr drejt\u00ebsin\u00eb tranzicionale, sepse nj\u00eb shtet q\u00eb p\u00ebrballet me t\u00eb kaluar\u00ebn ec\u00ebn m\u00eb i fort\u00eb drejt s\u00eb ardhmes\u201d, tha Kurti.<\/p>\n<p>Drejtori i Institutit t\u00eb Krimeve t\u00eb Kryera gjat\u00eb Luft\u00ebs n\u00eb Kosov\u00eb, Atdhe Hetemi, tha se arkivi i IKKL-s\u00eb \u00ebsht\u00eb shnd\u00ebrruar n\u00eb pik\u00eb referimi gjithnj\u00eb e m\u00eb t\u00eb r\u00ebnd\u00ebsishme p\u00ebr studiues vendor\u00eb e nd\u00ebrkomb\u00ebtar\u00eb.<\/p>\n<p>\u201cKam nderin q\u00eb, n\u00eb em\u00ebr t\u00eb Institutit t\u00eb Krimeve t\u00eb Kryera gjat\u00eb Luft\u00ebs n\u00eb Kosov\u00eb, t\u2019ju uroj mir\u00ebseardhje n\u00eb Konferenc\u00ebn e dyt\u00eb Nd\u00ebrkomb\u00ebtare Shkencore t\u00eb IKKL-s\u00eb, e cila hapet n\u00eb k\u00ebt\u00eb dat\u00eb me pesh\u00eb t\u00eb ve\u00e7ant\u00eb historike dhe simbolike p\u00ebr shtetin ton\u00eb, m\u00eb 17 Shkurt, Dit\u00ebn e Pavar\u00ebsis\u00eb s\u00eb Republik\u00ebs.<\/p>\n<p>Pavar\u00ebsia e Kosov\u00ebs \u00ebsht\u00eb fryt i nj\u00eb rrug\u00ebtimi t\u00eb gjat\u00eb, t\u00eb sh\u00ebnuar nga padrejt\u00ebsi dhe vuajtje, por edhe rezultat i q\u00ebndres\u00ebs dhe sakrific\u00ebs s\u00eb popullit t\u00eb Kosov\u00ebs, si dhe i mb\u00ebshtetjes s\u00eb aleat\u00ebve tan\u00eb nd\u00ebrkomb\u00ebtar\u00eb. Prandaj, kujtesa dhe reflektimi shkencor mbi t\u00eb kaluar\u00ebn mbetet element thelb\u00ebsor i vet\u00ebkuptimit t\u00eb shtet\u00ebsis\u00eb dhe p\u00ebrgjegj\u00ebsis\u00eb son\u00eb ndaj brezave t\u00eb ardhsh\u00ebm.<\/p>\n<p>Konferenca e par\u00eb nd\u00ebrkomb\u00ebtare e Institutit vendosi nj\u00eb baz\u00eb t\u00eb fort\u00eb p\u00ebr dialog shkencor mbi krimet e kryera gjat\u00eb luft\u00ebs n\u00eb Kosov\u00eb, p\u00ebr shk\u00ebmbim idesh dhe p\u00ebrballje me fakte. Ajo kulmoi me nj\u00eb rezultat t\u00eb r\u00ebnd\u00ebsish\u00ebm akademik: v\u00ebllimin e redaktuar me punime shkencore, i cili \u00ebsht\u00eb pranuar p\u00ebr botim nga sht\u00ebpia prestigjioze botuese Routledge, n\u00eb kuad\u00ebr t\u00eb seris\u00eb \u2018Southeast European Studies\u2019.<\/p>\n<p>Duke u mb\u00ebshtetur n\u00eb k\u00ebt\u00eb arritje, edicioni i sivjetm\u00eb, i titulluar \u2018From War to Recovery: A Multidisciplinary Approach to Kosovo\u2019s War Trauma\u2019, sh\u00ebnon nj\u00eb faz\u00eb t\u00eb re t\u00eb konsolidimit institucional dhe pjekuris\u00eb akademike t\u00eb Institutit. Diskutimet q\u00eb do t\u00eb zhvillohen gjat\u00eb k\u00ebtyre tri dit\u00ebve synojn\u00eb t\u00eb ofrojn\u00eb analiza t\u00eb thelluara, qasje nd\u00ebrdisiplinore dhe reflektime kritike mbi pasojat afatgjata t\u00eb luft\u00ebs, jo vet\u00ebm si p\u00ebrvoj\u00eb historike, por edhe si realitet q\u00eb vazhdon t\u00eb ndikoj\u00eb jet\u00ebn e individit, struktur\u00ebn shtet\u00ebrore dhe proceset e shtetnd\u00ebrtimit.<\/p>\n<p>Puna e Institutit nuk kufizohet vet\u00ebm n\u00eb mbledhjen dhe ruajtjen e materialeve arkivore. Misioni yn\u00eb \u00ebsht\u00eb t\u00eb nd\u00ebrtojm\u00eb baza njohurish t\u00eb verifikuara, t\u00eb besueshme dhe t\u00eb p\u00ebrdorshme, q\u00eb sh\u00ebrbejn\u00eb si themel p\u00ebr hulumtime akademike, p\u00ebr hartimin e politikave publike, p\u00ebr edukimin e brezave t\u00eb rinj dhe p\u00ebr forcimin e kujtes\u00ebs institucionale t\u00eb Republik\u00ebs s\u00eb Kosov\u00ebs.<\/p>\n<p>Sot, arkivi i IKKL-s\u00eb \u00ebsht\u00eb shnd\u00ebrruar n\u00eb pik\u00eb referimi gjithnj\u00eb e m\u00eb t\u00eb r\u00ebnd\u00ebsishme p\u00ebr studiues vendor\u00eb e nd\u00ebrkomb\u00ebtar\u00eb, si dhe p\u00ebr institucionet e drejt\u00ebsis\u00eb. Edhe kjo konferenc\u00eb \u00ebsht\u00eb d\u00ebshmi e k\u00ebtij rrug\u00ebtimi dhe e besimit q\u00eb po nd\u00ebrtohet rreth pun\u00ebs son\u00eb dhe zhvillimit t\u00eb saj t\u00eb vazhduesh\u00ebm\u201d, tha ai.<\/p>\n","protected":false},"excerpt":{"rendered":"<p>Prishtin\u00eb, 17 shkurt 2026 20:46 Instituti i Krimeve t\u00eb Kryera gjat\u00eb Luft\u00ebs n\u00eb Kosov\u00eb ka hapur konferenc\u00ebn e dyt\u00eb shkencore, me titull \u201cFrom War to<\/p>\n","protected":false},"author":7,"featured_media":33198,"comment_status":"open","ping_status":"open","sticky":false,"template":"","format":"standard","meta":{"footnotes":""},"categories":[60],"tags":[],"class_list":["post-33197","post","type-post","status-publish","format-standard","has-post-thumbnail","hentry","category-shoqerore-sq"],"yoast_head":"<!-- This site is optimized with the Yoast SEO plugin v25.3.1 - https:\/\/yoast.com\/wordpress\/plugins\/seo\/ -->\n<title>Hapet konferenca shkencore p\u00ebr traum\u00ebn e luft\u00ebs n\u00eb Kosov\u00eb, Kurti: Dokumentimi i s\u00eb v\u00ebrtet\u00ebs forcon shtetin -<\/title>\n<meta name=\"robots\" content=\"index, follow, max-snippet:-1, max-image-preview:large, max-video-preview:-1\" \/>\n<link rel=\"canonical\" href=\"https:\/\/veritasinfo.org\/?p=33197\" \/>\n<meta property=\"og:locale\" content=\"en_US\" \/>\n<meta property=\"og:type\" content=\"article\" \/>\n<meta property=\"og:title\" content=\"Hapet konferenca shkencore p\u00ebr traum\u00ebn e luft\u00ebs n\u00eb Kosov\u00eb, Kurti: Dokumentimi i s\u00eb v\u00ebrtet\u00ebs forcon shtetin -\" \/>\n<meta property=\"og:description\" content=\"Prishtin\u00eb, 17 shkurt 2026 20:46 Instituti i Krimeve t\u00eb Kryera gjat\u00eb Luft\u00ebs n\u00eb Kosov\u00eb ka hapur konferenc\u00ebn e dyt\u00eb shkencore, me titull \u201cFrom War to\" \/>\n<meta property=\"og:url\" content=\"https:\/\/veritasinfo.org\/?p=33197\" \/>\n<meta property=\"article:published_time\" content=\"2026-02-17T19:49:16+00:00\" \/>\n<meta property=\"og:image\" content=\"https:\/\/veritasinfo.org\/wp-content\/uploads\/2026\/02\/1-78.jpg\" \/>\n\t<meta property=\"og:image:width\" content=\"771\" \/>\n\t<meta property=\"og:image:height\" content=\"429\" \/>\n\t<meta property=\"og:image:type\" content=\"image\/jpeg\" \/>\n<meta name=\"author\" content=\"US6\" \/>\n<meta name=\"twitter:card\" content=\"summary_large_image\" \/>\n<meta name=\"twitter:label1\" content=\"Written by\" \/>\n\t<meta name=\"twitter:data1\" content=\"US6\" \/>\n\t<meta name=\"twitter:label2\" content=\"Est. reading time\" \/>\n\t<meta name=\"twitter:data2\" content=\"5 minutes\" \/>\n<script type=\"application\/ld+json\" class=\"yoast-schema-graph\">{\"@context\":\"https:\/\/schema.org\",\"@graph\":[{\"@type\":\"WebPage\",\"@id\":\"https:\/\/veritasinfo.org\/?p=33197\",\"url\":\"https:\/\/veritasinfo.org\/?p=33197\",\"name\":\"Hapet konferenca shkencore p\u00ebr traum\u00ebn e luft\u00ebs n\u00eb Kosov\u00eb, Kurti: Dokumentimi i s\u00eb v\u00ebrtet\u00ebs forcon shtetin -\",\"isPartOf\":{\"@id\":\"https:\/\/veritasinfo.org\/#website\"},\"primaryImageOfPage\":{\"@id\":\"https:\/\/veritasinfo.org\/?p=33197#primaryimage\"},\"image\":{\"@id\":\"https:\/\/veritasinfo.org\/?p=33197#primaryimage\"},\"thumbnailUrl\":\"https:\/\/veritasinfo.org\/wp-content\/uploads\/2026\/02\/1-78.jpg\",\"datePublished\":\"2026-02-17T19:49:16+00:00\",\"author\":{\"@id\":\"https:\/\/veritasinfo.org\/#\/schema\/person\/fe199eede04c3937362892b7444747cc\"},\"breadcrumb\":{\"@id\":\"https:\/\/veritasinfo.org\/?p=33197#breadcrumb\"},\"inLanguage\":\"en-US\",\"potentialAction\":[{\"@type\":\"ReadAction\",\"target\":[\"https:\/\/veritasinfo.org\/?p=33197\"]}]},{\"@type\":\"ImageObject\",\"inLanguage\":\"en-US\",\"@id\":\"https:\/\/veritasinfo.org\/?p=33197#primaryimage\",\"url\":\"https:\/\/veritasinfo.org\/wp-content\/uploads\/2026\/02\/1-78.jpg\",\"contentUrl\":\"https:\/\/veritasinfo.org\/wp-content\/uploads\/2026\/02\/1-78.jpg\",\"width\":771,\"height\":429},{\"@type\":\"BreadcrumbList\",\"@id\":\"https:\/\/veritasinfo.org\/?p=33197#breadcrumb\",\"itemListElement\":[{\"@type\":\"ListItem\",\"position\":1,\"name\":\"Home\",\"item\":\"https:\/\/veritasinfo.org\/\"},{\"@type\":\"ListItem\",\"position\":2,\"name\":\"Hapet konferenca shkencore p\u00ebr traum\u00ebn e luft\u00ebs n\u00eb Kosov\u00eb, Kurti: Dokumentimi i s\u00eb v\u00ebrtet\u00ebs forcon shtetin\"}]},{\"@type\":\"WebSite\",\"@id\":\"https:\/\/veritasinfo.org\/#website\",\"url\":\"https:\/\/veritasinfo.org\/\",\"name\":\"\",\"description\":\"\",\"potentialAction\":[{\"@type\":\"SearchAction\",\"target\":{\"@type\":\"EntryPoint\",\"urlTemplate\":\"https:\/\/veritasinfo.org\/?s={search_term_string}\"},\"query-input\":{\"@type\":\"PropertyValueSpecification\",\"valueRequired\":true,\"valueName\":\"search_term_string\"}}],\"inLanguage\":\"en-US\"},{\"@type\":\"Person\",\"@id\":\"https:\/\/veritasinfo.org\/#\/schema\/person\/fe199eede04c3937362892b7444747cc\",\"name\":\"US6\",\"image\":{\"@type\":\"ImageObject\",\"inLanguage\":\"en-US\",\"@id\":\"https:\/\/veritasinfo.org\/#\/schema\/person\/image\/\",\"url\":\"https:\/\/secure.gravatar.com\/avatar\/cb16c3c31c9d23b9b8c705964598220b3014e42ff51eb540ff23cefa3ae8c15f?s=96&d=mm&r=g\",\"contentUrl\":\"https:\/\/secure.gravatar.com\/avatar\/cb16c3c31c9d23b9b8c705964598220b3014e42ff51eb540ff23cefa3ae8c15f?s=96&d=mm&r=g\",\"caption\":\"US6\"},\"url\":\"https:\/\/veritasinfo.org\/?author=7\"}]}<\/script>\n<!-- \/ Yoast SEO plugin. -->","yoast_head_json":{"title":"Hapet konferenca shkencore p\u00ebr traum\u00ebn e luft\u00ebs n\u00eb Kosov\u00eb, Kurti: Dokumentimi i s\u00eb v\u00ebrtet\u00ebs forcon shtetin -","robots":{"index":"index","follow":"follow","max-snippet":"max-snippet:-1","max-image-preview":"max-image-preview:large","max-video-preview":"max-video-preview:-1"},"canonical":"https:\/\/veritasinfo.org\/?p=33197","og_locale":"en_US","og_type":"article","og_title":"Hapet konferenca shkencore p\u00ebr traum\u00ebn e luft\u00ebs n\u00eb Kosov\u00eb, Kurti: Dokumentimi i s\u00eb v\u00ebrtet\u00ebs forcon shtetin -","og_description":"Prishtin\u00eb, 17 shkurt 2026 20:46 Instituti i Krimeve t\u00eb Kryera gjat\u00eb Luft\u00ebs n\u00eb Kosov\u00eb ka hapur konferenc\u00ebn e dyt\u00eb shkencore, me titull \u201cFrom War to","og_url":"https:\/\/veritasinfo.org\/?p=33197","article_published_time":"2026-02-17T19:49:16+00:00","og_image":[{"width":771,"height":429,"url":"https:\/\/veritasinfo.org\/wp-content\/uploads\/2026\/02\/1-78.jpg","type":"image\/jpeg"}],"author":"US6","twitter_card":"summary_large_image","twitter_misc":{"Written by":"US6","Est. reading time":"5 minutes"},"schema":{"@context":"https:\/\/schema.org","@graph":[{"@type":"WebPage","@id":"https:\/\/veritasinfo.org\/?p=33197","url":"https:\/\/veritasinfo.org\/?p=33197","name":"Hapet konferenca shkencore p\u00ebr traum\u00ebn e luft\u00ebs n\u00eb Kosov\u00eb, Kurti: Dokumentimi i s\u00eb v\u00ebrtet\u00ebs forcon shtetin -","isPartOf":{"@id":"https:\/\/veritasinfo.org\/#website"},"primaryImageOfPage":{"@id":"https:\/\/veritasinfo.org\/?p=33197#primaryimage"},"image":{"@id":"https:\/\/veritasinfo.org\/?p=33197#primaryimage"},"thumbnailUrl":"https:\/\/veritasinfo.org\/wp-content\/uploads\/2026\/02\/1-78.jpg","datePublished":"2026-02-17T19:49:16+00:00","author":{"@id":"https:\/\/veritasinfo.org\/#\/schema\/person\/fe199eede04c3937362892b7444747cc"},"breadcrumb":{"@id":"https:\/\/veritasinfo.org\/?p=33197#breadcrumb"},"inLanguage":"en-US","potentialAction":[{"@type":"ReadAction","target":["https:\/\/veritasinfo.org\/?p=33197"]}]},{"@type":"ImageObject","inLanguage":"en-US","@id":"https:\/\/veritasinfo.org\/?p=33197#primaryimage","url":"https:\/\/veritasinfo.org\/wp-content\/uploads\/2026\/02\/1-78.jpg","contentUrl":"https:\/\/veritasinfo.org\/wp-content\/uploads\/2026\/02\/1-78.jpg","width":771,"height":429},{"@type":"BreadcrumbList","@id":"https:\/\/veritasinfo.org\/?p=33197#breadcrumb","itemListElement":[{"@type":"ListItem","position":1,"name":"Home","item":"https:\/\/veritasinfo.org\/"},{"@type":"ListItem","position":2,"name":"Hapet konferenca shkencore p\u00ebr traum\u00ebn e luft\u00ebs n\u00eb Kosov\u00eb, Kurti: Dokumentimi i s\u00eb v\u00ebrtet\u00ebs forcon shtetin"}]},{"@type":"WebSite","@id":"https:\/\/veritasinfo.org\/#website","url":"https:\/\/veritasinfo.org\/","name":"","description":"","potentialAction":[{"@type":"SearchAction","target":{"@type":"EntryPoint","urlTemplate":"https:\/\/veritasinfo.org\/?s={search_term_string}"},"query-input":{"@type":"PropertyValueSpecification","valueRequired":true,"valueName":"search_term_string"}}],"inLanguage":"en-US"},{"@type":"Person","@id":"https:\/\/veritasinfo.org\/#\/schema\/person\/fe199eede04c3937362892b7444747cc","name":"US6","image":{"@type":"ImageObject","inLanguage":"en-US","@id":"https:\/\/veritasinfo.org\/#\/schema\/person\/image\/","url":"https:\/\/secure.gravatar.com\/avatar\/cb16c3c31c9d23b9b8c705964598220b3014e42ff51eb540ff23cefa3ae8c15f?s=96&d=mm&r=g","contentUrl":"https:\/\/secure.gravatar.com\/avatar\/cb16c3c31c9d23b9b8c705964598220b3014e42ff51eb540ff23cefa3ae8c15f?s=96&d=mm&r=g","caption":"US6"},"url":"https:\/\/veritasinfo.org\/?author=7"}]}},"featured_image_urls":{"full":["https:\/\/veritasinfo.org\/wp-content\/uploads\/2026\/02\/1-78.jpg",771,429,false],"thumbnail":["https:\/\/veritasinfo.org\/wp-content\/uploads\/2026\/02\/1-78-150x150.jpg",150,150,true],"medium":["https:\/\/veritasinfo.org\/wp-content\/uploads\/2026\/02\/1-78-300x167.jpg",300,167,true],"medium_large":["https:\/\/veritasinfo.org\/wp-content\/uploads\/2026\/02\/1-78-768x427.jpg",640,356,true],"large":["https:\/\/veritasinfo.org\/wp-content\/uploads\/2026\/02\/1-78.jpg",640,356,false],"1536x1536":["https:\/\/veritasinfo.org\/wp-content\/uploads\/2026\/02\/1-78.jpg",771,429,false],"2048x2048":["https:\/\/veritasinfo.org\/wp-content\/uploads\/2026\/02\/1-78.jpg",771,429,false],"kreeti-slider-full":["https:\/\/veritasinfo.org\/wp-content\/uploads\/2026\/02\/1-78.jpg",771,429,false],"kreeti-featured":["https:\/\/veritasinfo.org\/wp-content\/uploads\/2026\/02\/1-78.jpg",771,429,false],"kreeti-medium":["https:\/\/veritasinfo.org\/wp-content\/uploads\/2026\/02\/1-78.jpg",720,401,false],"kreeti-medium-square":["https:\/\/veritasinfo.org\/wp-content\/uploads\/2026\/02\/1-78.jpg",350,195,false]},"author_info":{"info":["US6"]},"category_info":"<a href=\"https:\/\/veritasinfo.org\/?cat=60\" rel=\"category\">Shoq\u00ebrore<\/a>","tag_info":"Shoq\u00ebrore","comment_count":"0","_links":{"self":[{"href":"https:\/\/veritasinfo.org\/index.php?rest_route=\/wp\/v2\/posts\/33197","targetHints":{"allow":["GET"]}}],"collection":[{"href":"https:\/\/veritasinfo.org\/index.php?rest_route=\/wp\/v2\/posts"}],"about":[{"href":"https:\/\/veritasinfo.org\/index.php?rest_route=\/wp\/v2\/types\/post"}],"author":[{"embeddable":true,"href":"https:\/\/veritasinfo.org\/index.php?rest_route=\/wp\/v2\/users\/7"}],"replies":[{"embeddable":true,"href":"https:\/\/veritasinfo.org\/index.php?rest_route=%2Fwp%2Fv2%2Fcomments&post=33197"}],"version-history":[{"count":1,"href":"https:\/\/veritasinfo.org\/index.php?rest_route=\/wp\/v2\/posts\/33197\/revisions"}],"predecessor-version":[{"id":33199,"href":"https:\/\/veritasinfo.org\/index.php?rest_route=\/wp\/v2\/posts\/33197\/revisions\/33199"}],"wp:featuredmedia":[{"embeddable":true,"href":"https:\/\/veritasinfo.org\/index.php?rest_route=\/wp\/v2\/media\/33198"}],"wp:attachment":[{"href":"https:\/\/veritasinfo.org\/index.php?rest_route=%2Fwp%2Fv2%2Fmedia&parent=33197"}],"wp:term":[{"taxonomy":"category","embeddable":true,"href":"https:\/\/veritasinfo.org\/index.php?rest_route=%2Fwp%2Fv2%2Fcategories&post=33197"},{"taxonomy":"post_tag","embeddable":true,"href":"https:\/\/veritasinfo.org\/index.php?rest_route=%2Fwp%2Fv2%2Ftags&post=33197"}],"curies":[{"name":"wp","href":"https:\/\/api.w.org\/{rel}","templated":true}]}}