{"id":33133,"date":"2026-02-17T15:14:43","date_gmt":"2026-02-17T14:14:43","guid":{"rendered":"https:\/\/veritasinfo.org\/?p=33133"},"modified":"2026-02-17T15:17:05","modified_gmt":"2026-02-17T14:17:05","slug":"kosova-marshon-lufta-clirimtare-nuk-rishkruhet","status":"publish","type":"post","link":"https:\/\/veritasinfo.org\/?p=33133","title":{"rendered":"Kosova marshon: \u201cLufta \u00e7lirimtare nuk rishkruhet\u201d"},"content":{"rendered":"<p>Prishtin\u00eb, 17 shkurt 2026 15:14<\/p>\n<p>Mij\u00ebra qytetar\u00eb nga e gjith\u00eb Kosova jan\u00eb mbledhur n\u00eb Prishtin\u00eb, n\u00eb k\u00ebt\u00eb p\u00ebrvjetor t\u00eb 18-t\u00eb t\u00eb pavar\u00ebsis\u00eb, p\u00ebr t\u2019u dh\u00ebn\u00eb mb\u00ebshtetje ish-krer\u00ebve t\u00eb U\u00c7K-s\u00eb q\u00eb po gjykohen n\u00eb Hag\u00eb.<\/p>\n<p>Ismail Tasholli nga iniciativa \u201cLiria ka em\u00ebr\u201d ishte i pari q\u00eb mbajti fjal\u00ebn n\u00eb marshin \u201cDrejt\u00ebsi, jo politik\u00eb\u201d. Ai tha se kur b\u00ebhet fjal\u00eb p\u00ebr U\u00c7K-n\u00eb, nuk ka ndarje e as poste.<\/p>\n<p>\u201cAty jemi t\u00eb gjith\u00eb bashk\u00eb. Aty jemi bijt\u00eb dhe bijat e nj\u00eb historie q\u00eb na ka bashkuar n\u00eb momentet m\u00eb t\u00eb v\u00ebshtira. Ushtria \u00c7lirimtare nuk \u00ebsht\u00eb flamur partie, \u00ebsht\u00eb themel i liris\u00eb son\u00eb, dhe p\u00ebr at\u00eb themel nuk flasim me dallime, por me nj\u00eb zem\u00ebr, nga zemra\u201d, tha ai para mij\u00ebra marshuesve.<\/p>\n<p>Tasholli theksoi se n\u00eb \u00e7do fshat e qytet ku kan\u00eb shkuar, nj\u00eb fjal\u00eb ka mbizot\u00ebruar mbi t\u00eb gjitha: U\u00c7K.<\/p>\n<p>\u201cKa qen\u00eb fjala e nderit, fjala q\u00eb na ka bashkuar, fjala q\u00eb ka mbushur syt\u00eb me lot dhe zemrat me krenari. Nuk ka pasur sht\u00ebpi e as shesh ku nuk e kemi par\u00eb emrin e Ushtris\u00eb \u00c7lirimtare. E kemi par\u00eb me syt\u00eb tan\u00eb sa shum\u00eb e do ky popull U\u00c7K-n\u00eb si simbol, si sakrific\u00eb, si themel t\u00eb liris\u00eb, si pjes\u00eb t\u00eb identitetit ton\u00eb\u201d, tha ai.<\/p>\n<p>Tasholli shtoi se thirrjet p\u00ebr drejt\u00ebsi nuk jan\u00eb kund\u00ebr askujt.<\/p>\n<p>\u201cThirrjet tona p\u00ebr drejt\u00ebsi, e jo p\u00ebr politik\u00eb, nuk jan\u00eb kund\u00ebr askujt. Ato jan\u00eb p\u00ebr dinjitetin ton\u00eb kolektiv. Ne nuk mund t\u00eb pranojm\u00eb q\u00eb proceset q\u00eb zhvillohen n\u00eb em\u00ebr t\u00eb popullit t\u00eb Kosov\u00ebs t\u00eb p\u00ebrdoren p\u00ebr t\u00eb barazuar agresorin me viktim\u00ebn apo p\u00ebr t\u00eb mjegulluar karakterin \u00e7lirimtar t\u00eb luft\u00ebs son\u00eb\u201d, tha ai.<\/p>\n<p>Nd\u00ebrkaq, Vasfije Krasniqi-Goodman tha se populli i Kosov\u00ebs dhe gjeneratat e ardhshme jan\u00eb mir\u00ebnjoh\u00ebse p\u00ebr d\u00ebshmor\u00ebt, martir\u00ebt dhe t\u00eb gjith\u00eb ata q\u00eb kontribuan p\u00ebr lirin\u00eb e vendit.<\/p>\n<p>Ajo tha se Hashim Tha\u00e7i, Jakup Krasniqi, Kadri Veseli, Rexhep Selimi dhe t\u00eb tjer\u00ebt duhet t\u00eb lirohen, sepse ata mbrojt\u00ebn popullin e Kosov\u00ebs gjat\u00eb luft\u00ebs p\u00ebrball\u00eb pushtuesit serb.<\/p>\n<p>Muhamer Ibrahimi, ish-luft\u00ebtar i Ushtris\u00eb \u00c7lirimtare t\u00eb Kosov\u00ebs dhe dizajnues i flamurit t\u00eb Kosov\u00ebs, tha se sot nuk jan\u00eb mbledhur vet\u00ebm p\u00ebr fest\u00eb, por edhe p\u00ebr shqet\u00ebsim, pasi po gjykohen lider\u00ebt e Ushtris\u00eb \u00c7lirimtare t\u00eb Kosov\u00ebs \u2013 ata q\u00eb q\u00ebndruan dhe luftuan p\u00ebr lirin\u00eb e vendit.<\/p>\n<p>\u201cKemi t\u00eb drejt\u00eb t\u00eb k\u00ebrkojm\u00eb q\u00eb t\u00eb mos rishkruhet historia e Kosov\u00ebs. Ata n\u00eb Hag\u00eb nuk jan\u00eb vet\u00ebm; pas tyre q\u00ebndron e gjith\u00eb historia dhe i gjith\u00eb populli i Kosov\u00ebs. Kosova nuk u nd\u00ebrtua nga heshtja, por nga sakrifica dhe lufta\u201d, tha Ibrahimi, p\u00ebrcjell Veritasinfo<\/p>\n<p>Shqipe Krasniqi, veterane e Ushtris\u00eb \u00c7lirimtare t\u00eb Kosov\u00ebs, tha se marshimi i sot\u00ebm nuk \u00ebsht\u00eb vet\u00ebm protest\u00eb, por nd\u00ebrgjegje dhe thirrje.<\/p>\n<p>\u201c\u00cbsht\u00eb thirrje e n\u00ebnave q\u00eb presin p\u00ebr vajzat dhe djemt\u00eb e tyre, thirrje e luft\u00ebtar\u00ebve q\u00eb sakrifikuan shum\u00eb p\u00ebr lirin\u00eb, thirrje e t\u00eb gjith\u00ebve q\u00eb kontribuuan p\u00ebr k\u00ebto dit\u00eb q\u00eb po i jetojm\u00eb bashk\u00eb me gjeneratat e reja. Ne k\u00ebrkojm\u00eb drejt\u00ebsi t\u00eb paanshme. Drejt\u00ebsia duhet t\u00eb jet\u00eb e drejt\u00eb, e barabart\u00eb dhe e pandikuar. Prania jon\u00eb sot k\u00ebtu, p\u00ebr bashk\u00ebluft\u00ebtar\u00ebt e mi, \u00ebsht\u00eb mesazh p\u00ebr secilin q\u00eb dyshon n\u00eb rezistenc\u00ebn ton\u00eb\u201d, tha Krasniqi.<\/p>\n<p>\u00c7lirim Haziri, djali i Xhavit Hazirit \u2013 d\u00ebshmor i liris\u00eb s\u00eb Kosov\u00ebs \u2013 tha se ata q\u00eb nuk jan\u00eb m\u00eb n\u00eb mesin ton\u00eb jan\u00eb \u00e7lirimtar\u00ebt e Kosov\u00ebs dhe liris\u00eb s\u00eb saj.<\/p>\n<p>\u201cKur preket sakrifica, ngrihemi t\u00eb gjith\u00eb bashk\u00eb. 17 Shkurti nuk \u00ebsht\u00eb vet\u00ebm fest\u00eb; \u00ebsht\u00eb betim se do ta mbrojm\u00eb me dinjitet luft\u00ebn \u00e7lirimtare t\u00eb Kosov\u00ebs. Sot jemi nj\u00eb z\u00eb q\u00eb nuk do t\u00eb ndalet p\u00ebr drejt\u00ebsi. Liri p\u00ebr Hashim Tha\u00e7in, p\u00ebr Jakup Krasniqin, p\u00ebr Kadri Veselin, p\u00ebr Rexhep Selimin, liri p\u00ebr t\u00eb gjith\u00eb t\u00eb tjer\u00ebt\u201d, tha Haziri.<\/p>\n<p>&nbsp;<\/p>\n","protected":false},"excerpt":{"rendered":"<p>Prishtin\u00eb, 17 shkurt 2026 15:14 Mij\u00ebra qytetar\u00eb nga e gjith\u00eb Kosova jan\u00eb mbledhur n\u00eb Prishtin\u00eb, n\u00eb k\u00ebt\u00eb p\u00ebrvjetor t\u00eb 18-t\u00eb t\u00eb pavar\u00ebsis\u00eb, p\u00ebr t\u2019u dh\u00ebn\u00eb<\/p>\n","protected":false},"author":7,"featured_media":33134,"comment_status":"open","ping_status":"open","sticky":false,"template":"","format":"standard","meta":{"footnotes":""},"categories":[60],"tags":[],"class_list":["post-33133","post","type-post","status-publish","format-standard","has-post-thumbnail","hentry","category-shoqerore-sq"],"yoast_head":"<!-- This site is optimized with the Yoast SEO plugin v25.3.1 - https:\/\/yoast.com\/wordpress\/plugins\/seo\/ -->\n<title>Kosova marshon: \u201cLufta \u00e7lirimtare nuk rishkruhet\u201d -<\/title>\n<meta name=\"robots\" content=\"index, follow, max-snippet:-1, max-image-preview:large, max-video-preview:-1\" \/>\n<link rel=\"canonical\" href=\"https:\/\/veritasinfo.org\/?p=33133\" \/>\n<meta property=\"og:locale\" content=\"en_US\" \/>\n<meta property=\"og:type\" content=\"article\" \/>\n<meta property=\"og:title\" content=\"Kosova marshon: \u201cLufta \u00e7lirimtare nuk rishkruhet\u201d -\" \/>\n<meta property=\"og:description\" content=\"Prishtin\u00eb, 17 shkurt 2026 15:14 Mij\u00ebra qytetar\u00eb nga e gjith\u00eb Kosova jan\u00eb mbledhur n\u00eb Prishtin\u00eb, n\u00eb k\u00ebt\u00eb p\u00ebrvjetor t\u00eb 18-t\u00eb t\u00eb pavar\u00ebsis\u00eb, p\u00ebr t\u2019u dh\u00ebn\u00eb\" \/>\n<meta property=\"og:url\" content=\"https:\/\/veritasinfo.org\/?p=33133\" \/>\n<meta property=\"article:published_time\" content=\"2026-02-17T14:14:43+00:00\" \/>\n<meta property=\"article:modified_time\" content=\"2026-02-17T14:17:05+00:00\" \/>\n<meta property=\"og:image\" content=\"https:\/\/veritasinfo.org\/wp-content\/uploads\/2026\/02\/1-74.jpg\" \/>\n\t<meta property=\"og:image:width\" content=\"811\" \/>\n\t<meta property=\"og:image:height\" content=\"480\" \/>\n\t<meta property=\"og:image:type\" content=\"image\/jpeg\" \/>\n<meta name=\"author\" content=\"US6\" \/>\n<meta name=\"twitter:card\" content=\"summary_large_image\" \/>\n<meta name=\"twitter:label1\" content=\"Written by\" \/>\n\t<meta name=\"twitter:data1\" content=\"US6\" \/>\n\t<meta name=\"twitter:label2\" content=\"Est. reading time\" \/>\n\t<meta name=\"twitter:data2\" content=\"3 minutes\" \/>\n<script type=\"application\/ld+json\" class=\"yoast-schema-graph\">{\"@context\":\"https:\/\/schema.org\",\"@graph\":[{\"@type\":\"WebPage\",\"@id\":\"https:\/\/veritasinfo.org\/?p=33133\",\"url\":\"https:\/\/veritasinfo.org\/?p=33133\",\"name\":\"Kosova marshon: \u201cLufta \u00e7lirimtare nuk rishkruhet\u201d -\",\"isPartOf\":{\"@id\":\"https:\/\/veritasinfo.org\/#website\"},\"primaryImageOfPage\":{\"@id\":\"https:\/\/veritasinfo.org\/?p=33133#primaryimage\"},\"image\":{\"@id\":\"https:\/\/veritasinfo.org\/?p=33133#primaryimage\"},\"thumbnailUrl\":\"https:\/\/veritasinfo.org\/wp-content\/uploads\/2026\/02\/1-74.jpg\",\"datePublished\":\"2026-02-17T14:14:43+00:00\",\"dateModified\":\"2026-02-17T14:17:05+00:00\",\"author\":{\"@id\":\"https:\/\/veritasinfo.org\/#\/schema\/person\/fe199eede04c3937362892b7444747cc\"},\"breadcrumb\":{\"@id\":\"https:\/\/veritasinfo.org\/?p=33133#breadcrumb\"},\"inLanguage\":\"en-US\",\"potentialAction\":[{\"@type\":\"ReadAction\",\"target\":[\"https:\/\/veritasinfo.org\/?p=33133\"]}]},{\"@type\":\"ImageObject\",\"inLanguage\":\"en-US\",\"@id\":\"https:\/\/veritasinfo.org\/?p=33133#primaryimage\",\"url\":\"https:\/\/veritasinfo.org\/wp-content\/uploads\/2026\/02\/1-74.jpg\",\"contentUrl\":\"https:\/\/veritasinfo.org\/wp-content\/uploads\/2026\/02\/1-74.jpg\",\"width\":811,\"height\":480},{\"@type\":\"BreadcrumbList\",\"@id\":\"https:\/\/veritasinfo.org\/?p=33133#breadcrumb\",\"itemListElement\":[{\"@type\":\"ListItem\",\"position\":1,\"name\":\"Home\",\"item\":\"https:\/\/veritasinfo.org\/\"},{\"@type\":\"ListItem\",\"position\":2,\"name\":\"Kosova marshon: \u201cLufta \u00e7lirimtare nuk rishkruhet\u201d\"}]},{\"@type\":\"WebSite\",\"@id\":\"https:\/\/veritasinfo.org\/#website\",\"url\":\"https:\/\/veritasinfo.org\/\",\"name\":\"\",\"description\":\"\",\"potentialAction\":[{\"@type\":\"SearchAction\",\"target\":{\"@type\":\"EntryPoint\",\"urlTemplate\":\"https:\/\/veritasinfo.org\/?s={search_term_string}\"},\"query-input\":{\"@type\":\"PropertyValueSpecification\",\"valueRequired\":true,\"valueName\":\"search_term_string\"}}],\"inLanguage\":\"en-US\"},{\"@type\":\"Person\",\"@id\":\"https:\/\/veritasinfo.org\/#\/schema\/person\/fe199eede04c3937362892b7444747cc\",\"name\":\"US6\",\"image\":{\"@type\":\"ImageObject\",\"inLanguage\":\"en-US\",\"@id\":\"https:\/\/veritasinfo.org\/#\/schema\/person\/image\/\",\"url\":\"https:\/\/secure.gravatar.com\/avatar\/cb16c3c31c9d23b9b8c705964598220b3014e42ff51eb540ff23cefa3ae8c15f?s=96&d=mm&r=g\",\"contentUrl\":\"https:\/\/secure.gravatar.com\/avatar\/cb16c3c31c9d23b9b8c705964598220b3014e42ff51eb540ff23cefa3ae8c15f?s=96&d=mm&r=g\",\"caption\":\"US6\"},\"url\":\"https:\/\/veritasinfo.org\/?author=7\"}]}<\/script>\n<!-- \/ Yoast SEO plugin. -->","yoast_head_json":{"title":"Kosova marshon: \u201cLufta \u00e7lirimtare nuk rishkruhet\u201d -","robots":{"index":"index","follow":"follow","max-snippet":"max-snippet:-1","max-image-preview":"max-image-preview:large","max-video-preview":"max-video-preview:-1"},"canonical":"https:\/\/veritasinfo.org\/?p=33133","og_locale":"en_US","og_type":"article","og_title":"Kosova marshon: \u201cLufta \u00e7lirimtare nuk rishkruhet\u201d -","og_description":"Prishtin\u00eb, 17 shkurt 2026 15:14 Mij\u00ebra qytetar\u00eb nga e gjith\u00eb Kosova jan\u00eb mbledhur n\u00eb Prishtin\u00eb, n\u00eb k\u00ebt\u00eb p\u00ebrvjetor t\u00eb 18-t\u00eb t\u00eb pavar\u00ebsis\u00eb, p\u00ebr t\u2019u dh\u00ebn\u00eb","og_url":"https:\/\/veritasinfo.org\/?p=33133","article_published_time":"2026-02-17T14:14:43+00:00","article_modified_time":"2026-02-17T14:17:05+00:00","og_image":[{"width":811,"height":480,"url":"https:\/\/veritasinfo.org\/wp-content\/uploads\/2026\/02\/1-74.jpg","type":"image\/jpeg"}],"author":"US6","twitter_card":"summary_large_image","twitter_misc":{"Written by":"US6","Est. reading time":"3 minutes"},"schema":{"@context":"https:\/\/schema.org","@graph":[{"@type":"WebPage","@id":"https:\/\/veritasinfo.org\/?p=33133","url":"https:\/\/veritasinfo.org\/?p=33133","name":"Kosova marshon: \u201cLufta \u00e7lirimtare nuk rishkruhet\u201d -","isPartOf":{"@id":"https:\/\/veritasinfo.org\/#website"},"primaryImageOfPage":{"@id":"https:\/\/veritasinfo.org\/?p=33133#primaryimage"},"image":{"@id":"https:\/\/veritasinfo.org\/?p=33133#primaryimage"},"thumbnailUrl":"https:\/\/veritasinfo.org\/wp-content\/uploads\/2026\/02\/1-74.jpg","datePublished":"2026-02-17T14:14:43+00:00","dateModified":"2026-02-17T14:17:05+00:00","author":{"@id":"https:\/\/veritasinfo.org\/#\/schema\/person\/fe199eede04c3937362892b7444747cc"},"breadcrumb":{"@id":"https:\/\/veritasinfo.org\/?p=33133#breadcrumb"},"inLanguage":"en-US","potentialAction":[{"@type":"ReadAction","target":["https:\/\/veritasinfo.org\/?p=33133"]}]},{"@type":"ImageObject","inLanguage":"en-US","@id":"https:\/\/veritasinfo.org\/?p=33133#primaryimage","url":"https:\/\/veritasinfo.org\/wp-content\/uploads\/2026\/02\/1-74.jpg","contentUrl":"https:\/\/veritasinfo.org\/wp-content\/uploads\/2026\/02\/1-74.jpg","width":811,"height":480},{"@type":"BreadcrumbList","@id":"https:\/\/veritasinfo.org\/?p=33133#breadcrumb","itemListElement":[{"@type":"ListItem","position":1,"name":"Home","item":"https:\/\/veritasinfo.org\/"},{"@type":"ListItem","position":2,"name":"Kosova marshon: \u201cLufta \u00e7lirimtare nuk rishkruhet\u201d"}]},{"@type":"WebSite","@id":"https:\/\/veritasinfo.org\/#website","url":"https:\/\/veritasinfo.org\/","name":"","description":"","potentialAction":[{"@type":"SearchAction","target":{"@type":"EntryPoint","urlTemplate":"https:\/\/veritasinfo.org\/?s={search_term_string}"},"query-input":{"@type":"PropertyValueSpecification","valueRequired":true,"valueName":"search_term_string"}}],"inLanguage":"en-US"},{"@type":"Person","@id":"https:\/\/veritasinfo.org\/#\/schema\/person\/fe199eede04c3937362892b7444747cc","name":"US6","image":{"@type":"ImageObject","inLanguage":"en-US","@id":"https:\/\/veritasinfo.org\/#\/schema\/person\/image\/","url":"https:\/\/secure.gravatar.com\/avatar\/cb16c3c31c9d23b9b8c705964598220b3014e42ff51eb540ff23cefa3ae8c15f?s=96&d=mm&r=g","contentUrl":"https:\/\/secure.gravatar.com\/avatar\/cb16c3c31c9d23b9b8c705964598220b3014e42ff51eb540ff23cefa3ae8c15f?s=96&d=mm&r=g","caption":"US6"},"url":"https:\/\/veritasinfo.org\/?author=7"}]}},"featured_image_urls":{"full":["https:\/\/veritasinfo.org\/wp-content\/uploads\/2026\/02\/1-74.jpg",811,480,false],"thumbnail":["https:\/\/veritasinfo.org\/wp-content\/uploads\/2026\/02\/1-74-150x150.jpg",150,150,true],"medium":["https:\/\/veritasinfo.org\/wp-content\/uploads\/2026\/02\/1-74-300x178.jpg",300,178,true],"medium_large":["https:\/\/veritasinfo.org\/wp-content\/uploads\/2026\/02\/1-74-768x455.jpg",640,379,true],"large":["https:\/\/veritasinfo.org\/wp-content\/uploads\/2026\/02\/1-74.jpg",640,379,false],"1536x1536":["https:\/\/veritasinfo.org\/wp-content\/uploads\/2026\/02\/1-74.jpg",811,480,false],"2048x2048":["https:\/\/veritasinfo.org\/wp-content\/uploads\/2026\/02\/1-74.jpg",811,480,false],"kreeti-slider-full":["https:\/\/veritasinfo.org\/wp-content\/uploads\/2026\/02\/1-74.jpg",811,480,false],"kreeti-featured":["https:\/\/veritasinfo.org\/wp-content\/uploads\/2026\/02\/1-74.jpg",811,480,false],"kreeti-medium":["https:\/\/veritasinfo.org\/wp-content\/uploads\/2026\/02\/1-74.jpg",720,426,false],"kreeti-medium-square":["https:\/\/veritasinfo.org\/wp-content\/uploads\/2026\/02\/1-74.jpg",350,207,false]},"author_info":{"info":["US6"]},"category_info":"<a href=\"https:\/\/veritasinfo.org\/?cat=60\" rel=\"category\">Shoq\u00ebrore<\/a>","tag_info":"Shoq\u00ebrore","comment_count":"0","_links":{"self":[{"href":"https:\/\/veritasinfo.org\/index.php?rest_route=\/wp\/v2\/posts\/33133","targetHints":{"allow":["GET"]}}],"collection":[{"href":"https:\/\/veritasinfo.org\/index.php?rest_route=\/wp\/v2\/posts"}],"about":[{"href":"https:\/\/veritasinfo.org\/index.php?rest_route=\/wp\/v2\/types\/post"}],"author":[{"embeddable":true,"href":"https:\/\/veritasinfo.org\/index.php?rest_route=\/wp\/v2\/users\/7"}],"replies":[{"embeddable":true,"href":"https:\/\/veritasinfo.org\/index.php?rest_route=%2Fwp%2Fv2%2Fcomments&post=33133"}],"version-history":[{"count":1,"href":"https:\/\/veritasinfo.org\/index.php?rest_route=\/wp\/v2\/posts\/33133\/revisions"}],"predecessor-version":[{"id":33135,"href":"https:\/\/veritasinfo.org\/index.php?rest_route=\/wp\/v2\/posts\/33133\/revisions\/33135"}],"wp:featuredmedia":[{"embeddable":true,"href":"https:\/\/veritasinfo.org\/index.php?rest_route=\/wp\/v2\/media\/33134"}],"wp:attachment":[{"href":"https:\/\/veritasinfo.org\/index.php?rest_route=%2Fwp%2Fv2%2Fmedia&parent=33133"}],"wp:term":[{"taxonomy":"category","embeddable":true,"href":"https:\/\/veritasinfo.org\/index.php?rest_route=%2Fwp%2Fv2%2Fcategories&post=33133"},{"taxonomy":"post_tag","embeddable":true,"href":"https:\/\/veritasinfo.org\/index.php?rest_route=%2Fwp%2Fv2%2Ftags&post=33133"}],"curies":[{"name":"wp","href":"https:\/\/api.w.org\/{rel}","templated":true}]}}