{"id":33102,"date":"2026-02-17T12:32:50","date_gmt":"2026-02-17T11:32:50","guid":{"rendered":"https:\/\/veritasinfo.org\/?p=33102"},"modified":"2026-02-17T12:32:50","modified_gmt":"2026-02-17T11:32:50","slug":"vjosa-osmani-kuvendon-me-rifat-jasharin-ne-seancen-solemne-per-17-shkurt","status":"publish","type":"post","link":"https:\/\/veritasinfo.org\/?p=33102","title":{"rendered":"Vjosa Osmani &#8220;kuvendon&#8221; me Rifat Jasharin n\u00eb seanc\u00ebn solemne p\u00ebr 17 Shkurt"},"content":{"rendered":"<p>Prishtin\u00eb 17 Shkurt 2026 12:32<\/p>\n<p>Presidentja Vjosa Osmani ka publikuar nj\u00eb fotografi me Rifat Jasharin nga seanca solemne p\u00ebr kremtimin e 18-vjetorit t\u00eb pavar\u00ebsis\u00eb n\u00eb Kuvendin e Kosov\u00ebs.<\/p>\n<p>Osmani n\u00eb fjal\u00ebn e saj n\u00eb k\u00ebt\u00eb seanc\u00eb tha se \u201cU\u00c7K-ja \u00ebsht\u00eb ideali m\u00eb i madh q\u00eb kan\u00eb nd\u00ebrtuar shqiptar\u00ebt nd\u00ebr shekuj\u201d dhe \u201cshtylla m\u00eb e fort\u00eb\u201d e shtetit q\u00eb  \u201cnuk mund t\u00eb zhb\u00ebhet nga asnj\u00eb p\u00ebrpjekje p\u00ebr rishkrim apo deformim t\u00eb historis\u00eb\u201d.<\/p>\n","protected":false},"excerpt":{"rendered":"<p>Prishtin\u00eb 17 Shkurt 2026 12:32 Presidentja Vjosa Osmani ka publikuar nj\u00eb fotografi me Rifat Jasharin nga seanca solemne p\u00ebr kremtimin e 18-vjetorit t\u00eb pavar\u00ebsis\u00eb n\u00eb<\/p>\n","protected":false},"author":6,"featured_media":33103,"comment_status":"open","ping_status":"open","sticky":false,"template":"","format":"standard","meta":{"footnotes":""},"categories":[60],"tags":[],"class_list":["post-33102","post","type-post","status-publish","format-standard","has-post-thumbnail","hentry","category-shoqerore-sq"],"yoast_head":"<!-- This site is optimized with the Yoast SEO plugin v25.3.1 - https:\/\/yoast.com\/wordpress\/plugins\/seo\/ -->\n<title>Vjosa Osmani &quot;kuvendon&quot; me Rifat Jasharin n\u00eb seanc\u00ebn solemne p\u00ebr 17 Shkurt -<\/title>\n<meta name=\"robots\" content=\"index, follow, max-snippet:-1, max-image-preview:large, max-video-preview:-1\" \/>\n<link rel=\"canonical\" href=\"https:\/\/veritasinfo.org\/?p=33102\" \/>\n<meta property=\"og:locale\" content=\"en_US\" \/>\n<meta property=\"og:type\" content=\"article\" \/>\n<meta property=\"og:title\" content=\"Vjosa Osmani &quot;kuvendon&quot; me Rifat Jasharin n\u00eb seanc\u00ebn solemne p\u00ebr 17 Shkurt -\" \/>\n<meta property=\"og:description\" content=\"Prishtin\u00eb 17 Shkurt 2026 12:32 Presidentja Vjosa Osmani ka publikuar nj\u00eb fotografi me Rifat Jasharin nga seanca solemne p\u00ebr kremtimin e 18-vjetorit t\u00eb pavar\u00ebsis\u00eb n\u00eb\" \/>\n<meta property=\"og:url\" content=\"https:\/\/veritasinfo.org\/?p=33102\" \/>\n<meta property=\"article:published_time\" content=\"2026-02-17T11:32:50+00:00\" \/>\n<meta property=\"og:image\" content=\"https:\/\/veritasinfo.org\/wp-content\/uploads\/2026\/02\/634211166_1448075806676954_1634218169910728138_n-600x360-1.jpg\" \/>\n\t<meta property=\"og:image:width\" content=\"600\" \/>\n\t<meta property=\"og:image:height\" content=\"360\" \/>\n\t<meta property=\"og:image:type\" content=\"image\/jpeg\" \/>\n<meta name=\"author\" content=\"US5\" \/>\n<meta name=\"twitter:card\" content=\"summary_large_image\" \/>\n<meta name=\"twitter:label1\" content=\"Written by\" \/>\n\t<meta name=\"twitter:data1\" content=\"US5\" \/>\n<script type=\"application\/ld+json\" class=\"yoast-schema-graph\">{\"@context\":\"https:\/\/schema.org\",\"@graph\":[{\"@type\":\"WebPage\",\"@id\":\"https:\/\/veritasinfo.org\/?p=33102\",\"url\":\"https:\/\/veritasinfo.org\/?p=33102\",\"name\":\"Vjosa Osmani \\\"kuvendon\\\" me Rifat Jasharin n\u00eb seanc\u00ebn solemne p\u00ebr 17 Shkurt -\",\"isPartOf\":{\"@id\":\"https:\/\/veritasinfo.org\/#website\"},\"primaryImageOfPage\":{\"@id\":\"https:\/\/veritasinfo.org\/?p=33102#primaryimage\"},\"image\":{\"@id\":\"https:\/\/veritasinfo.org\/?p=33102#primaryimage\"},\"thumbnailUrl\":\"https:\/\/veritasinfo.org\/wp-content\/uploads\/2026\/02\/634211166_1448075806676954_1634218169910728138_n-600x360-1.jpg\",\"datePublished\":\"2026-02-17T11:32:50+00:00\",\"author\":{\"@id\":\"https:\/\/veritasinfo.org\/#\/schema\/person\/bc442336e35414d04494ab8fb45db4c6\"},\"breadcrumb\":{\"@id\":\"https:\/\/veritasinfo.org\/?p=33102#breadcrumb\"},\"inLanguage\":\"en-US\",\"potentialAction\":[{\"@type\":\"ReadAction\",\"target\":[\"https:\/\/veritasinfo.org\/?p=33102\"]}]},{\"@type\":\"ImageObject\",\"inLanguage\":\"en-US\",\"@id\":\"https:\/\/veritasinfo.org\/?p=33102#primaryimage\",\"url\":\"https:\/\/veritasinfo.org\/wp-content\/uploads\/2026\/02\/634211166_1448075806676954_1634218169910728138_n-600x360-1.jpg\",\"contentUrl\":\"https:\/\/veritasinfo.org\/wp-content\/uploads\/2026\/02\/634211166_1448075806676954_1634218169910728138_n-600x360-1.jpg\",\"width\":600,\"height\":360},{\"@type\":\"BreadcrumbList\",\"@id\":\"https:\/\/veritasinfo.org\/?p=33102#breadcrumb\",\"itemListElement\":[{\"@type\":\"ListItem\",\"position\":1,\"name\":\"Home\",\"item\":\"https:\/\/veritasinfo.org\/\"},{\"@type\":\"ListItem\",\"position\":2,\"name\":\"Vjosa Osmani &#8220;kuvendon&#8221; me Rifat Jasharin n\u00eb seanc\u00ebn solemne p\u00ebr 17 Shkurt\"}]},{\"@type\":\"WebSite\",\"@id\":\"https:\/\/veritasinfo.org\/#website\",\"url\":\"https:\/\/veritasinfo.org\/\",\"name\":\"\",\"description\":\"\",\"potentialAction\":[{\"@type\":\"SearchAction\",\"target\":{\"@type\":\"EntryPoint\",\"urlTemplate\":\"https:\/\/veritasinfo.org\/?s={search_term_string}\"},\"query-input\":{\"@type\":\"PropertyValueSpecification\",\"valueRequired\":true,\"valueName\":\"search_term_string\"}}],\"inLanguage\":\"en-US\"},{\"@type\":\"Person\",\"@id\":\"https:\/\/veritasinfo.org\/#\/schema\/person\/bc442336e35414d04494ab8fb45db4c6\",\"name\":\"US5\",\"image\":{\"@type\":\"ImageObject\",\"inLanguage\":\"en-US\",\"@id\":\"https:\/\/veritasinfo.org\/#\/schema\/person\/image\/\",\"url\":\"https:\/\/secure.gravatar.com\/avatar\/16a61e7272a0c5d001121ebb9e60e925d5816e4ac1e443ed3e640d9a6ae55d0c?s=96&d=mm&r=g\",\"contentUrl\":\"https:\/\/secure.gravatar.com\/avatar\/16a61e7272a0c5d001121ebb9e60e925d5816e4ac1e443ed3e640d9a6ae55d0c?s=96&d=mm&r=g\",\"caption\":\"US5\"},\"url\":\"https:\/\/veritasinfo.org\/?author=6\"}]}<\/script>\n<!-- \/ Yoast SEO plugin. -->","yoast_head_json":{"title":"Vjosa Osmani \"kuvendon\" me Rifat Jasharin n\u00eb seanc\u00ebn solemne p\u00ebr 17 Shkurt -","robots":{"index":"index","follow":"follow","max-snippet":"max-snippet:-1","max-image-preview":"max-image-preview:large","max-video-preview":"max-video-preview:-1"},"canonical":"https:\/\/veritasinfo.org\/?p=33102","og_locale":"en_US","og_type":"article","og_title":"Vjosa Osmani \"kuvendon\" me Rifat Jasharin n\u00eb seanc\u00ebn solemne p\u00ebr 17 Shkurt -","og_description":"Prishtin\u00eb 17 Shkurt 2026 12:32 Presidentja Vjosa Osmani ka publikuar nj\u00eb fotografi me Rifat Jasharin nga seanca solemne p\u00ebr kremtimin e 18-vjetorit t\u00eb pavar\u00ebsis\u00eb n\u00eb","og_url":"https:\/\/veritasinfo.org\/?p=33102","article_published_time":"2026-02-17T11:32:50+00:00","og_image":[{"width":600,"height":360,"url":"https:\/\/veritasinfo.org\/wp-content\/uploads\/2026\/02\/634211166_1448075806676954_1634218169910728138_n-600x360-1.jpg","type":"image\/jpeg"}],"author":"US5","twitter_card":"summary_large_image","twitter_misc":{"Written by":"US5"},"schema":{"@context":"https:\/\/schema.org","@graph":[{"@type":"WebPage","@id":"https:\/\/veritasinfo.org\/?p=33102","url":"https:\/\/veritasinfo.org\/?p=33102","name":"Vjosa Osmani \"kuvendon\" me Rifat Jasharin n\u00eb seanc\u00ebn solemne p\u00ebr 17 Shkurt -","isPartOf":{"@id":"https:\/\/veritasinfo.org\/#website"},"primaryImageOfPage":{"@id":"https:\/\/veritasinfo.org\/?p=33102#primaryimage"},"image":{"@id":"https:\/\/veritasinfo.org\/?p=33102#primaryimage"},"thumbnailUrl":"https:\/\/veritasinfo.org\/wp-content\/uploads\/2026\/02\/634211166_1448075806676954_1634218169910728138_n-600x360-1.jpg","datePublished":"2026-02-17T11:32:50+00:00","author":{"@id":"https:\/\/veritasinfo.org\/#\/schema\/person\/bc442336e35414d04494ab8fb45db4c6"},"breadcrumb":{"@id":"https:\/\/veritasinfo.org\/?p=33102#breadcrumb"},"inLanguage":"en-US","potentialAction":[{"@type":"ReadAction","target":["https:\/\/veritasinfo.org\/?p=33102"]}]},{"@type":"ImageObject","inLanguage":"en-US","@id":"https:\/\/veritasinfo.org\/?p=33102#primaryimage","url":"https:\/\/veritasinfo.org\/wp-content\/uploads\/2026\/02\/634211166_1448075806676954_1634218169910728138_n-600x360-1.jpg","contentUrl":"https:\/\/veritasinfo.org\/wp-content\/uploads\/2026\/02\/634211166_1448075806676954_1634218169910728138_n-600x360-1.jpg","width":600,"height":360},{"@type":"BreadcrumbList","@id":"https:\/\/veritasinfo.org\/?p=33102#breadcrumb","itemListElement":[{"@type":"ListItem","position":1,"name":"Home","item":"https:\/\/veritasinfo.org\/"},{"@type":"ListItem","position":2,"name":"Vjosa Osmani &#8220;kuvendon&#8221; me Rifat Jasharin n\u00eb seanc\u00ebn solemne p\u00ebr 17 Shkurt"}]},{"@type":"WebSite","@id":"https:\/\/veritasinfo.org\/#website","url":"https:\/\/veritasinfo.org\/","name":"","description":"","potentialAction":[{"@type":"SearchAction","target":{"@type":"EntryPoint","urlTemplate":"https:\/\/veritasinfo.org\/?s={search_term_string}"},"query-input":{"@type":"PropertyValueSpecification","valueRequired":true,"valueName":"search_term_string"}}],"inLanguage":"en-US"},{"@type":"Person","@id":"https:\/\/veritasinfo.org\/#\/schema\/person\/bc442336e35414d04494ab8fb45db4c6","name":"US5","image":{"@type":"ImageObject","inLanguage":"en-US","@id":"https:\/\/veritasinfo.org\/#\/schema\/person\/image\/","url":"https:\/\/secure.gravatar.com\/avatar\/16a61e7272a0c5d001121ebb9e60e925d5816e4ac1e443ed3e640d9a6ae55d0c?s=96&d=mm&r=g","contentUrl":"https:\/\/secure.gravatar.com\/avatar\/16a61e7272a0c5d001121ebb9e60e925d5816e4ac1e443ed3e640d9a6ae55d0c?s=96&d=mm&r=g","caption":"US5"},"url":"https:\/\/veritasinfo.org\/?author=6"}]}},"featured_image_urls":{"full":["https:\/\/veritasinfo.org\/wp-content\/uploads\/2026\/02\/634211166_1448075806676954_1634218169910728138_n-600x360-1.jpg",600,360,false],"thumbnail":["https:\/\/veritasinfo.org\/wp-content\/uploads\/2026\/02\/634211166_1448075806676954_1634218169910728138_n-600x360-1-150x150.jpg",150,150,true],"medium":["https:\/\/veritasinfo.org\/wp-content\/uploads\/2026\/02\/634211166_1448075806676954_1634218169910728138_n-600x360-1-300x180.jpg",300,180,true],"medium_large":["https:\/\/veritasinfo.org\/wp-content\/uploads\/2026\/02\/634211166_1448075806676954_1634218169910728138_n-600x360-1.jpg",600,360,false],"large":["https:\/\/veritasinfo.org\/wp-content\/uploads\/2026\/02\/634211166_1448075806676954_1634218169910728138_n-600x360-1.jpg",600,360,false],"1536x1536":["https:\/\/veritasinfo.org\/wp-content\/uploads\/2026\/02\/634211166_1448075806676954_1634218169910728138_n-600x360-1.jpg",600,360,false],"2048x2048":["https:\/\/veritasinfo.org\/wp-content\/uploads\/2026\/02\/634211166_1448075806676954_1634218169910728138_n-600x360-1.jpg",600,360,false],"kreeti-slider-full":["https:\/\/veritasinfo.org\/wp-content\/uploads\/2026\/02\/634211166_1448075806676954_1634218169910728138_n-600x360-1.jpg",600,360,false],"kreeti-featured":["https:\/\/veritasinfo.org\/wp-content\/uploads\/2026\/02\/634211166_1448075806676954_1634218169910728138_n-600x360-1.jpg",600,360,false],"kreeti-medium":["https:\/\/veritasinfo.org\/wp-content\/uploads\/2026\/02\/634211166_1448075806676954_1634218169910728138_n-600x360-1.jpg",600,360,false],"kreeti-medium-square":["https:\/\/veritasinfo.org\/wp-content\/uploads\/2026\/02\/634211166_1448075806676954_1634218169910728138_n-600x360-1.jpg",350,210,false]},"author_info":{"info":["US5"]},"category_info":"<a href=\"https:\/\/veritasinfo.org\/?cat=60\" rel=\"category\">Shoq\u00ebrore<\/a>","tag_info":"Shoq\u00ebrore","comment_count":"0","_links":{"self":[{"href":"https:\/\/veritasinfo.org\/index.php?rest_route=\/wp\/v2\/posts\/33102","targetHints":{"allow":["GET"]}}],"collection":[{"href":"https:\/\/veritasinfo.org\/index.php?rest_route=\/wp\/v2\/posts"}],"about":[{"href":"https:\/\/veritasinfo.org\/index.php?rest_route=\/wp\/v2\/types\/post"}],"author":[{"embeddable":true,"href":"https:\/\/veritasinfo.org\/index.php?rest_route=\/wp\/v2\/users\/6"}],"replies":[{"embeddable":true,"href":"https:\/\/veritasinfo.org\/index.php?rest_route=%2Fwp%2Fv2%2Fcomments&post=33102"}],"version-history":[{"count":1,"href":"https:\/\/veritasinfo.org\/index.php?rest_route=\/wp\/v2\/posts\/33102\/revisions"}],"predecessor-version":[{"id":33104,"href":"https:\/\/veritasinfo.org\/index.php?rest_route=\/wp\/v2\/posts\/33102\/revisions\/33104"}],"wp:featuredmedia":[{"embeddable":true,"href":"https:\/\/veritasinfo.org\/index.php?rest_route=\/wp\/v2\/media\/33103"}],"wp:attachment":[{"href":"https:\/\/veritasinfo.org\/index.php?rest_route=%2Fwp%2Fv2%2Fmedia&parent=33102"}],"wp:term":[{"taxonomy":"category","embeddable":true,"href":"https:\/\/veritasinfo.org\/index.php?rest_route=%2Fwp%2Fv2%2Fcategories&post=33102"},{"taxonomy":"post_tag","embeddable":true,"href":"https:\/\/veritasinfo.org\/index.php?rest_route=%2Fwp%2Fv2%2Ftags&post=33102"}],"curies":[{"name":"wp","href":"https:\/\/api.w.org\/{rel}","templated":true}]}}