{"id":33094,"date":"2026-02-17T11:50:55","date_gmt":"2026-02-17T10:50:55","guid":{"rendered":"https:\/\/veritasinfo.org\/?p=33094"},"modified":"2026-02-17T11:50:55","modified_gmt":"2026-02-17T10:50:55","slug":"kurti-krime-ka-kryer-serbia-e-millosheviqit-barazimi-mes-krereve-te-uck-se-dhe-nje-regjimi-gjenocidal-i-papranueshem","status":"publish","type":"post","link":"https:\/\/veritasinfo.org\/?p=33094","title":{"rendered":"Kurti: Krime ka kryer Serbia e Millosheviqit, barazimi mes krer\u00ebve t\u00eb U\u00c7K-s\u00eb dhe nj\u00eb regjimi gjenocidal i papranuesh\u00ebm"},"content":{"rendered":"<p>Prishtin\u00eb 17 Shkurt 2026 11:46<\/p>\n<p>Krer\u00ebt e Ushtria \u00c7lirimtare e Kosov\u00ebs dhe procesi gjyq\u00ebsore n\u00eb Hag\u00eb u p\u00ebrmend\u00ebn si \u00e7\u00ebshtje qendrore n\u00eb fjalimin e kryeministrit Albin Kurti n\u00eb seanc\u00ebn solemne t\u00eb Kuvendit t\u00eb Kosov\u00ebs me rastin e 18-vjetorin e pavar\u00ebsis\u00eb.<\/p>\n<p>Ai theksoi r\u00ebnd\u00ebsin\u00eb e sakrific\u00ebs s\u00eb luft\u00ebtar\u00ebve dhe aktivist\u00ebve p\u00ebr krijimin e shtetit, duke e cil\u00ebsuar republik\u00ebn si institucion t\u00eb liris\u00eb dhe sovranitetit, nd\u00ebrsa foli edhe p\u00ebr akuzat ndaj ish-udh\u00ebheq\u00ebsve t\u00eb luft\u00ebs.<\/p>\n<p>\u201cDita e sotme \u00ebsht\u00eb dit\u00eb p\u00ebrkujtimi p\u00ebr t\u00eb gjith\u00eb ata burra, gra e f\u00ebmij\u00eb q\u00eb flijuan shum\u00eb\u00e7ka e gjith\u00e7ka p\u00ebr Republik\u00ebn e Kosov\u00ebs. Aktivist\u00ebt e luft\u00ebtar\u00ebt q\u00eb u p\u00ebrpoq\u00ebn p\u00ebr jet\u00ebsimin e republik\u00ebs. Republika, n\u00eb radh\u00eb t\u00eb par\u00eb, \u00ebsht\u00eb institucion i liris\u00eb, shprehje e sovranitetit, mjet p\u00ebr zhvillim. Prandaj, kur b\u00ebhet fjal\u00eb p\u00ebr republik\u00ebn dhe sovranitetin, ne nuk mund t\u00eb l\u00ebshojm\u00eb pe, sepse nuk b\u00ebjm\u00eb dot kompromis me lirin\u00eb dhe me zhvillimin. Ne i kujtojm\u00eb p\u00ebrfytyrimet dhe vizionet e parealizuara t\u00eb aktivist\u00ebve edhe t\u00eb luft\u00ebtar\u00ebve q\u00eb e kan\u00eb d\u00ebshiruar republik\u00ebn, sepse pa sakrific\u00ebn e tyre nuk do ta kishim shtetin ton\u00eb, dhe mu ato na frym\u00ebzojn\u00eb e na orientojn\u00eb p\u00ebr ta forcuar edhe m\u00eb shum\u00eb at\u00eb\u201d, tha ai.<\/p>\n<p>Kurti theksoi se akuzat e Zyr\u00ebs s\u00eb Prokurorit t\u00eb Specializuar n\u00eb Hag\u00eb nuk q\u00ebndrojn\u00eb, dhe se ish-drejtuesit e U\u00c7K-s\u00eb po akuzohen padrejt\u00ebsisht, vet\u00ebm pse guxuan t\u00eb marrin arm\u00ebt p\u00ebr liri.<\/p>\n<p>\u201cNe kujtojm\u00eb sot q\u00ebndres\u00ebn paq\u00ebsore t\u00eb viteve t\u00eb 90-ta dhe ne kujtojm\u00eb sot Ushtrin\u00eb \u00c7lirimtare t\u00eb Kosov\u00ebs. Ne p\u00ebrkulemi me nderim para d\u00ebshmor\u00ebve edhe p\u00ebrpiqemi q\u00eb ta ruajm\u00eb e ta lart\u00ebsojm\u00eb Republik\u00ebn ton\u00eb edhe n\u00eb emrin e tyre. Nd\u00ebrsa kujtojm\u00eb dat\u00ebn e shpalljes s\u00eb republik\u00ebs, brengosemi q\u00eb krer\u00ebt e Ushtris\u00eb \u00c7lirimtare t\u00eb Kosov\u00ebs dhe t\u00eb Republik\u00ebs s\u00eb Kosov\u00ebs po akuzohen padrejt\u00ebsisht, sepse ata guxuan t\u00eb marrin arm\u00ebt p\u00ebr liri, kund\u00ebr shtypjes nj\u00ebshekullore dhe kund\u00ebr nj\u00eb regjimi gjenocidal. Akuzat e Prokuroris\u00eb Speciale n\u00eb Hag\u00eb p\u00ebr krime kund\u00ebr njer\u00ebzimit nuk q\u00ebndrojn\u00eb. Ato nuk mor\u00ebn parasysh kontekstin historik e politik t\u00eb luft\u00ebs son\u00eb \u00e7lirimtare, secil\u00ebs ia detyrojm\u00eb lirin\u00eb e sotme. Krime kund\u00ebr njer\u00ebzimit ndaj popullat\u00ebs civile shqiptare ka kryer Serbia e Millosheviqit. K\u00ebrc\u00ebnim p\u00ebr p\u00ebrs\u00ebritjen e tyre \u00ebsht\u00eb sot Serbia e Vu\u00e7iqit. Barazimi mes krer\u00ebve t\u00eb U\u00c7K-s\u00eb dhe nj\u00eb regjimi gjenocidal \u00ebsht\u00eb i paq\u00ebndruesh\u00ebm dhe i papranuesh\u00ebm p\u00ebr ne\u201d, tha ai.<\/p>\n<p>M\u00eb tej i pari i ekzekutivit tha se brazimi mes krer\u00ebve t\u00eb U\u00c7K-s\u00eb dhe nj\u00eb regjimi gjenocidal \u00ebsht\u00eb i paq\u00ebndruesh\u00ebm.<\/p>\n<p>\u201cBarazimi mes krer\u00ebve t\u00eb U\u00c7K-s\u00eb dhe nj\u00eb regjimi gjenocidal \u00ebsht\u00eb i paq\u00ebndruesh\u00ebm dhe i papranuesh\u00ebm p\u00ebr ne. Republika nuk l\u00ebshon pe kur \u00ebsht\u00eb \u00e7\u00ebshtja e sovranitetit shtet\u00ebror, integritetit territorial dhe demokracis\u00eb popullore. Demokracia \u00ebsht\u00eb edhe burim, edhe shprehje e sovranitetit t\u00eb Kosov\u00ebs, ku p\u00ebrve\u00e7 shqiptar\u00ebve, Kushtetuta jon\u00eb njeh serb\u00ebt, turqit, boshnjak\u00ebt, rom\u00ebt, ashkalinjt\u00eb, egjiptian\u00ebt, goran\u00ebt. T\u00eb gjith\u00eb jan\u00eb pjes\u00eb e popullit t\u00eb Kosov\u00ebs dhe marrin pjes\u00eb n\u00eb zgjedhje demokratike\u201d, theksoi kryeministrit Kurti.<\/p>\n","protected":false},"excerpt":{"rendered":"<p>Prishtin\u00eb 17 Shkurt 2026 11:46 Krer\u00ebt e Ushtria \u00c7lirimtare e Kosov\u00ebs dhe procesi gjyq\u00ebsore n\u00eb Hag\u00eb u p\u00ebrmend\u00ebn si \u00e7\u00ebshtje qendrore n\u00eb fjalimin e kryeministrit<\/p>\n","protected":false},"author":6,"featured_media":33087,"comment_status":"open","ping_status":"open","sticky":false,"template":"","format":"standard","meta":{"footnotes":""},"categories":[60],"tags":[],"class_list":["post-33094","post","type-post","status-publish","format-standard","has-post-thumbnail","hentry","category-shoqerore-sq"],"yoast_head":"<!-- This site is optimized with the Yoast SEO plugin v25.3.1 - https:\/\/yoast.com\/wordpress\/plugins\/seo\/ -->\n<title>Kurti: Krime ka kryer Serbia e Millosheviqit, barazimi mes krer\u00ebve t\u00eb U\u00c7K-s\u00eb dhe nj\u00eb regjimi gjenocidal i papranuesh\u00ebm -<\/title>\n<meta name=\"robots\" content=\"index, follow, max-snippet:-1, max-image-preview:large, max-video-preview:-1\" \/>\n<link rel=\"canonical\" href=\"https:\/\/veritasinfo.org\/?p=33094\" \/>\n<meta property=\"og:locale\" content=\"en_US\" \/>\n<meta property=\"og:type\" content=\"article\" \/>\n<meta property=\"og:title\" content=\"Kurti: Krime ka kryer Serbia e Millosheviqit, barazimi mes krer\u00ebve t\u00eb U\u00c7K-s\u00eb dhe nj\u00eb regjimi gjenocidal i papranuesh\u00ebm -\" \/>\n<meta property=\"og:description\" content=\"Prishtin\u00eb 17 Shkurt 2026 11:46 Krer\u00ebt e Ushtria \u00c7lirimtare e Kosov\u00ebs dhe procesi gjyq\u00ebsore n\u00eb Hag\u00eb u p\u00ebrmend\u00ebn si \u00e7\u00ebshtje qendrore n\u00eb fjalimin e kryeministrit\" \/>\n<meta property=\"og:url\" content=\"https:\/\/veritasinfo.org\/?p=33094\" \/>\n<meta property=\"article:published_time\" content=\"2026-02-17T10:50:55+00:00\" \/>\n<meta property=\"og:image\" content=\"https:\/\/veritasinfo.org\/wp-content\/uploads\/2026\/02\/albin-kurti-kuvendi-850x517-1.jpg\" \/>\n\t<meta property=\"og:image:width\" content=\"850\" \/>\n\t<meta property=\"og:image:height\" content=\"517\" \/>\n\t<meta property=\"og:image:type\" content=\"image\/jpeg\" \/>\n<meta name=\"author\" content=\"US5\" \/>\n<meta name=\"twitter:card\" content=\"summary_large_image\" \/>\n<meta name=\"twitter:label1\" content=\"Written by\" \/>\n\t<meta name=\"twitter:data1\" content=\"US5\" \/>\n<script type=\"application\/ld+json\" class=\"yoast-schema-graph\">{\"@context\":\"https:\/\/schema.org\",\"@graph\":[{\"@type\":\"WebPage\",\"@id\":\"https:\/\/veritasinfo.org\/?p=33094\",\"url\":\"https:\/\/veritasinfo.org\/?p=33094\",\"name\":\"Kurti: Krime ka kryer Serbia e Millosheviqit, barazimi mes krer\u00ebve t\u00eb U\u00c7K-s\u00eb dhe nj\u00eb regjimi gjenocidal i papranuesh\u00ebm -\",\"isPartOf\":{\"@id\":\"https:\/\/veritasinfo.org\/#website\"},\"primaryImageOfPage\":{\"@id\":\"https:\/\/veritasinfo.org\/?p=33094#primaryimage\"},\"image\":{\"@id\":\"https:\/\/veritasinfo.org\/?p=33094#primaryimage\"},\"thumbnailUrl\":\"https:\/\/veritasinfo.org\/wp-content\/uploads\/2026\/02\/albin-kurti-kuvendi-850x517-1.jpg\",\"datePublished\":\"2026-02-17T10:50:55+00:00\",\"author\":{\"@id\":\"https:\/\/veritasinfo.org\/#\/schema\/person\/bc442336e35414d04494ab8fb45db4c6\"},\"breadcrumb\":{\"@id\":\"https:\/\/veritasinfo.org\/?p=33094#breadcrumb\"},\"inLanguage\":\"en-US\",\"potentialAction\":[{\"@type\":\"ReadAction\",\"target\":[\"https:\/\/veritasinfo.org\/?p=33094\"]}]},{\"@type\":\"ImageObject\",\"inLanguage\":\"en-US\",\"@id\":\"https:\/\/veritasinfo.org\/?p=33094#primaryimage\",\"url\":\"https:\/\/veritasinfo.org\/wp-content\/uploads\/2026\/02\/albin-kurti-kuvendi-850x517-1.jpg\",\"contentUrl\":\"https:\/\/veritasinfo.org\/wp-content\/uploads\/2026\/02\/albin-kurti-kuvendi-850x517-1.jpg\",\"width\":850,\"height\":517},{\"@type\":\"BreadcrumbList\",\"@id\":\"https:\/\/veritasinfo.org\/?p=33094#breadcrumb\",\"itemListElement\":[{\"@type\":\"ListItem\",\"position\":1,\"name\":\"Home\",\"item\":\"https:\/\/veritasinfo.org\/\"},{\"@type\":\"ListItem\",\"position\":2,\"name\":\"Kurti: Krime ka kryer Serbia e Millosheviqit, barazimi mes krer\u00ebve t\u00eb U\u00c7K-s\u00eb dhe nj\u00eb regjimi gjenocidal i papranuesh\u00ebm\"}]},{\"@type\":\"WebSite\",\"@id\":\"https:\/\/veritasinfo.org\/#website\",\"url\":\"https:\/\/veritasinfo.org\/\",\"name\":\"\",\"description\":\"\",\"potentialAction\":[{\"@type\":\"SearchAction\",\"target\":{\"@type\":\"EntryPoint\",\"urlTemplate\":\"https:\/\/veritasinfo.org\/?s={search_term_string}\"},\"query-input\":{\"@type\":\"PropertyValueSpecification\",\"valueRequired\":true,\"valueName\":\"search_term_string\"}}],\"inLanguage\":\"en-US\"},{\"@type\":\"Person\",\"@id\":\"https:\/\/veritasinfo.org\/#\/schema\/person\/bc442336e35414d04494ab8fb45db4c6\",\"name\":\"US5\",\"image\":{\"@type\":\"ImageObject\",\"inLanguage\":\"en-US\",\"@id\":\"https:\/\/veritasinfo.org\/#\/schema\/person\/image\/\",\"url\":\"https:\/\/secure.gravatar.com\/avatar\/16a61e7272a0c5d001121ebb9e60e925d5816e4ac1e443ed3e640d9a6ae55d0c?s=96&d=mm&r=g\",\"contentUrl\":\"https:\/\/secure.gravatar.com\/avatar\/16a61e7272a0c5d001121ebb9e60e925d5816e4ac1e443ed3e640d9a6ae55d0c?s=96&d=mm&r=g\",\"caption\":\"US5\"},\"url\":\"https:\/\/veritasinfo.org\/?author=6\"}]}<\/script>\n<!-- \/ Yoast SEO plugin. -->","yoast_head_json":{"title":"Kurti: Krime ka kryer Serbia e Millosheviqit, barazimi mes krer\u00ebve t\u00eb U\u00c7K-s\u00eb dhe nj\u00eb regjimi gjenocidal i papranuesh\u00ebm -","robots":{"index":"index","follow":"follow","max-snippet":"max-snippet:-1","max-image-preview":"max-image-preview:large","max-video-preview":"max-video-preview:-1"},"canonical":"https:\/\/veritasinfo.org\/?p=33094","og_locale":"en_US","og_type":"article","og_title":"Kurti: Krime ka kryer Serbia e Millosheviqit, barazimi mes krer\u00ebve t\u00eb U\u00c7K-s\u00eb dhe nj\u00eb regjimi gjenocidal i papranuesh\u00ebm -","og_description":"Prishtin\u00eb 17 Shkurt 2026 11:46 Krer\u00ebt e Ushtria \u00c7lirimtare e Kosov\u00ebs dhe procesi gjyq\u00ebsore n\u00eb Hag\u00eb u p\u00ebrmend\u00ebn si \u00e7\u00ebshtje qendrore n\u00eb fjalimin e kryeministrit","og_url":"https:\/\/veritasinfo.org\/?p=33094","article_published_time":"2026-02-17T10:50:55+00:00","og_image":[{"width":850,"height":517,"url":"https:\/\/veritasinfo.org\/wp-content\/uploads\/2026\/02\/albin-kurti-kuvendi-850x517-1.jpg","type":"image\/jpeg"}],"author":"US5","twitter_card":"summary_large_image","twitter_misc":{"Written by":"US5"},"schema":{"@context":"https:\/\/schema.org","@graph":[{"@type":"WebPage","@id":"https:\/\/veritasinfo.org\/?p=33094","url":"https:\/\/veritasinfo.org\/?p=33094","name":"Kurti: Krime ka kryer Serbia e Millosheviqit, barazimi mes krer\u00ebve t\u00eb U\u00c7K-s\u00eb dhe nj\u00eb regjimi gjenocidal i papranuesh\u00ebm -","isPartOf":{"@id":"https:\/\/veritasinfo.org\/#website"},"primaryImageOfPage":{"@id":"https:\/\/veritasinfo.org\/?p=33094#primaryimage"},"image":{"@id":"https:\/\/veritasinfo.org\/?p=33094#primaryimage"},"thumbnailUrl":"https:\/\/veritasinfo.org\/wp-content\/uploads\/2026\/02\/albin-kurti-kuvendi-850x517-1.jpg","datePublished":"2026-02-17T10:50:55+00:00","author":{"@id":"https:\/\/veritasinfo.org\/#\/schema\/person\/bc442336e35414d04494ab8fb45db4c6"},"breadcrumb":{"@id":"https:\/\/veritasinfo.org\/?p=33094#breadcrumb"},"inLanguage":"en-US","potentialAction":[{"@type":"ReadAction","target":["https:\/\/veritasinfo.org\/?p=33094"]}]},{"@type":"ImageObject","inLanguage":"en-US","@id":"https:\/\/veritasinfo.org\/?p=33094#primaryimage","url":"https:\/\/veritasinfo.org\/wp-content\/uploads\/2026\/02\/albin-kurti-kuvendi-850x517-1.jpg","contentUrl":"https:\/\/veritasinfo.org\/wp-content\/uploads\/2026\/02\/albin-kurti-kuvendi-850x517-1.jpg","width":850,"height":517},{"@type":"BreadcrumbList","@id":"https:\/\/veritasinfo.org\/?p=33094#breadcrumb","itemListElement":[{"@type":"ListItem","position":1,"name":"Home","item":"https:\/\/veritasinfo.org\/"},{"@type":"ListItem","position":2,"name":"Kurti: Krime ka kryer Serbia e Millosheviqit, barazimi mes krer\u00ebve t\u00eb U\u00c7K-s\u00eb dhe nj\u00eb regjimi gjenocidal i papranuesh\u00ebm"}]},{"@type":"WebSite","@id":"https:\/\/veritasinfo.org\/#website","url":"https:\/\/veritasinfo.org\/","name":"","description":"","potentialAction":[{"@type":"SearchAction","target":{"@type":"EntryPoint","urlTemplate":"https:\/\/veritasinfo.org\/?s={search_term_string}"},"query-input":{"@type":"PropertyValueSpecification","valueRequired":true,"valueName":"search_term_string"}}],"inLanguage":"en-US"},{"@type":"Person","@id":"https:\/\/veritasinfo.org\/#\/schema\/person\/bc442336e35414d04494ab8fb45db4c6","name":"US5","image":{"@type":"ImageObject","inLanguage":"en-US","@id":"https:\/\/veritasinfo.org\/#\/schema\/person\/image\/","url":"https:\/\/secure.gravatar.com\/avatar\/16a61e7272a0c5d001121ebb9e60e925d5816e4ac1e443ed3e640d9a6ae55d0c?s=96&d=mm&r=g","contentUrl":"https:\/\/secure.gravatar.com\/avatar\/16a61e7272a0c5d001121ebb9e60e925d5816e4ac1e443ed3e640d9a6ae55d0c?s=96&d=mm&r=g","caption":"US5"},"url":"https:\/\/veritasinfo.org\/?author=6"}]}},"featured_image_urls":{"full":["https:\/\/veritasinfo.org\/wp-content\/uploads\/2026\/02\/albin-kurti-kuvendi-850x517-1.jpg",850,517,false],"thumbnail":["https:\/\/veritasinfo.org\/wp-content\/uploads\/2026\/02\/albin-kurti-kuvendi-850x517-1-150x150.jpg",150,150,true],"medium":["https:\/\/veritasinfo.org\/wp-content\/uploads\/2026\/02\/albin-kurti-kuvendi-850x517-1-300x182.jpg",300,182,true],"medium_large":["https:\/\/veritasinfo.org\/wp-content\/uploads\/2026\/02\/albin-kurti-kuvendi-850x517-1-768x467.jpg",640,389,true],"large":["https:\/\/veritasinfo.org\/wp-content\/uploads\/2026\/02\/albin-kurti-kuvendi-850x517-1.jpg",640,389,false],"1536x1536":["https:\/\/veritasinfo.org\/wp-content\/uploads\/2026\/02\/albin-kurti-kuvendi-850x517-1.jpg",850,517,false],"2048x2048":["https:\/\/veritasinfo.org\/wp-content\/uploads\/2026\/02\/albin-kurti-kuvendi-850x517-1.jpg",850,517,false],"kreeti-slider-full":["https:\/\/veritasinfo.org\/wp-content\/uploads\/2026\/02\/albin-kurti-kuvendi-850x517-1.jpg",850,517,false],"kreeti-featured":["https:\/\/veritasinfo.org\/wp-content\/uploads\/2026\/02\/albin-kurti-kuvendi-850x517-1.jpg",850,517,false],"kreeti-medium":["https:\/\/veritasinfo.org\/wp-content\/uploads\/2026\/02\/albin-kurti-kuvendi-850x517-1.jpg",720,438,false],"kreeti-medium-square":["https:\/\/veritasinfo.org\/wp-content\/uploads\/2026\/02\/albin-kurti-kuvendi-850x517-1.jpg",350,213,false]},"author_info":{"info":["US5"]},"category_info":"<a href=\"https:\/\/veritasinfo.org\/?cat=60\" rel=\"category\">Shoq\u00ebrore<\/a>","tag_info":"Shoq\u00ebrore","comment_count":"0","_links":{"self":[{"href":"https:\/\/veritasinfo.org\/index.php?rest_route=\/wp\/v2\/posts\/33094","targetHints":{"allow":["GET"]}}],"collection":[{"href":"https:\/\/veritasinfo.org\/index.php?rest_route=\/wp\/v2\/posts"}],"about":[{"href":"https:\/\/veritasinfo.org\/index.php?rest_route=\/wp\/v2\/types\/post"}],"author":[{"embeddable":true,"href":"https:\/\/veritasinfo.org\/index.php?rest_route=\/wp\/v2\/users\/6"}],"replies":[{"embeddable":true,"href":"https:\/\/veritasinfo.org\/index.php?rest_route=%2Fwp%2Fv2%2Fcomments&post=33094"}],"version-history":[{"count":1,"href":"https:\/\/veritasinfo.org\/index.php?rest_route=\/wp\/v2\/posts\/33094\/revisions"}],"predecessor-version":[{"id":33095,"href":"https:\/\/veritasinfo.org\/index.php?rest_route=\/wp\/v2\/posts\/33094\/revisions\/33095"}],"wp:featuredmedia":[{"embeddable":true,"href":"https:\/\/veritasinfo.org\/index.php?rest_route=\/wp\/v2\/media\/33087"}],"wp:attachment":[{"href":"https:\/\/veritasinfo.org\/index.php?rest_route=%2Fwp%2Fv2%2Fmedia&parent=33094"}],"wp:term":[{"taxonomy":"category","embeddable":true,"href":"https:\/\/veritasinfo.org\/index.php?rest_route=%2Fwp%2Fv2%2Fcategories&post=33094"},{"taxonomy":"post_tag","embeddable":true,"href":"https:\/\/veritasinfo.org\/index.php?rest_route=%2Fwp%2Fv2%2Ftags&post=33094"}],"curies":[{"name":"wp","href":"https:\/\/api.w.org\/{rel}","templated":true}]}}