{"id":33070,"date":"2026-02-17T11:01:58","date_gmt":"2026-02-17T10:01:58","guid":{"rendered":"https:\/\/veritasinfo.org\/?p=33070"},"modified":"2026-02-17T11:01:58","modified_gmt":"2026-02-17T10:01:58","slug":"ambasada-e-gjermanise-uron-pavaresine-e-kosoves-krenare-per-partneritetin-tone-te-forte","status":"publish","type":"post","link":"https:\/\/veritasinfo.org\/?p=33070","title":{"rendered":"Ambasada e Gjermanis\u00eb uron Pavar\u00ebsin\u00eb e Kosov\u00ebs: Krenare p\u00ebr partneritetin ton\u00eb t\u00eb fort\u00eb"},"content":{"rendered":"<p>Prishtin\u00eb 17 Shkurt 2026 11:01<\/p>\n<p>P\u00ebrmes nj\u00eb postimi n\u00eb Facebook, ambasada thekson se Gjermania \u00ebsht\u00eb krenare q\u00eb ka partneritet t\u00eb fort\u00eb me Kosov\u00ebn, t\u00eb nd\u00ebrtuar shum\u00eb koh\u00eb para pavar\u00ebsis\u00eb dhe t\u00eb forcuar \u00e7do dit\u00eb q\u00eb at\u00ebher\u00eb, transmeton Klankosova.tv.<\/p>\n<p>\u201cNga Gjermania n\u00eb Prishtina dhe Kosova n\u00eb Berlin, sot festojm\u00eb s\u00eb bashku. Gjermania dhe Kosova jan\u00eb t\u00eb bashkuara nga demokracia, liria dhe respekti i nd\u00ebrsjell\u00eb. Si nj\u00eb nga vendet e para q\u00eb njohu pavar\u00ebsin\u00eb e Kosov\u00ebs, Gjermania \u00ebsht\u00eb krenare p\u00ebr partneritetin ton\u00eb t\u00eb fort\u00eb dhe t\u00eb q\u00ebndruesh\u00ebm \u2014 t\u00eb nd\u00ebrtuar shum\u00eb koh\u00eb para pavar\u00ebsis\u00eb dhe t\u00eb forcuar \u00e7do dit\u00eb q\u00eb at\u00ebher\u00eb\u201d, thuhet n\u00eb njoftim.<\/p>\n<p>\u201cGati 600,000 kosovar\u00eb q\u00eb jetojn\u00eb n\u00eb Gjermani e mbajn\u00eb lidhjen midis vendeve tona t\u00eb gjall\u00eb dhe t\u00eb gjall\u00eb. N\u00eb mosh\u00ebn tet\u00ebmb\u00ebdhjet\u00eb vje\u00e7, Kosova \u00ebsht\u00eb nj\u00eb histori e v\u00ebrtet\u00eb suksesi. Le t\u00eb vazhdojm\u00eb t\u00eb shkruajm\u00eb kapitullin tjet\u00ebr t\u00eb nj\u00eb t\u00eb ardhmeje t\u00eb ndritur t\u00eb p\u00ebrbashk\u00ebt. G\u00ebzuar Dit\u00ebn e Pavar\u00ebsis\u00eb!\u201d.<\/p>\n","protected":false},"excerpt":{"rendered":"<p>Prishtin\u00eb 17 Shkurt 2026 11:01 P\u00ebrmes nj\u00eb postimi n\u00eb Facebook, ambasada thekson se Gjermania \u00ebsht\u00eb krenare q\u00eb ka partneritet t\u00eb fort\u00eb me Kosov\u00ebn, t\u00eb nd\u00ebrtuar<\/p>\n","protected":false},"author":6,"featured_media":33072,"comment_status":"open","ping_status":"open","sticky":false,"template":"","format":"standard","meta":{"footnotes":""},"categories":[60],"tags":[],"class_list":["post-33070","post","type-post","status-publish","format-standard","has-post-thumbnail","hentry","category-shoqerore-sq"],"yoast_head":"<!-- This site is optimized with the Yoast SEO plugin v25.3.1 - https:\/\/yoast.com\/wordpress\/plugins\/seo\/ -->\n<title>Ambasada e Gjermanis\u00eb uron Pavar\u00ebsin\u00eb e Kosov\u00ebs: Krenare p\u00ebr partneritetin ton\u00eb t\u00eb fort\u00eb -<\/title>\n<meta name=\"robots\" content=\"index, follow, max-snippet:-1, max-image-preview:large, max-video-preview:-1\" \/>\n<link rel=\"canonical\" href=\"https:\/\/veritasinfo.org\/?p=33070\" \/>\n<meta property=\"og:locale\" content=\"en_US\" \/>\n<meta property=\"og:type\" content=\"article\" \/>\n<meta property=\"og:title\" content=\"Ambasada e Gjermanis\u00eb uron Pavar\u00ebsin\u00eb e Kosov\u00ebs: Krenare p\u00ebr partneritetin ton\u00eb t\u00eb fort\u00eb -\" \/>\n<meta property=\"og:description\" content=\"Prishtin\u00eb 17 Shkurt 2026 11:01 P\u00ebrmes nj\u00eb postimi n\u00eb Facebook, ambasada thekson se Gjermania \u00ebsht\u00eb krenare q\u00eb ka partneritet t\u00eb fort\u00eb me Kosov\u00ebn, t\u00eb nd\u00ebrtuar\" \/>\n<meta property=\"og:url\" content=\"https:\/\/veritasinfo.org\/?p=33070\" \/>\n<meta property=\"article:published_time\" content=\"2026-02-17T10:01:58+00:00\" \/>\n<meta property=\"og:image\" content=\"https:\/\/veritasinfo.org\/wp-content\/uploads\/2026\/02\/aaaaa-1.jpg\" \/>\n\t<meta property=\"og:image:width\" content=\"1040\" \/>\n\t<meta property=\"og:image:height\" content=\"613\" \/>\n\t<meta property=\"og:image:type\" content=\"image\/jpeg\" \/>\n<meta name=\"author\" content=\"US5\" \/>\n<meta name=\"twitter:card\" content=\"summary_large_image\" \/>\n<meta name=\"twitter:label1\" content=\"Written by\" \/>\n\t<meta name=\"twitter:data1\" content=\"US5\" \/>\n<script type=\"application\/ld+json\" class=\"yoast-schema-graph\">{\"@context\":\"https:\/\/schema.org\",\"@graph\":[{\"@type\":\"WebPage\",\"@id\":\"https:\/\/veritasinfo.org\/?p=33070\",\"url\":\"https:\/\/veritasinfo.org\/?p=33070\",\"name\":\"Ambasada e Gjermanis\u00eb uron Pavar\u00ebsin\u00eb e Kosov\u00ebs: Krenare p\u00ebr partneritetin ton\u00eb t\u00eb fort\u00eb -\",\"isPartOf\":{\"@id\":\"https:\/\/veritasinfo.org\/#website\"},\"primaryImageOfPage\":{\"@id\":\"https:\/\/veritasinfo.org\/?p=33070#primaryimage\"},\"image\":{\"@id\":\"https:\/\/veritasinfo.org\/?p=33070#primaryimage\"},\"thumbnailUrl\":\"https:\/\/veritasinfo.org\/wp-content\/uploads\/2026\/02\/aaaaa-1.jpg\",\"datePublished\":\"2026-02-17T10:01:58+00:00\",\"author\":{\"@id\":\"https:\/\/veritasinfo.org\/#\/schema\/person\/bc442336e35414d04494ab8fb45db4c6\"},\"breadcrumb\":{\"@id\":\"https:\/\/veritasinfo.org\/?p=33070#breadcrumb\"},\"inLanguage\":\"en-US\",\"potentialAction\":[{\"@type\":\"ReadAction\",\"target\":[\"https:\/\/veritasinfo.org\/?p=33070\"]}]},{\"@type\":\"ImageObject\",\"inLanguage\":\"en-US\",\"@id\":\"https:\/\/veritasinfo.org\/?p=33070#primaryimage\",\"url\":\"https:\/\/veritasinfo.org\/wp-content\/uploads\/2026\/02\/aaaaa-1.jpg\",\"contentUrl\":\"https:\/\/veritasinfo.org\/wp-content\/uploads\/2026\/02\/aaaaa-1.jpg\",\"width\":1040,\"height\":613},{\"@type\":\"BreadcrumbList\",\"@id\":\"https:\/\/veritasinfo.org\/?p=33070#breadcrumb\",\"itemListElement\":[{\"@type\":\"ListItem\",\"position\":1,\"name\":\"Home\",\"item\":\"https:\/\/veritasinfo.org\/\"},{\"@type\":\"ListItem\",\"position\":2,\"name\":\"Ambasada e Gjermanis\u00eb uron Pavar\u00ebsin\u00eb e Kosov\u00ebs: Krenare p\u00ebr partneritetin ton\u00eb t\u00eb fort\u00eb\"}]},{\"@type\":\"WebSite\",\"@id\":\"https:\/\/veritasinfo.org\/#website\",\"url\":\"https:\/\/veritasinfo.org\/\",\"name\":\"\",\"description\":\"\",\"potentialAction\":[{\"@type\":\"SearchAction\",\"target\":{\"@type\":\"EntryPoint\",\"urlTemplate\":\"https:\/\/veritasinfo.org\/?s={search_term_string}\"},\"query-input\":{\"@type\":\"PropertyValueSpecification\",\"valueRequired\":true,\"valueName\":\"search_term_string\"}}],\"inLanguage\":\"en-US\"},{\"@type\":\"Person\",\"@id\":\"https:\/\/veritasinfo.org\/#\/schema\/person\/bc442336e35414d04494ab8fb45db4c6\",\"name\":\"US5\",\"image\":{\"@type\":\"ImageObject\",\"inLanguage\":\"en-US\",\"@id\":\"https:\/\/veritasinfo.org\/#\/schema\/person\/image\/\",\"url\":\"https:\/\/secure.gravatar.com\/avatar\/16a61e7272a0c5d001121ebb9e60e925d5816e4ac1e443ed3e640d9a6ae55d0c?s=96&d=mm&r=g\",\"contentUrl\":\"https:\/\/secure.gravatar.com\/avatar\/16a61e7272a0c5d001121ebb9e60e925d5816e4ac1e443ed3e640d9a6ae55d0c?s=96&d=mm&r=g\",\"caption\":\"US5\"},\"url\":\"https:\/\/veritasinfo.org\/?author=6\"}]}<\/script>\n<!-- \/ Yoast SEO plugin. -->","yoast_head_json":{"title":"Ambasada e Gjermanis\u00eb uron Pavar\u00ebsin\u00eb e Kosov\u00ebs: Krenare p\u00ebr partneritetin ton\u00eb t\u00eb fort\u00eb -","robots":{"index":"index","follow":"follow","max-snippet":"max-snippet:-1","max-image-preview":"max-image-preview:large","max-video-preview":"max-video-preview:-1"},"canonical":"https:\/\/veritasinfo.org\/?p=33070","og_locale":"en_US","og_type":"article","og_title":"Ambasada e Gjermanis\u00eb uron Pavar\u00ebsin\u00eb e Kosov\u00ebs: Krenare p\u00ebr partneritetin ton\u00eb t\u00eb fort\u00eb -","og_description":"Prishtin\u00eb 17 Shkurt 2026 11:01 P\u00ebrmes nj\u00eb postimi n\u00eb Facebook, ambasada thekson se Gjermania \u00ebsht\u00eb krenare q\u00eb ka partneritet t\u00eb fort\u00eb me Kosov\u00ebn, t\u00eb nd\u00ebrtuar","og_url":"https:\/\/veritasinfo.org\/?p=33070","article_published_time":"2026-02-17T10:01:58+00:00","og_image":[{"width":1040,"height":613,"url":"https:\/\/veritasinfo.org\/wp-content\/uploads\/2026\/02\/aaaaa-1.jpg","type":"image\/jpeg"}],"author":"US5","twitter_card":"summary_large_image","twitter_misc":{"Written by":"US5"},"schema":{"@context":"https:\/\/schema.org","@graph":[{"@type":"WebPage","@id":"https:\/\/veritasinfo.org\/?p=33070","url":"https:\/\/veritasinfo.org\/?p=33070","name":"Ambasada e Gjermanis\u00eb uron Pavar\u00ebsin\u00eb e Kosov\u00ebs: Krenare p\u00ebr partneritetin ton\u00eb t\u00eb fort\u00eb -","isPartOf":{"@id":"https:\/\/veritasinfo.org\/#website"},"primaryImageOfPage":{"@id":"https:\/\/veritasinfo.org\/?p=33070#primaryimage"},"image":{"@id":"https:\/\/veritasinfo.org\/?p=33070#primaryimage"},"thumbnailUrl":"https:\/\/veritasinfo.org\/wp-content\/uploads\/2026\/02\/aaaaa-1.jpg","datePublished":"2026-02-17T10:01:58+00:00","author":{"@id":"https:\/\/veritasinfo.org\/#\/schema\/person\/bc442336e35414d04494ab8fb45db4c6"},"breadcrumb":{"@id":"https:\/\/veritasinfo.org\/?p=33070#breadcrumb"},"inLanguage":"en-US","potentialAction":[{"@type":"ReadAction","target":["https:\/\/veritasinfo.org\/?p=33070"]}]},{"@type":"ImageObject","inLanguage":"en-US","@id":"https:\/\/veritasinfo.org\/?p=33070#primaryimage","url":"https:\/\/veritasinfo.org\/wp-content\/uploads\/2026\/02\/aaaaa-1.jpg","contentUrl":"https:\/\/veritasinfo.org\/wp-content\/uploads\/2026\/02\/aaaaa-1.jpg","width":1040,"height":613},{"@type":"BreadcrumbList","@id":"https:\/\/veritasinfo.org\/?p=33070#breadcrumb","itemListElement":[{"@type":"ListItem","position":1,"name":"Home","item":"https:\/\/veritasinfo.org\/"},{"@type":"ListItem","position":2,"name":"Ambasada e Gjermanis\u00eb uron Pavar\u00ebsin\u00eb e Kosov\u00ebs: Krenare p\u00ebr partneritetin ton\u00eb t\u00eb fort\u00eb"}]},{"@type":"WebSite","@id":"https:\/\/veritasinfo.org\/#website","url":"https:\/\/veritasinfo.org\/","name":"","description":"","potentialAction":[{"@type":"SearchAction","target":{"@type":"EntryPoint","urlTemplate":"https:\/\/veritasinfo.org\/?s={search_term_string}"},"query-input":{"@type":"PropertyValueSpecification","valueRequired":true,"valueName":"search_term_string"}}],"inLanguage":"en-US"},{"@type":"Person","@id":"https:\/\/veritasinfo.org\/#\/schema\/person\/bc442336e35414d04494ab8fb45db4c6","name":"US5","image":{"@type":"ImageObject","inLanguage":"en-US","@id":"https:\/\/veritasinfo.org\/#\/schema\/person\/image\/","url":"https:\/\/secure.gravatar.com\/avatar\/16a61e7272a0c5d001121ebb9e60e925d5816e4ac1e443ed3e640d9a6ae55d0c?s=96&d=mm&r=g","contentUrl":"https:\/\/secure.gravatar.com\/avatar\/16a61e7272a0c5d001121ebb9e60e925d5816e4ac1e443ed3e640d9a6ae55d0c?s=96&d=mm&r=g","caption":"US5"},"url":"https:\/\/veritasinfo.org\/?author=6"}]}},"featured_image_urls":{"full":["https:\/\/veritasinfo.org\/wp-content\/uploads\/2026\/02\/aaaaa-1.jpg",1040,613,false],"thumbnail":["https:\/\/veritasinfo.org\/wp-content\/uploads\/2026\/02\/aaaaa-1-150x150.jpg",150,150,true],"medium":["https:\/\/veritasinfo.org\/wp-content\/uploads\/2026\/02\/aaaaa-1-300x177.jpg",300,177,true],"medium_large":["https:\/\/veritasinfo.org\/wp-content\/uploads\/2026\/02\/aaaaa-1-768x453.jpg",640,378,true],"large":["https:\/\/veritasinfo.org\/wp-content\/uploads\/2026\/02\/aaaaa-1-1024x604.jpg",640,378,true],"1536x1536":["https:\/\/veritasinfo.org\/wp-content\/uploads\/2026\/02\/aaaaa-1.jpg",1040,613,false],"2048x2048":["https:\/\/veritasinfo.org\/wp-content\/uploads\/2026\/02\/aaaaa-1.jpg",1040,613,false],"kreeti-slider-full":["https:\/\/veritasinfo.org\/wp-content\/uploads\/2026\/02\/aaaaa-1.jpg",1040,613,false],"kreeti-featured":["https:\/\/veritasinfo.org\/wp-content\/uploads\/2026\/02\/aaaaa-1.jpg",1024,604,false],"kreeti-medium":["https:\/\/veritasinfo.org\/wp-content\/uploads\/2026\/02\/aaaaa-1.jpg",720,424,false],"kreeti-medium-square":["https:\/\/veritasinfo.org\/wp-content\/uploads\/2026\/02\/aaaaa-1.jpg",350,206,false]},"author_info":{"info":["US5"]},"category_info":"<a href=\"https:\/\/veritasinfo.org\/?cat=60\" rel=\"category\">Shoq\u00ebrore<\/a>","tag_info":"Shoq\u00ebrore","comment_count":"0","_links":{"self":[{"href":"https:\/\/veritasinfo.org\/index.php?rest_route=\/wp\/v2\/posts\/33070","targetHints":{"allow":["GET"]}}],"collection":[{"href":"https:\/\/veritasinfo.org\/index.php?rest_route=\/wp\/v2\/posts"}],"about":[{"href":"https:\/\/veritasinfo.org\/index.php?rest_route=\/wp\/v2\/types\/post"}],"author":[{"embeddable":true,"href":"https:\/\/veritasinfo.org\/index.php?rest_route=\/wp\/v2\/users\/6"}],"replies":[{"embeddable":true,"href":"https:\/\/veritasinfo.org\/index.php?rest_route=%2Fwp%2Fv2%2Fcomments&post=33070"}],"version-history":[{"count":1,"href":"https:\/\/veritasinfo.org\/index.php?rest_route=\/wp\/v2\/posts\/33070\/revisions"}],"predecessor-version":[{"id":33073,"href":"https:\/\/veritasinfo.org\/index.php?rest_route=\/wp\/v2\/posts\/33070\/revisions\/33073"}],"wp:featuredmedia":[{"embeddable":true,"href":"https:\/\/veritasinfo.org\/index.php?rest_route=\/wp\/v2\/media\/33072"}],"wp:attachment":[{"href":"https:\/\/veritasinfo.org\/index.php?rest_route=%2Fwp%2Fv2%2Fmedia&parent=33070"}],"wp:term":[{"taxonomy":"category","embeddable":true,"href":"https:\/\/veritasinfo.org\/index.php?rest_route=%2Fwp%2Fv2%2Fcategories&post=33070"},{"taxonomy":"post_tag","embeddable":true,"href":"https:\/\/veritasinfo.org\/index.php?rest_route=%2Fwp%2Fv2%2Ftags&post=33070"}],"curies":[{"name":"wp","href":"https:\/\/api.w.org\/{rel}","templated":true}]}}