{"id":33062,"date":"2026-02-17T10:03:16","date_gmt":"2026-02-17T09:03:16","guid":{"rendered":"https:\/\/veritasinfo.org\/?p=33062"},"modified":"2026-02-17T10:03:16","modified_gmt":"2026-02-17T09:03:16","slug":"me-27-shkurt-nis-gjykimi-i-dyte-ndaj-thacit","status":"publish","type":"post","link":"https:\/\/veritasinfo.org\/?p=33062","title":{"rendered":"M\u00eb 27 shkurt nis gjykimi i dyt\u00eb ndaj Tha\u00e7it"},"content":{"rendered":"<p>Prishtin\u00eb, 17 shkurt 2026 10:00<\/p>\n<p>Dhomat e Specializuara t\u00eb Kosov\u00ebs n\u00eb Hag\u00eb kan\u00eb njoftuar se m\u00eb 27 shkurt do t\u00eb mbahen deklaratat hyr\u00ebse n\u00eb gjykimin e dyt\u00eb ndaj ish-presidnetit Hashim Tha\u00e7i, e n\u00eb t\u00eb cilin p\u00ebrfshihen edhe Bashkim Smakaj, Isni Kilaj, Fadil Fazliu dhe Hajredin Ku\u00e7i.<\/p>\n<p>N\u00eb njoftimin e Gjykat\u00ebs thuhet se seanca planifikohet t\u00eb filloj\u00eb n\u00eb or\u00ebn 09:30 dhe t\u00eb p\u00ebrfundoj\u00eb n\u00eb or\u00ebn 16:00.<\/p>\n<p>Aktakuza fillestare kund\u00ebr pes\u00eb t\u00eb akuzuarve u konfirmua m\u00eb 29 n\u00ebntor 2024 dhe u ndryshua m\u00eb 16 prill 2025. Kjo \u00ebsht\u00eb aktakuza n\u00eb fuqi n\u00eb k\u00ebt\u00eb \u00e7\u00ebshtje gjyq\u00ebsore.<\/p>\n<p>Sipas aktakuz\u00ebs, midis 12 prillit 2023 dhe 2 n\u00ebntorit 2023, gjat\u00eb vizitave t\u00eb ndryshme n\u00eb objektin e paraburgimit, Tha\u00e7i u dha Smakajt, Kilajt, Fazliut dhe Ku\u00e7it informacion konfidencial p\u00ebr d\u00ebshmitar\u00eb t\u00eb thirrur nga Prokuroria n\u00eb \u00e7\u00ebshtjen gjyq\u00ebsore p\u00ebr krime lufte Tha\u00e7i dhe t\u00eb tjer\u00ebt, duke i udh\u00ebzuar ata \u201cq\u00eb t\u00eb ndikonin n\u00eb d\u00ebshmit\u00eb e d\u00ebshmitar\u00ebve dhe u dha holl\u00ebsi se si t\u00eb vepronin\u201d.<\/p>\n<p>N\u00eb aktakuz\u00eb m\u00eb tej pretendohet se Tha\u00e7i bashk\u00ebrendoi tre grupe, t\u00eb p\u00ebrb\u00ebra nga Smakaj, Fazliu, Kilaj, Ku\u00e7i dhe persona t\u00eb tjer\u00eb p\u00ebr t\u00eb cil\u00ebt nuk jan\u00eb ngritur akuza me q\u00ebllimin e nd\u00ebrhyrjes n\u00eb d\u00ebshmit\u00eb e d\u00ebshmitar\u00ebve t\u00eb thirrur nga Prokuroria n\u00eb gjykimin aktual p\u00ebr krime lufte Tha\u00e7i dhe t\u00eb tjer\u00ebt.<\/p>\n<p>\u201cIsni Kilaj u arrestua s\u00eb pari si i dyshuar m\u00eb 2 n\u00ebntor 2023, dhe u lirua p\u00ebrkoh\u00ebsisht me kushte t\u00eb rrepta m\u00eb 15 maj 2024. Pas konfirmimit t\u00eb aktakuz\u00ebs, m\u00eb 5 dhe 6 dhjetor 2024, Isni Kilaj, Bashkim Smakaj dhe Fadil Fazliu u arrestuan dhe transferuan n\u00eb nj\u00ebsin\u00eb e paraburgimit t\u00eb DHSK-s\u00eb. Hashim Tha\u00e7it iu dor\u00ebzua fletarrestimi n\u00eb objektin e paraburgimit t\u00eb DHSK-s\u00eb, nd\u00ebrsa Hajredin Ku\u00e7it iu dor\u00ebzua flet\u00ebthirrja p\u00ebr paraqitjen e par\u00eb. Pes\u00eb t\u00eb akuzuarit u vet\u00ebdeklaruan t\u00eb pafajsh\u00ebm. Prokuroria dor\u00ebzoi dosjen paraprake t\u00eb saj m\u00eb 19 shtator 2025. Z. Smakaj, z. Tha\u00e7i dhe z. Fazliu dor\u00ebzuan dosjet paraprake t\u00eb tyre m\u00eb 19 dhe 20 tetor 2025. Dosja e \u00e7\u00ebshtjes iu kalua p\u00ebr gjykim Gjykat\u00ebsit t\u00eb Vet\u00ebm m\u00eb 12 n\u00ebntor 2025. Isni Kilaj u lirua me kusht n\u00eb Kosov\u00eb p\u00ebr t\u00eb dyt\u00ebn her\u00eb n\u00eb baz\u00eb t\u00eb vendimit t\u00eb Gjykat\u00ebsit t\u00eb Vet\u00ebm m\u00eb 10 dhjetor 2025. Bashkim Smakaj dhe Fadil Fazliu u liruan me kusht m\u00eb 10 shkurt 2026 n\u00eb baz\u00eb t\u00eb vendimit t\u00eb Gjykat\u00ebsit t\u00eb Vet\u00ebm\u201d, thuhet n\u00eb aktakuz\u00eb.<\/p>\n","protected":false},"excerpt":{"rendered":"<p>Prishtin\u00eb, 17 shkurt 2026 10:00 Dhomat e Specializuara t\u00eb Kosov\u00ebs n\u00eb Hag\u00eb kan\u00eb njoftuar se m\u00eb 27 shkurt do t\u00eb mbahen deklaratat hyr\u00ebse n\u00eb gjykimin<\/p>\n","protected":false},"author":7,"featured_media":33063,"comment_status":"open","ping_status":"open","sticky":false,"template":"","format":"standard","meta":{"footnotes":""},"categories":[60],"tags":[],"class_list":["post-33062","post","type-post","status-publish","format-standard","has-post-thumbnail","hentry","category-shoqerore-sq"],"yoast_head":"<!-- This site is optimized with the Yoast SEO plugin v25.3.1 - https:\/\/yoast.com\/wordpress\/plugins\/seo\/ -->\n<title>M\u00eb 27 shkurt nis gjykimi i dyt\u00eb ndaj Tha\u00e7it -<\/title>\n<meta name=\"robots\" content=\"index, follow, max-snippet:-1, max-image-preview:large, max-video-preview:-1\" \/>\n<link rel=\"canonical\" href=\"https:\/\/veritasinfo.org\/?p=33062\" \/>\n<meta property=\"og:locale\" content=\"en_US\" \/>\n<meta property=\"og:type\" content=\"article\" \/>\n<meta property=\"og:title\" content=\"M\u00eb 27 shkurt nis gjykimi i dyt\u00eb ndaj Tha\u00e7it -\" \/>\n<meta property=\"og:description\" content=\"Prishtin\u00eb, 17 shkurt 2026 10:00 Dhomat e Specializuara t\u00eb Kosov\u00ebs n\u00eb Hag\u00eb kan\u00eb njoftuar se m\u00eb 27 shkurt do t\u00eb mbahen deklaratat hyr\u00ebse n\u00eb gjykimin\" \/>\n<meta property=\"og:url\" content=\"https:\/\/veritasinfo.org\/?p=33062\" \/>\n<meta property=\"article:published_time\" content=\"2026-02-17T09:03:16+00:00\" \/>\n<meta property=\"og:image\" content=\"https:\/\/veritasinfo.org\/wp-content\/uploads\/2026\/02\/c0dd1a53-eae2-4598-b54d-1835fcbbc57b.webp\" \/>\n\t<meta property=\"og:image:width\" content=\"1360\" \/>\n\t<meta property=\"og:image:height\" content=\"870\" \/>\n\t<meta property=\"og:image:type\" content=\"image\/webp\" \/>\n<meta name=\"author\" content=\"US6\" \/>\n<meta name=\"twitter:card\" content=\"summary_large_image\" \/>\n<meta name=\"twitter:label1\" content=\"Written by\" \/>\n\t<meta name=\"twitter:data1\" content=\"US6\" \/>\n\t<meta name=\"twitter:label2\" content=\"Est. reading time\" \/>\n\t<meta name=\"twitter:data2\" content=\"2 minutes\" \/>\n<script type=\"application\/ld+json\" class=\"yoast-schema-graph\">{\"@context\":\"https:\/\/schema.org\",\"@graph\":[{\"@type\":\"WebPage\",\"@id\":\"https:\/\/veritasinfo.org\/?p=33062\",\"url\":\"https:\/\/veritasinfo.org\/?p=33062\",\"name\":\"M\u00eb 27 shkurt nis gjykimi i dyt\u00eb ndaj Tha\u00e7it -\",\"isPartOf\":{\"@id\":\"https:\/\/veritasinfo.org\/#website\"},\"primaryImageOfPage\":{\"@id\":\"https:\/\/veritasinfo.org\/?p=33062#primaryimage\"},\"image\":{\"@id\":\"https:\/\/veritasinfo.org\/?p=33062#primaryimage\"},\"thumbnailUrl\":\"https:\/\/veritasinfo.org\/wp-content\/uploads\/2026\/02\/c0dd1a53-eae2-4598-b54d-1835fcbbc57b.webp\",\"datePublished\":\"2026-02-17T09:03:16+00:00\",\"author\":{\"@id\":\"https:\/\/veritasinfo.org\/#\/schema\/person\/fe199eede04c3937362892b7444747cc\"},\"breadcrumb\":{\"@id\":\"https:\/\/veritasinfo.org\/?p=33062#breadcrumb\"},\"inLanguage\":\"en-US\",\"potentialAction\":[{\"@type\":\"ReadAction\",\"target\":[\"https:\/\/veritasinfo.org\/?p=33062\"]}]},{\"@type\":\"ImageObject\",\"inLanguage\":\"en-US\",\"@id\":\"https:\/\/veritasinfo.org\/?p=33062#primaryimage\",\"url\":\"https:\/\/veritasinfo.org\/wp-content\/uploads\/2026\/02\/c0dd1a53-eae2-4598-b54d-1835fcbbc57b.webp\",\"contentUrl\":\"https:\/\/veritasinfo.org\/wp-content\/uploads\/2026\/02\/c0dd1a53-eae2-4598-b54d-1835fcbbc57b.webp\",\"width\":1360,\"height\":870},{\"@type\":\"BreadcrumbList\",\"@id\":\"https:\/\/veritasinfo.org\/?p=33062#breadcrumb\",\"itemListElement\":[{\"@type\":\"ListItem\",\"position\":1,\"name\":\"Home\",\"item\":\"https:\/\/veritasinfo.org\/\"},{\"@type\":\"ListItem\",\"position\":2,\"name\":\"M\u00eb 27 shkurt nis gjykimi i dyt\u00eb ndaj Tha\u00e7it\"}]},{\"@type\":\"WebSite\",\"@id\":\"https:\/\/veritasinfo.org\/#website\",\"url\":\"https:\/\/veritasinfo.org\/\",\"name\":\"\",\"description\":\"\",\"potentialAction\":[{\"@type\":\"SearchAction\",\"target\":{\"@type\":\"EntryPoint\",\"urlTemplate\":\"https:\/\/veritasinfo.org\/?s={search_term_string}\"},\"query-input\":{\"@type\":\"PropertyValueSpecification\",\"valueRequired\":true,\"valueName\":\"search_term_string\"}}],\"inLanguage\":\"en-US\"},{\"@type\":\"Person\",\"@id\":\"https:\/\/veritasinfo.org\/#\/schema\/person\/fe199eede04c3937362892b7444747cc\",\"name\":\"US6\",\"image\":{\"@type\":\"ImageObject\",\"inLanguage\":\"en-US\",\"@id\":\"https:\/\/veritasinfo.org\/#\/schema\/person\/image\/\",\"url\":\"https:\/\/secure.gravatar.com\/avatar\/cb16c3c31c9d23b9b8c705964598220b3014e42ff51eb540ff23cefa3ae8c15f?s=96&d=mm&r=g\",\"contentUrl\":\"https:\/\/secure.gravatar.com\/avatar\/cb16c3c31c9d23b9b8c705964598220b3014e42ff51eb540ff23cefa3ae8c15f?s=96&d=mm&r=g\",\"caption\":\"US6\"},\"url\":\"https:\/\/veritasinfo.org\/?author=7\"}]}<\/script>\n<!-- \/ Yoast SEO plugin. -->","yoast_head_json":{"title":"M\u00eb 27 shkurt nis gjykimi i dyt\u00eb ndaj Tha\u00e7it -","robots":{"index":"index","follow":"follow","max-snippet":"max-snippet:-1","max-image-preview":"max-image-preview:large","max-video-preview":"max-video-preview:-1"},"canonical":"https:\/\/veritasinfo.org\/?p=33062","og_locale":"en_US","og_type":"article","og_title":"M\u00eb 27 shkurt nis gjykimi i dyt\u00eb ndaj Tha\u00e7it -","og_description":"Prishtin\u00eb, 17 shkurt 2026 10:00 Dhomat e Specializuara t\u00eb Kosov\u00ebs n\u00eb Hag\u00eb kan\u00eb njoftuar se m\u00eb 27 shkurt do t\u00eb mbahen deklaratat hyr\u00ebse n\u00eb gjykimin","og_url":"https:\/\/veritasinfo.org\/?p=33062","article_published_time":"2026-02-17T09:03:16+00:00","og_image":[{"width":1360,"height":870,"url":"https:\/\/veritasinfo.org\/wp-content\/uploads\/2026\/02\/c0dd1a53-eae2-4598-b54d-1835fcbbc57b.webp","type":"image\/webp"}],"author":"US6","twitter_card":"summary_large_image","twitter_misc":{"Written by":"US6","Est. reading time":"2 minutes"},"schema":{"@context":"https:\/\/schema.org","@graph":[{"@type":"WebPage","@id":"https:\/\/veritasinfo.org\/?p=33062","url":"https:\/\/veritasinfo.org\/?p=33062","name":"M\u00eb 27 shkurt nis gjykimi i dyt\u00eb ndaj Tha\u00e7it -","isPartOf":{"@id":"https:\/\/veritasinfo.org\/#website"},"primaryImageOfPage":{"@id":"https:\/\/veritasinfo.org\/?p=33062#primaryimage"},"image":{"@id":"https:\/\/veritasinfo.org\/?p=33062#primaryimage"},"thumbnailUrl":"https:\/\/veritasinfo.org\/wp-content\/uploads\/2026\/02\/c0dd1a53-eae2-4598-b54d-1835fcbbc57b.webp","datePublished":"2026-02-17T09:03:16+00:00","author":{"@id":"https:\/\/veritasinfo.org\/#\/schema\/person\/fe199eede04c3937362892b7444747cc"},"breadcrumb":{"@id":"https:\/\/veritasinfo.org\/?p=33062#breadcrumb"},"inLanguage":"en-US","potentialAction":[{"@type":"ReadAction","target":["https:\/\/veritasinfo.org\/?p=33062"]}]},{"@type":"ImageObject","inLanguage":"en-US","@id":"https:\/\/veritasinfo.org\/?p=33062#primaryimage","url":"https:\/\/veritasinfo.org\/wp-content\/uploads\/2026\/02\/c0dd1a53-eae2-4598-b54d-1835fcbbc57b.webp","contentUrl":"https:\/\/veritasinfo.org\/wp-content\/uploads\/2026\/02\/c0dd1a53-eae2-4598-b54d-1835fcbbc57b.webp","width":1360,"height":870},{"@type":"BreadcrumbList","@id":"https:\/\/veritasinfo.org\/?p=33062#breadcrumb","itemListElement":[{"@type":"ListItem","position":1,"name":"Home","item":"https:\/\/veritasinfo.org\/"},{"@type":"ListItem","position":2,"name":"M\u00eb 27 shkurt nis gjykimi i dyt\u00eb ndaj Tha\u00e7it"}]},{"@type":"WebSite","@id":"https:\/\/veritasinfo.org\/#website","url":"https:\/\/veritasinfo.org\/","name":"","description":"","potentialAction":[{"@type":"SearchAction","target":{"@type":"EntryPoint","urlTemplate":"https:\/\/veritasinfo.org\/?s={search_term_string}"},"query-input":{"@type":"PropertyValueSpecification","valueRequired":true,"valueName":"search_term_string"}}],"inLanguage":"en-US"},{"@type":"Person","@id":"https:\/\/veritasinfo.org\/#\/schema\/person\/fe199eede04c3937362892b7444747cc","name":"US6","image":{"@type":"ImageObject","inLanguage":"en-US","@id":"https:\/\/veritasinfo.org\/#\/schema\/person\/image\/","url":"https:\/\/secure.gravatar.com\/avatar\/cb16c3c31c9d23b9b8c705964598220b3014e42ff51eb540ff23cefa3ae8c15f?s=96&d=mm&r=g","contentUrl":"https:\/\/secure.gravatar.com\/avatar\/cb16c3c31c9d23b9b8c705964598220b3014e42ff51eb540ff23cefa3ae8c15f?s=96&d=mm&r=g","caption":"US6"},"url":"https:\/\/veritasinfo.org\/?author=7"}]}},"featured_image_urls":{"full":["https:\/\/veritasinfo.org\/wp-content\/uploads\/2026\/02\/c0dd1a53-eae2-4598-b54d-1835fcbbc57b.webp",1360,870,false],"thumbnail":["https:\/\/veritasinfo.org\/wp-content\/uploads\/2026\/02\/c0dd1a53-eae2-4598-b54d-1835fcbbc57b-150x150.webp",150,150,true],"medium":["https:\/\/veritasinfo.org\/wp-content\/uploads\/2026\/02\/c0dd1a53-eae2-4598-b54d-1835fcbbc57b-300x192.webp",300,192,true],"medium_large":["https:\/\/veritasinfo.org\/wp-content\/uploads\/2026\/02\/c0dd1a53-eae2-4598-b54d-1835fcbbc57b-768x491.webp",640,409,true],"large":["https:\/\/veritasinfo.org\/wp-content\/uploads\/2026\/02\/c0dd1a53-eae2-4598-b54d-1835fcbbc57b-1024x655.webp",640,409,true],"1536x1536":["https:\/\/veritasinfo.org\/wp-content\/uploads\/2026\/02\/c0dd1a53-eae2-4598-b54d-1835fcbbc57b.webp",1360,870,false],"2048x2048":["https:\/\/veritasinfo.org\/wp-content\/uploads\/2026\/02\/c0dd1a53-eae2-4598-b54d-1835fcbbc57b.webp",1360,870,false],"kreeti-slider-full":["https:\/\/veritasinfo.org\/wp-content\/uploads\/2026\/02\/c0dd1a53-eae2-4598-b54d-1835fcbbc57b.webp",1126,720,false],"kreeti-featured":["https:\/\/veritasinfo.org\/wp-content\/uploads\/2026\/02\/c0dd1a53-eae2-4598-b54d-1835fcbbc57b.webp",1024,655,false],"kreeti-medium":["https:\/\/veritasinfo.org\/wp-content\/uploads\/2026\/02\/c0dd1a53-eae2-4598-b54d-1835fcbbc57b.webp",720,461,false],"kreeti-medium-square":["https:\/\/veritasinfo.org\/wp-content\/uploads\/2026\/02\/c0dd1a53-eae2-4598-b54d-1835fcbbc57b.webp",350,224,false]},"author_info":{"info":["US6"]},"category_info":"<a href=\"https:\/\/veritasinfo.org\/?cat=60\" rel=\"category\">Shoq\u00ebrore<\/a>","tag_info":"Shoq\u00ebrore","comment_count":"0","_links":{"self":[{"href":"https:\/\/veritasinfo.org\/index.php?rest_route=\/wp\/v2\/posts\/33062","targetHints":{"allow":["GET"]}}],"collection":[{"href":"https:\/\/veritasinfo.org\/index.php?rest_route=\/wp\/v2\/posts"}],"about":[{"href":"https:\/\/veritasinfo.org\/index.php?rest_route=\/wp\/v2\/types\/post"}],"author":[{"embeddable":true,"href":"https:\/\/veritasinfo.org\/index.php?rest_route=\/wp\/v2\/users\/7"}],"replies":[{"embeddable":true,"href":"https:\/\/veritasinfo.org\/index.php?rest_route=%2Fwp%2Fv2%2Fcomments&post=33062"}],"version-history":[{"count":1,"href":"https:\/\/veritasinfo.org\/index.php?rest_route=\/wp\/v2\/posts\/33062\/revisions"}],"predecessor-version":[{"id":33064,"href":"https:\/\/veritasinfo.org\/index.php?rest_route=\/wp\/v2\/posts\/33062\/revisions\/33064"}],"wp:featuredmedia":[{"embeddable":true,"href":"https:\/\/veritasinfo.org\/index.php?rest_route=\/wp\/v2\/media\/33063"}],"wp:attachment":[{"href":"https:\/\/veritasinfo.org\/index.php?rest_route=%2Fwp%2Fv2%2Fmedia&parent=33062"}],"wp:term":[{"taxonomy":"category","embeddable":true,"href":"https:\/\/veritasinfo.org\/index.php?rest_route=%2Fwp%2Fv2%2Fcategories&post=33062"},{"taxonomy":"post_tag","embeddable":true,"href":"https:\/\/veritasinfo.org\/index.php?rest_route=%2Fwp%2Fv2%2Ftags&post=33062"}],"curies":[{"name":"wp","href":"https:\/\/api.w.org\/{rel}","templated":true}]}}