{"id":33032,"date":"2026-02-17T08:24:01","date_gmt":"2026-02-17T07:24:01","guid":{"rendered":"https:\/\/veritasinfo.org\/?p=33032"},"modified":"2026-02-17T08:24:01","modified_gmt":"2026-02-17T07:24:01","slug":"osmani-ne-18-vjetorin-e-pavaresise-sot-kosova-hyn-ne-moshen-e-pjekurise","status":"publish","type":"post","link":"https:\/\/veritasinfo.org\/?p=33032","title":{"rendered":"Osmani n\u00eb 18-vjetorin e pavar\u00ebsis\u00eb: Sot Kosova hyn n\u00eb mosh\u00ebn e pjekuris\u00eb"},"content":{"rendered":"<p>Prishtin\u00eb 17 Shkurt 2026 08:23<\/p>\n<p>Presidentja e Kosov\u00ebs, Vjosa Osmani ka uruar qytetar\u00ebt n\u00eb 18-vjetorin e pavar\u00ebsis\u00eb s\u00eb Kosov\u00ebs, ku tha se shum\u00eb breza sakrifikuan jet\u00ebn e tyre, q\u00eb sot qytetar\u00ebt e saj edhe e g\u00ebzojn\u00eb lirin\u00eb, raporton Ekonomia Online.<\/p>\n<p>Pas ceremonis\u00eb s\u00eb ngritjes s\u00eb flamurit Osmani tha se sot Kosova hyn n\u00eb mosh\u00ebn e pjekuris\u00eb.<\/p>\n<p>\u201cI uroj t\u00eb gjith\u00eb qytetar\u00ebt e Republik\u00ebs s\u00eb Kosov\u00ebs p\u00ebr 18-vjetorin e Pavar\u00ebsis\u00eb s\u00eb shtetit ton\u00eb sovran dhe t\u00eb pavarur. \u00cbsht\u00eb nj\u00eb dit\u00eb ku t\u00eb gjith\u00eb b\u00ebhemi bashk\u00eb. N\u00eb radh\u00eb t\u00eb par\u00eb p\u00ebr t\u00eb festuar k\u00ebt\u00eb p\u00ebrvjetor t\u00eb shtetit ton\u00eb t\u00eb ri, i cili tashm\u00eb po hyn n\u00eb mosh\u00eb t\u00eb pjekuris\u00eb, dhe n\u00eb t\u00eb nj\u00ebjt\u00ebn koh\u00eb b\u00ebhemi bashk\u00eb p\u00ebr t\u00eb p\u00ebrkujtuar t\u00eb gjith\u00eb ata q\u00eb sakrifikuan gjith\u00e7ka q\u00eb ne sot ta g\u00ebzojm\u00eb shtetin. Natyrisht q\u00eb sakrifica p\u00ebr t\u00eb arritur deri k\u00ebtu ka qen\u00eb shekullore. Shpeshher\u00eb ne fokusohemi te vitet e fundit, 80-ta e 90-ta, por n\u00eb fakt kan\u00eb qen\u00eb breza t\u00eb t\u00ebr\u00eb q\u00eb kan\u00eb dh\u00ebn\u00eb gjith\u00e7ka n\u00eb m\u00ebnyr\u00eb q\u00eb ne sot ta g\u00ebzojm\u00eb shtetin e pavarur t\u00eb Kosov\u00ebs. Shprehim respektin m\u00eb t\u00eb thell\u00eb p\u00ebr t\u00eb gjith\u00eb q\u00eb kontribuan. Shprehim respektin m\u00eb t\u00eb thell\u00eb p\u00ebr rrug\u00ebn dhe kontributin e presidentit ton\u00eb historik, atit themeltar dhe arkitektit t\u00eb pavar\u00ebsis\u00eb s\u00eb Kosov\u00ebs, Ibrahim Rugova, mbi sakrific\u00ebn e familjes Jashari, n\u00eb krye me komandantin Adem Jashari, p\u00ebr mij\u00ebra d\u00ebshmor\u00eb, heronj t\u00eb U\u00c7K-s\u00eb, p\u00ebr t\u00eb gjith\u00eb ata q\u00eb dhan\u00eb jet\u00ebn, dhan\u00eb mundin dhe b\u00ebn\u00eb sakrific\u00eb n\u00eb m\u00ebnyr\u00eb q\u00eb t\u00eb gjith\u00eb s\u00eb bashku t\u2019i g\u00ebzohemi shtetit ton\u00eb. Natyrisht q\u00eb \u00ebsht\u00eb kjo sakrific\u00eb q\u00eb ka trasuar rrug\u00ebn ton\u00eb p\u00ebrpara, p\u00ebr forcimin e shtetit ton\u00eb drejt rrug\u00ebs euroatlantike, n\u00eb k\u00ebt\u00eb familje ku ne gjithmon\u00eb e kemi pasur vendin\u201d, tha Osmani.<\/p>\n","protected":false},"excerpt":{"rendered":"<p>Prishtin\u00eb 17 Shkurt 2026 08:23 Presidentja e Kosov\u00ebs, Vjosa Osmani ka uruar qytetar\u00ebt n\u00eb 18-vjetorin e pavar\u00ebsis\u00eb s\u00eb Kosov\u00ebs, ku tha se shum\u00eb breza sakrifikuan<\/p>\n","protected":false},"author":6,"featured_media":33033,"comment_status":"open","ping_status":"open","sticky":false,"template":"","format":"standard","meta":{"footnotes":""},"categories":[60],"tags":[],"class_list":["post-33032","post","type-post","status-publish","format-standard","has-post-thumbnail","hentry","category-shoqerore-sq"],"yoast_head":"<!-- This site is optimized with the Yoast SEO plugin v25.3.1 - https:\/\/yoast.com\/wordpress\/plugins\/seo\/ -->\n<title>Osmani n\u00eb 18-vjetorin e pavar\u00ebsis\u00eb: Sot Kosova hyn n\u00eb mosh\u00ebn e pjekuris\u00eb -<\/title>\n<meta name=\"robots\" content=\"index, follow, max-snippet:-1, max-image-preview:large, max-video-preview:-1\" \/>\n<link rel=\"canonical\" href=\"https:\/\/veritasinfo.org\/?p=33032\" \/>\n<meta property=\"og:locale\" content=\"en_US\" \/>\n<meta property=\"og:type\" content=\"article\" \/>\n<meta property=\"og:title\" content=\"Osmani n\u00eb 18-vjetorin e pavar\u00ebsis\u00eb: Sot Kosova hyn n\u00eb mosh\u00ebn e pjekuris\u00eb -\" \/>\n<meta property=\"og:description\" content=\"Prishtin\u00eb 17 Shkurt 2026 08:23 Presidentja e Kosov\u00ebs, Vjosa Osmani ka uruar qytetar\u00ebt n\u00eb 18-vjetorin e pavar\u00ebsis\u00eb s\u00eb Kosov\u00ebs, ku tha se shum\u00eb breza sakrifikuan\" \/>\n<meta property=\"og:url\" content=\"https:\/\/veritasinfo.org\/?p=33032\" \/>\n<meta property=\"article:published_time\" content=\"2026-02-17T07:24:01+00:00\" \/>\n<meta property=\"og:image\" content=\"https:\/\/veritasinfo.org\/wp-content\/uploads\/2026\/02\/v-7-600x360-1.jpg\" \/>\n\t<meta property=\"og:image:width\" content=\"600\" \/>\n\t<meta property=\"og:image:height\" content=\"360\" \/>\n\t<meta property=\"og:image:type\" content=\"image\/jpeg\" \/>\n<meta name=\"author\" content=\"US5\" \/>\n<meta name=\"twitter:card\" content=\"summary_large_image\" \/>\n<meta name=\"twitter:label1\" content=\"Written by\" \/>\n\t<meta name=\"twitter:data1\" content=\"US5\" \/>\n<script type=\"application\/ld+json\" class=\"yoast-schema-graph\">{\"@context\":\"https:\/\/schema.org\",\"@graph\":[{\"@type\":\"WebPage\",\"@id\":\"https:\/\/veritasinfo.org\/?p=33032\",\"url\":\"https:\/\/veritasinfo.org\/?p=33032\",\"name\":\"Osmani n\u00eb 18-vjetorin e pavar\u00ebsis\u00eb: Sot Kosova hyn n\u00eb mosh\u00ebn e pjekuris\u00eb -\",\"isPartOf\":{\"@id\":\"https:\/\/veritasinfo.org\/#website\"},\"primaryImageOfPage\":{\"@id\":\"https:\/\/veritasinfo.org\/?p=33032#primaryimage\"},\"image\":{\"@id\":\"https:\/\/veritasinfo.org\/?p=33032#primaryimage\"},\"thumbnailUrl\":\"https:\/\/veritasinfo.org\/wp-content\/uploads\/2026\/02\/v-7-600x360-1.jpg\",\"datePublished\":\"2026-02-17T07:24:01+00:00\",\"author\":{\"@id\":\"https:\/\/veritasinfo.org\/#\/schema\/person\/bc442336e35414d04494ab8fb45db4c6\"},\"breadcrumb\":{\"@id\":\"https:\/\/veritasinfo.org\/?p=33032#breadcrumb\"},\"inLanguage\":\"en-US\",\"potentialAction\":[{\"@type\":\"ReadAction\",\"target\":[\"https:\/\/veritasinfo.org\/?p=33032\"]}]},{\"@type\":\"ImageObject\",\"inLanguage\":\"en-US\",\"@id\":\"https:\/\/veritasinfo.org\/?p=33032#primaryimage\",\"url\":\"https:\/\/veritasinfo.org\/wp-content\/uploads\/2026\/02\/v-7-600x360-1.jpg\",\"contentUrl\":\"https:\/\/veritasinfo.org\/wp-content\/uploads\/2026\/02\/v-7-600x360-1.jpg\",\"width\":600,\"height\":360},{\"@type\":\"BreadcrumbList\",\"@id\":\"https:\/\/veritasinfo.org\/?p=33032#breadcrumb\",\"itemListElement\":[{\"@type\":\"ListItem\",\"position\":1,\"name\":\"Home\",\"item\":\"https:\/\/veritasinfo.org\/\"},{\"@type\":\"ListItem\",\"position\":2,\"name\":\"Osmani n\u00eb 18-vjetorin e pavar\u00ebsis\u00eb: Sot Kosova hyn n\u00eb mosh\u00ebn e pjekuris\u00eb\"}]},{\"@type\":\"WebSite\",\"@id\":\"https:\/\/veritasinfo.org\/#website\",\"url\":\"https:\/\/veritasinfo.org\/\",\"name\":\"\",\"description\":\"\",\"potentialAction\":[{\"@type\":\"SearchAction\",\"target\":{\"@type\":\"EntryPoint\",\"urlTemplate\":\"https:\/\/veritasinfo.org\/?s={search_term_string}\"},\"query-input\":{\"@type\":\"PropertyValueSpecification\",\"valueRequired\":true,\"valueName\":\"search_term_string\"}}],\"inLanguage\":\"en-US\"},{\"@type\":\"Person\",\"@id\":\"https:\/\/veritasinfo.org\/#\/schema\/person\/bc442336e35414d04494ab8fb45db4c6\",\"name\":\"US5\",\"image\":{\"@type\":\"ImageObject\",\"inLanguage\":\"en-US\",\"@id\":\"https:\/\/veritasinfo.org\/#\/schema\/person\/image\/\",\"url\":\"https:\/\/secure.gravatar.com\/avatar\/16a61e7272a0c5d001121ebb9e60e925d5816e4ac1e443ed3e640d9a6ae55d0c?s=96&d=mm&r=g\",\"contentUrl\":\"https:\/\/secure.gravatar.com\/avatar\/16a61e7272a0c5d001121ebb9e60e925d5816e4ac1e443ed3e640d9a6ae55d0c?s=96&d=mm&r=g\",\"caption\":\"US5\"},\"url\":\"https:\/\/veritasinfo.org\/?author=6\"}]}<\/script>\n<!-- \/ Yoast SEO plugin. -->","yoast_head_json":{"title":"Osmani n\u00eb 18-vjetorin e pavar\u00ebsis\u00eb: Sot Kosova hyn n\u00eb mosh\u00ebn e pjekuris\u00eb -","robots":{"index":"index","follow":"follow","max-snippet":"max-snippet:-1","max-image-preview":"max-image-preview:large","max-video-preview":"max-video-preview:-1"},"canonical":"https:\/\/veritasinfo.org\/?p=33032","og_locale":"en_US","og_type":"article","og_title":"Osmani n\u00eb 18-vjetorin e pavar\u00ebsis\u00eb: Sot Kosova hyn n\u00eb mosh\u00ebn e pjekuris\u00eb -","og_description":"Prishtin\u00eb 17 Shkurt 2026 08:23 Presidentja e Kosov\u00ebs, Vjosa Osmani ka uruar qytetar\u00ebt n\u00eb 18-vjetorin e pavar\u00ebsis\u00eb s\u00eb Kosov\u00ebs, ku tha se shum\u00eb breza sakrifikuan","og_url":"https:\/\/veritasinfo.org\/?p=33032","article_published_time":"2026-02-17T07:24:01+00:00","og_image":[{"width":600,"height":360,"url":"https:\/\/veritasinfo.org\/wp-content\/uploads\/2026\/02\/v-7-600x360-1.jpg","type":"image\/jpeg"}],"author":"US5","twitter_card":"summary_large_image","twitter_misc":{"Written by":"US5"},"schema":{"@context":"https:\/\/schema.org","@graph":[{"@type":"WebPage","@id":"https:\/\/veritasinfo.org\/?p=33032","url":"https:\/\/veritasinfo.org\/?p=33032","name":"Osmani n\u00eb 18-vjetorin e pavar\u00ebsis\u00eb: Sot Kosova hyn n\u00eb mosh\u00ebn e pjekuris\u00eb -","isPartOf":{"@id":"https:\/\/veritasinfo.org\/#website"},"primaryImageOfPage":{"@id":"https:\/\/veritasinfo.org\/?p=33032#primaryimage"},"image":{"@id":"https:\/\/veritasinfo.org\/?p=33032#primaryimage"},"thumbnailUrl":"https:\/\/veritasinfo.org\/wp-content\/uploads\/2026\/02\/v-7-600x360-1.jpg","datePublished":"2026-02-17T07:24:01+00:00","author":{"@id":"https:\/\/veritasinfo.org\/#\/schema\/person\/bc442336e35414d04494ab8fb45db4c6"},"breadcrumb":{"@id":"https:\/\/veritasinfo.org\/?p=33032#breadcrumb"},"inLanguage":"en-US","potentialAction":[{"@type":"ReadAction","target":["https:\/\/veritasinfo.org\/?p=33032"]}]},{"@type":"ImageObject","inLanguage":"en-US","@id":"https:\/\/veritasinfo.org\/?p=33032#primaryimage","url":"https:\/\/veritasinfo.org\/wp-content\/uploads\/2026\/02\/v-7-600x360-1.jpg","contentUrl":"https:\/\/veritasinfo.org\/wp-content\/uploads\/2026\/02\/v-7-600x360-1.jpg","width":600,"height":360},{"@type":"BreadcrumbList","@id":"https:\/\/veritasinfo.org\/?p=33032#breadcrumb","itemListElement":[{"@type":"ListItem","position":1,"name":"Home","item":"https:\/\/veritasinfo.org\/"},{"@type":"ListItem","position":2,"name":"Osmani n\u00eb 18-vjetorin e pavar\u00ebsis\u00eb: Sot Kosova hyn n\u00eb mosh\u00ebn e pjekuris\u00eb"}]},{"@type":"WebSite","@id":"https:\/\/veritasinfo.org\/#website","url":"https:\/\/veritasinfo.org\/","name":"","description":"","potentialAction":[{"@type":"SearchAction","target":{"@type":"EntryPoint","urlTemplate":"https:\/\/veritasinfo.org\/?s={search_term_string}"},"query-input":{"@type":"PropertyValueSpecification","valueRequired":true,"valueName":"search_term_string"}}],"inLanguage":"en-US"},{"@type":"Person","@id":"https:\/\/veritasinfo.org\/#\/schema\/person\/bc442336e35414d04494ab8fb45db4c6","name":"US5","image":{"@type":"ImageObject","inLanguage":"en-US","@id":"https:\/\/veritasinfo.org\/#\/schema\/person\/image\/","url":"https:\/\/secure.gravatar.com\/avatar\/16a61e7272a0c5d001121ebb9e60e925d5816e4ac1e443ed3e640d9a6ae55d0c?s=96&d=mm&r=g","contentUrl":"https:\/\/secure.gravatar.com\/avatar\/16a61e7272a0c5d001121ebb9e60e925d5816e4ac1e443ed3e640d9a6ae55d0c?s=96&d=mm&r=g","caption":"US5"},"url":"https:\/\/veritasinfo.org\/?author=6"}]}},"featured_image_urls":{"full":["https:\/\/veritasinfo.org\/wp-content\/uploads\/2026\/02\/v-7-600x360-1.jpg",600,360,false],"thumbnail":["https:\/\/veritasinfo.org\/wp-content\/uploads\/2026\/02\/v-7-600x360-1-150x150.jpg",150,150,true],"medium":["https:\/\/veritasinfo.org\/wp-content\/uploads\/2026\/02\/v-7-600x360-1-300x180.jpg",300,180,true],"medium_large":["https:\/\/veritasinfo.org\/wp-content\/uploads\/2026\/02\/v-7-600x360-1.jpg",600,360,false],"large":["https:\/\/veritasinfo.org\/wp-content\/uploads\/2026\/02\/v-7-600x360-1.jpg",600,360,false],"1536x1536":["https:\/\/veritasinfo.org\/wp-content\/uploads\/2026\/02\/v-7-600x360-1.jpg",600,360,false],"2048x2048":["https:\/\/veritasinfo.org\/wp-content\/uploads\/2026\/02\/v-7-600x360-1.jpg",600,360,false],"kreeti-slider-full":["https:\/\/veritasinfo.org\/wp-content\/uploads\/2026\/02\/v-7-600x360-1.jpg",600,360,false],"kreeti-featured":["https:\/\/veritasinfo.org\/wp-content\/uploads\/2026\/02\/v-7-600x360-1.jpg",600,360,false],"kreeti-medium":["https:\/\/veritasinfo.org\/wp-content\/uploads\/2026\/02\/v-7-600x360-1.jpg",600,360,false],"kreeti-medium-square":["https:\/\/veritasinfo.org\/wp-content\/uploads\/2026\/02\/v-7-600x360-1.jpg",350,210,false]},"author_info":{"info":["US5"]},"category_info":"<a href=\"https:\/\/veritasinfo.org\/?cat=60\" rel=\"category\">Shoq\u00ebrore<\/a>","tag_info":"Shoq\u00ebrore","comment_count":"0","_links":{"self":[{"href":"https:\/\/veritasinfo.org\/index.php?rest_route=\/wp\/v2\/posts\/33032","targetHints":{"allow":["GET"]}}],"collection":[{"href":"https:\/\/veritasinfo.org\/index.php?rest_route=\/wp\/v2\/posts"}],"about":[{"href":"https:\/\/veritasinfo.org\/index.php?rest_route=\/wp\/v2\/types\/post"}],"author":[{"embeddable":true,"href":"https:\/\/veritasinfo.org\/index.php?rest_route=\/wp\/v2\/users\/6"}],"replies":[{"embeddable":true,"href":"https:\/\/veritasinfo.org\/index.php?rest_route=%2Fwp%2Fv2%2Fcomments&post=33032"}],"version-history":[{"count":1,"href":"https:\/\/veritasinfo.org\/index.php?rest_route=\/wp\/v2\/posts\/33032\/revisions"}],"predecessor-version":[{"id":33034,"href":"https:\/\/veritasinfo.org\/index.php?rest_route=\/wp\/v2\/posts\/33032\/revisions\/33034"}],"wp:featuredmedia":[{"embeddable":true,"href":"https:\/\/veritasinfo.org\/index.php?rest_route=\/wp\/v2\/media\/33033"}],"wp:attachment":[{"href":"https:\/\/veritasinfo.org\/index.php?rest_route=%2Fwp%2Fv2%2Fmedia&parent=33032"}],"wp:term":[{"taxonomy":"category","embeddable":true,"href":"https:\/\/veritasinfo.org\/index.php?rest_route=%2Fwp%2Fv2%2Fcategories&post=33032"},{"taxonomy":"post_tag","embeddable":true,"href":"https:\/\/veritasinfo.org\/index.php?rest_route=%2Fwp%2Fv2%2Ftags&post=33032"}],"curies":[{"name":"wp","href":"https:\/\/api.w.org\/{rel}","templated":true}]}}